{"id":10353,"date":"2025-01-03T07:39:46","date_gmt":"2025-01-03T07:39:46","guid":{"rendered":"https:\/\/aenverdexpress.es\/?p=10353"},"modified":"2025-01-03T07:39:46","modified_gmt":"2025-01-03T07:39:46","slug":"el-2025-traera-nuevos-mercados-para-las-frutas-y-hortalizas-espanolas","status":"publish","type":"post","link":"https:\/\/aenverde-cp7041.wordpresstemporal.com\/aenverdexpress.es\/2025\/01\/03\/el-2025-traera-nuevos-mercados-para-las-frutas-y-hortalizas-espanolas\/","title":{"rendered":"El 2025 traer\u00e1 nuevos mercados\u00a0para las\u00a0frutas y hortalizas\u00a0espa\u00f1olas"},"content":{"rendered":"<!--themify_builder_content-->\n<div id=\"themify_builder_content-10353\" data-postid=\"10353\" class=\"themify_builder_content themify_builder_content-10353 themify_builder tf_clear\">\n    <\/div>\n<!--\/themify_builder_content-->\n\n\n<p class=\"wp-block-paragraph\"><strong>El Grupo de frutas y hortalizas, compuesto por responsables de las administraciones competentes en la apertura de nuevos mercados<\/strong> seguir\u00e1n trabajando en 2025 en facilitar el acceso de las producciones espa\u00f1olas a mercados de pa\u00edses terceros, como Argentina o China.<\/p>\n\n\n\n<p class=\"wp-block-paragraph\">M\u00e1s informaci\u00f3n <a href=\"https:\/\/www.aenverde.es\/el-2025-traera-nuevos-mercados-para-las-frutas-y-hortalizas-espanolas\/\">aqu\u00ed<\/a>.<\/p>","protected":false},"excerpt":{"rendered":"<p>El Grupo de frutas y hortalizas, compuesto por responsables de las administraciones competentes en la apertura de nuevos mercados seguir\u00e1n trabajando en 2025 en facilitar el acceso de las producciones espa\u00f1olas a mercados de pa\u00edses terceros, como Argentina o China. M\u00e1s informaci\u00f3n aqu\u00ed.<\/p>\n","protected":false},"author":2,"featured_media":10347,"comment_status":"open","ping_status":"open","sticky":false,"template":"","format":"standard","meta":{"footnotes":""},"categories":[11],"tags":[68,17,18,101],"class_list":["post-10353","post","type-post","status-publish","format-standard","has-post-thumbnail","hentry","category-actualidad","tag-fepex","tag-frutas-y-hortalizas","tag-mercados","tag-ministerio-de-agricultura","has-post-title","has-post-date","has-post-category","has-post-tag","has-post-comment","has-post-author",""],"yoast_head":"<!-- This site is optimized with the Yoast SEO plugin v18.2 - https:\/\/yoast.com\/wordpress\/plugins\/seo\/ -->\n<title>El 2025 traer\u00e1 nuevos mercados\u00a0para las\u00a0frutas y hortalizas\u00a0espa\u00f1olas - Aenverde Express<\/title>\n<meta name=\"robots\" content=\"index, follow, max-snippet:-1, max-image-preview:large, max-video-preview:-1\" \/>\n<link rel=\"canonical\" href=\"https:\/\/aenverde-cp7041.wordpresstemporal.com\/aenverdexpress.es\/2025\/01\/03\/el-2025-traera-nuevos-mercados-para-las-frutas-y-hortalizas-espanolas\/\" \/>\n<meta property=\"og:locale\" content=\"es_ES\" \/>\n<meta property=\"og:type\" content=\"article\" \/>\n<meta property=\"og:title\" content=\"El 2025 traer\u00e1 nuevos mercados\u00a0para las\u00a0frutas y hortalizas\u00a0espa\u00f1olas - Aenverde Express\" \/>\n<meta property=\"og:description\" content=\"El Grupo de frutas y hortalizas, compuesto por responsables de las administraciones competentes en la apertura de nuevos mercados seguir\u00e1n trabajando en 2025 en facilitar el acceso de las producciones espa\u00f1olas a mercados de pa\u00edses terceros, como Argentina o China. M\u00e1s informaci\u00f3n aqu\u00ed.\" \/>\n<meta property=\"og:url\" content=\"https:\/\/aenverde-cp7041.wordpresstemporal.com\/aenverdexpress.es\/2025\/01\/03\/el-2025-traera-nuevos-mercados-para-las-frutas-y-hortalizas-espanolas\/\" \/>\n<meta property=\"og:site_name\" content=\"Aenverde Express\" \/>\n<meta property=\"article:published_time\" content=\"2025-01-03T07:39:46+00:00\" \/>\n<meta property=\"og:image\" content=\"https:\/\/aenverde-cp7041.wordpresstemporal.com\/aenverdexpress.es\/wp-content\/uploads\/2025\/01\/CARRUSEL-NOTICIAS-3.png\" \/>\n\t<meta property=\"og:image:width\" content=\"850\" \/>\n\t<meta property=\"og:image:height\" content=\"579\" \/>\n\t<meta property=\"og:image:type\" content=\"image\/png\" \/>\n<meta name=\"twitter:card\" content=\"summary_large_image\" \/>\n<meta name=\"twitter:label1\" content=\"Escrito por\" \/>\n\t<meta name=\"twitter:data1\" content=\"REDACCI\u00d3N AENVERDE\" \/>\n<script type=\"application\/ld+json\" class=\"yoast-schema-graph\">{\"@context\":\"https:\/\/schema.org\",\"@graph\":[{\"@type\":\"Organization\",\"@id\":\"https:\/\/aenverdexpress.es\/#organization\",\"name\":\"AENVERDE\",\"url\":\"https:\/\/aenverdexpress.es\/\",\"sameAs\":[],\"logo\":{\"@type\":\"ImageObject\",\"@id\":\"https:\/\/aenverdexpress.es\/#logo\",\"inLanguage\":\"es\",\"url\":\"https:\/\/aenverdexpress.es\/wp-content\/uploads\/2021\/12\/A-EN-VERDE-LOGO-FONDO-1DB954-01-1024x1024-1.jpg\",\"contentUrl\":\"https:\/\/aenverdexpress.es\/wp-content\/uploads\/2021\/12\/A-EN-VERDE-LOGO-FONDO-1DB954-01-1024x1024-1.jpg\",\"width\":1024,\"height\":1024,\"caption\":\"AENVERDE\"},\"image\":{\"@id\":\"https:\/\/aenverdexpress.es\/#logo\"}},{\"@type\":\"WebSite\",\"@id\":\"https:\/\/aenverdexpress.es\/#website\",\"url\":\"https:\/\/aenverdexpress.es\/\",\"name\":\"Aenverde Express\",\"description\":\"\",\"publisher\":{\"@id\":\"https:\/\/aenverdexpress.es\/#organization\"},\"potentialAction\":[{\"@type\":\"SearchAction\",\"target\":{\"@type\":\"EntryPoint\",\"urlTemplate\":\"https:\/\/aenverdexpress.es\/?s={search_term_string}\"},\"query-input\":\"required name=search_term_string\"}],\"inLanguage\":\"es\"},{\"@type\":\"ImageObject\",\"@id\":\"https:\/\/aenverde-cp7041.wordpresstemporal.com\/aenverdexpress.es\/2025\/01\/03\/el-2025-traera-nuevos-mercados-para-las-frutas-y-hortalizas-espanolas\/#primaryimage\",\"inLanguage\":\"es\",\"url\":\"https:\/\/aenverde-cp7041.wordpresstemporal.com\/aenverdexpress.es\/wp-content\/uploads\/2025\/01\/CARRUSEL-NOTICIAS-3.png\",\"contentUrl\":\"https:\/\/aenverde-cp7041.wordpresstemporal.com\/aenverdexpress.es\/wp-content\/uploads\/2025\/01\/CARRUSEL-NOTICIAS-3.png\",\"width\":850,\"height\":579,\"caption\":\"Exportaci\u00f3n\"},{\"@type\":\"WebPage\",\"@id\":\"https:\/\/aenverde-cp7041.wordpresstemporal.com\/aenverdexpress.es\/2025\/01\/03\/el-2025-traera-nuevos-mercados-para-las-frutas-y-hortalizas-espanolas\/#webpage\",\"url\":\"https:\/\/aenverde-cp7041.wordpresstemporal.com\/aenverdexpress.es\/2025\/01\/03\/el-2025-traera-nuevos-mercados-para-las-frutas-y-hortalizas-espanolas\/\",\"name\":\"El 2025 traer\u00e1 nuevos mercados\u00a0para las\u00a0frutas y hortalizas\u00a0espa\u00f1olas - Aenverde Express\",\"isPartOf\":{\"@id\":\"https:\/\/aenverdexpress.es\/#website\"},\"primaryImageOfPage\":{\"@id\":\"https:\/\/aenverde-cp7041.wordpresstemporal.com\/aenverdexpress.es\/2025\/01\/03\/el-2025-traera-nuevos-mercados-para-las-frutas-y-hortalizas-espanolas\/#primaryimage\"},\"datePublished\":\"2025-01-03T07:39:46+00:00\",\"dateModified\":\"2025-01-03T07:39:46+00:00\",\"breadcrumb\":{\"@id\":\"https:\/\/aenverde-cp7041.wordpresstemporal.com\/aenverdexpress.es\/2025\/01\/03\/el-2025-traera-nuevos-mercados-para-las-frutas-y-hortalizas-espanolas\/#breadcrumb\"},\"inLanguage\":\"es\",\"potentialAction\":[{\"@type\":\"ReadAction\",\"target\":[\"https:\/\/aenverde-cp7041.wordpresstemporal.com\/aenverdexpress.es\/2025\/01\/03\/el-2025-traera-nuevos-mercados-para-las-frutas-y-hortalizas-espanolas\/\"]}]},{\"@type\":\"BreadcrumbList\",\"@id\":\"https:\/\/aenverde-cp7041.wordpresstemporal.com\/aenverdexpress.es\/2025\/01\/03\/el-2025-traera-nuevos-mercados-para-las-frutas-y-hortalizas-espanolas\/#breadcrumb\",\"itemListElement\":[{\"@type\":\"ListItem\",\"position\":1,\"name\":\"Portada\",\"item\":\"https:\/\/aenverdexpress.es\/\"},{\"@type\":\"ListItem\",\"position\":2,\"name\":\"El 2025 traer\u00e1 nuevos mercados\u00a0para las\u00a0frutas y hortalizas\u00a0espa\u00f1olas\"}]},{\"@type\":\"Article\",\"@id\":\"https:\/\/aenverde-cp7041.wordpresstemporal.com\/aenverdexpress.es\/2025\/01\/03\/el-2025-traera-nuevos-mercados-para-las-frutas-y-hortalizas-espanolas\/#article\",\"isPartOf\":{\"@id\":\"https:\/\/aenverde-cp7041.wordpresstemporal.com\/aenverdexpress.es\/2025\/01\/03\/el-2025-traera-nuevos-mercados-para-las-frutas-y-hortalizas-espanolas\/#webpage\"},\"author\":{\"@id\":\"https:\/\/aenverdexpress.es\/#\/schema\/person\/7220664746e3c774cb3c4e5f81fc4ba0\"},\"headline\":\"El 2025 traer\u00e1 nuevos mercados\u00a0para las\u00a0frutas y hortalizas\u00a0espa\u00f1olas\",\"datePublished\":\"2025-01-03T07:39:46+00:00\",\"dateModified\":\"2025-01-03T07:39:46+00:00\",\"mainEntityOfPage\":{\"@id\":\"https:\/\/aenverde-cp7041.wordpresstemporal.com\/aenverdexpress.es\/2025\/01\/03\/el-2025-traera-nuevos-mercados-para-las-frutas-y-hortalizas-espanolas\/#webpage\"},\"wordCount\":58,\"commentCount\":0,\"publisher\":{\"@id\":\"https:\/\/aenverdexpress.es\/#organization\"},\"image\":{\"@id\":\"https:\/\/aenverde-cp7041.wordpresstemporal.com\/aenverdexpress.es\/2025\/01\/03\/el-2025-traera-nuevos-mercados-para-las-frutas-y-hortalizas-espanolas\/#primaryimage\"},\"thumbnailUrl\":\"https:\/\/aenverde-cp7041.wordpresstemporal.com\/aenverdexpress.es\/wp-content\/uploads\/2025\/01\/CARRUSEL-NOTICIAS-3.png\",\"keywords\":[\"FEPEX\",\"frutas y hortalizas\",\"mercados\",\"Ministerio de Agricultura\"],\"articleSection\":[\"Actualidad\"],\"inLanguage\":\"es\",\"potentialAction\":[{\"@type\":\"CommentAction\",\"name\":\"Comment\",\"target\":[\"https:\/\/aenverde-cp7041.wordpresstemporal.com\/aenverdexpress.es\/2025\/01\/03\/el-2025-traera-nuevos-mercados-para-las-frutas-y-hortalizas-espanolas\/#respond\"]}]},{\"@type\":\"Person\",\"@id\":\"https:\/\/aenverdexpress.es\/#\/schema\/person\/7220664746e3c774cb3c4e5f81fc4ba0\",\"name\":\"REDACCI\u00d3N AENVERDE\",\"image\":{\"@type\":\"ImageObject\",\"@id\":\"https:\/\/aenverdexpress.es\/#personlogo\",\"inLanguage\":\"es\",\"url\":\"https:\/\/secure.gravatar.com\/avatar\/82de37537a82ee30b014773728d8502cf11180bc1ea2f0a301ec70ebe59ea3e5?s=96&d=mm&r=g\",\"contentUrl\":\"https:\/\/secure.gravatar.com\/avatar\/82de37537a82ee30b014773728d8502cf11180bc1ea2f0a301ec70ebe59ea3e5?s=96&d=mm&r=g\",\"caption\":\"REDACCI\u00d3N AENVERDE\"},\"url\":\"https:\/\/aenverde-cp7041.wordpresstemporal.com\/aenverdexpress.es\/author\/damian\/\"}]}<\/script>\n<!-- \/ Yoast SEO plugin. -->","yoast_head_json":{"title":"El 2025 traer\u00e1 nuevos mercados\u00a0para las\u00a0frutas y hortalizas\u00a0espa\u00f1olas - Aenverde Express","robots":{"index":"index","follow":"follow","max-snippet":"max-snippet:-1","max-image-preview":"max-image-preview:large","max-video-preview":"max-video-preview:-1"},"canonical":"https:\/\/aenverde-cp7041.wordpresstemporal.com\/aenverdexpress.es\/2025\/01\/03\/el-2025-traera-nuevos-mercados-para-las-frutas-y-hortalizas-espanolas\/","og_locale":"es_ES","og_type":"article","og_title":"El 2025 traer\u00e1 nuevos mercados\u00a0para las\u00a0frutas y hortalizas\u00a0espa\u00f1olas - Aenverde Express","og_description":"El Grupo de frutas y hortalizas, compuesto por responsables de las administraciones competentes en la apertura de nuevos mercados seguir\u00e1n trabajando en 2025 en facilitar el acceso de las producciones espa\u00f1olas a mercados de pa\u00edses terceros, como Argentina o China. M\u00e1s informaci\u00f3n aqu\u00ed.","og_url":"https:\/\/aenverde-cp7041.wordpresstemporal.com\/aenverdexpress.es\/2025\/01\/03\/el-2025-traera-nuevos-mercados-para-las-frutas-y-hortalizas-espanolas\/","og_site_name":"Aenverde Express","article_published_time":"2025-01-03T07:39:46+00:00","og_image":[{"width":850,"height":579,"url":"https:\/\/aenverde-cp7041.wordpresstemporal.com\/aenverdexpress.es\/wp-content\/uploads\/2025\/01\/CARRUSEL-NOTICIAS-3.png","type":"image\/png"}],"twitter_card":"summary_large_image","twitter_misc":{"Escrito por":"REDACCI\u00d3N AENVERDE"},"schema":{"@context":"https:\/\/schema.org","@graph":[{"@type":"Organization","@id":"https:\/\/aenverdexpress.es\/#organization","name":"AENVERDE","url":"https:\/\/aenverdexpress.es\/","sameAs":[],"logo":{"@type":"ImageObject","@id":"https:\/\/aenverdexpress.es\/#logo","inLanguage":"es","url":"https:\/\/aenverdexpress.es\/wp-content\/uploads\/2021\/12\/A-EN-VERDE-LOGO-FONDO-1DB954-01-1024x1024-1.jpg","contentUrl":"https:\/\/aenverdexpress.es\/wp-content\/uploads\/2021\/12\/A-EN-VERDE-LOGO-FONDO-1DB954-01-1024x1024-1.jpg","width":1024,"height":1024,"caption":"AENVERDE"},"image":{"@id":"https:\/\/aenverdexpress.es\/#logo"}},{"@type":"WebSite","@id":"https:\/\/aenverdexpress.es\/#website","url":"https:\/\/aenverdexpress.es\/","name":"Aenverde Express","description":"","publisher":{"@id":"https:\/\/aenverdexpress.es\/#organization"},"potentialAction":[{"@type":"SearchAction","target":{"@type":"EntryPoint","urlTemplate":"https:\/\/aenverdexpress.es\/?s={search_term_string}"},"query-input":"required name=search_term_string"}],"inLanguage":"es"},{"@type":"ImageObject","@id":"https:\/\/aenverde-cp7041.wordpresstemporal.com\/aenverdexpress.es\/2025\/01\/03\/el-2025-traera-nuevos-mercados-para-las-frutas-y-hortalizas-espanolas\/#primaryimage","inLanguage":"es","url":"https:\/\/aenverde-cp7041.wordpresstemporal.com\/aenverdexpress.es\/wp-content\/uploads\/2025\/01\/CARRUSEL-NOTICIAS-3.png","contentUrl":"https:\/\/aenverde-cp7041.wordpresstemporal.com\/aenverdexpress.es\/wp-content\/uploads\/2025\/01\/CARRUSEL-NOTICIAS-3.png","width":850,"height":579,"caption":"Exportaci\u00f3n"},{"@type":"WebPage","@id":"https:\/\/aenverde-cp7041.wordpresstemporal.com\/aenverdexpress.es\/2025\/01\/03\/el-2025-traera-nuevos-mercados-para-las-frutas-y-hortalizas-espanolas\/#webpage","url":"https:\/\/aenverde-cp7041.wordpresstemporal.com\/aenverdexpress.es\/2025\/01\/03\/el-2025-traera-nuevos-mercados-para-las-frutas-y-hortalizas-espanolas\/","name":"El 2025 traer\u00e1 nuevos mercados\u00a0para las\u00a0frutas y hortalizas\u00a0espa\u00f1olas - Aenverde Express","isPartOf":{"@id":"https:\/\/aenverdexpress.es\/#website"},"primaryImageOfPage":{"@id":"https:\/\/aenverde-cp7041.wordpresstemporal.com\/aenverdexpress.es\/2025\/01\/03\/el-2025-traera-nuevos-mercados-para-las-frutas-y-hortalizas-espanolas\/#primaryimage"},"datePublished":"2025-01-03T07:39:46+00:00","dateModified":"2025-01-03T07:39:46+00:00","breadcrumb":{"@id":"https:\/\/aenverde-cp7041.wordpresstemporal.com\/aenverdexpress.es\/2025\/01\/03\/el-2025-traera-nuevos-mercados-para-las-frutas-y-hortalizas-espanolas\/#breadcrumb"},"inLanguage":"es","potentialAction":[{"@type":"ReadAction","target":["https:\/\/aenverde-cp7041.wordpresstemporal.com\/aenverdexpress.es\/2025\/01\/03\/el-2025-traera-nuevos-mercados-para-las-frutas-y-hortalizas-espanolas\/"]}]},{"@type":"BreadcrumbList","@id":"https:\/\/aenverde-cp7041.wordpresstemporal.com\/aenverdexpress.es\/2025\/01\/03\/el-2025-traera-nuevos-mercados-para-las-frutas-y-hortalizas-espanolas\/#breadcrumb","itemListElement":[{"@type":"ListItem","position":1,"name":"Portada","item":"https:\/\/aenverdexpress.es\/"},{"@type":"ListItem","position":2,"name":"El 2025 traer\u00e1 nuevos mercados\u00a0para las\u00a0frutas y hortalizas\u00a0espa\u00f1olas"}]},{"@type":"Article","@id":"https:\/\/aenverde-cp7041.wordpresstemporal.com\/aenverdexpress.es\/2025\/01\/03\/el-2025-traera-nuevos-mercados-para-las-frutas-y-hortalizas-espanolas\/#article","isPartOf":{"@id":"https:\/\/aenverde-cp7041.wordpresstemporal.com\/aenverdexpress.es\/2025\/01\/03\/el-2025-traera-nuevos-mercados-para-las-frutas-y-hortalizas-espanolas\/#webpage"},"author":{"@id":"https:\/\/aenverdexpress.es\/#\/schema\/person\/7220664746e3c774cb3c4e5f81fc4ba0"},"headline":"El 2025 traer\u00e1 nuevos mercados\u00a0para las\u00a0frutas y hortalizas\u00a0espa\u00f1olas","datePublished":"2025-01-03T07:39:46+00:00","dateModified":"2025-01-03T07:39:46+00:00","mainEntityOfPage":{"@id":"https:\/\/aenverde-cp7041.wordpresstemporal.com\/aenverdexpress.es\/2025\/01\/03\/el-2025-traera-nuevos-mercados-para-las-frutas-y-hortalizas-espanolas\/#webpage"},"wordCount":58,"commentCount":0,"publisher":{"@id":"https:\/\/aenverdexpress.es\/#organization"},"image":{"@id":"https:\/\/aenverde-cp7041.wordpresstemporal.com\/aenverdexpress.es\/2025\/01\/03\/el-2025-traera-nuevos-mercados-para-las-frutas-y-hortalizas-espanolas\/#primaryimage"},"thumbnailUrl":"https:\/\/aenverde-cp7041.wordpresstemporal.com\/aenverdexpress.es\/wp-content\/uploads\/2025\/01\/CARRUSEL-NOTICIAS-3.png","keywords":["FEPEX","frutas y hortalizas","mercados","Ministerio de Agricultura"],"articleSection":["Actualidad"],"inLanguage":"es","potentialAction":[{"@type":"CommentAction","name":"Comment","target":["https:\/\/aenverde-cp7041.wordpresstemporal.com\/aenverdexpress.es\/2025\/01\/03\/el-2025-traera-nuevos-mercados-para-las-frutas-y-hortalizas-espanolas\/#respond"]}]},{"@type":"Person","@id":"https:\/\/aenverdexpress.es\/#\/schema\/person\/7220664746e3c774cb3c4e5f81fc4ba0","name":"REDACCI\u00d3N AENVERDE","image":{"@type":"ImageObject","@id":"https:\/\/aenverdexpress.es\/#personlogo","inLanguage":"es","url":"https:\/\/secure.gravatar.com\/avatar\/82de37537a82ee30b014773728d8502cf11180bc1ea2f0a301ec70ebe59ea3e5?s=96&d=mm&r=g","contentUrl":"https:\/\/secure.gravatar.com\/avatar\/82de37537a82ee30b014773728d8502cf11180bc1ea2f0a301ec70ebe59ea3e5?s=96&d=mm&r=g","caption":"REDACCI\u00d3N AENVERDE"},"url":"https:\/\/aenverde-cp7041.wordpresstemporal.com\/aenverdexpress.es\/author\/damian\/"}]}},"builder_content":"","_links":{"self":[{"href":"https:\/\/aenverde-cp7041.wordpresstemporal.com\/aenverdexpress.es\/wp-json\/wp\/v2\/posts\/10353","targetHints":{"allow":["GET"]}}],"collection":[{"href":"https:\/\/aenverde-cp7041.wordpresstemporal.com\/aenverdexpress.es\/wp-json\/wp\/v2\/posts"}],"about":[{"href":"https:\/\/aenverde-cp7041.wordpresstemporal.com\/aenverdexpress.es\/wp-json\/wp\/v2\/types\/post"}],"author":[{"embeddable":true,"href":"https:\/\/aenverde-cp7041.wordpresstemporal.com\/aenverdexpress.es\/wp-json\/wp\/v2\/users\/2"}],"replies":[{"embeddable":true,"href":"https:\/\/aenverde-cp7041.wordpresstemporal.com\/aenverdexpress.es\/wp-json\/wp\/v2\/comments?post=10353"}],"version-history":[{"count":1,"href":"https:\/\/aenverde-cp7041.wordpresstemporal.com\/aenverdexpress.es\/wp-json\/wp\/v2\/posts\/10353\/revisions"}],"predecessor-version":[{"id":10354,"href":"https:\/\/aenverde-cp7041.wordpresstemporal.com\/aenverdexpress.es\/wp-json\/wp\/v2\/posts\/10353\/revisions\/10354"}],"wp:featuredmedia":[{"embeddable":true,"href":"https:\/\/aenverde-cp7041.wordpresstemporal.com\/aenverdexpress.es\/wp-json\/wp\/v2\/media\/10347"}],"wp:attachment":[{"href":"https:\/\/aenverde-cp7041.wordpresstemporal.com\/aenverdexpress.es\/wp-json\/wp\/v2\/media?parent=10353"}],"wp:term":[{"taxonomy":"category","embeddable":true,"href":"https:\/\/aenverde-cp7041.wordpresstemporal.com\/aenverdexpress.es\/wp-json\/wp\/v2\/categories?post=10353"},{"taxonomy":"post_tag","embeddable":true,"href":"https:\/\/aenverde-cp7041.wordpresstemporal.com\/aenverdexpress.es\/wp-json\/wp\/v2\/tags?post=10353"}],"curies":[{"name":"wp","href":"https:\/\/api.w.org\/{rel}","templated":true}]}}