{"id":10618,"date":"2025-02-07T07:00:03","date_gmt":"2025-02-07T07:00:03","guid":{"rendered":"https:\/\/aenverdexpress.es\/?p=10618"},"modified":"2025-02-07T07:00:04","modified_gmt":"2025-02-07T07:00:04","slug":"el-verde-conquista-europa-fruit-logistica-acoge-la-presentacion-del-programa-oficial-de-vestial-2025","status":"publish","type":"post","link":"https:\/\/aenverde-cp7041.wordpresstemporal.com\/aenverdexpress.es\/2025\/02\/07\/el-verde-conquista-europa-fruit-logistica-acoge-la-presentacion-del-programa-oficial-de-vestial-2025\/","title":{"rendered":"El verde conquista Europa: Fruit Logistica acoge la presentaci\u00f3n del programa oficial de VESTIAL 2025"},"content":{"rendered":"<!--themify_builder_content-->\n<div id=\"themify_builder_content-10618\" data-postid=\"10618\" class=\"themify_builder_content themify_builder_content-10618 themify_builder tf_clear\">\n    <\/div>\n<!--\/themify_builder_content-->\n\n\n<p class=\"wp-block-paragraph\"><strong>El programa oficial de VESTIAL 2025 se present\u00f3 ayer en Fruit Logistica<\/strong>. Durante la rueda de prensa en Messe Berl\u00edn, el director de VESTIAL, David Ba\u00f1os ha estado acompa\u00f1ado por el consejero de Agricultura Ram\u00f3n Fern\u00e1ndez-Pacheco y la alcaldesa de Almer\u00eda, Mar\u00eda del Mar V\u00e1zquez.<\/p>\n\n\n\n<p class=\"wp-block-paragraph\">M\u00e1s informaci\u00f3n <a href=\"https:\/\/www.aenverde.es\/el-verde-conquista-europa-fruit-logistica-acoge-la-presentacion-del-programa-oficial-de-vestial-2025\/\">aqu\u00ed<\/a>.<\/p>","protected":false},"excerpt":{"rendered":"<p>El programa oficial de VESTIAL 2025 se present\u00f3 ayer en Fruit Logistica. Durante la rueda de prensa en Messe Berl\u00edn, el director de VESTIAL, David Ba\u00f1os ha estado acompa\u00f1ado por el consejero de Agricultura Ram\u00f3n Fern\u00e1ndez-Pacheco y la alcaldesa de Almer\u00eda, Mar\u00eda del Mar V\u00e1zquez. M\u00e1s informaci\u00f3n aqu\u00ed.<\/p>\n","protected":false},"author":2,"featured_media":10619,"comment_status":"open","ping_status":"open","sticky":false,"template":"","format":"standard","meta":{"footnotes":""},"categories":[11],"tags":[27,1231,127,164,1115,1042,28,844],"class_list":["post-10618","post","type-post","status-publish","format-standard","has-post-thumbnail","hentry","category-actualidad","tag-agricultura","tag-ayuntamiento-de-almeria","tag-cajamar","tag-fruit-logistica","tag-gastronomia-verde","tag-gusto-del-sur","tag-junta-de-andalucia","tag-vestial","has-post-title","has-post-date","has-post-category","has-post-tag","has-post-comment","has-post-author",""],"yoast_head":"<!-- This site is optimized with the Yoast SEO plugin v18.2 - https:\/\/yoast.com\/wordpress\/plugins\/seo\/ -->\n<title>El verde conquista Europa: Fruit Logistica acoge la presentaci\u00f3n del programa oficial de VESTIAL 2025 - Aenverde Express<\/title>\n<meta name=\"robots\" content=\"index, follow, max-snippet:-1, max-image-preview:large, max-video-preview:-1\" \/>\n<link rel=\"canonical\" href=\"https:\/\/aenverde-cp7041.wordpresstemporal.com\/aenverdexpress.es\/2025\/02\/07\/el-verde-conquista-europa-fruit-logistica-acoge-la-presentacion-del-programa-oficial-de-vestial-2025\/\" \/>\n<meta property=\"og:locale\" content=\"es_ES\" \/>\n<meta property=\"og:type\" content=\"article\" \/>\n<meta property=\"og:title\" content=\"El verde conquista Europa: Fruit Logistica acoge la presentaci\u00f3n del programa oficial de VESTIAL 2025 - Aenverde Express\" \/>\n<meta property=\"og:description\" content=\"El programa oficial de VESTIAL 2025 se present\u00f3 ayer en Fruit Logistica. Durante la rueda de prensa en Messe Berl\u00edn, el director de VESTIAL, David Ba\u00f1os ha estado acompa\u00f1ado por el consejero de Agricultura Ram\u00f3n Fern\u00e1ndez-Pacheco y la alcaldesa de Almer\u00eda, Mar\u00eda del Mar V\u00e1zquez. M\u00e1s informaci\u00f3n aqu\u00ed.\" \/>\n<meta property=\"og:url\" content=\"https:\/\/aenverde-cp7041.wordpresstemporal.com\/aenverdexpress.es\/2025\/02\/07\/el-verde-conquista-europa-fruit-logistica-acoge-la-presentacion-del-programa-oficial-de-vestial-2025\/\" \/>\n<meta property=\"og:site_name\" content=\"Aenverde Express\" \/>\n<meta property=\"article:published_time\" content=\"2025-02-07T07:00:03+00:00\" \/>\n<meta property=\"article:modified_time\" content=\"2025-02-07T07:00:04+00:00\" \/>\n<meta property=\"og:image\" content=\"https:\/\/aenverde-cp7041.wordpresstemporal.com\/aenverdexpress.es\/wp-content\/uploads\/2025\/02\/VESTIAL-2025_FL-2.jpg\" \/>\n\t<meta property=\"og:image:width\" content=\"850\" \/>\n\t<meta property=\"og:image:height\" content=\"579\" \/>\n\t<meta property=\"og:image:type\" content=\"image\/jpeg\" \/>\n<meta name=\"twitter:card\" content=\"summary_large_image\" \/>\n<meta name=\"twitter:label1\" content=\"Escrito por\" \/>\n\t<meta name=\"twitter:data1\" content=\"REDACCI\u00d3N AENVERDE\" \/>\n<script type=\"application\/ld+json\" class=\"yoast-schema-graph\">{\"@context\":\"https:\/\/schema.org\",\"@graph\":[{\"@type\":\"Organization\",\"@id\":\"https:\/\/aenverdexpress.es\/#organization\",\"name\":\"AENVERDE\",\"url\":\"https:\/\/aenverdexpress.es\/\",\"sameAs\":[],\"logo\":{\"@type\":\"ImageObject\",\"@id\":\"https:\/\/aenverdexpress.es\/#logo\",\"inLanguage\":\"es\",\"url\":\"https:\/\/aenverdexpress.es\/wp-content\/uploads\/2021\/12\/A-EN-VERDE-LOGO-FONDO-1DB954-01-1024x1024-1.jpg\",\"contentUrl\":\"https:\/\/aenverdexpress.es\/wp-content\/uploads\/2021\/12\/A-EN-VERDE-LOGO-FONDO-1DB954-01-1024x1024-1.jpg\",\"width\":1024,\"height\":1024,\"caption\":\"AENVERDE\"},\"image\":{\"@id\":\"https:\/\/aenverdexpress.es\/#logo\"}},{\"@type\":\"WebSite\",\"@id\":\"https:\/\/aenverdexpress.es\/#website\",\"url\":\"https:\/\/aenverdexpress.es\/\",\"name\":\"Aenverde Express\",\"description\":\"\",\"publisher\":{\"@id\":\"https:\/\/aenverdexpress.es\/#organization\"},\"potentialAction\":[{\"@type\":\"SearchAction\",\"target\":{\"@type\":\"EntryPoint\",\"urlTemplate\":\"https:\/\/aenverdexpress.es\/?s={search_term_string}\"},\"query-input\":\"required name=search_term_string\"}],\"inLanguage\":\"es\"},{\"@type\":\"ImageObject\",\"@id\":\"https:\/\/aenverde-cp7041.wordpresstemporal.com\/aenverdexpress.es\/2025\/02\/07\/el-verde-conquista-europa-fruit-logistica-acoge-la-presentacion-del-programa-oficial-de-vestial-2025\/#primaryimage\",\"inLanguage\":\"es\",\"url\":\"https:\/\/aenverde-cp7041.wordpresstemporal.com\/aenverdexpress.es\/wp-content\/uploads\/2025\/02\/VESTIAL-2025_FL-2.jpg\",\"contentUrl\":\"https:\/\/aenverde-cp7041.wordpresstemporal.com\/aenverdexpress.es\/wp-content\/uploads\/2025\/02\/VESTIAL-2025_FL-2.jpg\",\"width\":850,\"height\":579,\"caption\":\"VESTIAL 2025_FL (2)\"},{\"@type\":\"WebPage\",\"@id\":\"https:\/\/aenverde-cp7041.wordpresstemporal.com\/aenverdexpress.es\/2025\/02\/07\/el-verde-conquista-europa-fruit-logistica-acoge-la-presentacion-del-programa-oficial-de-vestial-2025\/#webpage\",\"url\":\"https:\/\/aenverde-cp7041.wordpresstemporal.com\/aenverdexpress.es\/2025\/02\/07\/el-verde-conquista-europa-fruit-logistica-acoge-la-presentacion-del-programa-oficial-de-vestial-2025\/\",\"name\":\"El verde conquista Europa: Fruit Logistica acoge la presentaci\u00f3n del programa oficial de VESTIAL 2025 - Aenverde Express\",\"isPartOf\":{\"@id\":\"https:\/\/aenverdexpress.es\/#website\"},\"primaryImageOfPage\":{\"@id\":\"https:\/\/aenverde-cp7041.wordpresstemporal.com\/aenverdexpress.es\/2025\/02\/07\/el-verde-conquista-europa-fruit-logistica-acoge-la-presentacion-del-programa-oficial-de-vestial-2025\/#primaryimage\"},\"datePublished\":\"2025-02-07T07:00:03+00:00\",\"dateModified\":\"2025-02-07T07:00:04+00:00\",\"breadcrumb\":{\"@id\":\"https:\/\/aenverde-cp7041.wordpresstemporal.com\/aenverdexpress.es\/2025\/02\/07\/el-verde-conquista-europa-fruit-logistica-acoge-la-presentacion-del-programa-oficial-de-vestial-2025\/#breadcrumb\"},\"inLanguage\":\"es\",\"potentialAction\":[{\"@type\":\"ReadAction\",\"target\":[\"https:\/\/aenverde-cp7041.wordpresstemporal.com\/aenverdexpress.es\/2025\/02\/07\/el-verde-conquista-europa-fruit-logistica-acoge-la-presentacion-del-programa-oficial-de-vestial-2025\/\"]}]},{\"@type\":\"BreadcrumbList\",\"@id\":\"https:\/\/aenverde-cp7041.wordpresstemporal.com\/aenverdexpress.es\/2025\/02\/07\/el-verde-conquista-europa-fruit-logistica-acoge-la-presentacion-del-programa-oficial-de-vestial-2025\/#breadcrumb\",\"itemListElement\":[{\"@type\":\"ListItem\",\"position\":1,\"name\":\"Portada\",\"item\":\"https:\/\/aenverdexpress.es\/\"},{\"@type\":\"ListItem\",\"position\":2,\"name\":\"El verde conquista Europa: Fruit Logistica acoge la presentaci\u00f3n del programa oficial de VESTIAL 2025\"}]},{\"@type\":\"Article\",\"@id\":\"https:\/\/aenverde-cp7041.wordpresstemporal.com\/aenverdexpress.es\/2025\/02\/07\/el-verde-conquista-europa-fruit-logistica-acoge-la-presentacion-del-programa-oficial-de-vestial-2025\/#article\",\"isPartOf\":{\"@id\":\"https:\/\/aenverde-cp7041.wordpresstemporal.com\/aenverdexpress.es\/2025\/02\/07\/el-verde-conquista-europa-fruit-logistica-acoge-la-presentacion-del-programa-oficial-de-vestial-2025\/#webpage\"},\"author\":{\"@id\":\"https:\/\/aenverdexpress.es\/#\/schema\/person\/7220664746e3c774cb3c4e5f81fc4ba0\"},\"headline\":\"El verde conquista Europa: Fruit Logistica acoge la presentaci\u00f3n del programa oficial de VESTIAL 2025\",\"datePublished\":\"2025-02-07T07:00:03+00:00\",\"dateModified\":\"2025-02-07T07:00:04+00:00\",\"mainEntityOfPage\":{\"@id\":\"https:\/\/aenverde-cp7041.wordpresstemporal.com\/aenverdexpress.es\/2025\/02\/07\/el-verde-conquista-europa-fruit-logistica-acoge-la-presentacion-del-programa-oficial-de-vestial-2025\/#webpage\"},\"wordCount\":72,\"commentCount\":0,\"publisher\":{\"@id\":\"https:\/\/aenverdexpress.es\/#organization\"},\"image\":{\"@id\":\"https:\/\/aenverde-cp7041.wordpresstemporal.com\/aenverdexpress.es\/2025\/02\/07\/el-verde-conquista-europa-fruit-logistica-acoge-la-presentacion-del-programa-oficial-de-vestial-2025\/#primaryimage\"},\"thumbnailUrl\":\"https:\/\/aenverde-cp7041.wordpresstemporal.com\/aenverdexpress.es\/wp-content\/uploads\/2025\/02\/VESTIAL-2025_FL-2.jpg\",\"keywords\":[\"agricultura\",\"Ayuntamiento de Almer\u00eda\",\"Cajamar\",\"Fruit Logistica\",\"Gastronom\u00eda verde\",\"Gusto del Sur\",\"Junta de Andaluc\u00eda\",\"VESTIAL\"],\"articleSection\":[\"Actualidad\"],\"inLanguage\":\"es\",\"potentialAction\":[{\"@type\":\"CommentAction\",\"name\":\"Comment\",\"target\":[\"https:\/\/aenverde-cp7041.wordpresstemporal.com\/aenverdexpress.es\/2025\/02\/07\/el-verde-conquista-europa-fruit-logistica-acoge-la-presentacion-del-programa-oficial-de-vestial-2025\/#respond\"]}]},{\"@type\":\"Person\",\"@id\":\"https:\/\/aenverdexpress.es\/#\/schema\/person\/7220664746e3c774cb3c4e5f81fc4ba0\",\"name\":\"REDACCI\u00d3N AENVERDE\",\"image\":{\"@type\":\"ImageObject\",\"@id\":\"https:\/\/aenverdexpress.es\/#personlogo\",\"inLanguage\":\"es\",\"url\":\"https:\/\/secure.gravatar.com\/avatar\/82de37537a82ee30b014773728d8502cf11180bc1ea2f0a301ec70ebe59ea3e5?s=96&d=mm&r=g\",\"contentUrl\":\"https:\/\/secure.gravatar.com\/avatar\/82de37537a82ee30b014773728d8502cf11180bc1ea2f0a301ec70ebe59ea3e5?s=96&d=mm&r=g\",\"caption\":\"REDACCI\u00d3N AENVERDE\"},\"url\":\"https:\/\/aenverde-cp7041.wordpresstemporal.com\/aenverdexpress.es\/author\/damian\/\"}]}<\/script>\n<!-- \/ Yoast SEO plugin. -->","yoast_head_json":{"title":"El verde conquista Europa: Fruit Logistica acoge la presentaci\u00f3n del programa oficial de VESTIAL 2025 - Aenverde Express","robots":{"index":"index","follow":"follow","max-snippet":"max-snippet:-1","max-image-preview":"max-image-preview:large","max-video-preview":"max-video-preview:-1"},"canonical":"https:\/\/aenverde-cp7041.wordpresstemporal.com\/aenverdexpress.es\/2025\/02\/07\/el-verde-conquista-europa-fruit-logistica-acoge-la-presentacion-del-programa-oficial-de-vestial-2025\/","og_locale":"es_ES","og_type":"article","og_title":"El verde conquista Europa: Fruit Logistica acoge la presentaci\u00f3n del programa oficial de VESTIAL 2025 - Aenverde Express","og_description":"El programa oficial de VESTIAL 2025 se present\u00f3 ayer en Fruit Logistica. Durante la rueda de prensa en Messe Berl\u00edn, el director de VESTIAL, David Ba\u00f1os ha estado acompa\u00f1ado por el consejero de Agricultura Ram\u00f3n Fern\u00e1ndez-Pacheco y la alcaldesa de Almer\u00eda, Mar\u00eda del Mar V\u00e1zquez. M\u00e1s informaci\u00f3n aqu\u00ed.","og_url":"https:\/\/aenverde-cp7041.wordpresstemporal.com\/aenverdexpress.es\/2025\/02\/07\/el-verde-conquista-europa-fruit-logistica-acoge-la-presentacion-del-programa-oficial-de-vestial-2025\/","og_site_name":"Aenverde Express","article_published_time":"2025-02-07T07:00:03+00:00","article_modified_time":"2025-02-07T07:00:04+00:00","og_image":[{"width":850,"height":579,"url":"https:\/\/aenverde-cp7041.wordpresstemporal.com\/aenverdexpress.es\/wp-content\/uploads\/2025\/02\/VESTIAL-2025_FL-2.jpg","type":"image\/jpeg"}],"twitter_card":"summary_large_image","twitter_misc":{"Escrito por":"REDACCI\u00d3N AENVERDE"},"schema":{"@context":"https:\/\/schema.org","@graph":[{"@type":"Organization","@id":"https:\/\/aenverdexpress.es\/#organization","name":"AENVERDE","url":"https:\/\/aenverdexpress.es\/","sameAs":[],"logo":{"@type":"ImageObject","@id":"https:\/\/aenverdexpress.es\/#logo","inLanguage":"es","url":"https:\/\/aenverdexpress.es\/wp-content\/uploads\/2021\/12\/A-EN-VERDE-LOGO-FONDO-1DB954-01-1024x1024-1.jpg","contentUrl":"https:\/\/aenverdexpress.es\/wp-content\/uploads\/2021\/12\/A-EN-VERDE-LOGO-FONDO-1DB954-01-1024x1024-1.jpg","width":1024,"height":1024,"caption":"AENVERDE"},"image":{"@id":"https:\/\/aenverdexpress.es\/#logo"}},{"@type":"WebSite","@id":"https:\/\/aenverdexpress.es\/#website","url":"https:\/\/aenverdexpress.es\/","name":"Aenverde Express","description":"","publisher":{"@id":"https:\/\/aenverdexpress.es\/#organization"},"potentialAction":[{"@type":"SearchAction","target":{"@type":"EntryPoint","urlTemplate":"https:\/\/aenverdexpress.es\/?s={search_term_string}"},"query-input":"required name=search_term_string"}],"inLanguage":"es"},{"@type":"ImageObject","@id":"https:\/\/aenverde-cp7041.wordpresstemporal.com\/aenverdexpress.es\/2025\/02\/07\/el-verde-conquista-europa-fruit-logistica-acoge-la-presentacion-del-programa-oficial-de-vestial-2025\/#primaryimage","inLanguage":"es","url":"https:\/\/aenverde-cp7041.wordpresstemporal.com\/aenverdexpress.es\/wp-content\/uploads\/2025\/02\/VESTIAL-2025_FL-2.jpg","contentUrl":"https:\/\/aenverde-cp7041.wordpresstemporal.com\/aenverdexpress.es\/wp-content\/uploads\/2025\/02\/VESTIAL-2025_FL-2.jpg","width":850,"height":579,"caption":"VESTIAL 2025_FL (2)"},{"@type":"WebPage","@id":"https:\/\/aenverde-cp7041.wordpresstemporal.com\/aenverdexpress.es\/2025\/02\/07\/el-verde-conquista-europa-fruit-logistica-acoge-la-presentacion-del-programa-oficial-de-vestial-2025\/#webpage","url":"https:\/\/aenverde-cp7041.wordpresstemporal.com\/aenverdexpress.es\/2025\/02\/07\/el-verde-conquista-europa-fruit-logistica-acoge-la-presentacion-del-programa-oficial-de-vestial-2025\/","name":"El verde conquista Europa: Fruit Logistica acoge la presentaci\u00f3n del programa oficial de VESTIAL 2025 - Aenverde Express","isPartOf":{"@id":"https:\/\/aenverdexpress.es\/#website"},"primaryImageOfPage":{"@id":"https:\/\/aenverde-cp7041.wordpresstemporal.com\/aenverdexpress.es\/2025\/02\/07\/el-verde-conquista-europa-fruit-logistica-acoge-la-presentacion-del-programa-oficial-de-vestial-2025\/#primaryimage"},"datePublished":"2025-02-07T07:00:03+00:00","dateModified":"2025-02-07T07:00:04+00:00","breadcrumb":{"@id":"https:\/\/aenverde-cp7041.wordpresstemporal.com\/aenverdexpress.es\/2025\/02\/07\/el-verde-conquista-europa-fruit-logistica-acoge-la-presentacion-del-programa-oficial-de-vestial-2025\/#breadcrumb"},"inLanguage":"es","potentialAction":[{"@type":"ReadAction","target":["https:\/\/aenverde-cp7041.wordpresstemporal.com\/aenverdexpress.es\/2025\/02\/07\/el-verde-conquista-europa-fruit-logistica-acoge-la-presentacion-del-programa-oficial-de-vestial-2025\/"]}]},{"@type":"BreadcrumbList","@id":"https:\/\/aenverde-cp7041.wordpresstemporal.com\/aenverdexpress.es\/2025\/02\/07\/el-verde-conquista-europa-fruit-logistica-acoge-la-presentacion-del-programa-oficial-de-vestial-2025\/#breadcrumb","itemListElement":[{"@type":"ListItem","position":1,"name":"Portada","item":"https:\/\/aenverdexpress.es\/"},{"@type":"ListItem","position":2,"name":"El verde conquista Europa: Fruit Logistica acoge la presentaci\u00f3n del programa oficial de VESTIAL 2025"}]},{"@type":"Article","@id":"https:\/\/aenverde-cp7041.wordpresstemporal.com\/aenverdexpress.es\/2025\/02\/07\/el-verde-conquista-europa-fruit-logistica-acoge-la-presentacion-del-programa-oficial-de-vestial-2025\/#article","isPartOf":{"@id":"https:\/\/aenverde-cp7041.wordpresstemporal.com\/aenverdexpress.es\/2025\/02\/07\/el-verde-conquista-europa-fruit-logistica-acoge-la-presentacion-del-programa-oficial-de-vestial-2025\/#webpage"},"author":{"@id":"https:\/\/aenverdexpress.es\/#\/schema\/person\/7220664746e3c774cb3c4e5f81fc4ba0"},"headline":"El verde conquista Europa: Fruit Logistica acoge la presentaci\u00f3n del programa oficial de VESTIAL 2025","datePublished":"2025-02-07T07:00:03+00:00","dateModified":"2025-02-07T07:00:04+00:00","mainEntityOfPage":{"@id":"https:\/\/aenverde-cp7041.wordpresstemporal.com\/aenverdexpress.es\/2025\/02\/07\/el-verde-conquista-europa-fruit-logistica-acoge-la-presentacion-del-programa-oficial-de-vestial-2025\/#webpage"},"wordCount":72,"commentCount":0,"publisher":{"@id":"https:\/\/aenverdexpress.es\/#organization"},"image":{"@id":"https:\/\/aenverde-cp7041.wordpresstemporal.com\/aenverdexpress.es\/2025\/02\/07\/el-verde-conquista-europa-fruit-logistica-acoge-la-presentacion-del-programa-oficial-de-vestial-2025\/#primaryimage"},"thumbnailUrl":"https:\/\/aenverde-cp7041.wordpresstemporal.com\/aenverdexpress.es\/wp-content\/uploads\/2025\/02\/VESTIAL-2025_FL-2.jpg","keywords":["agricultura","Ayuntamiento de Almer\u00eda","Cajamar","Fruit Logistica","Gastronom\u00eda verde","Gusto del Sur","Junta de Andaluc\u00eda","VESTIAL"],"articleSection":["Actualidad"],"inLanguage":"es","potentialAction":[{"@type":"CommentAction","name":"Comment","target":["https:\/\/aenverde-cp7041.wordpresstemporal.com\/aenverdexpress.es\/2025\/02\/07\/el-verde-conquista-europa-fruit-logistica-acoge-la-presentacion-del-programa-oficial-de-vestial-2025\/#respond"]}]},{"@type":"Person","@id":"https:\/\/aenverdexpress.es\/#\/schema\/person\/7220664746e3c774cb3c4e5f81fc4ba0","name":"REDACCI\u00d3N AENVERDE","image":{"@type":"ImageObject","@id":"https:\/\/aenverdexpress.es\/#personlogo","inLanguage":"es","url":"https:\/\/secure.gravatar.com\/avatar\/82de37537a82ee30b014773728d8502cf11180bc1ea2f0a301ec70ebe59ea3e5?s=96&d=mm&r=g","contentUrl":"https:\/\/secure.gravatar.com\/avatar\/82de37537a82ee30b014773728d8502cf11180bc1ea2f0a301ec70ebe59ea3e5?s=96&d=mm&r=g","caption":"REDACCI\u00d3N AENVERDE"},"url":"https:\/\/aenverde-cp7041.wordpresstemporal.com\/aenverdexpress.es\/author\/damian\/"}]}},"builder_content":"","_links":{"self":[{"href":"https:\/\/aenverde-cp7041.wordpresstemporal.com\/aenverdexpress.es\/wp-json\/wp\/v2\/posts\/10618","targetHints":{"allow":["GET"]}}],"collection":[{"href":"https:\/\/aenverde-cp7041.wordpresstemporal.com\/aenverdexpress.es\/wp-json\/wp\/v2\/posts"}],"about":[{"href":"https:\/\/aenverde-cp7041.wordpresstemporal.com\/aenverdexpress.es\/wp-json\/wp\/v2\/types\/post"}],"author":[{"embeddable":true,"href":"https:\/\/aenverde-cp7041.wordpresstemporal.com\/aenverdexpress.es\/wp-json\/wp\/v2\/users\/2"}],"replies":[{"embeddable":true,"href":"https:\/\/aenverde-cp7041.wordpresstemporal.com\/aenverdexpress.es\/wp-json\/wp\/v2\/comments?post=10618"}],"version-history":[{"count":1,"href":"https:\/\/aenverde-cp7041.wordpresstemporal.com\/aenverdexpress.es\/wp-json\/wp\/v2\/posts\/10618\/revisions"}],"predecessor-version":[{"id":10620,"href":"https:\/\/aenverde-cp7041.wordpresstemporal.com\/aenverdexpress.es\/wp-json\/wp\/v2\/posts\/10618\/revisions\/10620"}],"wp:featuredmedia":[{"embeddable":true,"href":"https:\/\/aenverde-cp7041.wordpresstemporal.com\/aenverdexpress.es\/wp-json\/wp\/v2\/media\/10619"}],"wp:attachment":[{"href":"https:\/\/aenverde-cp7041.wordpresstemporal.com\/aenverdexpress.es\/wp-json\/wp\/v2\/media?parent=10618"}],"wp:term":[{"taxonomy":"category","embeddable":true,"href":"https:\/\/aenverde-cp7041.wordpresstemporal.com\/aenverdexpress.es\/wp-json\/wp\/v2\/categories?post=10618"},{"taxonomy":"post_tag","embeddable":true,"href":"https:\/\/aenverde-cp7041.wordpresstemporal.com\/aenverdexpress.es\/wp-json\/wp\/v2\/tags?post=10618"}],"curies":[{"name":"wp","href":"https:\/\/api.w.org\/{rel}","templated":true}]}}