{"id":10894,"date":"2025-03-17T07:49:27","date_gmt":"2025-03-17T07:49:27","guid":{"rendered":"https:\/\/aenverdexpress.es\/?p=10894"},"modified":"2025-03-17T07:49:28","modified_gmt":"2025-03-17T07:49:28","slug":"el-gobierno-aprobara-la-ley-de-prevencion-de-las-perdidas-y-el-desperdicio-alimentario-esta-semana","status":"publish","type":"post","link":"https:\/\/aenverde-cp7041.wordpresstemporal.com\/aenverdexpress.es\/2025\/03\/17\/el-gobierno-aprobara-la-ley-de-prevencion-de-las-perdidas-y-el-desperdicio-alimentario-esta-semana\/","title":{"rendered":"El Gobierno aprobar\u00e1 la\u00a0ley de prevenci\u00f3n de las p\u00e9rdidas\u00a0y el\u00a0desperdicio alimentario\u00a0esta semana"},"content":{"rendered":"<p class=\"wp-block-paragraph\">(Tambi\u00e9n nos puedes seguir por&nbsp;<a href=\"https:\/\/whatsapp.com\/channel\/0029Va8Ttl0Elah1sRZ3Y10w\" target=\"_blank\" rel=\"noreferrer noopener\">nuestro canal de WhatsApp<\/a>)<\/p>\n\n\n\n<p class=\"wp-block-paragraph\"><strong>As\u00ed lo anunci\u00f3 ayer el ministro de Agricultura, Luis Planas,&nbsp;en comparecencia a petici\u00f3n propia en el Congreso de los Diputados, como una de las medidas incluidas en la&nbsp;<a href=\"https:\/\/www.mapa.gob.es\/es\/alimentacion\/temas\/estrategia-nacional\/default.aspx\" target=\"_blank\" rel=\"noreferrer noopener\">Estrategia Nacional de Alimentaci\u00f3n .<\/a><\/strong><\/p>\n\n\n\n<p class=\"wp-block-paragraph\"><strong>La ENA, seg\u00fan Planas, pretende desarrollar desde el presente y para el futuro los instrumentos que aten\u00faen las tensiones a las que est\u00e1 sometida la alimentaci\u00f3n en Espa\u00f1a y en Europa.<\/strong><\/p>\n\n\n\n<p class=\"wp-block-paragraph\"><strong>Seguir leyendo en <a href=\"https:\/\/www.aenverde.es\/el-gobierno-aprobara-la-ley-de-prevencion-de-las-perdidas-y-el-desperdicio-alimentario-esta-semana\/\">este enlace.<\/a><\/strong><\/p>\n\n<!--themify_builder_content-->\n<div id=\"themify_builder_content-10894\" data-postid=\"10894\" class=\"themify_builder_content themify_builder_content-10894 themify_builder tf_clear\">\n    <\/div>\n<!--\/themify_builder_content-->","protected":false},"excerpt":{"rendered":"<p>(Tambi\u00e9n nos puedes seguir por&nbsp;nuestro canal de WhatsApp) As\u00ed lo anunci\u00f3 ayer el ministro de Agricultura, Luis Planas,&nbsp;en comparecencia a petici\u00f3n propia en el Congreso de los Diputados, como una de las medidas incluidas en la&nbsp;Estrategia Nacional de Alimentaci\u00f3n . La ENA, seg\u00fan Planas, pretende desarrollar desde el presente y para el futuro los instrumentos [&hellip;]<\/p>\n","protected":false},"author":2,"featured_media":10895,"comment_status":"open","ping_status":"open","sticky":false,"template":"","format":"standard","meta":{"footnotes":""},"categories":[11],"tags":[1238],"class_list":["post-10894","post","type-post","status-publish","format-standard","has-post-thumbnail","hentry","category-actualidad","tag-estrategia-nacional-de-alimentacion","has-post-title","has-post-date","has-post-category","has-post-tag","has-post-comment","has-post-author",""],"yoast_head":"<!-- This site is optimized with the Yoast SEO plugin v18.2 - https:\/\/yoast.com\/wordpress\/plugins\/seo\/ -->\n<title>El Gobierno aprobar\u00e1 la\u00a0ley de prevenci\u00f3n de las p\u00e9rdidas\u00a0y el\u00a0desperdicio alimentario\u00a0esta semana - Aenverde Express<\/title>\n<meta name=\"robots\" content=\"index, follow, max-snippet:-1, max-image-preview:large, max-video-preview:-1\" \/>\n<link rel=\"canonical\" href=\"https:\/\/aenverde-cp7041.wordpresstemporal.com\/aenverdexpress.es\/2025\/03\/17\/el-gobierno-aprobara-la-ley-de-prevencion-de-las-perdidas-y-el-desperdicio-alimentario-esta-semana\/\" \/>\n<meta property=\"og:locale\" content=\"es_ES\" \/>\n<meta property=\"og:type\" content=\"article\" \/>\n<meta property=\"og:title\" content=\"El Gobierno aprobar\u00e1 la\u00a0ley de prevenci\u00f3n de las p\u00e9rdidas\u00a0y el\u00a0desperdicio alimentario\u00a0esta semana - Aenverde Express\" \/>\n<meta property=\"og:description\" content=\"(Tambi\u00e9n nos puedes seguir por&nbsp;nuestro canal de WhatsApp) As\u00ed lo anunci\u00f3 ayer el ministro de Agricultura, Luis Planas,&nbsp;en comparecencia a petici\u00f3n propia en el Congreso de los Diputados, como una de las medidas incluidas en la&nbsp;Estrategia Nacional de Alimentaci\u00f3n . La ENA, seg\u00fan Planas, pretende desarrollar desde el presente y para el futuro los instrumentos [&hellip;]\" \/>\n<meta property=\"og:url\" content=\"https:\/\/aenverde-cp7041.wordpresstemporal.com\/aenverdexpress.es\/2025\/03\/17\/el-gobierno-aprobara-la-ley-de-prevencion-de-las-perdidas-y-el-desperdicio-alimentario-esta-semana\/\" \/>\n<meta property=\"og:site_name\" content=\"Aenverde Express\" \/>\n<meta property=\"article:published_time\" content=\"2025-03-17T07:49:27+00:00\" \/>\n<meta property=\"article:modified_time\" content=\"2025-03-17T07:49:28+00:00\" \/>\n<meta property=\"og:image\" content=\"https:\/\/aenverde-cp7041.wordpresstemporal.com\/aenverdexpress.es\/wp-content\/uploads\/2025\/03\/ministro-en-congreso-ley-desperdicio.jpg\" \/>\n\t<meta property=\"og:image:width\" content=\"900\" \/>\n\t<meta property=\"og:image:height\" content=\"675\" \/>\n\t<meta property=\"og:image:type\" content=\"image\/jpeg\" \/>\n<meta name=\"twitter:card\" content=\"summary_large_image\" \/>\n<meta name=\"twitter:label1\" content=\"Escrito por\" \/>\n\t<meta name=\"twitter:data1\" content=\"REDACCI\u00d3N AENVERDE\" \/>\n<script type=\"application\/ld+json\" class=\"yoast-schema-graph\">{\"@context\":\"https:\/\/schema.org\",\"@graph\":[{\"@type\":\"Organization\",\"@id\":\"https:\/\/aenverdexpress.es\/#organization\",\"name\":\"AENVERDE\",\"url\":\"https:\/\/aenverdexpress.es\/\",\"sameAs\":[],\"logo\":{\"@type\":\"ImageObject\",\"@id\":\"https:\/\/aenverdexpress.es\/#logo\",\"inLanguage\":\"es\",\"url\":\"https:\/\/aenverdexpress.es\/wp-content\/uploads\/2021\/12\/A-EN-VERDE-LOGO-FONDO-1DB954-01-1024x1024-1.jpg\",\"contentUrl\":\"https:\/\/aenverdexpress.es\/wp-content\/uploads\/2021\/12\/A-EN-VERDE-LOGO-FONDO-1DB954-01-1024x1024-1.jpg\",\"width\":1024,\"height\":1024,\"caption\":\"AENVERDE\"},\"image\":{\"@id\":\"https:\/\/aenverdexpress.es\/#logo\"}},{\"@type\":\"WebSite\",\"@id\":\"https:\/\/aenverdexpress.es\/#website\",\"url\":\"https:\/\/aenverdexpress.es\/\",\"name\":\"Aenverde Express\",\"description\":\"\",\"publisher\":{\"@id\":\"https:\/\/aenverdexpress.es\/#organization\"},\"potentialAction\":[{\"@type\":\"SearchAction\",\"target\":{\"@type\":\"EntryPoint\",\"urlTemplate\":\"https:\/\/aenverdexpress.es\/?s={search_term_string}\"},\"query-input\":\"required name=search_term_string\"}],\"inLanguage\":\"es\"},{\"@type\":\"ImageObject\",\"@id\":\"https:\/\/aenverde-cp7041.wordpresstemporal.com\/aenverdexpress.es\/2025\/03\/17\/el-gobierno-aprobara-la-ley-de-prevencion-de-las-perdidas-y-el-desperdicio-alimentario-esta-semana\/#primaryimage\",\"inLanguage\":\"es\",\"url\":\"https:\/\/aenverde-cp7041.wordpresstemporal.com\/aenverdexpress.es\/wp-content\/uploads\/2025\/03\/ministro-en-congreso-ley-desperdicio.jpg\",\"contentUrl\":\"https:\/\/aenverde-cp7041.wordpresstemporal.com\/aenverdexpress.es\/wp-content\/uploads\/2025\/03\/ministro-en-congreso-ley-desperdicio.jpg\",\"width\":900,\"height\":675},{\"@type\":\"WebPage\",\"@id\":\"https:\/\/aenverde-cp7041.wordpresstemporal.com\/aenverdexpress.es\/2025\/03\/17\/el-gobierno-aprobara-la-ley-de-prevencion-de-las-perdidas-y-el-desperdicio-alimentario-esta-semana\/#webpage\",\"url\":\"https:\/\/aenverde-cp7041.wordpresstemporal.com\/aenverdexpress.es\/2025\/03\/17\/el-gobierno-aprobara-la-ley-de-prevencion-de-las-perdidas-y-el-desperdicio-alimentario-esta-semana\/\",\"name\":\"El Gobierno aprobar\u00e1 la\u00a0ley de prevenci\u00f3n de las p\u00e9rdidas\u00a0y el\u00a0desperdicio alimentario\u00a0esta semana - Aenverde Express\",\"isPartOf\":{\"@id\":\"https:\/\/aenverdexpress.es\/#website\"},\"primaryImageOfPage\":{\"@id\":\"https:\/\/aenverde-cp7041.wordpresstemporal.com\/aenverdexpress.es\/2025\/03\/17\/el-gobierno-aprobara-la-ley-de-prevencion-de-las-perdidas-y-el-desperdicio-alimentario-esta-semana\/#primaryimage\"},\"datePublished\":\"2025-03-17T07:49:27+00:00\",\"dateModified\":\"2025-03-17T07:49:28+00:00\",\"breadcrumb\":{\"@id\":\"https:\/\/aenverde-cp7041.wordpresstemporal.com\/aenverdexpress.es\/2025\/03\/17\/el-gobierno-aprobara-la-ley-de-prevencion-de-las-perdidas-y-el-desperdicio-alimentario-esta-semana\/#breadcrumb\"},\"inLanguage\":\"es\",\"potentialAction\":[{\"@type\":\"ReadAction\",\"target\":[\"https:\/\/aenverde-cp7041.wordpresstemporal.com\/aenverdexpress.es\/2025\/03\/17\/el-gobierno-aprobara-la-ley-de-prevencion-de-las-perdidas-y-el-desperdicio-alimentario-esta-semana\/\"]}]},{\"@type\":\"BreadcrumbList\",\"@id\":\"https:\/\/aenverde-cp7041.wordpresstemporal.com\/aenverdexpress.es\/2025\/03\/17\/el-gobierno-aprobara-la-ley-de-prevencion-de-las-perdidas-y-el-desperdicio-alimentario-esta-semana\/#breadcrumb\",\"itemListElement\":[{\"@type\":\"ListItem\",\"position\":1,\"name\":\"Portada\",\"item\":\"https:\/\/aenverdexpress.es\/\"},{\"@type\":\"ListItem\",\"position\":2,\"name\":\"El Gobierno aprobar\u00e1 la\u00a0ley de prevenci\u00f3n de las p\u00e9rdidas\u00a0y el\u00a0desperdicio alimentario\u00a0esta semana\"}]},{\"@type\":\"Article\",\"@id\":\"https:\/\/aenverde-cp7041.wordpresstemporal.com\/aenverdexpress.es\/2025\/03\/17\/el-gobierno-aprobara-la-ley-de-prevencion-de-las-perdidas-y-el-desperdicio-alimentario-esta-semana\/#article\",\"isPartOf\":{\"@id\":\"https:\/\/aenverde-cp7041.wordpresstemporal.com\/aenverdexpress.es\/2025\/03\/17\/el-gobierno-aprobara-la-ley-de-prevencion-de-las-perdidas-y-el-desperdicio-alimentario-esta-semana\/#webpage\"},\"author\":{\"@id\":\"https:\/\/aenverdexpress.es\/#\/schema\/person\/7220664746e3c774cb3c4e5f81fc4ba0\"},\"headline\":\"El Gobierno aprobar\u00e1 la\u00a0ley de prevenci\u00f3n de las p\u00e9rdidas\u00a0y el\u00a0desperdicio alimentario\u00a0esta semana\",\"datePublished\":\"2025-03-17T07:49:27+00:00\",\"dateModified\":\"2025-03-17T07:49:28+00:00\",\"mainEntityOfPage\":{\"@id\":\"https:\/\/aenverde-cp7041.wordpresstemporal.com\/aenverdexpress.es\/2025\/03\/17\/el-gobierno-aprobara-la-ley-de-prevencion-de-las-perdidas-y-el-desperdicio-alimentario-esta-semana\/#webpage\"},\"wordCount\":106,\"commentCount\":0,\"publisher\":{\"@id\":\"https:\/\/aenverdexpress.es\/#organization\"},\"image\":{\"@id\":\"https:\/\/aenverde-cp7041.wordpresstemporal.com\/aenverdexpress.es\/2025\/03\/17\/el-gobierno-aprobara-la-ley-de-prevencion-de-las-perdidas-y-el-desperdicio-alimentario-esta-semana\/#primaryimage\"},\"thumbnailUrl\":\"https:\/\/aenverde-cp7041.wordpresstemporal.com\/aenverdexpress.es\/wp-content\/uploads\/2025\/03\/ministro-en-congreso-ley-desperdicio.jpg\",\"keywords\":[\"estrategia nacional de alimentaci\u00f3n\"],\"articleSection\":[\"Actualidad\"],\"inLanguage\":\"es\",\"potentialAction\":[{\"@type\":\"CommentAction\",\"name\":\"Comment\",\"target\":[\"https:\/\/aenverde-cp7041.wordpresstemporal.com\/aenverdexpress.es\/2025\/03\/17\/el-gobierno-aprobara-la-ley-de-prevencion-de-las-perdidas-y-el-desperdicio-alimentario-esta-semana\/#respond\"]}]},{\"@type\":\"Person\",\"@id\":\"https:\/\/aenverdexpress.es\/#\/schema\/person\/7220664746e3c774cb3c4e5f81fc4ba0\",\"name\":\"REDACCI\u00d3N AENVERDE\",\"image\":{\"@type\":\"ImageObject\",\"@id\":\"https:\/\/aenverdexpress.es\/#personlogo\",\"inLanguage\":\"es\",\"url\":\"https:\/\/secure.gravatar.com\/avatar\/82de37537a82ee30b014773728d8502cf11180bc1ea2f0a301ec70ebe59ea3e5?s=96&d=mm&r=g\",\"contentUrl\":\"https:\/\/secure.gravatar.com\/avatar\/82de37537a82ee30b014773728d8502cf11180bc1ea2f0a301ec70ebe59ea3e5?s=96&d=mm&r=g\",\"caption\":\"REDACCI\u00d3N AENVERDE\"},\"url\":\"https:\/\/aenverde-cp7041.wordpresstemporal.com\/aenverdexpress.es\/author\/damian\/\"}]}<\/script>\n<!-- \/ Yoast SEO plugin. -->","yoast_head_json":{"title":"El Gobierno aprobar\u00e1 la\u00a0ley de prevenci\u00f3n de las p\u00e9rdidas\u00a0y el\u00a0desperdicio alimentario\u00a0esta semana - Aenverde Express","robots":{"index":"index","follow":"follow","max-snippet":"max-snippet:-1","max-image-preview":"max-image-preview:large","max-video-preview":"max-video-preview:-1"},"canonical":"https:\/\/aenverde-cp7041.wordpresstemporal.com\/aenverdexpress.es\/2025\/03\/17\/el-gobierno-aprobara-la-ley-de-prevencion-de-las-perdidas-y-el-desperdicio-alimentario-esta-semana\/","og_locale":"es_ES","og_type":"article","og_title":"El Gobierno aprobar\u00e1 la\u00a0ley de prevenci\u00f3n de las p\u00e9rdidas\u00a0y el\u00a0desperdicio alimentario\u00a0esta semana - Aenverde Express","og_description":"(Tambi\u00e9n nos puedes seguir por&nbsp;nuestro canal de WhatsApp) As\u00ed lo anunci\u00f3 ayer el ministro de Agricultura, Luis Planas,&nbsp;en comparecencia a petici\u00f3n propia en el Congreso de los Diputados, como una de las medidas incluidas en la&nbsp;Estrategia Nacional de Alimentaci\u00f3n . La ENA, seg\u00fan Planas, pretende desarrollar desde el presente y para el futuro los instrumentos [&hellip;]","og_url":"https:\/\/aenverde-cp7041.wordpresstemporal.com\/aenverdexpress.es\/2025\/03\/17\/el-gobierno-aprobara-la-ley-de-prevencion-de-las-perdidas-y-el-desperdicio-alimentario-esta-semana\/","og_site_name":"Aenverde Express","article_published_time":"2025-03-17T07:49:27+00:00","article_modified_time":"2025-03-17T07:49:28+00:00","og_image":[{"width":900,"height":675,"url":"https:\/\/aenverde-cp7041.wordpresstemporal.com\/aenverdexpress.es\/wp-content\/uploads\/2025\/03\/ministro-en-congreso-ley-desperdicio.jpg","type":"image\/jpeg"}],"twitter_card":"summary_large_image","twitter_misc":{"Escrito por":"REDACCI\u00d3N AENVERDE"},"schema":{"@context":"https:\/\/schema.org","@graph":[{"@type":"Organization","@id":"https:\/\/aenverdexpress.es\/#organization","name":"AENVERDE","url":"https:\/\/aenverdexpress.es\/","sameAs":[],"logo":{"@type":"ImageObject","@id":"https:\/\/aenverdexpress.es\/#logo","inLanguage":"es","url":"https:\/\/aenverdexpress.es\/wp-content\/uploads\/2021\/12\/A-EN-VERDE-LOGO-FONDO-1DB954-01-1024x1024-1.jpg","contentUrl":"https:\/\/aenverdexpress.es\/wp-content\/uploads\/2021\/12\/A-EN-VERDE-LOGO-FONDO-1DB954-01-1024x1024-1.jpg","width":1024,"height":1024,"caption":"AENVERDE"},"image":{"@id":"https:\/\/aenverdexpress.es\/#logo"}},{"@type":"WebSite","@id":"https:\/\/aenverdexpress.es\/#website","url":"https:\/\/aenverdexpress.es\/","name":"Aenverde Express","description":"","publisher":{"@id":"https:\/\/aenverdexpress.es\/#organization"},"potentialAction":[{"@type":"SearchAction","target":{"@type":"EntryPoint","urlTemplate":"https:\/\/aenverdexpress.es\/?s={search_term_string}"},"query-input":"required name=search_term_string"}],"inLanguage":"es"},{"@type":"ImageObject","@id":"https:\/\/aenverde-cp7041.wordpresstemporal.com\/aenverdexpress.es\/2025\/03\/17\/el-gobierno-aprobara-la-ley-de-prevencion-de-las-perdidas-y-el-desperdicio-alimentario-esta-semana\/#primaryimage","inLanguage":"es","url":"https:\/\/aenverde-cp7041.wordpresstemporal.com\/aenverdexpress.es\/wp-content\/uploads\/2025\/03\/ministro-en-congreso-ley-desperdicio.jpg","contentUrl":"https:\/\/aenverde-cp7041.wordpresstemporal.com\/aenverdexpress.es\/wp-content\/uploads\/2025\/03\/ministro-en-congreso-ley-desperdicio.jpg","width":900,"height":675},{"@type":"WebPage","@id":"https:\/\/aenverde-cp7041.wordpresstemporal.com\/aenverdexpress.es\/2025\/03\/17\/el-gobierno-aprobara-la-ley-de-prevencion-de-las-perdidas-y-el-desperdicio-alimentario-esta-semana\/#webpage","url":"https:\/\/aenverde-cp7041.wordpresstemporal.com\/aenverdexpress.es\/2025\/03\/17\/el-gobierno-aprobara-la-ley-de-prevencion-de-las-perdidas-y-el-desperdicio-alimentario-esta-semana\/","name":"El Gobierno aprobar\u00e1 la\u00a0ley de prevenci\u00f3n de las p\u00e9rdidas\u00a0y el\u00a0desperdicio alimentario\u00a0esta semana - Aenverde Express","isPartOf":{"@id":"https:\/\/aenverdexpress.es\/#website"},"primaryImageOfPage":{"@id":"https:\/\/aenverde-cp7041.wordpresstemporal.com\/aenverdexpress.es\/2025\/03\/17\/el-gobierno-aprobara-la-ley-de-prevencion-de-las-perdidas-y-el-desperdicio-alimentario-esta-semana\/#primaryimage"},"datePublished":"2025-03-17T07:49:27+00:00","dateModified":"2025-03-17T07:49:28+00:00","breadcrumb":{"@id":"https:\/\/aenverde-cp7041.wordpresstemporal.com\/aenverdexpress.es\/2025\/03\/17\/el-gobierno-aprobara-la-ley-de-prevencion-de-las-perdidas-y-el-desperdicio-alimentario-esta-semana\/#breadcrumb"},"inLanguage":"es","potentialAction":[{"@type":"ReadAction","target":["https:\/\/aenverde-cp7041.wordpresstemporal.com\/aenverdexpress.es\/2025\/03\/17\/el-gobierno-aprobara-la-ley-de-prevencion-de-las-perdidas-y-el-desperdicio-alimentario-esta-semana\/"]}]},{"@type":"BreadcrumbList","@id":"https:\/\/aenverde-cp7041.wordpresstemporal.com\/aenverdexpress.es\/2025\/03\/17\/el-gobierno-aprobara-la-ley-de-prevencion-de-las-perdidas-y-el-desperdicio-alimentario-esta-semana\/#breadcrumb","itemListElement":[{"@type":"ListItem","position":1,"name":"Portada","item":"https:\/\/aenverdexpress.es\/"},{"@type":"ListItem","position":2,"name":"El Gobierno aprobar\u00e1 la\u00a0ley de prevenci\u00f3n de las p\u00e9rdidas\u00a0y el\u00a0desperdicio alimentario\u00a0esta semana"}]},{"@type":"Article","@id":"https:\/\/aenverde-cp7041.wordpresstemporal.com\/aenverdexpress.es\/2025\/03\/17\/el-gobierno-aprobara-la-ley-de-prevencion-de-las-perdidas-y-el-desperdicio-alimentario-esta-semana\/#article","isPartOf":{"@id":"https:\/\/aenverde-cp7041.wordpresstemporal.com\/aenverdexpress.es\/2025\/03\/17\/el-gobierno-aprobara-la-ley-de-prevencion-de-las-perdidas-y-el-desperdicio-alimentario-esta-semana\/#webpage"},"author":{"@id":"https:\/\/aenverdexpress.es\/#\/schema\/person\/7220664746e3c774cb3c4e5f81fc4ba0"},"headline":"El Gobierno aprobar\u00e1 la\u00a0ley de prevenci\u00f3n de las p\u00e9rdidas\u00a0y el\u00a0desperdicio alimentario\u00a0esta semana","datePublished":"2025-03-17T07:49:27+00:00","dateModified":"2025-03-17T07:49:28+00:00","mainEntityOfPage":{"@id":"https:\/\/aenverde-cp7041.wordpresstemporal.com\/aenverdexpress.es\/2025\/03\/17\/el-gobierno-aprobara-la-ley-de-prevencion-de-las-perdidas-y-el-desperdicio-alimentario-esta-semana\/#webpage"},"wordCount":106,"commentCount":0,"publisher":{"@id":"https:\/\/aenverdexpress.es\/#organization"},"image":{"@id":"https:\/\/aenverde-cp7041.wordpresstemporal.com\/aenverdexpress.es\/2025\/03\/17\/el-gobierno-aprobara-la-ley-de-prevencion-de-las-perdidas-y-el-desperdicio-alimentario-esta-semana\/#primaryimage"},"thumbnailUrl":"https:\/\/aenverde-cp7041.wordpresstemporal.com\/aenverdexpress.es\/wp-content\/uploads\/2025\/03\/ministro-en-congreso-ley-desperdicio.jpg","keywords":["estrategia nacional de alimentaci\u00f3n"],"articleSection":["Actualidad"],"inLanguage":"es","potentialAction":[{"@type":"CommentAction","name":"Comment","target":["https:\/\/aenverde-cp7041.wordpresstemporal.com\/aenverdexpress.es\/2025\/03\/17\/el-gobierno-aprobara-la-ley-de-prevencion-de-las-perdidas-y-el-desperdicio-alimentario-esta-semana\/#respond"]}]},{"@type":"Person","@id":"https:\/\/aenverdexpress.es\/#\/schema\/person\/7220664746e3c774cb3c4e5f81fc4ba0","name":"REDACCI\u00d3N AENVERDE","image":{"@type":"ImageObject","@id":"https:\/\/aenverdexpress.es\/#personlogo","inLanguage":"es","url":"https:\/\/secure.gravatar.com\/avatar\/82de37537a82ee30b014773728d8502cf11180bc1ea2f0a301ec70ebe59ea3e5?s=96&d=mm&r=g","contentUrl":"https:\/\/secure.gravatar.com\/avatar\/82de37537a82ee30b014773728d8502cf11180bc1ea2f0a301ec70ebe59ea3e5?s=96&d=mm&r=g","caption":"REDACCI\u00d3N AENVERDE"},"url":"https:\/\/aenverde-cp7041.wordpresstemporal.com\/aenverdexpress.es\/author\/damian\/"}]}},"builder_content":"","_links":{"self":[{"href":"https:\/\/aenverde-cp7041.wordpresstemporal.com\/aenverdexpress.es\/wp-json\/wp\/v2\/posts\/10894","targetHints":{"allow":["GET"]}}],"collection":[{"href":"https:\/\/aenverde-cp7041.wordpresstemporal.com\/aenverdexpress.es\/wp-json\/wp\/v2\/posts"}],"about":[{"href":"https:\/\/aenverde-cp7041.wordpresstemporal.com\/aenverdexpress.es\/wp-json\/wp\/v2\/types\/post"}],"author":[{"embeddable":true,"href":"https:\/\/aenverde-cp7041.wordpresstemporal.com\/aenverdexpress.es\/wp-json\/wp\/v2\/users\/2"}],"replies":[{"embeddable":true,"href":"https:\/\/aenverde-cp7041.wordpresstemporal.com\/aenverdexpress.es\/wp-json\/wp\/v2\/comments?post=10894"}],"version-history":[{"count":2,"href":"https:\/\/aenverde-cp7041.wordpresstemporal.com\/aenverdexpress.es\/wp-json\/wp\/v2\/posts\/10894\/revisions"}],"predecessor-version":[{"id":10897,"href":"https:\/\/aenverde-cp7041.wordpresstemporal.com\/aenverdexpress.es\/wp-json\/wp\/v2\/posts\/10894\/revisions\/10897"}],"wp:featuredmedia":[{"embeddable":true,"href":"https:\/\/aenverde-cp7041.wordpresstemporal.com\/aenverdexpress.es\/wp-json\/wp\/v2\/media\/10895"}],"wp:attachment":[{"href":"https:\/\/aenverde-cp7041.wordpresstemporal.com\/aenverdexpress.es\/wp-json\/wp\/v2\/media?parent=10894"}],"wp:term":[{"taxonomy":"category","embeddable":true,"href":"https:\/\/aenverde-cp7041.wordpresstemporal.com\/aenverdexpress.es\/wp-json\/wp\/v2\/categories?post=10894"},{"taxonomy":"post_tag","embeddable":true,"href":"https:\/\/aenverde-cp7041.wordpresstemporal.com\/aenverdexpress.es\/wp-json\/wp\/v2\/tags?post=10894"}],"curies":[{"name":"wp","href":"https:\/\/api.w.org\/{rel}","templated":true}]}}