{"id":11316,"date":"2025-05-19T06:43:24","date_gmt":"2025-05-19T06:43:24","guid":{"rendered":"https:\/\/aenverdexpress.es\/?p=11316"},"modified":"2025-05-19T06:43:24","modified_gmt":"2025-05-19T06:43:24","slug":"coexphal-promociona-un-ano-mas-la-sandia-con-la-campana-no-hay-verano-sin","status":"publish","type":"post","link":"https:\/\/aenverde-cp7041.wordpresstemporal.com\/aenverdexpress.es\/2025\/05\/19\/coexphal-promociona-un-ano-mas-la-sandia-con-la-campana-no-hay-verano-sin\/","title":{"rendered":"COEXPHAL promociona un a\u00f1o m\u00e1s\u00a0la sand\u00eda con la campa\u00f1a\u00a0\u201cNo hay verano sin\u2026\u201d"},"content":{"rendered":"<p class=\"has-text-align-center wp-block-paragraph\">(Tambi\u00e9n nos puedes seguir por&nbsp;<a href=\"https:\/\/whatsapp.com\/channel\/0029Va8Ttl0Elah1sRZ3Y10w\" target=\"_blank\" rel=\"noreferrer noopener\">nuestro canal de WhatsApp<\/a>)<\/p>\n\n\n\n<p class=\"wp-block-paragraph\"><strong>La Asociaci\u00f3n de Organizaciones de Productores de Frutas y Hortalizas de Almer\u00eda<\/strong>,&nbsp;<a href=\"https:\/\/www.coexphal.es\/\" target=\"_blank\" rel=\"noreferrer noopener\">COEXPHAL<\/a>, ha presentado esta ma\u00f1ana la campa\u00f1a \u2018La Primera Sand\u00eda Europea\u2019, que celebra su sexto a\u00f1o consecutivo promoviendo el consumo de esta refrescante fruta. En esta ocasi\u00f3n la sand\u00eda llegar\u00e1 al consumidor bajo el eslogan \u201c<strong>No hay verano sin<\/strong>\u2026&nbsp;<a href=\"https:\/\/laprimerasandiaeuropea.es\/\" target=\"_blank\" rel=\"noreferrer noopener\">La Primera Sand\u00eda Europea<\/a>\u201c, para resaltar la importancia de la sand\u00eda y poner de relieve que no hay verano sin esta deliciosa fruta. Adem\u00e1s, la iniciativa lleva al consumidor a momentos que est\u00e1n en la memoria colectiva y que evocan a la temporada estival.<\/p>\n\n\n\n<p class=\"wp-block-paragraph\"><strong>La campa\u00f1a se centra en las sand\u00edas cultivadas en los invernaderos solares de Almer\u00eda durante la primavera<\/strong>, extendi\u00e9ndose posteriormente a los cultivos al aire libre.<\/p>\n\n\n\n<p class=\"wp-block-paragraph\">Seguir leyendo en<a href=\"https:\/\/www.aenverde.es\/coexphal-promociona-un-ano-mas-la-sandia-con-la-campana-no-hay-verano-sin\/\"> este enlace<\/a>.<\/p>\n\n\n\n<p class=\"wp-block-paragraph\"><\/p>\n\n<!--themify_builder_content-->\n<div id=\"themify_builder_content-11316\" data-postid=\"11316\" class=\"themify_builder_content themify_builder_content-11316 themify_builder tf_clear\">\n    <\/div>\n<!--\/themify_builder_content-->","protected":false},"excerpt":{"rendered":"<p>(Tambi\u00e9n nos puedes seguir por&nbsp;nuestro canal de WhatsApp) La Asociaci\u00f3n de Organizaciones de Productores de Frutas y Hortalizas de Almer\u00eda,&nbsp;COEXPHAL, ha presentado esta ma\u00f1ana la campa\u00f1a \u2018La Primera Sand\u00eda Europea\u2019, que celebra su sexto a\u00f1o consecutivo promoviendo el consumo de esta refrescante fruta. En esta ocasi\u00f3n la sand\u00eda llegar\u00e1 al consumidor bajo el eslogan \u201cNo [&hellip;]<\/p>\n","protected":false},"author":2,"featured_media":11317,"comment_status":"open","ping_status":"open","sticky":false,"template":"","format":"standard","meta":{"footnotes":""},"categories":[11],"tags":[19,400,41],"class_list":["post-11316","post","type-post","status-publish","format-standard","has-post-thumbnail","hentry","category-actualidad","tag-coexphal","tag-la-primera-sandia-europea","tag-sandia","has-post-title","has-post-date","has-post-category","has-post-tag","has-post-comment","has-post-author",""],"yoast_head":"<!-- This site is optimized with the Yoast SEO plugin v18.2 - https:\/\/yoast.com\/wordpress\/plugins\/seo\/ -->\n<title>COEXPHAL promociona un a\u00f1o m\u00e1s\u00a0la sand\u00eda con la campa\u00f1a\u00a0\u201cNo hay verano sin\u2026\u201d - Aenverde Express<\/title>\n<meta name=\"robots\" content=\"index, follow, max-snippet:-1, max-image-preview:large, max-video-preview:-1\" \/>\n<link rel=\"canonical\" href=\"https:\/\/aenverdexpress.es\/2025\/05\/19\/coexphal-promociona-un-ano-mas-la-sandia-con-la-campana-no-hay-verano-sin\/\" \/>\n<meta property=\"og:locale\" content=\"es_ES\" \/>\n<meta property=\"og:type\" content=\"article\" \/>\n<meta property=\"og:title\" content=\"COEXPHAL promociona un a\u00f1o m\u00e1s\u00a0la sand\u00eda con la campa\u00f1a\u00a0\u201cNo hay verano sin\u2026\u201d - Aenverde Express\" \/>\n<meta property=\"og:description\" content=\"(Tambi\u00e9n nos puedes seguir por&nbsp;nuestro canal de WhatsApp) La Asociaci\u00f3n de Organizaciones de Productores de Frutas y Hortalizas de Almer\u00eda,&nbsp;COEXPHAL, ha presentado esta ma\u00f1ana la campa\u00f1a \u2018La Primera Sand\u00eda Europea\u2019, que celebra su sexto a\u00f1o consecutivo promoviendo el consumo de esta refrescante fruta. En esta ocasi\u00f3n la sand\u00eda llegar\u00e1 al consumidor bajo el eslogan \u201cNo [&hellip;]\" \/>\n<meta property=\"og:url\" content=\"https:\/\/aenverdexpress.es\/2025\/05\/19\/coexphal-promociona-un-ano-mas-la-sandia-con-la-campana-no-hay-verano-sin\/\" \/>\n<meta property=\"og:site_name\" content=\"Aenverde Express\" \/>\n<meta property=\"article:published_time\" content=\"2025-05-19T06:43:24+00:00\" \/>\n<meta property=\"og:image\" content=\"https:\/\/aenverdexpress.es\/wp-content\/uploads\/2025\/05\/familia.jpg\" \/>\n\t<meta property=\"og:image:width\" content=\"850\" \/>\n\t<meta property=\"og:image:height\" content=\"579\" \/>\n\t<meta property=\"og:image:type\" content=\"image\/jpeg\" \/>\n<meta name=\"twitter:card\" content=\"summary_large_image\" \/>\n<meta name=\"twitter:label1\" content=\"Escrito por\" \/>\n\t<meta name=\"twitter:data1\" content=\"REDACCI\u00d3N AENVERDE\" \/>\n\t<meta name=\"twitter:label2\" content=\"Tiempo de lectura\" \/>\n\t<meta name=\"twitter:data2\" content=\"1 minuto\" \/>\n<script type=\"application\/ld+json\" class=\"yoast-schema-graph\">{\"@context\":\"https:\/\/schema.org\",\"@graph\":[{\"@type\":\"Organization\",\"@id\":\"https:\/\/aenverdexpress.es\/#organization\",\"name\":\"AENVERDE\",\"url\":\"https:\/\/aenverdexpress.es\/\",\"sameAs\":[],\"logo\":{\"@type\":\"ImageObject\",\"@id\":\"https:\/\/aenverdexpress.es\/#logo\",\"inLanguage\":\"es\",\"url\":\"https:\/\/aenverdexpress.es\/wp-content\/uploads\/2021\/12\/A-EN-VERDE-LOGO-FONDO-1DB954-01-1024x1024-1.jpg\",\"contentUrl\":\"https:\/\/aenverdexpress.es\/wp-content\/uploads\/2021\/12\/A-EN-VERDE-LOGO-FONDO-1DB954-01-1024x1024-1.jpg\",\"width\":1024,\"height\":1024,\"caption\":\"AENVERDE\"},\"image\":{\"@id\":\"https:\/\/aenverdexpress.es\/#logo\"}},{\"@type\":\"WebSite\",\"@id\":\"https:\/\/aenverdexpress.es\/#website\",\"url\":\"https:\/\/aenverdexpress.es\/\",\"name\":\"Aenverde Express\",\"description\":\"\",\"publisher\":{\"@id\":\"https:\/\/aenverdexpress.es\/#organization\"},\"potentialAction\":[{\"@type\":\"SearchAction\",\"target\":{\"@type\":\"EntryPoint\",\"urlTemplate\":\"https:\/\/aenverdexpress.es\/?s={search_term_string}\"},\"query-input\":\"required name=search_term_string\"}],\"inLanguage\":\"es\"},{\"@type\":\"ImageObject\",\"@id\":\"https:\/\/aenverdexpress.es\/2025\/05\/19\/coexphal-promociona-un-ano-mas-la-sandia-con-la-campana-no-hay-verano-sin\/#primaryimage\",\"inLanguage\":\"es\",\"url\":\"https:\/\/aenverde-cp7041.wordpresstemporal.com\/aenverdexpress.es\/wp-content\/uploads\/2025\/05\/familia.jpg\",\"contentUrl\":\"https:\/\/aenverde-cp7041.wordpresstemporal.com\/aenverdexpress.es\/wp-content\/uploads\/2025\/05\/familia.jpg\",\"width\":850,\"height\":579},{\"@type\":\"WebPage\",\"@id\":\"https:\/\/aenverdexpress.es\/2025\/05\/19\/coexphal-promociona-un-ano-mas-la-sandia-con-la-campana-no-hay-verano-sin\/#webpage\",\"url\":\"https:\/\/aenverdexpress.es\/2025\/05\/19\/coexphal-promociona-un-ano-mas-la-sandia-con-la-campana-no-hay-verano-sin\/\",\"name\":\"COEXPHAL promociona un a\u00f1o m\u00e1s\u00a0la sand\u00eda con la campa\u00f1a\u00a0\u201cNo hay verano sin\u2026\u201d - Aenverde Express\",\"isPartOf\":{\"@id\":\"https:\/\/aenverdexpress.es\/#website\"},\"primaryImageOfPage\":{\"@id\":\"https:\/\/aenverdexpress.es\/2025\/05\/19\/coexphal-promociona-un-ano-mas-la-sandia-con-la-campana-no-hay-verano-sin\/#primaryimage\"},\"datePublished\":\"2025-05-19T06:43:24+00:00\",\"dateModified\":\"2025-05-19T06:43:24+00:00\",\"breadcrumb\":{\"@id\":\"https:\/\/aenverdexpress.es\/2025\/05\/19\/coexphal-promociona-un-ano-mas-la-sandia-con-la-campana-no-hay-verano-sin\/#breadcrumb\"},\"inLanguage\":\"es\",\"potentialAction\":[{\"@type\":\"ReadAction\",\"target\":[\"https:\/\/aenverdexpress.es\/2025\/05\/19\/coexphal-promociona-un-ano-mas-la-sandia-con-la-campana-no-hay-verano-sin\/\"]}]},{\"@type\":\"BreadcrumbList\",\"@id\":\"https:\/\/aenverdexpress.es\/2025\/05\/19\/coexphal-promociona-un-ano-mas-la-sandia-con-la-campana-no-hay-verano-sin\/#breadcrumb\",\"itemListElement\":[{\"@type\":\"ListItem\",\"position\":1,\"name\":\"Portada\",\"item\":\"https:\/\/aenverdexpress.es\/\"},{\"@type\":\"ListItem\",\"position\":2,\"name\":\"COEXPHAL promociona un a\u00f1o m\u00e1s\u00a0la sand\u00eda con la campa\u00f1a\u00a0\u201cNo hay verano sin\u2026\u201d\"}]},{\"@type\":\"Article\",\"@id\":\"https:\/\/aenverdexpress.es\/2025\/05\/19\/coexphal-promociona-un-ano-mas-la-sandia-con-la-campana-no-hay-verano-sin\/#article\",\"isPartOf\":{\"@id\":\"https:\/\/aenverdexpress.es\/2025\/05\/19\/coexphal-promociona-un-ano-mas-la-sandia-con-la-campana-no-hay-verano-sin\/#webpage\"},\"author\":{\"@id\":\"https:\/\/aenverdexpress.es\/#\/schema\/person\/7220664746e3c774cb3c4e5f81fc4ba0\"},\"headline\":\"COEXPHAL promociona un a\u00f1o m\u00e1s\u00a0la sand\u00eda con la campa\u00f1a\u00a0\u201cNo hay verano sin\u2026\u201d\",\"datePublished\":\"2025-05-19T06:43:24+00:00\",\"dateModified\":\"2025-05-19T06:43:24+00:00\",\"mainEntityOfPage\":{\"@id\":\"https:\/\/aenverdexpress.es\/2025\/05\/19\/coexphal-promociona-un-ano-mas-la-sandia-con-la-campana-no-hay-verano-sin\/#webpage\"},\"wordCount\":172,\"commentCount\":0,\"publisher\":{\"@id\":\"https:\/\/aenverdexpress.es\/#organization\"},\"image\":{\"@id\":\"https:\/\/aenverdexpress.es\/2025\/05\/19\/coexphal-promociona-un-ano-mas-la-sandia-con-la-campana-no-hay-verano-sin\/#primaryimage\"},\"thumbnailUrl\":\"https:\/\/aenverde-cp7041.wordpresstemporal.com\/aenverdexpress.es\/wp-content\/uploads\/2025\/05\/familia.jpg\",\"keywords\":[\"COEXPHAL\",\"la primera sand\u00eda europea\",\"sandia\"],\"articleSection\":[\"Actualidad\"],\"inLanguage\":\"es\",\"potentialAction\":[{\"@type\":\"CommentAction\",\"name\":\"Comment\",\"target\":[\"https:\/\/aenverdexpress.es\/2025\/05\/19\/coexphal-promociona-un-ano-mas-la-sandia-con-la-campana-no-hay-verano-sin\/#respond\"]}]},{\"@type\":\"Person\",\"@id\":\"https:\/\/aenverdexpress.es\/#\/schema\/person\/7220664746e3c774cb3c4e5f81fc4ba0\",\"name\":\"REDACCI\u00d3N AENVERDE\",\"image\":{\"@type\":\"ImageObject\",\"@id\":\"https:\/\/aenverdexpress.es\/#personlogo\",\"inLanguage\":\"es\",\"url\":\"https:\/\/secure.gravatar.com\/avatar\/82de37537a82ee30b014773728d8502cf11180bc1ea2f0a301ec70ebe59ea3e5?s=96&d=mm&r=g\",\"contentUrl\":\"https:\/\/secure.gravatar.com\/avatar\/82de37537a82ee30b014773728d8502cf11180bc1ea2f0a301ec70ebe59ea3e5?s=96&d=mm&r=g\",\"caption\":\"REDACCI\u00d3N AENVERDE\"},\"url\":\"https:\/\/aenverde-cp7041.wordpresstemporal.com\/aenverdexpress.es\/author\/damian\/\"}]}<\/script>\n<!-- \/ Yoast SEO plugin. -->","yoast_head_json":{"title":"COEXPHAL promociona un a\u00f1o m\u00e1s\u00a0la sand\u00eda con la campa\u00f1a\u00a0\u201cNo hay verano sin\u2026\u201d - Aenverde Express","robots":{"index":"index","follow":"follow","max-snippet":"max-snippet:-1","max-image-preview":"max-image-preview:large","max-video-preview":"max-video-preview:-1"},"canonical":"https:\/\/aenverdexpress.es\/2025\/05\/19\/coexphal-promociona-un-ano-mas-la-sandia-con-la-campana-no-hay-verano-sin\/","og_locale":"es_ES","og_type":"article","og_title":"COEXPHAL promociona un a\u00f1o m\u00e1s\u00a0la sand\u00eda con la campa\u00f1a\u00a0\u201cNo hay verano sin\u2026\u201d - Aenverde Express","og_description":"(Tambi\u00e9n nos puedes seguir por&nbsp;nuestro canal de WhatsApp) La Asociaci\u00f3n de Organizaciones de Productores de Frutas y Hortalizas de Almer\u00eda,&nbsp;COEXPHAL, ha presentado esta ma\u00f1ana la campa\u00f1a \u2018La Primera Sand\u00eda Europea\u2019, que celebra su sexto a\u00f1o consecutivo promoviendo el consumo de esta refrescante fruta. En esta ocasi\u00f3n la sand\u00eda llegar\u00e1 al consumidor bajo el eslogan \u201cNo [&hellip;]","og_url":"https:\/\/aenverdexpress.es\/2025\/05\/19\/coexphal-promociona-un-ano-mas-la-sandia-con-la-campana-no-hay-verano-sin\/","og_site_name":"Aenverde Express","article_published_time":"2025-05-19T06:43:24+00:00","og_image":[{"width":850,"height":579,"url":"https:\/\/aenverdexpress.es\/wp-content\/uploads\/2025\/05\/familia.jpg","type":"image\/jpeg"}],"twitter_card":"summary_large_image","twitter_misc":{"Escrito por":"REDACCI\u00d3N AENVERDE","Tiempo de lectura":"1 minuto"},"schema":{"@context":"https:\/\/schema.org","@graph":[{"@type":"Organization","@id":"https:\/\/aenverdexpress.es\/#organization","name":"AENVERDE","url":"https:\/\/aenverdexpress.es\/","sameAs":[],"logo":{"@type":"ImageObject","@id":"https:\/\/aenverdexpress.es\/#logo","inLanguage":"es","url":"https:\/\/aenverdexpress.es\/wp-content\/uploads\/2021\/12\/A-EN-VERDE-LOGO-FONDO-1DB954-01-1024x1024-1.jpg","contentUrl":"https:\/\/aenverdexpress.es\/wp-content\/uploads\/2021\/12\/A-EN-VERDE-LOGO-FONDO-1DB954-01-1024x1024-1.jpg","width":1024,"height":1024,"caption":"AENVERDE"},"image":{"@id":"https:\/\/aenverdexpress.es\/#logo"}},{"@type":"WebSite","@id":"https:\/\/aenverdexpress.es\/#website","url":"https:\/\/aenverdexpress.es\/","name":"Aenverde Express","description":"","publisher":{"@id":"https:\/\/aenverdexpress.es\/#organization"},"potentialAction":[{"@type":"SearchAction","target":{"@type":"EntryPoint","urlTemplate":"https:\/\/aenverdexpress.es\/?s={search_term_string}"},"query-input":"required name=search_term_string"}],"inLanguage":"es"},{"@type":"ImageObject","@id":"https:\/\/aenverdexpress.es\/2025\/05\/19\/coexphal-promociona-un-ano-mas-la-sandia-con-la-campana-no-hay-verano-sin\/#primaryimage","inLanguage":"es","url":"https:\/\/aenverde-cp7041.wordpresstemporal.com\/aenverdexpress.es\/wp-content\/uploads\/2025\/05\/familia.jpg","contentUrl":"https:\/\/aenverde-cp7041.wordpresstemporal.com\/aenverdexpress.es\/wp-content\/uploads\/2025\/05\/familia.jpg","width":850,"height":579},{"@type":"WebPage","@id":"https:\/\/aenverdexpress.es\/2025\/05\/19\/coexphal-promociona-un-ano-mas-la-sandia-con-la-campana-no-hay-verano-sin\/#webpage","url":"https:\/\/aenverdexpress.es\/2025\/05\/19\/coexphal-promociona-un-ano-mas-la-sandia-con-la-campana-no-hay-verano-sin\/","name":"COEXPHAL promociona un a\u00f1o m\u00e1s\u00a0la sand\u00eda con la campa\u00f1a\u00a0\u201cNo hay verano sin\u2026\u201d - Aenverde Express","isPartOf":{"@id":"https:\/\/aenverdexpress.es\/#website"},"primaryImageOfPage":{"@id":"https:\/\/aenverdexpress.es\/2025\/05\/19\/coexphal-promociona-un-ano-mas-la-sandia-con-la-campana-no-hay-verano-sin\/#primaryimage"},"datePublished":"2025-05-19T06:43:24+00:00","dateModified":"2025-05-19T06:43:24+00:00","breadcrumb":{"@id":"https:\/\/aenverdexpress.es\/2025\/05\/19\/coexphal-promociona-un-ano-mas-la-sandia-con-la-campana-no-hay-verano-sin\/#breadcrumb"},"inLanguage":"es","potentialAction":[{"@type":"ReadAction","target":["https:\/\/aenverdexpress.es\/2025\/05\/19\/coexphal-promociona-un-ano-mas-la-sandia-con-la-campana-no-hay-verano-sin\/"]}]},{"@type":"BreadcrumbList","@id":"https:\/\/aenverdexpress.es\/2025\/05\/19\/coexphal-promociona-un-ano-mas-la-sandia-con-la-campana-no-hay-verano-sin\/#breadcrumb","itemListElement":[{"@type":"ListItem","position":1,"name":"Portada","item":"https:\/\/aenverdexpress.es\/"},{"@type":"ListItem","position":2,"name":"COEXPHAL promociona un a\u00f1o m\u00e1s\u00a0la sand\u00eda con la campa\u00f1a\u00a0\u201cNo hay verano sin\u2026\u201d"}]},{"@type":"Article","@id":"https:\/\/aenverdexpress.es\/2025\/05\/19\/coexphal-promociona-un-ano-mas-la-sandia-con-la-campana-no-hay-verano-sin\/#article","isPartOf":{"@id":"https:\/\/aenverdexpress.es\/2025\/05\/19\/coexphal-promociona-un-ano-mas-la-sandia-con-la-campana-no-hay-verano-sin\/#webpage"},"author":{"@id":"https:\/\/aenverdexpress.es\/#\/schema\/person\/7220664746e3c774cb3c4e5f81fc4ba0"},"headline":"COEXPHAL promociona un a\u00f1o m\u00e1s\u00a0la sand\u00eda con la campa\u00f1a\u00a0\u201cNo hay verano sin\u2026\u201d","datePublished":"2025-05-19T06:43:24+00:00","dateModified":"2025-05-19T06:43:24+00:00","mainEntityOfPage":{"@id":"https:\/\/aenverdexpress.es\/2025\/05\/19\/coexphal-promociona-un-ano-mas-la-sandia-con-la-campana-no-hay-verano-sin\/#webpage"},"wordCount":172,"commentCount":0,"publisher":{"@id":"https:\/\/aenverdexpress.es\/#organization"},"image":{"@id":"https:\/\/aenverdexpress.es\/2025\/05\/19\/coexphal-promociona-un-ano-mas-la-sandia-con-la-campana-no-hay-verano-sin\/#primaryimage"},"thumbnailUrl":"https:\/\/aenverde-cp7041.wordpresstemporal.com\/aenverdexpress.es\/wp-content\/uploads\/2025\/05\/familia.jpg","keywords":["COEXPHAL","la primera sand\u00eda europea","sandia"],"articleSection":["Actualidad"],"inLanguage":"es","potentialAction":[{"@type":"CommentAction","name":"Comment","target":["https:\/\/aenverdexpress.es\/2025\/05\/19\/coexphal-promociona-un-ano-mas-la-sandia-con-la-campana-no-hay-verano-sin\/#respond"]}]},{"@type":"Person","@id":"https:\/\/aenverdexpress.es\/#\/schema\/person\/7220664746e3c774cb3c4e5f81fc4ba0","name":"REDACCI\u00d3N AENVERDE","image":{"@type":"ImageObject","@id":"https:\/\/aenverdexpress.es\/#personlogo","inLanguage":"es","url":"https:\/\/secure.gravatar.com\/avatar\/82de37537a82ee30b014773728d8502cf11180bc1ea2f0a301ec70ebe59ea3e5?s=96&d=mm&r=g","contentUrl":"https:\/\/secure.gravatar.com\/avatar\/82de37537a82ee30b014773728d8502cf11180bc1ea2f0a301ec70ebe59ea3e5?s=96&d=mm&r=g","caption":"REDACCI\u00d3N AENVERDE"},"url":"https:\/\/aenverde-cp7041.wordpresstemporal.com\/aenverdexpress.es\/author\/damian\/"}]}},"builder_content":"","_links":{"self":[{"href":"https:\/\/aenverde-cp7041.wordpresstemporal.com\/aenverdexpress.es\/wp-json\/wp\/v2\/posts\/11316","targetHints":{"allow":["GET"]}}],"collection":[{"href":"https:\/\/aenverde-cp7041.wordpresstemporal.com\/aenverdexpress.es\/wp-json\/wp\/v2\/posts"}],"about":[{"href":"https:\/\/aenverde-cp7041.wordpresstemporal.com\/aenverdexpress.es\/wp-json\/wp\/v2\/types\/post"}],"author":[{"embeddable":true,"href":"https:\/\/aenverde-cp7041.wordpresstemporal.com\/aenverdexpress.es\/wp-json\/wp\/v2\/users\/2"}],"replies":[{"embeddable":true,"href":"https:\/\/aenverde-cp7041.wordpresstemporal.com\/aenverdexpress.es\/wp-json\/wp\/v2\/comments?post=11316"}],"version-history":[{"count":1,"href":"https:\/\/aenverde-cp7041.wordpresstemporal.com\/aenverdexpress.es\/wp-json\/wp\/v2\/posts\/11316\/revisions"}],"predecessor-version":[{"id":11318,"href":"https:\/\/aenverde-cp7041.wordpresstemporal.com\/aenverdexpress.es\/wp-json\/wp\/v2\/posts\/11316\/revisions\/11318"}],"wp:featuredmedia":[{"embeddable":true,"href":"https:\/\/aenverde-cp7041.wordpresstemporal.com\/aenverdexpress.es\/wp-json\/wp\/v2\/media\/11317"}],"wp:attachment":[{"href":"https:\/\/aenverde-cp7041.wordpresstemporal.com\/aenverdexpress.es\/wp-json\/wp\/v2\/media?parent=11316"}],"wp:term":[{"taxonomy":"category","embeddable":true,"href":"https:\/\/aenverde-cp7041.wordpresstemporal.com\/aenverdexpress.es\/wp-json\/wp\/v2\/categories?post=11316"},{"taxonomy":"post_tag","embeddable":true,"href":"https:\/\/aenverde-cp7041.wordpresstemporal.com\/aenverdexpress.es\/wp-json\/wp\/v2\/tags?post=11316"}],"curies":[{"name":"wp","href":"https:\/\/api.w.org\/{rel}","templated":true}]}}