{"id":11352,"date":"2025-05-22T07:10:48","date_gmt":"2025-05-22T07:10:48","guid":{"rendered":"https:\/\/aenverdexpress.es\/?p=11352"},"modified":"2025-05-22T07:14:08","modified_gmt":"2025-05-22T07:14:08","slug":"el-tomate-protagonizara-fruit-attraction-2025","status":"publish","type":"post","link":"https:\/\/aenverde-cp7041.wordpresstemporal.com\/aenverdexpress.es\/2025\/05\/22\/el-tomate-protagonizara-fruit-attraction-2025\/","title":{"rendered":"El tomate\u00a0protagonizar\u00e1\u00a0Fruit Attraction 2025"},"content":{"rendered":"<p class=\"has-text-align-center wp-block-paragraph\">(Tambi\u00e9n nos puedes seguir por&nbsp;<a href=\"https:\/\/whatsapp.com\/channel\/0029Va8Ttl0Elah1sRZ3Y10w\" target=\"_blank\" rel=\"noreferrer noopener\">nuestro canal de WhatsApp<\/a>)<\/p>\n\n\n\n<p class=\"wp-block-paragraph\"><strong>La 17\u00aa edici\u00f3n de&nbsp;<a href=\"https:\/\/www.ifema.es\/fruit-attraction\" target=\"_blank\" rel=\"noreferrer noopener\">Fruit Attraction<\/a>, que<\/strong><strong>&nbsp;organizan IFEMA y&nbsp;<a href=\"https:\/\/www.fepex.es\/inicio.aspx\" target=\"_blank\" rel=\"noreferrer noopener\">FEPEX<\/a>&nbsp;con la colaboraci\u00f3n de&nbsp;<a href=\"https:\/\/www.aenverde.es\/el-tomate-protagonizara-fruit-attraction-2025\/coexphal.es\" target=\"_blank\" rel=\"noreferrer noopener\">COEXPHAL<\/a>, fue presentada oficialmente hoy en la Embajada de M\u00e9xico<\/strong>&nbsp;en Madrid, pa\u00eds invitado junto a Malasia.<\/p>\n\n\n\n<p class=\"wp-block-paragraph\"><strong>Desde el 30 de septiembre al 2 de octubre,<\/strong>&nbsp;la capital de Espa\u00f1a se convierte en el epicentro del sector hortofrut\u00edcola mundial, con presencia de 150 pa\u00edses.<\/p>\n\n\n\n<p class=\"wp-block-paragraph\">Como cada a\u00f1o, la feria se dedica cada a\u00f1o a un producto espec\u00edfico hortofrut\u00edcola y esta edici\u00f3n ser\u00e1 el tomate el producto estrella.<\/p>\n\n\n\n<p class=\"wp-block-paragraph\"><strong>Seguir leyendo en <a href=\"https:\/\/www.aenverde.es\/el-tomate-protagonizara-fruit-attraction-2025\/\">este enlace.<\/a><\/strong><\/p>\n\n\n\n<p class=\"wp-block-paragraph\"><\/p>\n\n<!--themify_builder_content-->\n<div id=\"themify_builder_content-11352\" data-postid=\"11352\" class=\"themify_builder_content themify_builder_content-11352 themify_builder tf_clear\">\n    <\/div>\n<!--\/themify_builder_content-->","protected":false},"excerpt":{"rendered":"<p>(Tambi\u00e9n nos puedes seguir por&nbsp;nuestro canal de WhatsApp) La 17\u00aa edici\u00f3n de&nbsp;Fruit Attraction, que&nbsp;organizan IFEMA y&nbsp;FEPEX&nbsp;con la colaboraci\u00f3n de&nbsp;COEXPHAL, fue presentada oficialmente hoy en la Embajada de M\u00e9xico&nbsp;en Madrid, pa\u00eds invitado junto a Malasia. Desde el 30 de septiembre al 2 de octubre,&nbsp;la capital de Espa\u00f1a se convierte en el epicentro del sector hortofrut\u00edcola mundial, [&hellip;]<\/p>\n","protected":false},"author":2,"featured_media":11355,"comment_status":"open","ping_status":"open","sticky":false,"template":"","format":"standard","meta":{"footnotes":""},"categories":[11],"tags":[],"class_list":["post-11352","post","type-post","status-publish","format-standard","has-post-thumbnail","hentry","category-actualidad","has-post-title","has-post-date","has-post-category","has-post-tag","has-post-comment","has-post-author",""],"yoast_head":"<!-- This site is optimized with the Yoast SEO plugin v18.2 - https:\/\/yoast.com\/wordpress\/plugins\/seo\/ -->\n<title>El tomate\u00a0protagonizar\u00e1\u00a0Fruit Attraction 2025 - Aenverde Express<\/title>\n<meta name=\"robots\" content=\"index, follow, max-snippet:-1, max-image-preview:large, max-video-preview:-1\" \/>\n<link rel=\"canonical\" href=\"https:\/\/aenverdexpress.es\/2025\/05\/22\/el-tomate-protagonizara-fruit-attraction-2025\/\" \/>\n<meta property=\"og:locale\" content=\"es_ES\" \/>\n<meta property=\"og:type\" content=\"article\" \/>\n<meta property=\"og:title\" content=\"El tomate\u00a0protagonizar\u00e1\u00a0Fruit Attraction 2025 - Aenverde Express\" \/>\n<meta property=\"og:description\" content=\"(Tambi\u00e9n nos puedes seguir por&nbsp;nuestro canal de WhatsApp) La 17\u00aa edici\u00f3n de&nbsp;Fruit Attraction, que&nbsp;organizan IFEMA y&nbsp;FEPEX&nbsp;con la colaboraci\u00f3n de&nbsp;COEXPHAL, fue presentada oficialmente hoy en la Embajada de M\u00e9xico&nbsp;en Madrid, pa\u00eds invitado junto a Malasia. Desde el 30 de septiembre al 2 de octubre,&nbsp;la capital de Espa\u00f1a se convierte en el epicentro del sector hortofrut\u00edcola mundial, [&hellip;]\" \/>\n<meta property=\"og:url\" content=\"https:\/\/aenverdexpress.es\/2025\/05\/22\/el-tomate-protagonizara-fruit-attraction-2025\/\" \/>\n<meta property=\"og:site_name\" content=\"Aenverde Express\" \/>\n<meta property=\"article:published_time\" content=\"2025-05-22T07:10:48+00:00\" \/>\n<meta property=\"article:modified_time\" content=\"2025-05-22T07:14:08+00:00\" \/>\n<meta property=\"og:image\" content=\"https:\/\/aenverdexpress.es\/wp-content\/uploads\/2025\/05\/pesentacion-fruit-attraction-2025.jpg\" \/>\n\t<meta property=\"og:image:width\" content=\"850\" \/>\n\t<meta property=\"og:image:height\" content=\"579\" \/>\n\t<meta property=\"og:image:type\" content=\"image\/jpeg\" \/>\n<meta name=\"twitter:card\" content=\"summary_large_image\" \/>\n<meta name=\"twitter:label1\" content=\"Escrito por\" \/>\n\t<meta name=\"twitter:data1\" content=\"REDACCI\u00d3N AENVERDE\" \/>\n\t<meta name=\"twitter:label2\" content=\"Tiempo de lectura\" \/>\n\t<meta name=\"twitter:data2\" content=\"1 minuto\" \/>\n<script type=\"application\/ld+json\" class=\"yoast-schema-graph\">{\"@context\":\"https:\/\/schema.org\",\"@graph\":[{\"@type\":\"Organization\",\"@id\":\"https:\/\/aenverdexpress.es\/#organization\",\"name\":\"AENVERDE\",\"url\":\"https:\/\/aenverdexpress.es\/\",\"sameAs\":[],\"logo\":{\"@type\":\"ImageObject\",\"@id\":\"https:\/\/aenverdexpress.es\/#logo\",\"inLanguage\":\"es\",\"url\":\"https:\/\/aenverdexpress.es\/wp-content\/uploads\/2021\/12\/A-EN-VERDE-LOGO-FONDO-1DB954-01-1024x1024-1.jpg\",\"contentUrl\":\"https:\/\/aenverdexpress.es\/wp-content\/uploads\/2021\/12\/A-EN-VERDE-LOGO-FONDO-1DB954-01-1024x1024-1.jpg\",\"width\":1024,\"height\":1024,\"caption\":\"AENVERDE\"},\"image\":{\"@id\":\"https:\/\/aenverdexpress.es\/#logo\"}},{\"@type\":\"WebSite\",\"@id\":\"https:\/\/aenverdexpress.es\/#website\",\"url\":\"https:\/\/aenverdexpress.es\/\",\"name\":\"Aenverde Express\",\"description\":\"\",\"publisher\":{\"@id\":\"https:\/\/aenverdexpress.es\/#organization\"},\"potentialAction\":[{\"@type\":\"SearchAction\",\"target\":{\"@type\":\"EntryPoint\",\"urlTemplate\":\"https:\/\/aenverdexpress.es\/?s={search_term_string}\"},\"query-input\":\"required name=search_term_string\"}],\"inLanguage\":\"es\"},{\"@type\":\"ImageObject\",\"@id\":\"https:\/\/aenverdexpress.es\/2025\/05\/22\/el-tomate-protagonizara-fruit-attraction-2025\/#primaryimage\",\"inLanguage\":\"es\",\"url\":\"https:\/\/aenverde-cp7041.wordpresstemporal.com\/aenverdexpress.es\/wp-content\/uploads\/2025\/05\/pesentacion-fruit-attraction-2025.jpg\",\"contentUrl\":\"https:\/\/aenverde-cp7041.wordpresstemporal.com\/aenverdexpress.es\/wp-content\/uploads\/2025\/05\/pesentacion-fruit-attraction-2025.jpg\",\"width\":850,\"height\":579},{\"@type\":\"WebPage\",\"@id\":\"https:\/\/aenverdexpress.es\/2025\/05\/22\/el-tomate-protagonizara-fruit-attraction-2025\/#webpage\",\"url\":\"https:\/\/aenverdexpress.es\/2025\/05\/22\/el-tomate-protagonizara-fruit-attraction-2025\/\",\"name\":\"El tomate\u00a0protagonizar\u00e1\u00a0Fruit Attraction 2025 - Aenverde Express\",\"isPartOf\":{\"@id\":\"https:\/\/aenverdexpress.es\/#website\"},\"primaryImageOfPage\":{\"@id\":\"https:\/\/aenverdexpress.es\/2025\/05\/22\/el-tomate-protagonizara-fruit-attraction-2025\/#primaryimage\"},\"datePublished\":\"2025-05-22T07:10:48+00:00\",\"dateModified\":\"2025-05-22T07:14:08+00:00\",\"breadcrumb\":{\"@id\":\"https:\/\/aenverdexpress.es\/2025\/05\/22\/el-tomate-protagonizara-fruit-attraction-2025\/#breadcrumb\"},\"inLanguage\":\"es\",\"potentialAction\":[{\"@type\":\"ReadAction\",\"target\":[\"https:\/\/aenverdexpress.es\/2025\/05\/22\/el-tomate-protagonizara-fruit-attraction-2025\/\"]}]},{\"@type\":\"BreadcrumbList\",\"@id\":\"https:\/\/aenverdexpress.es\/2025\/05\/22\/el-tomate-protagonizara-fruit-attraction-2025\/#breadcrumb\",\"itemListElement\":[{\"@type\":\"ListItem\",\"position\":1,\"name\":\"Portada\",\"item\":\"https:\/\/aenverdexpress.es\/\"},{\"@type\":\"ListItem\",\"position\":2,\"name\":\"El tomate\u00a0protagonizar\u00e1\u00a0Fruit Attraction 2025\"}]},{\"@type\":\"Article\",\"@id\":\"https:\/\/aenverdexpress.es\/2025\/05\/22\/el-tomate-protagonizara-fruit-attraction-2025\/#article\",\"isPartOf\":{\"@id\":\"https:\/\/aenverdexpress.es\/2025\/05\/22\/el-tomate-protagonizara-fruit-attraction-2025\/#webpage\"},\"author\":{\"@id\":\"https:\/\/aenverdexpress.es\/#\/schema\/person\/7220664746e3c774cb3c4e5f81fc4ba0\"},\"headline\":\"El tomate\u00a0protagonizar\u00e1\u00a0Fruit Attraction 2025\",\"datePublished\":\"2025-05-22T07:10:48+00:00\",\"dateModified\":\"2025-05-22T07:14:08+00:00\",\"mainEntityOfPage\":{\"@id\":\"https:\/\/aenverdexpress.es\/2025\/05\/22\/el-tomate-protagonizara-fruit-attraction-2025\/#webpage\"},\"wordCount\":118,\"commentCount\":0,\"publisher\":{\"@id\":\"https:\/\/aenverdexpress.es\/#organization\"},\"image\":{\"@id\":\"https:\/\/aenverdexpress.es\/2025\/05\/22\/el-tomate-protagonizara-fruit-attraction-2025\/#primaryimage\"},\"thumbnailUrl\":\"https:\/\/aenverde-cp7041.wordpresstemporal.com\/aenverdexpress.es\/wp-content\/uploads\/2025\/05\/pesentacion-fruit-attraction-2025.jpg\",\"articleSection\":[\"Actualidad\"],\"inLanguage\":\"es\",\"potentialAction\":[{\"@type\":\"CommentAction\",\"name\":\"Comment\",\"target\":[\"https:\/\/aenverdexpress.es\/2025\/05\/22\/el-tomate-protagonizara-fruit-attraction-2025\/#respond\"]}]},{\"@type\":\"Person\",\"@id\":\"https:\/\/aenverdexpress.es\/#\/schema\/person\/7220664746e3c774cb3c4e5f81fc4ba0\",\"name\":\"REDACCI\u00d3N AENVERDE\",\"image\":{\"@type\":\"ImageObject\",\"@id\":\"https:\/\/aenverdexpress.es\/#personlogo\",\"inLanguage\":\"es\",\"url\":\"https:\/\/secure.gravatar.com\/avatar\/82de37537a82ee30b014773728d8502cf11180bc1ea2f0a301ec70ebe59ea3e5?s=96&d=mm&r=g\",\"contentUrl\":\"https:\/\/secure.gravatar.com\/avatar\/82de37537a82ee30b014773728d8502cf11180bc1ea2f0a301ec70ebe59ea3e5?s=96&d=mm&r=g\",\"caption\":\"REDACCI\u00d3N AENVERDE\"},\"url\":\"https:\/\/aenverde-cp7041.wordpresstemporal.com\/aenverdexpress.es\/author\/damian\/\"}]}<\/script>\n<!-- \/ Yoast SEO plugin. -->","yoast_head_json":{"title":"El tomate\u00a0protagonizar\u00e1\u00a0Fruit Attraction 2025 - Aenverde Express","robots":{"index":"index","follow":"follow","max-snippet":"max-snippet:-1","max-image-preview":"max-image-preview:large","max-video-preview":"max-video-preview:-1"},"canonical":"https:\/\/aenverdexpress.es\/2025\/05\/22\/el-tomate-protagonizara-fruit-attraction-2025\/","og_locale":"es_ES","og_type":"article","og_title":"El tomate\u00a0protagonizar\u00e1\u00a0Fruit Attraction 2025 - Aenverde Express","og_description":"(Tambi\u00e9n nos puedes seguir por&nbsp;nuestro canal de WhatsApp) La 17\u00aa edici\u00f3n de&nbsp;Fruit Attraction, que&nbsp;organizan IFEMA y&nbsp;FEPEX&nbsp;con la colaboraci\u00f3n de&nbsp;COEXPHAL, fue presentada oficialmente hoy en la Embajada de M\u00e9xico&nbsp;en Madrid, pa\u00eds invitado junto a Malasia. Desde el 30 de septiembre al 2 de octubre,&nbsp;la capital de Espa\u00f1a se convierte en el epicentro del sector hortofrut\u00edcola mundial, [&hellip;]","og_url":"https:\/\/aenverdexpress.es\/2025\/05\/22\/el-tomate-protagonizara-fruit-attraction-2025\/","og_site_name":"Aenverde Express","article_published_time":"2025-05-22T07:10:48+00:00","article_modified_time":"2025-05-22T07:14:08+00:00","og_image":[{"width":850,"height":579,"url":"https:\/\/aenverdexpress.es\/wp-content\/uploads\/2025\/05\/pesentacion-fruit-attraction-2025.jpg","type":"image\/jpeg"}],"twitter_card":"summary_large_image","twitter_misc":{"Escrito por":"REDACCI\u00d3N AENVERDE","Tiempo de lectura":"1 minuto"},"schema":{"@context":"https:\/\/schema.org","@graph":[{"@type":"Organization","@id":"https:\/\/aenverdexpress.es\/#organization","name":"AENVERDE","url":"https:\/\/aenverdexpress.es\/","sameAs":[],"logo":{"@type":"ImageObject","@id":"https:\/\/aenverdexpress.es\/#logo","inLanguage":"es","url":"https:\/\/aenverdexpress.es\/wp-content\/uploads\/2021\/12\/A-EN-VERDE-LOGO-FONDO-1DB954-01-1024x1024-1.jpg","contentUrl":"https:\/\/aenverdexpress.es\/wp-content\/uploads\/2021\/12\/A-EN-VERDE-LOGO-FONDO-1DB954-01-1024x1024-1.jpg","width":1024,"height":1024,"caption":"AENVERDE"},"image":{"@id":"https:\/\/aenverdexpress.es\/#logo"}},{"@type":"WebSite","@id":"https:\/\/aenverdexpress.es\/#website","url":"https:\/\/aenverdexpress.es\/","name":"Aenverde Express","description":"","publisher":{"@id":"https:\/\/aenverdexpress.es\/#organization"},"potentialAction":[{"@type":"SearchAction","target":{"@type":"EntryPoint","urlTemplate":"https:\/\/aenverdexpress.es\/?s={search_term_string}"},"query-input":"required name=search_term_string"}],"inLanguage":"es"},{"@type":"ImageObject","@id":"https:\/\/aenverdexpress.es\/2025\/05\/22\/el-tomate-protagonizara-fruit-attraction-2025\/#primaryimage","inLanguage":"es","url":"https:\/\/aenverde-cp7041.wordpresstemporal.com\/aenverdexpress.es\/wp-content\/uploads\/2025\/05\/pesentacion-fruit-attraction-2025.jpg","contentUrl":"https:\/\/aenverde-cp7041.wordpresstemporal.com\/aenverdexpress.es\/wp-content\/uploads\/2025\/05\/pesentacion-fruit-attraction-2025.jpg","width":850,"height":579},{"@type":"WebPage","@id":"https:\/\/aenverdexpress.es\/2025\/05\/22\/el-tomate-protagonizara-fruit-attraction-2025\/#webpage","url":"https:\/\/aenverdexpress.es\/2025\/05\/22\/el-tomate-protagonizara-fruit-attraction-2025\/","name":"El tomate\u00a0protagonizar\u00e1\u00a0Fruit Attraction 2025 - Aenverde Express","isPartOf":{"@id":"https:\/\/aenverdexpress.es\/#website"},"primaryImageOfPage":{"@id":"https:\/\/aenverdexpress.es\/2025\/05\/22\/el-tomate-protagonizara-fruit-attraction-2025\/#primaryimage"},"datePublished":"2025-05-22T07:10:48+00:00","dateModified":"2025-05-22T07:14:08+00:00","breadcrumb":{"@id":"https:\/\/aenverdexpress.es\/2025\/05\/22\/el-tomate-protagonizara-fruit-attraction-2025\/#breadcrumb"},"inLanguage":"es","potentialAction":[{"@type":"ReadAction","target":["https:\/\/aenverdexpress.es\/2025\/05\/22\/el-tomate-protagonizara-fruit-attraction-2025\/"]}]},{"@type":"BreadcrumbList","@id":"https:\/\/aenverdexpress.es\/2025\/05\/22\/el-tomate-protagonizara-fruit-attraction-2025\/#breadcrumb","itemListElement":[{"@type":"ListItem","position":1,"name":"Portada","item":"https:\/\/aenverdexpress.es\/"},{"@type":"ListItem","position":2,"name":"El tomate\u00a0protagonizar\u00e1\u00a0Fruit Attraction 2025"}]},{"@type":"Article","@id":"https:\/\/aenverdexpress.es\/2025\/05\/22\/el-tomate-protagonizara-fruit-attraction-2025\/#article","isPartOf":{"@id":"https:\/\/aenverdexpress.es\/2025\/05\/22\/el-tomate-protagonizara-fruit-attraction-2025\/#webpage"},"author":{"@id":"https:\/\/aenverdexpress.es\/#\/schema\/person\/7220664746e3c774cb3c4e5f81fc4ba0"},"headline":"El tomate\u00a0protagonizar\u00e1\u00a0Fruit Attraction 2025","datePublished":"2025-05-22T07:10:48+00:00","dateModified":"2025-05-22T07:14:08+00:00","mainEntityOfPage":{"@id":"https:\/\/aenverdexpress.es\/2025\/05\/22\/el-tomate-protagonizara-fruit-attraction-2025\/#webpage"},"wordCount":118,"commentCount":0,"publisher":{"@id":"https:\/\/aenverdexpress.es\/#organization"},"image":{"@id":"https:\/\/aenverdexpress.es\/2025\/05\/22\/el-tomate-protagonizara-fruit-attraction-2025\/#primaryimage"},"thumbnailUrl":"https:\/\/aenverde-cp7041.wordpresstemporal.com\/aenverdexpress.es\/wp-content\/uploads\/2025\/05\/pesentacion-fruit-attraction-2025.jpg","articleSection":["Actualidad"],"inLanguage":"es","potentialAction":[{"@type":"CommentAction","name":"Comment","target":["https:\/\/aenverdexpress.es\/2025\/05\/22\/el-tomate-protagonizara-fruit-attraction-2025\/#respond"]}]},{"@type":"Person","@id":"https:\/\/aenverdexpress.es\/#\/schema\/person\/7220664746e3c774cb3c4e5f81fc4ba0","name":"REDACCI\u00d3N AENVERDE","image":{"@type":"ImageObject","@id":"https:\/\/aenverdexpress.es\/#personlogo","inLanguage":"es","url":"https:\/\/secure.gravatar.com\/avatar\/82de37537a82ee30b014773728d8502cf11180bc1ea2f0a301ec70ebe59ea3e5?s=96&d=mm&r=g","contentUrl":"https:\/\/secure.gravatar.com\/avatar\/82de37537a82ee30b014773728d8502cf11180bc1ea2f0a301ec70ebe59ea3e5?s=96&d=mm&r=g","caption":"REDACCI\u00d3N AENVERDE"},"url":"https:\/\/aenverde-cp7041.wordpresstemporal.com\/aenverdexpress.es\/author\/damian\/"}]}},"builder_content":"","_links":{"self":[{"href":"https:\/\/aenverde-cp7041.wordpresstemporal.com\/aenverdexpress.es\/wp-json\/wp\/v2\/posts\/11352","targetHints":{"allow":["GET"]}}],"collection":[{"href":"https:\/\/aenverde-cp7041.wordpresstemporal.com\/aenverdexpress.es\/wp-json\/wp\/v2\/posts"}],"about":[{"href":"https:\/\/aenverde-cp7041.wordpresstemporal.com\/aenverdexpress.es\/wp-json\/wp\/v2\/types\/post"}],"author":[{"embeddable":true,"href":"https:\/\/aenverde-cp7041.wordpresstemporal.com\/aenverdexpress.es\/wp-json\/wp\/v2\/users\/2"}],"replies":[{"embeddable":true,"href":"https:\/\/aenverde-cp7041.wordpresstemporal.com\/aenverdexpress.es\/wp-json\/wp\/v2\/comments?post=11352"}],"version-history":[{"count":2,"href":"https:\/\/aenverde-cp7041.wordpresstemporal.com\/aenverdexpress.es\/wp-json\/wp\/v2\/posts\/11352\/revisions"}],"predecessor-version":[{"id":11354,"href":"https:\/\/aenverde-cp7041.wordpresstemporal.com\/aenverdexpress.es\/wp-json\/wp\/v2\/posts\/11352\/revisions\/11354"}],"wp:featuredmedia":[{"embeddable":true,"href":"https:\/\/aenverde-cp7041.wordpresstemporal.com\/aenverdexpress.es\/wp-json\/wp\/v2\/media\/11355"}],"wp:attachment":[{"href":"https:\/\/aenverde-cp7041.wordpresstemporal.com\/aenverdexpress.es\/wp-json\/wp\/v2\/media?parent=11352"}],"wp:term":[{"taxonomy":"category","embeddable":true,"href":"https:\/\/aenverde-cp7041.wordpresstemporal.com\/aenverdexpress.es\/wp-json\/wp\/v2\/categories?post=11352"},{"taxonomy":"post_tag","embeddable":true,"href":"https:\/\/aenverde-cp7041.wordpresstemporal.com\/aenverdexpress.es\/wp-json\/wp\/v2\/tags?post=11352"}],"curies":[{"name":"wp","href":"https:\/\/api.w.org\/{rel}","templated":true}]}}