{"id":11359,"date":"2025-05-23T07:28:19","date_gmt":"2025-05-23T07:28:19","guid":{"rendered":"https:\/\/aenverdexpress.es\/?p=11359"},"modified":"2025-05-23T07:28:19","modified_gmt":"2025-05-23T07:28:19","slug":"bioline-iberia-celebrara-en-dalias-su-primer-gran-foro-sobre-control-biologico-en-pimiento","status":"publish","type":"post","link":"https:\/\/aenverde-cp7041.wordpresstemporal.com\/aenverdexpress.es\/2025\/05\/23\/bioline-iberia-celebrara-en-dalias-su-primer-gran-foro-sobre-control-biologico-en-pimiento\/","title":{"rendered":"Bioline Iberia\u00a0celebrar\u00e1 en Dal\u00edas su primer gran\u00a0foro sobre control biol\u00f3gico\u00a0en pimiento"},"content":{"rendered":"<p class=\"wp-block-paragraph\">(Tambi\u00e9n nos puedes seguir por&nbsp;<a href=\"https:\/\/whatsapp.com\/channel\/0029Va8Ttl0Elah1sRZ3Y10w\" target=\"_blank\" rel=\"noreferrer noopener\">nuestro canal de WhatsApp<\/a>)<\/p>\n\n\n\n<p class=\"wp-block-paragraph\"><strong><a href=\"https:\/\/biolineagroscienceses.com\/\" target=\"_blank\" rel=\"noreferrer noopener\">Bioline Iberia<\/a>&nbsp;ha presentado en su stand de Infoagro Exhibition 2025 el I Foro de Control Biol\u00f3gico en Pimiento Campo de Dal\u00edas,<\/strong>&nbsp;que organiza en colaboraci\u00f3n con el Ayuntamiento de Dal\u00edas, y que tendr\u00e1 lugar el&nbsp;<strong>pr\u00f3ximo 28 de mayo en el Casino de la localidad almeriense.<\/strong><\/p>\n\n\n\n<p class=\"wp-block-paragraph\"><strong>Dal\u00edas, cuna del desarrollo del control biol\u00f3gico en la zona, ser\u00e1 el escenario de una jornada t\u00e9cnica<\/strong>&nbsp;centrada en las \u00faltimas innovaciones<strong>&nbsp;para combatir plagas especialmente agresivas como el&nbsp;<em>Thrips parvispinus<\/em>&nbsp;y la ara\u00f1a roja.<\/strong><\/p>\n\n\n\n<p class=\"wp-block-paragraph\"><strong>Seguir leyendo <a href=\"https:\/\/www.aenverde.es\/bioline-iberia-celebrara-en-dalias-su-primer-gran-foro-sobre-control-biologico-en-pimiento\/\">aqu\u00ed<\/a>.<\/strong><\/p>\n\n<!--themify_builder_content-->\n<div id=\"themify_builder_content-11359\" data-postid=\"11359\" class=\"themify_builder_content themify_builder_content-11359 themify_builder tf_clear\">\n    <\/div>\n<!--\/themify_builder_content-->","protected":false},"excerpt":{"rendered":"<p>(Tambi\u00e9n nos puedes seguir por&nbsp;nuestro canal de WhatsApp) Bioline Iberia&nbsp;ha presentado en su stand de Infoagro Exhibition 2025 el I Foro de Control Biol\u00f3gico en Pimiento Campo de Dal\u00edas,&nbsp;que organiza en colaboraci\u00f3n con el Ayuntamiento de Dal\u00edas, y que tendr\u00e1 lugar el&nbsp;pr\u00f3ximo 28 de mayo en el Casino de la localidad almeriense. Dal\u00edas, cuna del [&hellip;]<\/p>\n","protected":false},"author":2,"featured_media":11360,"comment_status":"open","ping_status":"open","sticky":false,"template":"","format":"standard","meta":{"footnotes":""},"categories":[11],"tags":[432,71,168,838],"class_list":["post-11359","post","type-post","status-publish","format-standard","has-post-thumbnail","hentry","category-actualidad","tag-bioline-iberia","tag-control-biologico","tag-dalias","tag-thrips-parvispinus","has-post-title","has-post-date","has-post-category","has-post-tag","has-post-comment","has-post-author",""],"yoast_head":"<!-- This site is optimized with the Yoast SEO plugin v18.2 - https:\/\/yoast.com\/wordpress\/plugins\/seo\/ -->\n<title>Bioline Iberia\u00a0celebrar\u00e1 en Dal\u00edas su primer gran\u00a0foro sobre control biol\u00f3gico\u00a0en pimiento - Aenverde Express<\/title>\n<meta name=\"robots\" content=\"index, follow, max-snippet:-1, max-image-preview:large, max-video-preview:-1\" \/>\n<link rel=\"canonical\" href=\"https:\/\/aenverdexpress.es\/2025\/05\/23\/bioline-iberia-celebrara-en-dalias-su-primer-gran-foro-sobre-control-biologico-en-pimiento\/\" \/>\n<meta property=\"og:locale\" content=\"es_ES\" \/>\n<meta property=\"og:type\" content=\"article\" \/>\n<meta property=\"og:title\" content=\"Bioline Iberia\u00a0celebrar\u00e1 en Dal\u00edas su primer gran\u00a0foro sobre control biol\u00f3gico\u00a0en pimiento - Aenverde Express\" \/>\n<meta property=\"og:description\" content=\"(Tambi\u00e9n nos puedes seguir por&nbsp;nuestro canal de WhatsApp) Bioline Iberia&nbsp;ha presentado en su stand de Infoagro Exhibition 2025 el I Foro de Control Biol\u00f3gico en Pimiento Campo de Dal\u00edas,&nbsp;que organiza en colaboraci\u00f3n con el Ayuntamiento de Dal\u00edas, y que tendr\u00e1 lugar el&nbsp;pr\u00f3ximo 28 de mayo en el Casino de la localidad almeriense. Dal\u00edas, cuna del [&hellip;]\" \/>\n<meta property=\"og:url\" content=\"https:\/\/aenverdexpress.es\/2025\/05\/23\/bioline-iberia-celebrara-en-dalias-su-primer-gran-foro-sobre-control-biologico-en-pimiento\/\" \/>\n<meta property=\"og:site_name\" content=\"Aenverde Express\" \/>\n<meta property=\"article:published_time\" content=\"2025-05-23T07:28:19+00:00\" \/>\n<meta property=\"og:image\" content=\"https:\/\/aenverdexpress.es\/wp-content\/uploads\/2025\/05\/foro-bioline-dalias.jpg\" \/>\n\t<meta property=\"og:image:width\" content=\"900\" \/>\n\t<meta property=\"og:image:height\" content=\"675\" \/>\n\t<meta property=\"og:image:type\" content=\"image\/jpeg\" \/>\n<meta name=\"twitter:card\" content=\"summary_large_image\" \/>\n<meta name=\"twitter:label1\" content=\"Escrito por\" \/>\n\t<meta name=\"twitter:data1\" content=\"REDACCI\u00d3N AENVERDE\" \/>\n\t<meta name=\"twitter:label2\" content=\"Tiempo de lectura\" \/>\n\t<meta name=\"twitter:data2\" content=\"1 minuto\" \/>\n<script type=\"application\/ld+json\" class=\"yoast-schema-graph\">{\"@context\":\"https:\/\/schema.org\",\"@graph\":[{\"@type\":\"Organization\",\"@id\":\"https:\/\/aenverdexpress.es\/#organization\",\"name\":\"AENVERDE\",\"url\":\"https:\/\/aenverdexpress.es\/\",\"sameAs\":[],\"logo\":{\"@type\":\"ImageObject\",\"@id\":\"https:\/\/aenverdexpress.es\/#logo\",\"inLanguage\":\"es\",\"url\":\"https:\/\/aenverdexpress.es\/wp-content\/uploads\/2021\/12\/A-EN-VERDE-LOGO-FONDO-1DB954-01-1024x1024-1.jpg\",\"contentUrl\":\"https:\/\/aenverdexpress.es\/wp-content\/uploads\/2021\/12\/A-EN-VERDE-LOGO-FONDO-1DB954-01-1024x1024-1.jpg\",\"width\":1024,\"height\":1024,\"caption\":\"AENVERDE\"},\"image\":{\"@id\":\"https:\/\/aenverdexpress.es\/#logo\"}},{\"@type\":\"WebSite\",\"@id\":\"https:\/\/aenverdexpress.es\/#website\",\"url\":\"https:\/\/aenverdexpress.es\/\",\"name\":\"Aenverde Express\",\"description\":\"\",\"publisher\":{\"@id\":\"https:\/\/aenverdexpress.es\/#organization\"},\"potentialAction\":[{\"@type\":\"SearchAction\",\"target\":{\"@type\":\"EntryPoint\",\"urlTemplate\":\"https:\/\/aenverdexpress.es\/?s={search_term_string}\"},\"query-input\":\"required name=search_term_string\"}],\"inLanguage\":\"es\"},{\"@type\":\"ImageObject\",\"@id\":\"https:\/\/aenverdexpress.es\/2025\/05\/23\/bioline-iberia-celebrara-en-dalias-su-primer-gran-foro-sobre-control-biologico-en-pimiento\/#primaryimage\",\"inLanguage\":\"es\",\"url\":\"https:\/\/aenverde-cp7041.wordpresstemporal.com\/aenverdexpress.es\/wp-content\/uploads\/2025\/05\/foro-bioline-dalias.jpg\",\"contentUrl\":\"https:\/\/aenverde-cp7041.wordpresstemporal.com\/aenverdexpress.es\/wp-content\/uploads\/2025\/05\/foro-bioline-dalias.jpg\",\"width\":900,\"height\":675,\"caption\":\"foro-bioline-dalias\"},{\"@type\":\"WebPage\",\"@id\":\"https:\/\/aenverdexpress.es\/2025\/05\/23\/bioline-iberia-celebrara-en-dalias-su-primer-gran-foro-sobre-control-biologico-en-pimiento\/#webpage\",\"url\":\"https:\/\/aenverdexpress.es\/2025\/05\/23\/bioline-iberia-celebrara-en-dalias-su-primer-gran-foro-sobre-control-biologico-en-pimiento\/\",\"name\":\"Bioline Iberia\u00a0celebrar\u00e1 en Dal\u00edas su primer gran\u00a0foro sobre control biol\u00f3gico\u00a0en pimiento - Aenverde Express\",\"isPartOf\":{\"@id\":\"https:\/\/aenverdexpress.es\/#website\"},\"primaryImageOfPage\":{\"@id\":\"https:\/\/aenverdexpress.es\/2025\/05\/23\/bioline-iberia-celebrara-en-dalias-su-primer-gran-foro-sobre-control-biologico-en-pimiento\/#primaryimage\"},\"datePublished\":\"2025-05-23T07:28:19+00:00\",\"dateModified\":\"2025-05-23T07:28:19+00:00\",\"breadcrumb\":{\"@id\":\"https:\/\/aenverdexpress.es\/2025\/05\/23\/bioline-iberia-celebrara-en-dalias-su-primer-gran-foro-sobre-control-biologico-en-pimiento\/#breadcrumb\"},\"inLanguage\":\"es\",\"potentialAction\":[{\"@type\":\"ReadAction\",\"target\":[\"https:\/\/aenverdexpress.es\/2025\/05\/23\/bioline-iberia-celebrara-en-dalias-su-primer-gran-foro-sobre-control-biologico-en-pimiento\/\"]}]},{\"@type\":\"BreadcrumbList\",\"@id\":\"https:\/\/aenverdexpress.es\/2025\/05\/23\/bioline-iberia-celebrara-en-dalias-su-primer-gran-foro-sobre-control-biologico-en-pimiento\/#breadcrumb\",\"itemListElement\":[{\"@type\":\"ListItem\",\"position\":1,\"name\":\"Portada\",\"item\":\"https:\/\/aenverdexpress.es\/\"},{\"@type\":\"ListItem\",\"position\":2,\"name\":\"Bioline Iberia\u00a0celebrar\u00e1 en Dal\u00edas su primer gran\u00a0foro sobre control biol\u00f3gico\u00a0en pimiento\"}]},{\"@type\":\"Article\",\"@id\":\"https:\/\/aenverdexpress.es\/2025\/05\/23\/bioline-iberia-celebrara-en-dalias-su-primer-gran-foro-sobre-control-biologico-en-pimiento\/#article\",\"isPartOf\":{\"@id\":\"https:\/\/aenverdexpress.es\/2025\/05\/23\/bioline-iberia-celebrara-en-dalias-su-primer-gran-foro-sobre-control-biologico-en-pimiento\/#webpage\"},\"author\":{\"@id\":\"https:\/\/aenverdexpress.es\/#\/schema\/person\/7220664746e3c774cb3c4e5f81fc4ba0\"},\"headline\":\"Bioline Iberia\u00a0celebrar\u00e1 en Dal\u00edas su primer gran\u00a0foro sobre control biol\u00f3gico\u00a0en pimiento\",\"datePublished\":\"2025-05-23T07:28:19+00:00\",\"dateModified\":\"2025-05-23T07:28:19+00:00\",\"mainEntityOfPage\":{\"@id\":\"https:\/\/aenverdexpress.es\/2025\/05\/23\/bioline-iberia-celebrara-en-dalias-su-primer-gran-foro-sobre-control-biologico-en-pimiento\/#webpage\"},\"wordCount\":126,\"commentCount\":0,\"publisher\":{\"@id\":\"https:\/\/aenverdexpress.es\/#organization\"},\"image\":{\"@id\":\"https:\/\/aenverdexpress.es\/2025\/05\/23\/bioline-iberia-celebrara-en-dalias-su-primer-gran-foro-sobre-control-biologico-en-pimiento\/#primaryimage\"},\"thumbnailUrl\":\"https:\/\/aenverde-cp7041.wordpresstemporal.com\/aenverdexpress.es\/wp-content\/uploads\/2025\/05\/foro-bioline-dalias.jpg\",\"keywords\":[\"Bioline Iberia\",\"control biol\u00f3gico\",\"Dal\u00edas\",\"Thrips parvispinus\"],\"articleSection\":[\"Actualidad\"],\"inLanguage\":\"es\",\"potentialAction\":[{\"@type\":\"CommentAction\",\"name\":\"Comment\",\"target\":[\"https:\/\/aenverdexpress.es\/2025\/05\/23\/bioline-iberia-celebrara-en-dalias-su-primer-gran-foro-sobre-control-biologico-en-pimiento\/#respond\"]}]},{\"@type\":\"Person\",\"@id\":\"https:\/\/aenverdexpress.es\/#\/schema\/person\/7220664746e3c774cb3c4e5f81fc4ba0\",\"name\":\"REDACCI\u00d3N AENVERDE\",\"image\":{\"@type\":\"ImageObject\",\"@id\":\"https:\/\/aenverdexpress.es\/#personlogo\",\"inLanguage\":\"es\",\"url\":\"https:\/\/secure.gravatar.com\/avatar\/82de37537a82ee30b014773728d8502cf11180bc1ea2f0a301ec70ebe59ea3e5?s=96&d=mm&r=g\",\"contentUrl\":\"https:\/\/secure.gravatar.com\/avatar\/82de37537a82ee30b014773728d8502cf11180bc1ea2f0a301ec70ebe59ea3e5?s=96&d=mm&r=g\",\"caption\":\"REDACCI\u00d3N AENVERDE\"},\"url\":\"https:\/\/aenverde-cp7041.wordpresstemporal.com\/aenverdexpress.es\/author\/damian\/\"}]}<\/script>\n<!-- \/ Yoast SEO plugin. -->","yoast_head_json":{"title":"Bioline Iberia\u00a0celebrar\u00e1 en Dal\u00edas su primer gran\u00a0foro sobre control biol\u00f3gico\u00a0en pimiento - Aenverde Express","robots":{"index":"index","follow":"follow","max-snippet":"max-snippet:-1","max-image-preview":"max-image-preview:large","max-video-preview":"max-video-preview:-1"},"canonical":"https:\/\/aenverdexpress.es\/2025\/05\/23\/bioline-iberia-celebrara-en-dalias-su-primer-gran-foro-sobre-control-biologico-en-pimiento\/","og_locale":"es_ES","og_type":"article","og_title":"Bioline Iberia\u00a0celebrar\u00e1 en Dal\u00edas su primer gran\u00a0foro sobre control biol\u00f3gico\u00a0en pimiento - Aenverde Express","og_description":"(Tambi\u00e9n nos puedes seguir por&nbsp;nuestro canal de WhatsApp) Bioline Iberia&nbsp;ha presentado en su stand de Infoagro Exhibition 2025 el I Foro de Control Biol\u00f3gico en Pimiento Campo de Dal\u00edas,&nbsp;que organiza en colaboraci\u00f3n con el Ayuntamiento de Dal\u00edas, y que tendr\u00e1 lugar el&nbsp;pr\u00f3ximo 28 de mayo en el Casino de la localidad almeriense. Dal\u00edas, cuna del [&hellip;]","og_url":"https:\/\/aenverdexpress.es\/2025\/05\/23\/bioline-iberia-celebrara-en-dalias-su-primer-gran-foro-sobre-control-biologico-en-pimiento\/","og_site_name":"Aenverde Express","article_published_time":"2025-05-23T07:28:19+00:00","og_image":[{"width":900,"height":675,"url":"https:\/\/aenverdexpress.es\/wp-content\/uploads\/2025\/05\/foro-bioline-dalias.jpg","type":"image\/jpeg"}],"twitter_card":"summary_large_image","twitter_misc":{"Escrito por":"REDACCI\u00d3N AENVERDE","Tiempo de lectura":"1 minuto"},"schema":{"@context":"https:\/\/schema.org","@graph":[{"@type":"Organization","@id":"https:\/\/aenverdexpress.es\/#organization","name":"AENVERDE","url":"https:\/\/aenverdexpress.es\/","sameAs":[],"logo":{"@type":"ImageObject","@id":"https:\/\/aenverdexpress.es\/#logo","inLanguage":"es","url":"https:\/\/aenverdexpress.es\/wp-content\/uploads\/2021\/12\/A-EN-VERDE-LOGO-FONDO-1DB954-01-1024x1024-1.jpg","contentUrl":"https:\/\/aenverdexpress.es\/wp-content\/uploads\/2021\/12\/A-EN-VERDE-LOGO-FONDO-1DB954-01-1024x1024-1.jpg","width":1024,"height":1024,"caption":"AENVERDE"},"image":{"@id":"https:\/\/aenverdexpress.es\/#logo"}},{"@type":"WebSite","@id":"https:\/\/aenverdexpress.es\/#website","url":"https:\/\/aenverdexpress.es\/","name":"Aenverde Express","description":"","publisher":{"@id":"https:\/\/aenverdexpress.es\/#organization"},"potentialAction":[{"@type":"SearchAction","target":{"@type":"EntryPoint","urlTemplate":"https:\/\/aenverdexpress.es\/?s={search_term_string}"},"query-input":"required name=search_term_string"}],"inLanguage":"es"},{"@type":"ImageObject","@id":"https:\/\/aenverdexpress.es\/2025\/05\/23\/bioline-iberia-celebrara-en-dalias-su-primer-gran-foro-sobre-control-biologico-en-pimiento\/#primaryimage","inLanguage":"es","url":"https:\/\/aenverde-cp7041.wordpresstemporal.com\/aenverdexpress.es\/wp-content\/uploads\/2025\/05\/foro-bioline-dalias.jpg","contentUrl":"https:\/\/aenverde-cp7041.wordpresstemporal.com\/aenverdexpress.es\/wp-content\/uploads\/2025\/05\/foro-bioline-dalias.jpg","width":900,"height":675,"caption":"foro-bioline-dalias"},{"@type":"WebPage","@id":"https:\/\/aenverdexpress.es\/2025\/05\/23\/bioline-iberia-celebrara-en-dalias-su-primer-gran-foro-sobre-control-biologico-en-pimiento\/#webpage","url":"https:\/\/aenverdexpress.es\/2025\/05\/23\/bioline-iberia-celebrara-en-dalias-su-primer-gran-foro-sobre-control-biologico-en-pimiento\/","name":"Bioline Iberia\u00a0celebrar\u00e1 en Dal\u00edas su primer gran\u00a0foro sobre control biol\u00f3gico\u00a0en pimiento - Aenverde Express","isPartOf":{"@id":"https:\/\/aenverdexpress.es\/#website"},"primaryImageOfPage":{"@id":"https:\/\/aenverdexpress.es\/2025\/05\/23\/bioline-iberia-celebrara-en-dalias-su-primer-gran-foro-sobre-control-biologico-en-pimiento\/#primaryimage"},"datePublished":"2025-05-23T07:28:19+00:00","dateModified":"2025-05-23T07:28:19+00:00","breadcrumb":{"@id":"https:\/\/aenverdexpress.es\/2025\/05\/23\/bioline-iberia-celebrara-en-dalias-su-primer-gran-foro-sobre-control-biologico-en-pimiento\/#breadcrumb"},"inLanguage":"es","potentialAction":[{"@type":"ReadAction","target":["https:\/\/aenverdexpress.es\/2025\/05\/23\/bioline-iberia-celebrara-en-dalias-su-primer-gran-foro-sobre-control-biologico-en-pimiento\/"]}]},{"@type":"BreadcrumbList","@id":"https:\/\/aenverdexpress.es\/2025\/05\/23\/bioline-iberia-celebrara-en-dalias-su-primer-gran-foro-sobre-control-biologico-en-pimiento\/#breadcrumb","itemListElement":[{"@type":"ListItem","position":1,"name":"Portada","item":"https:\/\/aenverdexpress.es\/"},{"@type":"ListItem","position":2,"name":"Bioline Iberia\u00a0celebrar\u00e1 en Dal\u00edas su primer gran\u00a0foro sobre control biol\u00f3gico\u00a0en pimiento"}]},{"@type":"Article","@id":"https:\/\/aenverdexpress.es\/2025\/05\/23\/bioline-iberia-celebrara-en-dalias-su-primer-gran-foro-sobre-control-biologico-en-pimiento\/#article","isPartOf":{"@id":"https:\/\/aenverdexpress.es\/2025\/05\/23\/bioline-iberia-celebrara-en-dalias-su-primer-gran-foro-sobre-control-biologico-en-pimiento\/#webpage"},"author":{"@id":"https:\/\/aenverdexpress.es\/#\/schema\/person\/7220664746e3c774cb3c4e5f81fc4ba0"},"headline":"Bioline Iberia\u00a0celebrar\u00e1 en Dal\u00edas su primer gran\u00a0foro sobre control biol\u00f3gico\u00a0en pimiento","datePublished":"2025-05-23T07:28:19+00:00","dateModified":"2025-05-23T07:28:19+00:00","mainEntityOfPage":{"@id":"https:\/\/aenverdexpress.es\/2025\/05\/23\/bioline-iberia-celebrara-en-dalias-su-primer-gran-foro-sobre-control-biologico-en-pimiento\/#webpage"},"wordCount":126,"commentCount":0,"publisher":{"@id":"https:\/\/aenverdexpress.es\/#organization"},"image":{"@id":"https:\/\/aenverdexpress.es\/2025\/05\/23\/bioline-iberia-celebrara-en-dalias-su-primer-gran-foro-sobre-control-biologico-en-pimiento\/#primaryimage"},"thumbnailUrl":"https:\/\/aenverde-cp7041.wordpresstemporal.com\/aenverdexpress.es\/wp-content\/uploads\/2025\/05\/foro-bioline-dalias.jpg","keywords":["Bioline Iberia","control biol\u00f3gico","Dal\u00edas","Thrips parvispinus"],"articleSection":["Actualidad"],"inLanguage":"es","potentialAction":[{"@type":"CommentAction","name":"Comment","target":["https:\/\/aenverdexpress.es\/2025\/05\/23\/bioline-iberia-celebrara-en-dalias-su-primer-gran-foro-sobre-control-biologico-en-pimiento\/#respond"]}]},{"@type":"Person","@id":"https:\/\/aenverdexpress.es\/#\/schema\/person\/7220664746e3c774cb3c4e5f81fc4ba0","name":"REDACCI\u00d3N AENVERDE","image":{"@type":"ImageObject","@id":"https:\/\/aenverdexpress.es\/#personlogo","inLanguage":"es","url":"https:\/\/secure.gravatar.com\/avatar\/82de37537a82ee30b014773728d8502cf11180bc1ea2f0a301ec70ebe59ea3e5?s=96&d=mm&r=g","contentUrl":"https:\/\/secure.gravatar.com\/avatar\/82de37537a82ee30b014773728d8502cf11180bc1ea2f0a301ec70ebe59ea3e5?s=96&d=mm&r=g","caption":"REDACCI\u00d3N AENVERDE"},"url":"https:\/\/aenverde-cp7041.wordpresstemporal.com\/aenverdexpress.es\/author\/damian\/"}]}},"builder_content":"","_links":{"self":[{"href":"https:\/\/aenverde-cp7041.wordpresstemporal.com\/aenverdexpress.es\/wp-json\/wp\/v2\/posts\/11359","targetHints":{"allow":["GET"]}}],"collection":[{"href":"https:\/\/aenverde-cp7041.wordpresstemporal.com\/aenverdexpress.es\/wp-json\/wp\/v2\/posts"}],"about":[{"href":"https:\/\/aenverde-cp7041.wordpresstemporal.com\/aenverdexpress.es\/wp-json\/wp\/v2\/types\/post"}],"author":[{"embeddable":true,"href":"https:\/\/aenverde-cp7041.wordpresstemporal.com\/aenverdexpress.es\/wp-json\/wp\/v2\/users\/2"}],"replies":[{"embeddable":true,"href":"https:\/\/aenverde-cp7041.wordpresstemporal.com\/aenverdexpress.es\/wp-json\/wp\/v2\/comments?post=11359"}],"version-history":[{"count":1,"href":"https:\/\/aenverde-cp7041.wordpresstemporal.com\/aenverdexpress.es\/wp-json\/wp\/v2\/posts\/11359\/revisions"}],"predecessor-version":[{"id":11361,"href":"https:\/\/aenverde-cp7041.wordpresstemporal.com\/aenverdexpress.es\/wp-json\/wp\/v2\/posts\/11359\/revisions\/11361"}],"wp:featuredmedia":[{"embeddable":true,"href":"https:\/\/aenverde-cp7041.wordpresstemporal.com\/aenverdexpress.es\/wp-json\/wp\/v2\/media\/11360"}],"wp:attachment":[{"href":"https:\/\/aenverde-cp7041.wordpresstemporal.com\/aenverdexpress.es\/wp-json\/wp\/v2\/media?parent=11359"}],"wp:term":[{"taxonomy":"category","embeddable":true,"href":"https:\/\/aenverde-cp7041.wordpresstemporal.com\/aenverdexpress.es\/wp-json\/wp\/v2\/categories?post=11359"},{"taxonomy":"post_tag","embeddable":true,"href":"https:\/\/aenverde-cp7041.wordpresstemporal.com\/aenverdexpress.es\/wp-json\/wp\/v2\/tags?post=11359"}],"curies":[{"name":"wp","href":"https:\/\/api.w.org\/{rel}","templated":true}]}}