{"id":11401,"date":"2025-05-29T07:18:31","date_gmt":"2025-05-29T07:18:31","guid":{"rendered":"https:\/\/aenverdexpress.es\/?p=11401"},"modified":"2025-05-29T07:18:32","modified_gmt":"2025-05-29T07:18:32","slug":"ual-y-cajamar-buscan-potenciar-a-almeria-como-referente-tecnologico-agroalimentario","status":"publish","type":"post","link":"https:\/\/aenverde-cp7041.wordpresstemporal.com\/aenverdexpress.es\/2025\/05\/29\/ual-y-cajamar-buscan-potenciar-a-almeria-como-referente-tecnologico-agroalimentario\/","title":{"rendered":"UAL y Cajamar buscan potenciar a Almer\u00eda como referente tecnol\u00f3gico agroalimentario"},"content":{"rendered":"<!--themify_builder_content-->\n<div id=\"themify_builder_content-11401\" data-postid=\"11401\" class=\"themify_builder_content themify_builder_content-11401 themify_builder tf_clear\">\n    <\/div>\n<!--\/themify_builder_content-->\n\n\n<p class=\"wp-block-paragraph\"><strong>El rector de la UAL y el presidente de Cajamar se comprometen a\u00a0aunar sinergias para \u201cpotenciar y fomentar las acciones conjuntas y la transferencia de conocimiento\u00a0de los profesionales <\/strong>de ambas instituciones con los m\u00e1s j\u00f3venes y la sociedad almeriense con el prop\u00f3sito de convertir a la provincia en un referente tecnol\u00f3gico agroalimentario\u201d.<\/p>\n\n\n\n<p class=\"wp-block-paragraph\">M\u00e1s informaci\u00f3n <a href=\"https:\/\/www.aenverde.es\/ual-y-cajamar-buscan-potenciar-a-almeria-como-referente-tecnologico-agroalimentario\/\">aqu\u00ed<\/a>.<\/p>","protected":false},"excerpt":{"rendered":"<p>El rector de la UAL y el presidente de Cajamar se comprometen a\u00a0aunar sinergias para \u201cpotenciar y fomentar las acciones conjuntas y la transferencia de conocimiento\u00a0de los profesionales de ambas instituciones con los m\u00e1s j\u00f3venes y la sociedad almeriense con el prop\u00f3sito de convertir a la provincia en un referente tecnol\u00f3gico agroalimentario\u201d. M\u00e1s informaci\u00f3n aqu\u00ed.<\/p>\n","protected":false},"author":2,"featured_media":11402,"comment_status":"open","ping_status":"open","sticky":false,"template":"","format":"standard","meta":{"footnotes":""},"categories":[11],"tags":[127,319,66,152,190],"class_list":["post-11401","post","type-post","status-publish","format-standard","has-post-thumbnail","hentry","category-actualidad","tag-cajamar","tag-convenio","tag-sector-agroalimentario","tag-ual","tag-universidad-de-almeria","has-post-title","has-post-date","has-post-category","has-post-tag","has-post-comment","has-post-author",""],"yoast_head":"<!-- This site is optimized with the Yoast SEO plugin v18.2 - https:\/\/yoast.com\/wordpress\/plugins\/seo\/ -->\n<title>UAL y Cajamar buscan potenciar a Almer\u00eda como referente tecnol\u00f3gico agroalimentario - Aenverde Express<\/title>\n<meta name=\"robots\" content=\"index, follow, max-snippet:-1, max-image-preview:large, max-video-preview:-1\" \/>\n<link rel=\"canonical\" href=\"https:\/\/aenverde-cp7041.wordpresstemporal.com\/aenverdexpress.es\/2025\/05\/29\/ual-y-cajamar-buscan-potenciar-a-almeria-como-referente-tecnologico-agroalimentario\/\" \/>\n<meta property=\"og:locale\" content=\"es_ES\" \/>\n<meta property=\"og:type\" content=\"article\" \/>\n<meta property=\"og:title\" content=\"UAL y Cajamar buscan potenciar a Almer\u00eda como referente tecnol\u00f3gico agroalimentario - Aenverde Express\" \/>\n<meta property=\"og:description\" content=\"El rector de la UAL y el presidente de Cajamar se comprometen a\u00a0aunar sinergias para \u201cpotenciar y fomentar las acciones conjuntas y la transferencia de conocimiento\u00a0de los profesionales de ambas instituciones con los m\u00e1s j\u00f3venes y la sociedad almeriense con el prop\u00f3sito de convertir a la provincia en un referente tecnol\u00f3gico agroalimentario\u201d. M\u00e1s informaci\u00f3n aqu\u00ed.\" \/>\n<meta property=\"og:url\" content=\"https:\/\/aenverde-cp7041.wordpresstemporal.com\/aenverdexpress.es\/2025\/05\/29\/ual-y-cajamar-buscan-potenciar-a-almeria-como-referente-tecnologico-agroalimentario\/\" \/>\n<meta property=\"og:site_name\" content=\"Aenverde Express\" \/>\n<meta property=\"article:published_time\" content=\"2025-05-29T07:18:31+00:00\" \/>\n<meta property=\"article:modified_time\" content=\"2025-05-29T07:18:32+00:00\" \/>\n<meta property=\"og:image\" content=\"https:\/\/aenverde-cp7041.wordpresstemporal.com\/aenverdexpress.es\/wp-content\/uploads\/2025\/05\/ual-cajamar.jpg\" \/>\n\t<meta property=\"og:image:width\" content=\"850\" \/>\n\t<meta property=\"og:image:height\" content=\"579\" \/>\n\t<meta property=\"og:image:type\" content=\"image\/jpeg\" \/>\n<meta name=\"twitter:card\" content=\"summary_large_image\" \/>\n<meta name=\"twitter:label1\" content=\"Escrito por\" \/>\n\t<meta name=\"twitter:data1\" content=\"REDACCI\u00d3N AENVERDE\" \/>\n<script type=\"application\/ld+json\" class=\"yoast-schema-graph\">{\"@context\":\"https:\/\/schema.org\",\"@graph\":[{\"@type\":\"Organization\",\"@id\":\"https:\/\/aenverdexpress.es\/#organization\",\"name\":\"AENVERDE\",\"url\":\"https:\/\/aenverdexpress.es\/\",\"sameAs\":[],\"logo\":{\"@type\":\"ImageObject\",\"@id\":\"https:\/\/aenverdexpress.es\/#logo\",\"inLanguage\":\"es\",\"url\":\"https:\/\/aenverdexpress.es\/wp-content\/uploads\/2021\/12\/A-EN-VERDE-LOGO-FONDO-1DB954-01-1024x1024-1.jpg\",\"contentUrl\":\"https:\/\/aenverdexpress.es\/wp-content\/uploads\/2021\/12\/A-EN-VERDE-LOGO-FONDO-1DB954-01-1024x1024-1.jpg\",\"width\":1024,\"height\":1024,\"caption\":\"AENVERDE\"},\"image\":{\"@id\":\"https:\/\/aenverdexpress.es\/#logo\"}},{\"@type\":\"WebSite\",\"@id\":\"https:\/\/aenverdexpress.es\/#website\",\"url\":\"https:\/\/aenverdexpress.es\/\",\"name\":\"Aenverde Express\",\"description\":\"\",\"publisher\":{\"@id\":\"https:\/\/aenverdexpress.es\/#organization\"},\"potentialAction\":[{\"@type\":\"SearchAction\",\"target\":{\"@type\":\"EntryPoint\",\"urlTemplate\":\"https:\/\/aenverdexpress.es\/?s={search_term_string}\"},\"query-input\":\"required name=search_term_string\"}],\"inLanguage\":\"es\"},{\"@type\":\"ImageObject\",\"@id\":\"https:\/\/aenverde-cp7041.wordpresstemporal.com\/aenverdexpress.es\/2025\/05\/29\/ual-y-cajamar-buscan-potenciar-a-almeria-como-referente-tecnologico-agroalimentario\/#primaryimage\",\"inLanguage\":\"es\",\"url\":\"https:\/\/aenverde-cp7041.wordpresstemporal.com\/aenverdexpress.es\/wp-content\/uploads\/2025\/05\/ual-cajamar.jpg\",\"contentUrl\":\"https:\/\/aenverde-cp7041.wordpresstemporal.com\/aenverdexpress.es\/wp-content\/uploads\/2025\/05\/ual-cajamar.jpg\",\"width\":850,\"height\":579,\"caption\":\"ual-cajamar\"},{\"@type\":\"WebPage\",\"@id\":\"https:\/\/aenverde-cp7041.wordpresstemporal.com\/aenverdexpress.es\/2025\/05\/29\/ual-y-cajamar-buscan-potenciar-a-almeria-como-referente-tecnologico-agroalimentario\/#webpage\",\"url\":\"https:\/\/aenverde-cp7041.wordpresstemporal.com\/aenverdexpress.es\/2025\/05\/29\/ual-y-cajamar-buscan-potenciar-a-almeria-como-referente-tecnologico-agroalimentario\/\",\"name\":\"UAL y Cajamar buscan potenciar a Almer\u00eda como referente tecnol\u00f3gico agroalimentario - Aenverde Express\",\"isPartOf\":{\"@id\":\"https:\/\/aenverdexpress.es\/#website\"},\"primaryImageOfPage\":{\"@id\":\"https:\/\/aenverde-cp7041.wordpresstemporal.com\/aenverdexpress.es\/2025\/05\/29\/ual-y-cajamar-buscan-potenciar-a-almeria-como-referente-tecnologico-agroalimentario\/#primaryimage\"},\"datePublished\":\"2025-05-29T07:18:31+00:00\",\"dateModified\":\"2025-05-29T07:18:32+00:00\",\"breadcrumb\":{\"@id\":\"https:\/\/aenverde-cp7041.wordpresstemporal.com\/aenverdexpress.es\/2025\/05\/29\/ual-y-cajamar-buscan-potenciar-a-almeria-como-referente-tecnologico-agroalimentario\/#breadcrumb\"},\"inLanguage\":\"es\",\"potentialAction\":[{\"@type\":\"ReadAction\",\"target\":[\"https:\/\/aenverde-cp7041.wordpresstemporal.com\/aenverdexpress.es\/2025\/05\/29\/ual-y-cajamar-buscan-potenciar-a-almeria-como-referente-tecnologico-agroalimentario\/\"]}]},{\"@type\":\"BreadcrumbList\",\"@id\":\"https:\/\/aenverde-cp7041.wordpresstemporal.com\/aenverdexpress.es\/2025\/05\/29\/ual-y-cajamar-buscan-potenciar-a-almeria-como-referente-tecnologico-agroalimentario\/#breadcrumb\",\"itemListElement\":[{\"@type\":\"ListItem\",\"position\":1,\"name\":\"Portada\",\"item\":\"https:\/\/aenverdexpress.es\/\"},{\"@type\":\"ListItem\",\"position\":2,\"name\":\"UAL y Cajamar buscan potenciar a Almer\u00eda como referente tecnol\u00f3gico agroalimentario\"}]},{\"@type\":\"Article\",\"@id\":\"https:\/\/aenverde-cp7041.wordpresstemporal.com\/aenverdexpress.es\/2025\/05\/29\/ual-y-cajamar-buscan-potenciar-a-almeria-como-referente-tecnologico-agroalimentario\/#article\",\"isPartOf\":{\"@id\":\"https:\/\/aenverde-cp7041.wordpresstemporal.com\/aenverdexpress.es\/2025\/05\/29\/ual-y-cajamar-buscan-potenciar-a-almeria-como-referente-tecnologico-agroalimentario\/#webpage\"},\"author\":{\"@id\":\"https:\/\/aenverdexpress.es\/#\/schema\/person\/7220664746e3c774cb3c4e5f81fc4ba0\"},\"headline\":\"UAL y Cajamar buscan potenciar a Almer\u00eda como referente tecnol\u00f3gico agroalimentario\",\"datePublished\":\"2025-05-29T07:18:31+00:00\",\"dateModified\":\"2025-05-29T07:18:32+00:00\",\"mainEntityOfPage\":{\"@id\":\"https:\/\/aenverde-cp7041.wordpresstemporal.com\/aenverdexpress.es\/2025\/05\/29\/ual-y-cajamar-buscan-potenciar-a-almeria-como-referente-tecnologico-agroalimentario\/#webpage\"},\"wordCount\":76,\"commentCount\":0,\"publisher\":{\"@id\":\"https:\/\/aenverdexpress.es\/#organization\"},\"image\":{\"@id\":\"https:\/\/aenverde-cp7041.wordpresstemporal.com\/aenverdexpress.es\/2025\/05\/29\/ual-y-cajamar-buscan-potenciar-a-almeria-como-referente-tecnologico-agroalimentario\/#primaryimage\"},\"thumbnailUrl\":\"https:\/\/aenverde-cp7041.wordpresstemporal.com\/aenverdexpress.es\/wp-content\/uploads\/2025\/05\/ual-cajamar.jpg\",\"keywords\":[\"Cajamar\",\"Convenio\",\"sector agroalimentario\",\"ual\",\"universidad de Almer\u00eda\"],\"articleSection\":[\"Actualidad\"],\"inLanguage\":\"es\",\"potentialAction\":[{\"@type\":\"CommentAction\",\"name\":\"Comment\",\"target\":[\"https:\/\/aenverde-cp7041.wordpresstemporal.com\/aenverdexpress.es\/2025\/05\/29\/ual-y-cajamar-buscan-potenciar-a-almeria-como-referente-tecnologico-agroalimentario\/#respond\"]}]},{\"@type\":\"Person\",\"@id\":\"https:\/\/aenverdexpress.es\/#\/schema\/person\/7220664746e3c774cb3c4e5f81fc4ba0\",\"name\":\"REDACCI\u00d3N AENVERDE\",\"image\":{\"@type\":\"ImageObject\",\"@id\":\"https:\/\/aenverdexpress.es\/#personlogo\",\"inLanguage\":\"es\",\"url\":\"https:\/\/secure.gravatar.com\/avatar\/82de37537a82ee30b014773728d8502cf11180bc1ea2f0a301ec70ebe59ea3e5?s=96&d=mm&r=g\",\"contentUrl\":\"https:\/\/secure.gravatar.com\/avatar\/82de37537a82ee30b014773728d8502cf11180bc1ea2f0a301ec70ebe59ea3e5?s=96&d=mm&r=g\",\"caption\":\"REDACCI\u00d3N AENVERDE\"},\"url\":\"https:\/\/aenverde-cp7041.wordpresstemporal.com\/aenverdexpress.es\/author\/damian\/\"}]}<\/script>\n<!-- \/ Yoast SEO plugin. -->","yoast_head_json":{"title":"UAL y Cajamar buscan potenciar a Almer\u00eda como referente tecnol\u00f3gico agroalimentario - Aenverde Express","robots":{"index":"index","follow":"follow","max-snippet":"max-snippet:-1","max-image-preview":"max-image-preview:large","max-video-preview":"max-video-preview:-1"},"canonical":"https:\/\/aenverde-cp7041.wordpresstemporal.com\/aenverdexpress.es\/2025\/05\/29\/ual-y-cajamar-buscan-potenciar-a-almeria-como-referente-tecnologico-agroalimentario\/","og_locale":"es_ES","og_type":"article","og_title":"UAL y Cajamar buscan potenciar a Almer\u00eda como referente tecnol\u00f3gico agroalimentario - Aenverde Express","og_description":"El rector de la UAL y el presidente de Cajamar se comprometen a\u00a0aunar sinergias para \u201cpotenciar y fomentar las acciones conjuntas y la transferencia de conocimiento\u00a0de los profesionales de ambas instituciones con los m\u00e1s j\u00f3venes y la sociedad almeriense con el prop\u00f3sito de convertir a la provincia en un referente tecnol\u00f3gico agroalimentario\u201d. M\u00e1s informaci\u00f3n aqu\u00ed.","og_url":"https:\/\/aenverde-cp7041.wordpresstemporal.com\/aenverdexpress.es\/2025\/05\/29\/ual-y-cajamar-buscan-potenciar-a-almeria-como-referente-tecnologico-agroalimentario\/","og_site_name":"Aenverde Express","article_published_time":"2025-05-29T07:18:31+00:00","article_modified_time":"2025-05-29T07:18:32+00:00","og_image":[{"width":850,"height":579,"url":"https:\/\/aenverde-cp7041.wordpresstemporal.com\/aenverdexpress.es\/wp-content\/uploads\/2025\/05\/ual-cajamar.jpg","type":"image\/jpeg"}],"twitter_card":"summary_large_image","twitter_misc":{"Escrito por":"REDACCI\u00d3N AENVERDE"},"schema":{"@context":"https:\/\/schema.org","@graph":[{"@type":"Organization","@id":"https:\/\/aenverdexpress.es\/#organization","name":"AENVERDE","url":"https:\/\/aenverdexpress.es\/","sameAs":[],"logo":{"@type":"ImageObject","@id":"https:\/\/aenverdexpress.es\/#logo","inLanguage":"es","url":"https:\/\/aenverdexpress.es\/wp-content\/uploads\/2021\/12\/A-EN-VERDE-LOGO-FONDO-1DB954-01-1024x1024-1.jpg","contentUrl":"https:\/\/aenverdexpress.es\/wp-content\/uploads\/2021\/12\/A-EN-VERDE-LOGO-FONDO-1DB954-01-1024x1024-1.jpg","width":1024,"height":1024,"caption":"AENVERDE"},"image":{"@id":"https:\/\/aenverdexpress.es\/#logo"}},{"@type":"WebSite","@id":"https:\/\/aenverdexpress.es\/#website","url":"https:\/\/aenverdexpress.es\/","name":"Aenverde Express","description":"","publisher":{"@id":"https:\/\/aenverdexpress.es\/#organization"},"potentialAction":[{"@type":"SearchAction","target":{"@type":"EntryPoint","urlTemplate":"https:\/\/aenverdexpress.es\/?s={search_term_string}"},"query-input":"required name=search_term_string"}],"inLanguage":"es"},{"@type":"ImageObject","@id":"https:\/\/aenverde-cp7041.wordpresstemporal.com\/aenverdexpress.es\/2025\/05\/29\/ual-y-cajamar-buscan-potenciar-a-almeria-como-referente-tecnologico-agroalimentario\/#primaryimage","inLanguage":"es","url":"https:\/\/aenverde-cp7041.wordpresstemporal.com\/aenverdexpress.es\/wp-content\/uploads\/2025\/05\/ual-cajamar.jpg","contentUrl":"https:\/\/aenverde-cp7041.wordpresstemporal.com\/aenverdexpress.es\/wp-content\/uploads\/2025\/05\/ual-cajamar.jpg","width":850,"height":579,"caption":"ual-cajamar"},{"@type":"WebPage","@id":"https:\/\/aenverde-cp7041.wordpresstemporal.com\/aenverdexpress.es\/2025\/05\/29\/ual-y-cajamar-buscan-potenciar-a-almeria-como-referente-tecnologico-agroalimentario\/#webpage","url":"https:\/\/aenverde-cp7041.wordpresstemporal.com\/aenverdexpress.es\/2025\/05\/29\/ual-y-cajamar-buscan-potenciar-a-almeria-como-referente-tecnologico-agroalimentario\/","name":"UAL y Cajamar buscan potenciar a Almer\u00eda como referente tecnol\u00f3gico agroalimentario - Aenverde Express","isPartOf":{"@id":"https:\/\/aenverdexpress.es\/#website"},"primaryImageOfPage":{"@id":"https:\/\/aenverde-cp7041.wordpresstemporal.com\/aenverdexpress.es\/2025\/05\/29\/ual-y-cajamar-buscan-potenciar-a-almeria-como-referente-tecnologico-agroalimentario\/#primaryimage"},"datePublished":"2025-05-29T07:18:31+00:00","dateModified":"2025-05-29T07:18:32+00:00","breadcrumb":{"@id":"https:\/\/aenverde-cp7041.wordpresstemporal.com\/aenverdexpress.es\/2025\/05\/29\/ual-y-cajamar-buscan-potenciar-a-almeria-como-referente-tecnologico-agroalimentario\/#breadcrumb"},"inLanguage":"es","potentialAction":[{"@type":"ReadAction","target":["https:\/\/aenverde-cp7041.wordpresstemporal.com\/aenverdexpress.es\/2025\/05\/29\/ual-y-cajamar-buscan-potenciar-a-almeria-como-referente-tecnologico-agroalimentario\/"]}]},{"@type":"BreadcrumbList","@id":"https:\/\/aenverde-cp7041.wordpresstemporal.com\/aenverdexpress.es\/2025\/05\/29\/ual-y-cajamar-buscan-potenciar-a-almeria-como-referente-tecnologico-agroalimentario\/#breadcrumb","itemListElement":[{"@type":"ListItem","position":1,"name":"Portada","item":"https:\/\/aenverdexpress.es\/"},{"@type":"ListItem","position":2,"name":"UAL y Cajamar buscan potenciar a Almer\u00eda como referente tecnol\u00f3gico agroalimentario"}]},{"@type":"Article","@id":"https:\/\/aenverde-cp7041.wordpresstemporal.com\/aenverdexpress.es\/2025\/05\/29\/ual-y-cajamar-buscan-potenciar-a-almeria-como-referente-tecnologico-agroalimentario\/#article","isPartOf":{"@id":"https:\/\/aenverde-cp7041.wordpresstemporal.com\/aenverdexpress.es\/2025\/05\/29\/ual-y-cajamar-buscan-potenciar-a-almeria-como-referente-tecnologico-agroalimentario\/#webpage"},"author":{"@id":"https:\/\/aenverdexpress.es\/#\/schema\/person\/7220664746e3c774cb3c4e5f81fc4ba0"},"headline":"UAL y Cajamar buscan potenciar a Almer\u00eda como referente tecnol\u00f3gico agroalimentario","datePublished":"2025-05-29T07:18:31+00:00","dateModified":"2025-05-29T07:18:32+00:00","mainEntityOfPage":{"@id":"https:\/\/aenverde-cp7041.wordpresstemporal.com\/aenverdexpress.es\/2025\/05\/29\/ual-y-cajamar-buscan-potenciar-a-almeria-como-referente-tecnologico-agroalimentario\/#webpage"},"wordCount":76,"commentCount":0,"publisher":{"@id":"https:\/\/aenverdexpress.es\/#organization"},"image":{"@id":"https:\/\/aenverde-cp7041.wordpresstemporal.com\/aenverdexpress.es\/2025\/05\/29\/ual-y-cajamar-buscan-potenciar-a-almeria-como-referente-tecnologico-agroalimentario\/#primaryimage"},"thumbnailUrl":"https:\/\/aenverde-cp7041.wordpresstemporal.com\/aenverdexpress.es\/wp-content\/uploads\/2025\/05\/ual-cajamar.jpg","keywords":["Cajamar","Convenio","sector agroalimentario","ual","universidad de Almer\u00eda"],"articleSection":["Actualidad"],"inLanguage":"es","potentialAction":[{"@type":"CommentAction","name":"Comment","target":["https:\/\/aenverde-cp7041.wordpresstemporal.com\/aenverdexpress.es\/2025\/05\/29\/ual-y-cajamar-buscan-potenciar-a-almeria-como-referente-tecnologico-agroalimentario\/#respond"]}]},{"@type":"Person","@id":"https:\/\/aenverdexpress.es\/#\/schema\/person\/7220664746e3c774cb3c4e5f81fc4ba0","name":"REDACCI\u00d3N AENVERDE","image":{"@type":"ImageObject","@id":"https:\/\/aenverdexpress.es\/#personlogo","inLanguage":"es","url":"https:\/\/secure.gravatar.com\/avatar\/82de37537a82ee30b014773728d8502cf11180bc1ea2f0a301ec70ebe59ea3e5?s=96&d=mm&r=g","contentUrl":"https:\/\/secure.gravatar.com\/avatar\/82de37537a82ee30b014773728d8502cf11180bc1ea2f0a301ec70ebe59ea3e5?s=96&d=mm&r=g","caption":"REDACCI\u00d3N AENVERDE"},"url":"https:\/\/aenverde-cp7041.wordpresstemporal.com\/aenverdexpress.es\/author\/damian\/"}]}},"builder_content":"","_links":{"self":[{"href":"https:\/\/aenverde-cp7041.wordpresstemporal.com\/aenverdexpress.es\/wp-json\/wp\/v2\/posts\/11401","targetHints":{"allow":["GET"]}}],"collection":[{"href":"https:\/\/aenverde-cp7041.wordpresstemporal.com\/aenverdexpress.es\/wp-json\/wp\/v2\/posts"}],"about":[{"href":"https:\/\/aenverde-cp7041.wordpresstemporal.com\/aenverdexpress.es\/wp-json\/wp\/v2\/types\/post"}],"author":[{"embeddable":true,"href":"https:\/\/aenverde-cp7041.wordpresstemporal.com\/aenverdexpress.es\/wp-json\/wp\/v2\/users\/2"}],"replies":[{"embeddable":true,"href":"https:\/\/aenverde-cp7041.wordpresstemporal.com\/aenverdexpress.es\/wp-json\/wp\/v2\/comments?post=11401"}],"version-history":[{"count":2,"href":"https:\/\/aenverde-cp7041.wordpresstemporal.com\/aenverdexpress.es\/wp-json\/wp\/v2\/posts\/11401\/revisions"}],"predecessor-version":[{"id":11404,"href":"https:\/\/aenverde-cp7041.wordpresstemporal.com\/aenverdexpress.es\/wp-json\/wp\/v2\/posts\/11401\/revisions\/11404"}],"wp:featuredmedia":[{"embeddable":true,"href":"https:\/\/aenverde-cp7041.wordpresstemporal.com\/aenverdexpress.es\/wp-json\/wp\/v2\/media\/11402"}],"wp:attachment":[{"href":"https:\/\/aenverde-cp7041.wordpresstemporal.com\/aenverdexpress.es\/wp-json\/wp\/v2\/media?parent=11401"}],"wp:term":[{"taxonomy":"category","embeddable":true,"href":"https:\/\/aenverde-cp7041.wordpresstemporal.com\/aenverdexpress.es\/wp-json\/wp\/v2\/categories?post=11401"},{"taxonomy":"post_tag","embeddable":true,"href":"https:\/\/aenverde-cp7041.wordpresstemporal.com\/aenverdexpress.es\/wp-json\/wp\/v2\/tags?post=11401"}],"curies":[{"name":"wp","href":"https:\/\/api.w.org\/{rel}","templated":true}]}}