{"id":11684,"date":"2025-07-07T06:20:13","date_gmt":"2025-07-07T06:20:13","guid":{"rendered":"https:\/\/aenverdexpress.es\/?p=11684"},"modified":"2025-07-07T06:20:14","modified_gmt":"2025-07-07T06:20:14","slug":"tres-cooperativistas-por-eleccion","status":"publish","type":"post","link":"https:\/\/aenverde-cp7041.wordpresstemporal.com\/aenverdexpress.es\/2025\/07\/07\/tres-cooperativistas-por-eleccion\/","title":{"rendered":"Tres cooperativistas\u00a0por elecci\u00f3n"},"content":{"rendered":"<p class=\"has-text-align-center wp-block-paragraph\">(Tambi\u00e9n nos puedes seguir por&nbsp;<a href=\"https:\/\/whatsapp.com\/channel\/0029Va8Ttl0Elah1sRZ3Y10w\" target=\"_blank\" rel=\"noreferrer noopener\">nuestro canal de WhatsApp<\/a>)<\/p>\n\n\n\n<p class=\"wp-block-paragraph\"><strong>El cooperativismo lleva intr\u00ednseco unos valores \u00e9ticos de ayuda entre personas por un mismo bien com\u00fan que lo diferencia de otros modelos de negocio.<\/strong>\u00a0En el sector primario, esta filosof\u00eda cobra a\u00fan m\u00e1s sentido, ya que se trata de una actividad esencial para garantizar la alimentaci\u00f3n de la poblaci\u00f3n. En los \u00faltimos a\u00f1os, la evoluci\u00f3n habitual ha sido que las grandes cooperativas integren a las m\u00e1s peque\u00f1as, un acuerdo que les facilita el acceso a mayores\u00a0beneficios, recursos y capacidad de negociaci<\/p>\n\n\n\n<p class=\"wp-block-paragraph\"><strong>Cada primer s\u00e1bado del mes de julio se conmemora el D\u00eda Internacional de las Cooperativas, <\/strong>con la mira en varios retos: participaci\u00f3n de la mujer, digitalizaci\u00f3n y relevo generacional entre los m\u00e1s destacados.<\/p>\n\n\n\n<p class=\"wp-block-paragraph\">Juana P\u00e9rez Ortega, socia de Campoadra; Carlos Escobar, secretario de la Cooperativa Santa Mar\u00eda del \u00c1guila, y Francisco Membrilla, socio de Consumomar, representan una muestra de dichos retos.<\/p>\n\n\n\n<p class=\"wp-block-paragraph\"><strong>Debate completo en <a href=\"https:\/\/www.aenverde.es\/tres-cooperativistas-por-eleccion\/\" data-type=\"link\" data-id=\"https:\/\/www.aenverde.es\/tres-cooperativistas-por-eleccion\/\">este enlace.<\/a><\/strong><\/p>\n\n<!--themify_builder_content-->\n<div id=\"themify_builder_content-11684\" data-postid=\"11684\" class=\"themify_builder_content themify_builder_content-11684 themify_builder tf_clear\">\n    <\/div>\n<!--\/themify_builder_content-->","protected":false},"excerpt":{"rendered":"<p>(Tambi\u00e9n nos puedes seguir por&nbsp;nuestro canal de WhatsApp) El cooperativismo lleva intr\u00ednseco unos valores \u00e9ticos de ayuda entre personas por un mismo bien com\u00fan que lo diferencia de otros modelos de negocio.\u00a0En el sector primario, esta filosof\u00eda cobra a\u00fan m\u00e1s sentido, ya que se trata de una actividad esencial para garantizar la alimentaci\u00f3n de la [&hellip;]<\/p>\n","protected":false},"author":2,"featured_media":11685,"comment_status":"open","ping_status":"open","sticky":false,"template":"","format":"standard","meta":{"footnotes":""},"categories":[11],"tags":[32,654],"class_list":["post-11684","post","type-post","status-publish","format-standard","has-post-thumbnail","hentry","category-actualidad","tag-cooperativas","tag-cooperativismo","has-post-title","has-post-date","has-post-category","has-post-tag","has-post-comment","has-post-author",""],"yoast_head":"<!-- This site is optimized with the Yoast SEO plugin v18.2 - https:\/\/yoast.com\/wordpress\/plugins\/seo\/ -->\n<title>Tres cooperativistas\u00a0por elecci\u00f3n - Aenverde Express<\/title>\n<meta name=\"robots\" content=\"index, follow, max-snippet:-1, max-image-preview:large, max-video-preview:-1\" \/>\n<link rel=\"canonical\" href=\"https:\/\/aenverde-cp7041.wordpresstemporal.com\/aenverdexpress.es\/2025\/07\/07\/tres-cooperativistas-por-eleccion\/\" \/>\n<meta property=\"og:locale\" content=\"es_ES\" \/>\n<meta property=\"og:type\" content=\"article\" \/>\n<meta property=\"og:title\" content=\"Tres cooperativistas\u00a0por elecci\u00f3n - Aenverde Express\" \/>\n<meta property=\"og:description\" content=\"(Tambi\u00e9n nos puedes seguir por&nbsp;nuestro canal de WhatsApp) El cooperativismo lleva intr\u00ednseco unos valores \u00e9ticos de ayuda entre personas por un mismo bien com\u00fan que lo diferencia de otros modelos de negocio.\u00a0En el sector primario, esta filosof\u00eda cobra a\u00fan m\u00e1s sentido, ya que se trata de una actividad esencial para garantizar la alimentaci\u00f3n de la [&hellip;]\" \/>\n<meta property=\"og:url\" content=\"https:\/\/aenverde-cp7041.wordpresstemporal.com\/aenverdexpress.es\/2025\/07\/07\/tres-cooperativistas-por-eleccion\/\" \/>\n<meta property=\"og:site_name\" content=\"Aenverde Express\" \/>\n<meta property=\"article:published_time\" content=\"2025-07-07T06:20:13+00:00\" \/>\n<meta property=\"article:modified_time\" content=\"2025-07-07T06:20:14+00:00\" \/>\n<meta property=\"og:image\" content=\"https:\/\/aenverde-cp7041.wordpresstemporal.com\/aenverdexpress.es\/wp-content\/uploads\/2025\/07\/Debate-cooperativistas.png\" \/>\n\t<meta property=\"og:image:width\" content=\"850\" \/>\n\t<meta property=\"og:image:height\" content=\"579\" \/>\n\t<meta property=\"og:image:type\" content=\"image\/png\" \/>\n<meta name=\"twitter:card\" content=\"summary_large_image\" \/>\n<meta name=\"twitter:label1\" content=\"Escrito por\" \/>\n\t<meta name=\"twitter:data1\" content=\"REDACCI\u00d3N AENVERDE\" \/>\n\t<meta name=\"twitter:label2\" content=\"Tiempo de lectura\" \/>\n\t<meta name=\"twitter:data2\" content=\"1 minuto\" \/>\n<script type=\"application\/ld+json\" class=\"yoast-schema-graph\">{\"@context\":\"https:\/\/schema.org\",\"@graph\":[{\"@type\":\"Organization\",\"@id\":\"https:\/\/aenverdexpress.es\/#organization\",\"name\":\"AENVERDE\",\"url\":\"https:\/\/aenverdexpress.es\/\",\"sameAs\":[],\"logo\":{\"@type\":\"ImageObject\",\"@id\":\"https:\/\/aenverdexpress.es\/#logo\",\"inLanguage\":\"es\",\"url\":\"https:\/\/aenverdexpress.es\/wp-content\/uploads\/2021\/12\/A-EN-VERDE-LOGO-FONDO-1DB954-01-1024x1024-1.jpg\",\"contentUrl\":\"https:\/\/aenverdexpress.es\/wp-content\/uploads\/2021\/12\/A-EN-VERDE-LOGO-FONDO-1DB954-01-1024x1024-1.jpg\",\"width\":1024,\"height\":1024,\"caption\":\"AENVERDE\"},\"image\":{\"@id\":\"https:\/\/aenverdexpress.es\/#logo\"}},{\"@type\":\"WebSite\",\"@id\":\"https:\/\/aenverdexpress.es\/#website\",\"url\":\"https:\/\/aenverdexpress.es\/\",\"name\":\"Aenverde Express\",\"description\":\"\",\"publisher\":{\"@id\":\"https:\/\/aenverdexpress.es\/#organization\"},\"potentialAction\":[{\"@type\":\"SearchAction\",\"target\":{\"@type\":\"EntryPoint\",\"urlTemplate\":\"https:\/\/aenverdexpress.es\/?s={search_term_string}\"},\"query-input\":\"required name=search_term_string\"}],\"inLanguage\":\"es\"},{\"@type\":\"ImageObject\",\"@id\":\"https:\/\/aenverde-cp7041.wordpresstemporal.com\/aenverdexpress.es\/2025\/07\/07\/tres-cooperativistas-por-eleccion\/#primaryimage\",\"inLanguage\":\"es\",\"url\":\"https:\/\/aenverde-cp7041.wordpresstemporal.com\/aenverdexpress.es\/wp-content\/uploads\/2025\/07\/Debate-cooperativistas.png\",\"contentUrl\":\"https:\/\/aenverde-cp7041.wordpresstemporal.com\/aenverdexpress.es\/wp-content\/uploads\/2025\/07\/Debate-cooperativistas.png\",\"width\":850,\"height\":579},{\"@type\":\"WebPage\",\"@id\":\"https:\/\/aenverde-cp7041.wordpresstemporal.com\/aenverdexpress.es\/2025\/07\/07\/tres-cooperativistas-por-eleccion\/#webpage\",\"url\":\"https:\/\/aenverde-cp7041.wordpresstemporal.com\/aenverdexpress.es\/2025\/07\/07\/tres-cooperativistas-por-eleccion\/\",\"name\":\"Tres cooperativistas\u00a0por elecci\u00f3n - Aenverde Express\",\"isPartOf\":{\"@id\":\"https:\/\/aenverdexpress.es\/#website\"},\"primaryImageOfPage\":{\"@id\":\"https:\/\/aenverde-cp7041.wordpresstemporal.com\/aenverdexpress.es\/2025\/07\/07\/tres-cooperativistas-por-eleccion\/#primaryimage\"},\"datePublished\":\"2025-07-07T06:20:13+00:00\",\"dateModified\":\"2025-07-07T06:20:14+00:00\",\"breadcrumb\":{\"@id\":\"https:\/\/aenverde-cp7041.wordpresstemporal.com\/aenverdexpress.es\/2025\/07\/07\/tres-cooperativistas-por-eleccion\/#breadcrumb\"},\"inLanguage\":\"es\",\"potentialAction\":[{\"@type\":\"ReadAction\",\"target\":[\"https:\/\/aenverde-cp7041.wordpresstemporal.com\/aenverdexpress.es\/2025\/07\/07\/tres-cooperativistas-por-eleccion\/\"]}]},{\"@type\":\"BreadcrumbList\",\"@id\":\"https:\/\/aenverde-cp7041.wordpresstemporal.com\/aenverdexpress.es\/2025\/07\/07\/tres-cooperativistas-por-eleccion\/#breadcrumb\",\"itemListElement\":[{\"@type\":\"ListItem\",\"position\":1,\"name\":\"Portada\",\"item\":\"https:\/\/aenverdexpress.es\/\"},{\"@type\":\"ListItem\",\"position\":2,\"name\":\"Tres cooperativistas\u00a0por elecci\u00f3n\"}]},{\"@type\":\"Article\",\"@id\":\"https:\/\/aenverde-cp7041.wordpresstemporal.com\/aenverdexpress.es\/2025\/07\/07\/tres-cooperativistas-por-eleccion\/#article\",\"isPartOf\":{\"@id\":\"https:\/\/aenverde-cp7041.wordpresstemporal.com\/aenverdexpress.es\/2025\/07\/07\/tres-cooperativistas-por-eleccion\/#webpage\"},\"author\":{\"@id\":\"https:\/\/aenverdexpress.es\/#\/schema\/person\/7220664746e3c774cb3c4e5f81fc4ba0\"},\"headline\":\"Tres cooperativistas\u00a0por elecci\u00f3n\",\"datePublished\":\"2025-07-07T06:20:13+00:00\",\"dateModified\":\"2025-07-07T06:20:14+00:00\",\"mainEntityOfPage\":{\"@id\":\"https:\/\/aenverde-cp7041.wordpresstemporal.com\/aenverdexpress.es\/2025\/07\/07\/tres-cooperativistas-por-eleccion\/#webpage\"},\"wordCount\":182,\"commentCount\":0,\"publisher\":{\"@id\":\"https:\/\/aenverdexpress.es\/#organization\"},\"image\":{\"@id\":\"https:\/\/aenverde-cp7041.wordpresstemporal.com\/aenverdexpress.es\/2025\/07\/07\/tres-cooperativistas-por-eleccion\/#primaryimage\"},\"thumbnailUrl\":\"https:\/\/aenverde-cp7041.wordpresstemporal.com\/aenverdexpress.es\/wp-content\/uploads\/2025\/07\/Debate-cooperativistas.png\",\"keywords\":[\"Cooperativas\",\"cooperativismo\"],\"articleSection\":[\"Actualidad\"],\"inLanguage\":\"es\",\"potentialAction\":[{\"@type\":\"CommentAction\",\"name\":\"Comment\",\"target\":[\"https:\/\/aenverde-cp7041.wordpresstemporal.com\/aenverdexpress.es\/2025\/07\/07\/tres-cooperativistas-por-eleccion\/#respond\"]}]},{\"@type\":\"Person\",\"@id\":\"https:\/\/aenverdexpress.es\/#\/schema\/person\/7220664746e3c774cb3c4e5f81fc4ba0\",\"name\":\"REDACCI\u00d3N AENVERDE\",\"image\":{\"@type\":\"ImageObject\",\"@id\":\"https:\/\/aenverdexpress.es\/#personlogo\",\"inLanguage\":\"es\",\"url\":\"https:\/\/secure.gravatar.com\/avatar\/82de37537a82ee30b014773728d8502cf11180bc1ea2f0a301ec70ebe59ea3e5?s=96&d=mm&r=g\",\"contentUrl\":\"https:\/\/secure.gravatar.com\/avatar\/82de37537a82ee30b014773728d8502cf11180bc1ea2f0a301ec70ebe59ea3e5?s=96&d=mm&r=g\",\"caption\":\"REDACCI\u00d3N AENVERDE\"},\"url\":\"https:\/\/aenverde-cp7041.wordpresstemporal.com\/aenverdexpress.es\/author\/damian\/\"}]}<\/script>\n<!-- \/ Yoast SEO plugin. -->","yoast_head_json":{"title":"Tres cooperativistas\u00a0por elecci\u00f3n - Aenverde Express","robots":{"index":"index","follow":"follow","max-snippet":"max-snippet:-1","max-image-preview":"max-image-preview:large","max-video-preview":"max-video-preview:-1"},"canonical":"https:\/\/aenverde-cp7041.wordpresstemporal.com\/aenverdexpress.es\/2025\/07\/07\/tres-cooperativistas-por-eleccion\/","og_locale":"es_ES","og_type":"article","og_title":"Tres cooperativistas\u00a0por elecci\u00f3n - Aenverde Express","og_description":"(Tambi\u00e9n nos puedes seguir por&nbsp;nuestro canal de WhatsApp) El cooperativismo lleva intr\u00ednseco unos valores \u00e9ticos de ayuda entre personas por un mismo bien com\u00fan que lo diferencia de otros modelos de negocio.\u00a0En el sector primario, esta filosof\u00eda cobra a\u00fan m\u00e1s sentido, ya que se trata de una actividad esencial para garantizar la alimentaci\u00f3n de la [&hellip;]","og_url":"https:\/\/aenverde-cp7041.wordpresstemporal.com\/aenverdexpress.es\/2025\/07\/07\/tres-cooperativistas-por-eleccion\/","og_site_name":"Aenverde Express","article_published_time":"2025-07-07T06:20:13+00:00","article_modified_time":"2025-07-07T06:20:14+00:00","og_image":[{"width":850,"height":579,"url":"https:\/\/aenverde-cp7041.wordpresstemporal.com\/aenverdexpress.es\/wp-content\/uploads\/2025\/07\/Debate-cooperativistas.png","type":"image\/png"}],"twitter_card":"summary_large_image","twitter_misc":{"Escrito por":"REDACCI\u00d3N AENVERDE","Tiempo de lectura":"1 minuto"},"schema":{"@context":"https:\/\/schema.org","@graph":[{"@type":"Organization","@id":"https:\/\/aenverdexpress.es\/#organization","name":"AENVERDE","url":"https:\/\/aenverdexpress.es\/","sameAs":[],"logo":{"@type":"ImageObject","@id":"https:\/\/aenverdexpress.es\/#logo","inLanguage":"es","url":"https:\/\/aenverdexpress.es\/wp-content\/uploads\/2021\/12\/A-EN-VERDE-LOGO-FONDO-1DB954-01-1024x1024-1.jpg","contentUrl":"https:\/\/aenverdexpress.es\/wp-content\/uploads\/2021\/12\/A-EN-VERDE-LOGO-FONDO-1DB954-01-1024x1024-1.jpg","width":1024,"height":1024,"caption":"AENVERDE"},"image":{"@id":"https:\/\/aenverdexpress.es\/#logo"}},{"@type":"WebSite","@id":"https:\/\/aenverdexpress.es\/#website","url":"https:\/\/aenverdexpress.es\/","name":"Aenverde Express","description":"","publisher":{"@id":"https:\/\/aenverdexpress.es\/#organization"},"potentialAction":[{"@type":"SearchAction","target":{"@type":"EntryPoint","urlTemplate":"https:\/\/aenverdexpress.es\/?s={search_term_string}"},"query-input":"required name=search_term_string"}],"inLanguage":"es"},{"@type":"ImageObject","@id":"https:\/\/aenverde-cp7041.wordpresstemporal.com\/aenverdexpress.es\/2025\/07\/07\/tres-cooperativistas-por-eleccion\/#primaryimage","inLanguage":"es","url":"https:\/\/aenverde-cp7041.wordpresstemporal.com\/aenverdexpress.es\/wp-content\/uploads\/2025\/07\/Debate-cooperativistas.png","contentUrl":"https:\/\/aenverde-cp7041.wordpresstemporal.com\/aenverdexpress.es\/wp-content\/uploads\/2025\/07\/Debate-cooperativistas.png","width":850,"height":579},{"@type":"WebPage","@id":"https:\/\/aenverde-cp7041.wordpresstemporal.com\/aenverdexpress.es\/2025\/07\/07\/tres-cooperativistas-por-eleccion\/#webpage","url":"https:\/\/aenverde-cp7041.wordpresstemporal.com\/aenverdexpress.es\/2025\/07\/07\/tres-cooperativistas-por-eleccion\/","name":"Tres cooperativistas\u00a0por elecci\u00f3n - Aenverde Express","isPartOf":{"@id":"https:\/\/aenverdexpress.es\/#website"},"primaryImageOfPage":{"@id":"https:\/\/aenverde-cp7041.wordpresstemporal.com\/aenverdexpress.es\/2025\/07\/07\/tres-cooperativistas-por-eleccion\/#primaryimage"},"datePublished":"2025-07-07T06:20:13+00:00","dateModified":"2025-07-07T06:20:14+00:00","breadcrumb":{"@id":"https:\/\/aenverde-cp7041.wordpresstemporal.com\/aenverdexpress.es\/2025\/07\/07\/tres-cooperativistas-por-eleccion\/#breadcrumb"},"inLanguage":"es","potentialAction":[{"@type":"ReadAction","target":["https:\/\/aenverde-cp7041.wordpresstemporal.com\/aenverdexpress.es\/2025\/07\/07\/tres-cooperativistas-por-eleccion\/"]}]},{"@type":"BreadcrumbList","@id":"https:\/\/aenverde-cp7041.wordpresstemporal.com\/aenverdexpress.es\/2025\/07\/07\/tres-cooperativistas-por-eleccion\/#breadcrumb","itemListElement":[{"@type":"ListItem","position":1,"name":"Portada","item":"https:\/\/aenverdexpress.es\/"},{"@type":"ListItem","position":2,"name":"Tres cooperativistas\u00a0por elecci\u00f3n"}]},{"@type":"Article","@id":"https:\/\/aenverde-cp7041.wordpresstemporal.com\/aenverdexpress.es\/2025\/07\/07\/tres-cooperativistas-por-eleccion\/#article","isPartOf":{"@id":"https:\/\/aenverde-cp7041.wordpresstemporal.com\/aenverdexpress.es\/2025\/07\/07\/tres-cooperativistas-por-eleccion\/#webpage"},"author":{"@id":"https:\/\/aenverdexpress.es\/#\/schema\/person\/7220664746e3c774cb3c4e5f81fc4ba0"},"headline":"Tres cooperativistas\u00a0por elecci\u00f3n","datePublished":"2025-07-07T06:20:13+00:00","dateModified":"2025-07-07T06:20:14+00:00","mainEntityOfPage":{"@id":"https:\/\/aenverde-cp7041.wordpresstemporal.com\/aenverdexpress.es\/2025\/07\/07\/tres-cooperativistas-por-eleccion\/#webpage"},"wordCount":182,"commentCount":0,"publisher":{"@id":"https:\/\/aenverdexpress.es\/#organization"},"image":{"@id":"https:\/\/aenverde-cp7041.wordpresstemporal.com\/aenverdexpress.es\/2025\/07\/07\/tres-cooperativistas-por-eleccion\/#primaryimage"},"thumbnailUrl":"https:\/\/aenverde-cp7041.wordpresstemporal.com\/aenverdexpress.es\/wp-content\/uploads\/2025\/07\/Debate-cooperativistas.png","keywords":["Cooperativas","cooperativismo"],"articleSection":["Actualidad"],"inLanguage":"es","potentialAction":[{"@type":"CommentAction","name":"Comment","target":["https:\/\/aenverde-cp7041.wordpresstemporal.com\/aenverdexpress.es\/2025\/07\/07\/tres-cooperativistas-por-eleccion\/#respond"]}]},{"@type":"Person","@id":"https:\/\/aenverdexpress.es\/#\/schema\/person\/7220664746e3c774cb3c4e5f81fc4ba0","name":"REDACCI\u00d3N AENVERDE","image":{"@type":"ImageObject","@id":"https:\/\/aenverdexpress.es\/#personlogo","inLanguage":"es","url":"https:\/\/secure.gravatar.com\/avatar\/82de37537a82ee30b014773728d8502cf11180bc1ea2f0a301ec70ebe59ea3e5?s=96&d=mm&r=g","contentUrl":"https:\/\/secure.gravatar.com\/avatar\/82de37537a82ee30b014773728d8502cf11180bc1ea2f0a301ec70ebe59ea3e5?s=96&d=mm&r=g","caption":"REDACCI\u00d3N AENVERDE"},"url":"https:\/\/aenverde-cp7041.wordpresstemporal.com\/aenverdexpress.es\/author\/damian\/"}]}},"builder_content":"","_links":{"self":[{"href":"https:\/\/aenverde-cp7041.wordpresstemporal.com\/aenverdexpress.es\/wp-json\/wp\/v2\/posts\/11684","targetHints":{"allow":["GET"]}}],"collection":[{"href":"https:\/\/aenverde-cp7041.wordpresstemporal.com\/aenverdexpress.es\/wp-json\/wp\/v2\/posts"}],"about":[{"href":"https:\/\/aenverde-cp7041.wordpresstemporal.com\/aenverdexpress.es\/wp-json\/wp\/v2\/types\/post"}],"author":[{"embeddable":true,"href":"https:\/\/aenverde-cp7041.wordpresstemporal.com\/aenverdexpress.es\/wp-json\/wp\/v2\/users\/2"}],"replies":[{"embeddable":true,"href":"https:\/\/aenverde-cp7041.wordpresstemporal.com\/aenverdexpress.es\/wp-json\/wp\/v2\/comments?post=11684"}],"version-history":[{"count":1,"href":"https:\/\/aenverde-cp7041.wordpresstemporal.com\/aenverdexpress.es\/wp-json\/wp\/v2\/posts\/11684\/revisions"}],"predecessor-version":[{"id":11686,"href":"https:\/\/aenverde-cp7041.wordpresstemporal.com\/aenverdexpress.es\/wp-json\/wp\/v2\/posts\/11684\/revisions\/11686"}],"wp:featuredmedia":[{"embeddable":true,"href":"https:\/\/aenverde-cp7041.wordpresstemporal.com\/aenverdexpress.es\/wp-json\/wp\/v2\/media\/11685"}],"wp:attachment":[{"href":"https:\/\/aenverde-cp7041.wordpresstemporal.com\/aenverdexpress.es\/wp-json\/wp\/v2\/media?parent=11684"}],"wp:term":[{"taxonomy":"category","embeddable":true,"href":"https:\/\/aenverde-cp7041.wordpresstemporal.com\/aenverdexpress.es\/wp-json\/wp\/v2\/categories?post=11684"},{"taxonomy":"post_tag","embeddable":true,"href":"https:\/\/aenverde-cp7041.wordpresstemporal.com\/aenverdexpress.es\/wp-json\/wp\/v2\/tags?post=11684"}],"curies":[{"name":"wp","href":"https:\/\/api.w.org\/{rel}","templated":true}]}}