{"id":12251,"date":"2025-09-25T06:28:49","date_gmt":"2025-09-25T06:28:49","guid":{"rendered":"https:\/\/aenverdexpress.es\/?p=12251"},"modified":"2025-09-25T06:28:50","modified_gmt":"2025-09-25T06:28:50","slug":"coexphal-lidera-la-promocion-del-tomate-espanol-en-fruit-attraction-2025","status":"publish","type":"post","link":"https:\/\/aenverde-cp7041.wordpresstemporal.com\/aenverdexpress.es\/2025\/09\/25\/coexphal-lidera-la-promocion-del-tomate-espanol-en-fruit-attraction-2025\/","title":{"rendered":"COEXPHAL\u00a0lidera la promoci\u00f3n del tomate espa\u00f1ol en\u00a0Fruit Attraction 2025"},"content":{"rendered":"<!--themify_builder_content-->\n<div id=\"themify_builder_content-12251\" data-postid=\"12251\" class=\"themify_builder_content themify_builder_content-12251 themify_builder tf_clear\">\n    <\/div>\n<!--\/themify_builder_content-->\n\n\n<p class=\"wp-block-paragraph\">(Tambi\u00e9n nos puedes seguir por&nbsp;<a href=\"https:\/\/whatsapp.com\/channel\/0029Va8Ttl0Elah1sRZ3Y10w\" target=\"_blank\" rel=\"noreferrer noopener\">nuestro canal de WhatsApp<\/a>)<\/p>\n\n\n\n<p class=\"wp-block-paragraph\"><strong><a href=\"https:\/\/www.coexphal.es\/\">COEXPHAL<\/a>, gestionar\u00e1 la zona agrupada de Andaluc\u00eda en la 17\u00aa edici\u00f3n de Fruit Attraction,<\/strong>\u00a0que este a\u00f1o abarca 2.552 metros cuadrados y reune a 35 empresas productoras y comercializadoras de frutas y hortalizas, as\u00ed como a su industria auxiliar de Almer\u00eda y Granada.<\/p>\n\n\n\n<p class=\"wp-block-paragraph\">M\u00e1s informaci\u00f3n <a href=\"https:\/\/www.aenverde.es\/coexphal-lidera-la-promocion-del-tomate-espanol-en-fruit-attraction-2025\/\">aqu\u00ed<\/a>.<\/p>","protected":false},"excerpt":{"rendered":"<p>(Tambi\u00e9n nos puedes seguir por&nbsp;nuestro canal de WhatsApp) COEXPHAL, gestionar\u00e1 la zona agrupada de Andaluc\u00eda en la 17\u00aa edici\u00f3n de Fruit Attraction,\u00a0que este a\u00f1o abarca 2.552 metros cuadrados y reune a 35 empresas productoras y comercializadoras de frutas y hortalizas, as\u00ed como a su industria auxiliar de Almer\u00eda y Granada. M\u00e1s informaci\u00f3n aqu\u00ed.<\/p>\n","protected":false},"author":2,"featured_media":12252,"comment_status":"open","ping_status":"open","sticky":false,"template":"","format":"standard","meta":{"footnotes":""},"categories":[11],"tags":[19,84,17,76],"class_list":["post-12251","post","type-post","status-publish","format-standard","has-post-thumbnail","hentry","category-actualidad","tag-coexphal","tag-fruit-attraction","tag-frutas-y-hortalizas","tag-tomate","has-post-title","has-post-date","has-post-category","has-post-tag","has-post-comment","has-post-author",""],"yoast_head":"<!-- This site is optimized with the Yoast SEO plugin v18.2 - https:\/\/yoast.com\/wordpress\/plugins\/seo\/ -->\n<title>COEXPHAL\u00a0lidera la promoci\u00f3n del tomate espa\u00f1ol en\u00a0Fruit Attraction 2025 - Aenverde Express<\/title>\n<meta name=\"robots\" content=\"index, follow, max-snippet:-1, max-image-preview:large, max-video-preview:-1\" \/>\n<link rel=\"canonical\" href=\"https:\/\/aenverde-cp7041.wordpresstemporal.com\/aenverdexpress.es\/2025\/09\/25\/coexphal-lidera-la-promocion-del-tomate-espanol-en-fruit-attraction-2025\/\" \/>\n<meta property=\"og:locale\" content=\"es_ES\" \/>\n<meta property=\"og:type\" content=\"article\" \/>\n<meta property=\"og:title\" content=\"COEXPHAL\u00a0lidera la promoci\u00f3n del tomate espa\u00f1ol en\u00a0Fruit Attraction 2025 - Aenverde Express\" \/>\n<meta property=\"og:description\" content=\"(Tambi\u00e9n nos puedes seguir por&nbsp;nuestro canal de WhatsApp) COEXPHAL, gestionar\u00e1 la zona agrupada de Andaluc\u00eda en la 17\u00aa edici\u00f3n de Fruit Attraction,\u00a0que este a\u00f1o abarca 2.552 metros cuadrados y reune a 35 empresas productoras y comercializadoras de frutas y hortalizas, as\u00ed como a su industria auxiliar de Almer\u00eda y Granada. M\u00e1s informaci\u00f3n aqu\u00ed.\" \/>\n<meta property=\"og:url\" content=\"https:\/\/aenverde-cp7041.wordpresstemporal.com\/aenverdexpress.es\/2025\/09\/25\/coexphal-lidera-la-promocion-del-tomate-espanol-en-fruit-attraction-2025\/\" \/>\n<meta property=\"og:site_name\" content=\"Aenverde Express\" \/>\n<meta property=\"article:published_time\" content=\"2025-09-25T06:28:49+00:00\" \/>\n<meta property=\"article:modified_time\" content=\"2025-09-25T06:28:50+00:00\" \/>\n<meta property=\"og:image\" content=\"https:\/\/aenverde-cp7041.wordpresstemporal.com\/aenverdexpress.es\/wp-content\/uploads\/2025\/09\/stand-coexphal.jpg\" \/>\n\t<meta property=\"og:image:width\" content=\"850\" \/>\n\t<meta property=\"og:image:height\" content=\"579\" \/>\n\t<meta property=\"og:image:type\" content=\"image\/jpeg\" \/>\n<meta name=\"twitter:card\" content=\"summary_large_image\" \/>\n<meta name=\"twitter:label1\" content=\"Escrito por\" \/>\n\t<meta name=\"twitter:data1\" content=\"REDACCI\u00d3N AENVERDE\" \/>\n<script type=\"application\/ld+json\" class=\"yoast-schema-graph\">{\"@context\":\"https:\/\/schema.org\",\"@graph\":[{\"@type\":\"Organization\",\"@id\":\"https:\/\/aenverdexpress.es\/#organization\",\"name\":\"AENVERDE\",\"url\":\"https:\/\/aenverdexpress.es\/\",\"sameAs\":[],\"logo\":{\"@type\":\"ImageObject\",\"@id\":\"https:\/\/aenverdexpress.es\/#logo\",\"inLanguage\":\"es\",\"url\":\"https:\/\/aenverdexpress.es\/wp-content\/uploads\/2021\/12\/A-EN-VERDE-LOGO-FONDO-1DB954-01-1024x1024-1.jpg\",\"contentUrl\":\"https:\/\/aenverdexpress.es\/wp-content\/uploads\/2021\/12\/A-EN-VERDE-LOGO-FONDO-1DB954-01-1024x1024-1.jpg\",\"width\":1024,\"height\":1024,\"caption\":\"AENVERDE\"},\"image\":{\"@id\":\"https:\/\/aenverdexpress.es\/#logo\"}},{\"@type\":\"WebSite\",\"@id\":\"https:\/\/aenverdexpress.es\/#website\",\"url\":\"https:\/\/aenverdexpress.es\/\",\"name\":\"Aenverde Express\",\"description\":\"\",\"publisher\":{\"@id\":\"https:\/\/aenverdexpress.es\/#organization\"},\"potentialAction\":[{\"@type\":\"SearchAction\",\"target\":{\"@type\":\"EntryPoint\",\"urlTemplate\":\"https:\/\/aenverdexpress.es\/?s={search_term_string}\"},\"query-input\":\"required name=search_term_string\"}],\"inLanguage\":\"es\"},{\"@type\":\"ImageObject\",\"@id\":\"https:\/\/aenverde-cp7041.wordpresstemporal.com\/aenverdexpress.es\/2025\/09\/25\/coexphal-lidera-la-promocion-del-tomate-espanol-en-fruit-attraction-2025\/#primaryimage\",\"inLanguage\":\"es\",\"url\":\"https:\/\/aenverde-cp7041.wordpresstemporal.com\/aenverdexpress.es\/wp-content\/uploads\/2025\/09\/stand-coexphal.jpg\",\"contentUrl\":\"https:\/\/aenverde-cp7041.wordpresstemporal.com\/aenverdexpress.es\/wp-content\/uploads\/2025\/09\/stand-coexphal.jpg\",\"width\":850,\"height\":579,\"caption\":\"stand-coexphal\"},{\"@type\":\"WebPage\",\"@id\":\"https:\/\/aenverde-cp7041.wordpresstemporal.com\/aenverdexpress.es\/2025\/09\/25\/coexphal-lidera-la-promocion-del-tomate-espanol-en-fruit-attraction-2025\/#webpage\",\"url\":\"https:\/\/aenverde-cp7041.wordpresstemporal.com\/aenverdexpress.es\/2025\/09\/25\/coexphal-lidera-la-promocion-del-tomate-espanol-en-fruit-attraction-2025\/\",\"name\":\"COEXPHAL\u00a0lidera la promoci\u00f3n del tomate espa\u00f1ol en\u00a0Fruit Attraction 2025 - Aenverde Express\",\"isPartOf\":{\"@id\":\"https:\/\/aenverdexpress.es\/#website\"},\"primaryImageOfPage\":{\"@id\":\"https:\/\/aenverde-cp7041.wordpresstemporal.com\/aenverdexpress.es\/2025\/09\/25\/coexphal-lidera-la-promocion-del-tomate-espanol-en-fruit-attraction-2025\/#primaryimage\"},\"datePublished\":\"2025-09-25T06:28:49+00:00\",\"dateModified\":\"2025-09-25T06:28:50+00:00\",\"breadcrumb\":{\"@id\":\"https:\/\/aenverde-cp7041.wordpresstemporal.com\/aenverdexpress.es\/2025\/09\/25\/coexphal-lidera-la-promocion-del-tomate-espanol-en-fruit-attraction-2025\/#breadcrumb\"},\"inLanguage\":\"es\",\"potentialAction\":[{\"@type\":\"ReadAction\",\"target\":[\"https:\/\/aenverde-cp7041.wordpresstemporal.com\/aenverdexpress.es\/2025\/09\/25\/coexphal-lidera-la-promocion-del-tomate-espanol-en-fruit-attraction-2025\/\"]}]},{\"@type\":\"BreadcrumbList\",\"@id\":\"https:\/\/aenverde-cp7041.wordpresstemporal.com\/aenverdexpress.es\/2025\/09\/25\/coexphal-lidera-la-promocion-del-tomate-espanol-en-fruit-attraction-2025\/#breadcrumb\",\"itemListElement\":[{\"@type\":\"ListItem\",\"position\":1,\"name\":\"Portada\",\"item\":\"https:\/\/aenverdexpress.es\/\"},{\"@type\":\"ListItem\",\"position\":2,\"name\":\"COEXPHAL\u00a0lidera la promoci\u00f3n del tomate espa\u00f1ol en\u00a0Fruit Attraction 2025\"}]},{\"@type\":\"Article\",\"@id\":\"https:\/\/aenverde-cp7041.wordpresstemporal.com\/aenverdexpress.es\/2025\/09\/25\/coexphal-lidera-la-promocion-del-tomate-espanol-en-fruit-attraction-2025\/#article\",\"isPartOf\":{\"@id\":\"https:\/\/aenverde-cp7041.wordpresstemporal.com\/aenverdexpress.es\/2025\/09\/25\/coexphal-lidera-la-promocion-del-tomate-espanol-en-fruit-attraction-2025\/#webpage\"},\"author\":{\"@id\":\"https:\/\/aenverdexpress.es\/#\/schema\/person\/7220664746e3c774cb3c4e5f81fc4ba0\"},\"headline\":\"COEXPHAL\u00a0lidera la promoci\u00f3n del tomate espa\u00f1ol en\u00a0Fruit Attraction 2025\",\"datePublished\":\"2025-09-25T06:28:49+00:00\",\"dateModified\":\"2025-09-25T06:28:50+00:00\",\"mainEntityOfPage\":{\"@id\":\"https:\/\/aenverde-cp7041.wordpresstemporal.com\/aenverdexpress.es\/2025\/09\/25\/coexphal-lidera-la-promocion-del-tomate-espanol-en-fruit-attraction-2025\/#webpage\"},\"wordCount\":72,\"commentCount\":0,\"publisher\":{\"@id\":\"https:\/\/aenverdexpress.es\/#organization\"},\"image\":{\"@id\":\"https:\/\/aenverde-cp7041.wordpresstemporal.com\/aenverdexpress.es\/2025\/09\/25\/coexphal-lidera-la-promocion-del-tomate-espanol-en-fruit-attraction-2025\/#primaryimage\"},\"thumbnailUrl\":\"https:\/\/aenverde-cp7041.wordpresstemporal.com\/aenverdexpress.es\/wp-content\/uploads\/2025\/09\/stand-coexphal.jpg\",\"keywords\":[\"COEXPHAL\",\"fruit attraction\",\"frutas y hortalizas\",\"tomate\"],\"articleSection\":[\"Actualidad\"],\"inLanguage\":\"es\",\"potentialAction\":[{\"@type\":\"CommentAction\",\"name\":\"Comment\",\"target\":[\"https:\/\/aenverde-cp7041.wordpresstemporal.com\/aenverdexpress.es\/2025\/09\/25\/coexphal-lidera-la-promocion-del-tomate-espanol-en-fruit-attraction-2025\/#respond\"]}]},{\"@type\":\"Person\",\"@id\":\"https:\/\/aenverdexpress.es\/#\/schema\/person\/7220664746e3c774cb3c4e5f81fc4ba0\",\"name\":\"REDACCI\u00d3N AENVERDE\",\"image\":{\"@type\":\"ImageObject\",\"@id\":\"https:\/\/aenverdexpress.es\/#personlogo\",\"inLanguage\":\"es\",\"url\":\"https:\/\/secure.gravatar.com\/avatar\/82de37537a82ee30b014773728d8502cf11180bc1ea2f0a301ec70ebe59ea3e5?s=96&d=mm&r=g\",\"contentUrl\":\"https:\/\/secure.gravatar.com\/avatar\/82de37537a82ee30b014773728d8502cf11180bc1ea2f0a301ec70ebe59ea3e5?s=96&d=mm&r=g\",\"caption\":\"REDACCI\u00d3N AENVERDE\"},\"url\":\"https:\/\/aenverde-cp7041.wordpresstemporal.com\/aenverdexpress.es\/author\/damian\/\"}]}<\/script>\n<!-- \/ Yoast SEO plugin. -->","yoast_head_json":{"title":"COEXPHAL\u00a0lidera la promoci\u00f3n del tomate espa\u00f1ol en\u00a0Fruit Attraction 2025 - Aenverde Express","robots":{"index":"index","follow":"follow","max-snippet":"max-snippet:-1","max-image-preview":"max-image-preview:large","max-video-preview":"max-video-preview:-1"},"canonical":"https:\/\/aenverde-cp7041.wordpresstemporal.com\/aenverdexpress.es\/2025\/09\/25\/coexphal-lidera-la-promocion-del-tomate-espanol-en-fruit-attraction-2025\/","og_locale":"es_ES","og_type":"article","og_title":"COEXPHAL\u00a0lidera la promoci\u00f3n del tomate espa\u00f1ol en\u00a0Fruit Attraction 2025 - Aenverde Express","og_description":"(Tambi\u00e9n nos puedes seguir por&nbsp;nuestro canal de WhatsApp) COEXPHAL, gestionar\u00e1 la zona agrupada de Andaluc\u00eda en la 17\u00aa edici\u00f3n de Fruit Attraction,\u00a0que este a\u00f1o abarca 2.552 metros cuadrados y reune a 35 empresas productoras y comercializadoras de frutas y hortalizas, as\u00ed como a su industria auxiliar de Almer\u00eda y Granada. M\u00e1s informaci\u00f3n aqu\u00ed.","og_url":"https:\/\/aenverde-cp7041.wordpresstemporal.com\/aenverdexpress.es\/2025\/09\/25\/coexphal-lidera-la-promocion-del-tomate-espanol-en-fruit-attraction-2025\/","og_site_name":"Aenverde Express","article_published_time":"2025-09-25T06:28:49+00:00","article_modified_time":"2025-09-25T06:28:50+00:00","og_image":[{"width":850,"height":579,"url":"https:\/\/aenverde-cp7041.wordpresstemporal.com\/aenverdexpress.es\/wp-content\/uploads\/2025\/09\/stand-coexphal.jpg","type":"image\/jpeg"}],"twitter_card":"summary_large_image","twitter_misc":{"Escrito por":"REDACCI\u00d3N AENVERDE"},"schema":{"@context":"https:\/\/schema.org","@graph":[{"@type":"Organization","@id":"https:\/\/aenverdexpress.es\/#organization","name":"AENVERDE","url":"https:\/\/aenverdexpress.es\/","sameAs":[],"logo":{"@type":"ImageObject","@id":"https:\/\/aenverdexpress.es\/#logo","inLanguage":"es","url":"https:\/\/aenverdexpress.es\/wp-content\/uploads\/2021\/12\/A-EN-VERDE-LOGO-FONDO-1DB954-01-1024x1024-1.jpg","contentUrl":"https:\/\/aenverdexpress.es\/wp-content\/uploads\/2021\/12\/A-EN-VERDE-LOGO-FONDO-1DB954-01-1024x1024-1.jpg","width":1024,"height":1024,"caption":"AENVERDE"},"image":{"@id":"https:\/\/aenverdexpress.es\/#logo"}},{"@type":"WebSite","@id":"https:\/\/aenverdexpress.es\/#website","url":"https:\/\/aenverdexpress.es\/","name":"Aenverde Express","description":"","publisher":{"@id":"https:\/\/aenverdexpress.es\/#organization"},"potentialAction":[{"@type":"SearchAction","target":{"@type":"EntryPoint","urlTemplate":"https:\/\/aenverdexpress.es\/?s={search_term_string}"},"query-input":"required name=search_term_string"}],"inLanguage":"es"},{"@type":"ImageObject","@id":"https:\/\/aenverde-cp7041.wordpresstemporal.com\/aenverdexpress.es\/2025\/09\/25\/coexphal-lidera-la-promocion-del-tomate-espanol-en-fruit-attraction-2025\/#primaryimage","inLanguage":"es","url":"https:\/\/aenverde-cp7041.wordpresstemporal.com\/aenverdexpress.es\/wp-content\/uploads\/2025\/09\/stand-coexphal.jpg","contentUrl":"https:\/\/aenverde-cp7041.wordpresstemporal.com\/aenverdexpress.es\/wp-content\/uploads\/2025\/09\/stand-coexphal.jpg","width":850,"height":579,"caption":"stand-coexphal"},{"@type":"WebPage","@id":"https:\/\/aenverde-cp7041.wordpresstemporal.com\/aenverdexpress.es\/2025\/09\/25\/coexphal-lidera-la-promocion-del-tomate-espanol-en-fruit-attraction-2025\/#webpage","url":"https:\/\/aenverde-cp7041.wordpresstemporal.com\/aenverdexpress.es\/2025\/09\/25\/coexphal-lidera-la-promocion-del-tomate-espanol-en-fruit-attraction-2025\/","name":"COEXPHAL\u00a0lidera la promoci\u00f3n del tomate espa\u00f1ol en\u00a0Fruit Attraction 2025 - Aenverde Express","isPartOf":{"@id":"https:\/\/aenverdexpress.es\/#website"},"primaryImageOfPage":{"@id":"https:\/\/aenverde-cp7041.wordpresstemporal.com\/aenverdexpress.es\/2025\/09\/25\/coexphal-lidera-la-promocion-del-tomate-espanol-en-fruit-attraction-2025\/#primaryimage"},"datePublished":"2025-09-25T06:28:49+00:00","dateModified":"2025-09-25T06:28:50+00:00","breadcrumb":{"@id":"https:\/\/aenverde-cp7041.wordpresstemporal.com\/aenverdexpress.es\/2025\/09\/25\/coexphal-lidera-la-promocion-del-tomate-espanol-en-fruit-attraction-2025\/#breadcrumb"},"inLanguage":"es","potentialAction":[{"@type":"ReadAction","target":["https:\/\/aenverde-cp7041.wordpresstemporal.com\/aenverdexpress.es\/2025\/09\/25\/coexphal-lidera-la-promocion-del-tomate-espanol-en-fruit-attraction-2025\/"]}]},{"@type":"BreadcrumbList","@id":"https:\/\/aenverde-cp7041.wordpresstemporal.com\/aenverdexpress.es\/2025\/09\/25\/coexphal-lidera-la-promocion-del-tomate-espanol-en-fruit-attraction-2025\/#breadcrumb","itemListElement":[{"@type":"ListItem","position":1,"name":"Portada","item":"https:\/\/aenverdexpress.es\/"},{"@type":"ListItem","position":2,"name":"COEXPHAL\u00a0lidera la promoci\u00f3n del tomate espa\u00f1ol en\u00a0Fruit Attraction 2025"}]},{"@type":"Article","@id":"https:\/\/aenverde-cp7041.wordpresstemporal.com\/aenverdexpress.es\/2025\/09\/25\/coexphal-lidera-la-promocion-del-tomate-espanol-en-fruit-attraction-2025\/#article","isPartOf":{"@id":"https:\/\/aenverde-cp7041.wordpresstemporal.com\/aenverdexpress.es\/2025\/09\/25\/coexphal-lidera-la-promocion-del-tomate-espanol-en-fruit-attraction-2025\/#webpage"},"author":{"@id":"https:\/\/aenverdexpress.es\/#\/schema\/person\/7220664746e3c774cb3c4e5f81fc4ba0"},"headline":"COEXPHAL\u00a0lidera la promoci\u00f3n del tomate espa\u00f1ol en\u00a0Fruit Attraction 2025","datePublished":"2025-09-25T06:28:49+00:00","dateModified":"2025-09-25T06:28:50+00:00","mainEntityOfPage":{"@id":"https:\/\/aenverde-cp7041.wordpresstemporal.com\/aenverdexpress.es\/2025\/09\/25\/coexphal-lidera-la-promocion-del-tomate-espanol-en-fruit-attraction-2025\/#webpage"},"wordCount":72,"commentCount":0,"publisher":{"@id":"https:\/\/aenverdexpress.es\/#organization"},"image":{"@id":"https:\/\/aenverde-cp7041.wordpresstemporal.com\/aenverdexpress.es\/2025\/09\/25\/coexphal-lidera-la-promocion-del-tomate-espanol-en-fruit-attraction-2025\/#primaryimage"},"thumbnailUrl":"https:\/\/aenverde-cp7041.wordpresstemporal.com\/aenverdexpress.es\/wp-content\/uploads\/2025\/09\/stand-coexphal.jpg","keywords":["COEXPHAL","fruit attraction","frutas y hortalizas","tomate"],"articleSection":["Actualidad"],"inLanguage":"es","potentialAction":[{"@type":"CommentAction","name":"Comment","target":["https:\/\/aenverde-cp7041.wordpresstemporal.com\/aenverdexpress.es\/2025\/09\/25\/coexphal-lidera-la-promocion-del-tomate-espanol-en-fruit-attraction-2025\/#respond"]}]},{"@type":"Person","@id":"https:\/\/aenverdexpress.es\/#\/schema\/person\/7220664746e3c774cb3c4e5f81fc4ba0","name":"REDACCI\u00d3N AENVERDE","image":{"@type":"ImageObject","@id":"https:\/\/aenverdexpress.es\/#personlogo","inLanguage":"es","url":"https:\/\/secure.gravatar.com\/avatar\/82de37537a82ee30b014773728d8502cf11180bc1ea2f0a301ec70ebe59ea3e5?s=96&d=mm&r=g","contentUrl":"https:\/\/secure.gravatar.com\/avatar\/82de37537a82ee30b014773728d8502cf11180bc1ea2f0a301ec70ebe59ea3e5?s=96&d=mm&r=g","caption":"REDACCI\u00d3N AENVERDE"},"url":"https:\/\/aenverde-cp7041.wordpresstemporal.com\/aenverdexpress.es\/author\/damian\/"}]}},"builder_content":"","_links":{"self":[{"href":"https:\/\/aenverde-cp7041.wordpresstemporal.com\/aenverdexpress.es\/wp-json\/wp\/v2\/posts\/12251","targetHints":{"allow":["GET"]}}],"collection":[{"href":"https:\/\/aenverde-cp7041.wordpresstemporal.com\/aenverdexpress.es\/wp-json\/wp\/v2\/posts"}],"about":[{"href":"https:\/\/aenverde-cp7041.wordpresstemporal.com\/aenverdexpress.es\/wp-json\/wp\/v2\/types\/post"}],"author":[{"embeddable":true,"href":"https:\/\/aenverde-cp7041.wordpresstemporal.com\/aenverdexpress.es\/wp-json\/wp\/v2\/users\/2"}],"replies":[{"embeddable":true,"href":"https:\/\/aenverde-cp7041.wordpresstemporal.com\/aenverdexpress.es\/wp-json\/wp\/v2\/comments?post=12251"}],"version-history":[{"count":1,"href":"https:\/\/aenverde-cp7041.wordpresstemporal.com\/aenverdexpress.es\/wp-json\/wp\/v2\/posts\/12251\/revisions"}],"predecessor-version":[{"id":12253,"href":"https:\/\/aenverde-cp7041.wordpresstemporal.com\/aenverdexpress.es\/wp-json\/wp\/v2\/posts\/12251\/revisions\/12253"}],"wp:featuredmedia":[{"embeddable":true,"href":"https:\/\/aenverde-cp7041.wordpresstemporal.com\/aenverdexpress.es\/wp-json\/wp\/v2\/media\/12252"}],"wp:attachment":[{"href":"https:\/\/aenverde-cp7041.wordpresstemporal.com\/aenverdexpress.es\/wp-json\/wp\/v2\/media?parent=12251"}],"wp:term":[{"taxonomy":"category","embeddable":true,"href":"https:\/\/aenverde-cp7041.wordpresstemporal.com\/aenverdexpress.es\/wp-json\/wp\/v2\/categories?post=12251"},{"taxonomy":"post_tag","embeddable":true,"href":"https:\/\/aenverde-cp7041.wordpresstemporal.com\/aenverdexpress.es\/wp-json\/wp\/v2\/tags?post=12251"}],"curies":[{"name":"wp","href":"https:\/\/api.w.org\/{rel}","templated":true}]}}