{"id":12599,"date":"2025-11-11T07:28:41","date_gmt":"2025-11-11T07:28:41","guid":{"rendered":"https:\/\/aenverdexpress.es\/?p=12599"},"modified":"2025-11-11T07:28:42","modified_gmt":"2025-11-11T07:28:42","slug":"comision-europea-diagnostico-intolerancia-a-la-fructosa","status":"publish","type":"post","link":"https:\/\/aenverde-cp7041.wordpresstemporal.com\/aenverdexpress.es\/2025\/11\/11\/comision-europea-diagnostico-intolerancia-a-la-fructosa\/","title":{"rendered":"Comisi\u00f3n Europea.\u00a0Diagn\u00f3stico:\u00a0Intolerancia a la fructosa"},"content":{"rendered":"<!--themify_builder_content-->\n<div id=\"themify_builder_content-12599\" data-postid=\"12599\" class=\"themify_builder_content themify_builder_content-12599 themify_builder tf_clear\">\n    <\/div>\n<!--\/themify_builder_content-->\n\n\n<p class=\"wp-block-paragraph\">(Tambi\u00e9n nos puedes seguir por&nbsp;<a href=\"https:\/\/whatsapp.com\/channel\/0029Va8Ttl0Elah1sRZ3Y10w\" target=\"_blank\" rel=\"noreferrer noopener\">nuestro canal de WhatsApp<\/a>)<\/p>\n\n\n\n<p class=\"wp-block-paragraph\"><strong>El pasado 3 de octubre se produjo lo que no se deseaba, pero se intu\u00eda: La Comisi\u00f3n Europea sorteaba las sentencias del Tribunal de Justica de la UE sobre los productos agropecuarios del S\u00e1hara Occidental<\/strong>&nbsp;con una modificaci\u00f3n del Acuerdo con Marruecos, que entraba en vigor de forma provisional a la espera de la ratificaci\u00f3n en el Parlamento Europeo. La decisi\u00f3n fue publicada el lunes d\u00eda 6.<\/p>\n\n\n\n<p class=\"wp-block-paragraph\">M\u00e1s informaci\u00f3n <a href=\"https:\/\/www.aenverde.es\/comision-europea-diagnostico-intolerancia-a-la-fructosa\/\">aqu\u00ed<\/a>.<\/p>","protected":false},"excerpt":{"rendered":"<p>(Tambi\u00e9n nos puedes seguir por&nbsp;nuestro canal de WhatsApp) El pasado 3 de octubre se produjo lo que no se deseaba, pero se intu\u00eda: La Comisi\u00f3n Europea sorteaba las sentencias del Tribunal de Justica de la UE sobre los productos agropecuarios del S\u00e1hara Occidental&nbsp;con una modificaci\u00f3n del Acuerdo con Marruecos, que entraba en vigor de forma [&hellip;]<\/p>\n","protected":false},"author":2,"featured_media":12600,"comment_status":"open","ping_status":"open","sticky":false,"template":"","format":"standard","meta":{"footnotes":""},"categories":[11],"tags":[1516,19,69,32,30,1518],"class_list":["post-12599","post","type-post","status-publish","format-standard","has-post-thumbnail","hentry","category-actualidad","tag-acuerdo-ue-marruecos","tag-coexphal","tag-comision-europea","tag-cooperativas","tag-pac","tag-politica-agraria-comun-2","has-post-title","has-post-date","has-post-category","has-post-tag","has-post-comment","has-post-author",""],"yoast_head":"<!-- This site is optimized with the Yoast SEO plugin v18.2 - https:\/\/yoast.com\/wordpress\/plugins\/seo\/ -->\n<title>Comisi\u00f3n Europea.\u00a0Diagn\u00f3stico:\u00a0Intolerancia a la fructosa - Aenverde Express<\/title>\n<meta name=\"robots\" content=\"index, follow, max-snippet:-1, max-image-preview:large, max-video-preview:-1\" \/>\n<link rel=\"canonical\" href=\"https:\/\/aenverde-cp7041.wordpresstemporal.com\/aenverdexpress.es\/2025\/11\/11\/comision-europea-diagnostico-intolerancia-a-la-fructosa\/\" \/>\n<meta property=\"og:locale\" content=\"es_ES\" \/>\n<meta property=\"og:type\" content=\"article\" \/>\n<meta property=\"og:title\" content=\"Comisi\u00f3n Europea.\u00a0Diagn\u00f3stico:\u00a0Intolerancia a la fructosa - Aenverde Express\" \/>\n<meta property=\"og:description\" content=\"(Tambi\u00e9n nos puedes seguir por&nbsp;nuestro canal de WhatsApp) El pasado 3 de octubre se produjo lo que no se deseaba, pero se intu\u00eda: La Comisi\u00f3n Europea sorteaba las sentencias del Tribunal de Justica de la UE sobre los productos agropecuarios del S\u00e1hara Occidental&nbsp;con una modificaci\u00f3n del Acuerdo con Marruecos, que entraba en vigor de forma [&hellip;]\" \/>\n<meta property=\"og:url\" content=\"https:\/\/aenverde-cp7041.wordpresstemporal.com\/aenverdexpress.es\/2025\/11\/11\/comision-europea-diagnostico-intolerancia-a-la-fructosa\/\" \/>\n<meta property=\"og:site_name\" content=\"Aenverde Express\" \/>\n<meta property=\"article:published_time\" content=\"2025-11-11T07:28:41+00:00\" \/>\n<meta property=\"article:modified_time\" content=\"2025-11-11T07:28:42+00:00\" \/>\n<meta property=\"og:image\" content=\"https:\/\/aenverde-cp7041.wordpresstemporal.com\/aenverdexpress.es\/wp-content\/uploads\/2025\/11\/Acuerdo-UE-Marruecos.jpg\" \/>\n\t<meta property=\"og:image:width\" content=\"850\" \/>\n\t<meta property=\"og:image:height\" content=\"579\" \/>\n\t<meta property=\"og:image:type\" content=\"image\/jpeg\" \/>\n<meta name=\"twitter:card\" content=\"summary_large_image\" \/>\n<meta name=\"twitter:label1\" content=\"Escrito por\" \/>\n\t<meta name=\"twitter:data1\" content=\"REDACCI\u00d3N AENVERDE\" \/>\n<script type=\"application\/ld+json\" class=\"yoast-schema-graph\">{\"@context\":\"https:\/\/schema.org\",\"@graph\":[{\"@type\":\"Organization\",\"@id\":\"https:\/\/aenverdexpress.es\/#organization\",\"name\":\"AENVERDE\",\"url\":\"https:\/\/aenverdexpress.es\/\",\"sameAs\":[],\"logo\":{\"@type\":\"ImageObject\",\"@id\":\"https:\/\/aenverdexpress.es\/#logo\",\"inLanguage\":\"es\",\"url\":\"https:\/\/aenverdexpress.es\/wp-content\/uploads\/2021\/12\/A-EN-VERDE-LOGO-FONDO-1DB954-01-1024x1024-1.jpg\",\"contentUrl\":\"https:\/\/aenverdexpress.es\/wp-content\/uploads\/2021\/12\/A-EN-VERDE-LOGO-FONDO-1DB954-01-1024x1024-1.jpg\",\"width\":1024,\"height\":1024,\"caption\":\"AENVERDE\"},\"image\":{\"@id\":\"https:\/\/aenverdexpress.es\/#logo\"}},{\"@type\":\"WebSite\",\"@id\":\"https:\/\/aenverdexpress.es\/#website\",\"url\":\"https:\/\/aenverdexpress.es\/\",\"name\":\"Aenverde Express\",\"description\":\"\",\"publisher\":{\"@id\":\"https:\/\/aenverdexpress.es\/#organization\"},\"potentialAction\":[{\"@type\":\"SearchAction\",\"target\":{\"@type\":\"EntryPoint\",\"urlTemplate\":\"https:\/\/aenverdexpress.es\/?s={search_term_string}\"},\"query-input\":\"required name=search_term_string\"}],\"inLanguage\":\"es\"},{\"@type\":\"ImageObject\",\"@id\":\"https:\/\/aenverde-cp7041.wordpresstemporal.com\/aenverdexpress.es\/2025\/11\/11\/comision-europea-diagnostico-intolerancia-a-la-fructosa\/#primaryimage\",\"inLanguage\":\"es\",\"url\":\"https:\/\/aenverde-cp7041.wordpresstemporal.com\/aenverdexpress.es\/wp-content\/uploads\/2025\/11\/Acuerdo-UE-Marruecos.jpg\",\"contentUrl\":\"https:\/\/aenverde-cp7041.wordpresstemporal.com\/aenverdexpress.es\/wp-content\/uploads\/2025\/11\/Acuerdo-UE-Marruecos.jpg\",\"width\":850,\"height\":579,\"caption\":\"Acuerdo-UE-Marruecos\"},{\"@type\":\"WebPage\",\"@id\":\"https:\/\/aenverde-cp7041.wordpresstemporal.com\/aenverdexpress.es\/2025\/11\/11\/comision-europea-diagnostico-intolerancia-a-la-fructosa\/#webpage\",\"url\":\"https:\/\/aenverde-cp7041.wordpresstemporal.com\/aenverdexpress.es\/2025\/11\/11\/comision-europea-diagnostico-intolerancia-a-la-fructosa\/\",\"name\":\"Comisi\u00f3n Europea.\u00a0Diagn\u00f3stico:\u00a0Intolerancia a la fructosa - Aenverde Express\",\"isPartOf\":{\"@id\":\"https:\/\/aenverdexpress.es\/#website\"},\"primaryImageOfPage\":{\"@id\":\"https:\/\/aenverde-cp7041.wordpresstemporal.com\/aenverdexpress.es\/2025\/11\/11\/comision-europea-diagnostico-intolerancia-a-la-fructosa\/#primaryimage\"},\"datePublished\":\"2025-11-11T07:28:41+00:00\",\"dateModified\":\"2025-11-11T07:28:42+00:00\",\"breadcrumb\":{\"@id\":\"https:\/\/aenverde-cp7041.wordpresstemporal.com\/aenverdexpress.es\/2025\/11\/11\/comision-europea-diagnostico-intolerancia-a-la-fructosa\/#breadcrumb\"},\"inLanguage\":\"es\",\"potentialAction\":[{\"@type\":\"ReadAction\",\"target\":[\"https:\/\/aenverde-cp7041.wordpresstemporal.com\/aenverdexpress.es\/2025\/11\/11\/comision-europea-diagnostico-intolerancia-a-la-fructosa\/\"]}]},{\"@type\":\"BreadcrumbList\",\"@id\":\"https:\/\/aenverde-cp7041.wordpresstemporal.com\/aenverdexpress.es\/2025\/11\/11\/comision-europea-diagnostico-intolerancia-a-la-fructosa\/#breadcrumb\",\"itemListElement\":[{\"@type\":\"ListItem\",\"position\":1,\"name\":\"Portada\",\"item\":\"https:\/\/aenverdexpress.es\/\"},{\"@type\":\"ListItem\",\"position\":2,\"name\":\"Comisi\u00f3n Europea.\u00a0Diagn\u00f3stico:\u00a0Intolerancia a la fructosa\"}]},{\"@type\":\"Article\",\"@id\":\"https:\/\/aenverde-cp7041.wordpresstemporal.com\/aenverdexpress.es\/2025\/11\/11\/comision-europea-diagnostico-intolerancia-a-la-fructosa\/#article\",\"isPartOf\":{\"@id\":\"https:\/\/aenverde-cp7041.wordpresstemporal.com\/aenverdexpress.es\/2025\/11\/11\/comision-europea-diagnostico-intolerancia-a-la-fructosa\/#webpage\"},\"author\":{\"@id\":\"https:\/\/aenverdexpress.es\/#\/schema\/person\/7220664746e3c774cb3c4e5f81fc4ba0\"},\"headline\":\"Comisi\u00f3n Europea.\u00a0Diagn\u00f3stico:\u00a0Intolerancia a la fructosa\",\"datePublished\":\"2025-11-11T07:28:41+00:00\",\"dateModified\":\"2025-11-11T07:28:42+00:00\",\"mainEntityOfPage\":{\"@id\":\"https:\/\/aenverde-cp7041.wordpresstemporal.com\/aenverdexpress.es\/2025\/11\/11\/comision-europea-diagnostico-intolerancia-a-la-fructosa\/#webpage\"},\"wordCount\":98,\"commentCount\":0,\"publisher\":{\"@id\":\"https:\/\/aenverdexpress.es\/#organization\"},\"image\":{\"@id\":\"https:\/\/aenverde-cp7041.wordpresstemporal.com\/aenverdexpress.es\/2025\/11\/11\/comision-europea-diagnostico-intolerancia-a-la-fructosa\/#primaryimage\"},\"thumbnailUrl\":\"https:\/\/aenverde-cp7041.wordpresstemporal.com\/aenverdexpress.es\/wp-content\/uploads\/2025\/11\/Acuerdo-UE-Marruecos.jpg\",\"keywords\":[\"Acuerdo UE-Marruecos\",\"COEXPHAL\",\"Comisi\u00f3n Europea\",\"Cooperativas\",\"PAC\",\"Politica Agraria Com\u00fan\"],\"articleSection\":[\"Actualidad\"],\"inLanguage\":\"es\",\"potentialAction\":[{\"@type\":\"CommentAction\",\"name\":\"Comment\",\"target\":[\"https:\/\/aenverde-cp7041.wordpresstemporal.com\/aenverdexpress.es\/2025\/11\/11\/comision-europea-diagnostico-intolerancia-a-la-fructosa\/#respond\"]}]},{\"@type\":\"Person\",\"@id\":\"https:\/\/aenverdexpress.es\/#\/schema\/person\/7220664746e3c774cb3c4e5f81fc4ba0\",\"name\":\"REDACCI\u00d3N AENVERDE\",\"image\":{\"@type\":\"ImageObject\",\"@id\":\"https:\/\/aenverdexpress.es\/#personlogo\",\"inLanguage\":\"es\",\"url\":\"https:\/\/secure.gravatar.com\/avatar\/82de37537a82ee30b014773728d8502cf11180bc1ea2f0a301ec70ebe59ea3e5?s=96&d=mm&r=g\",\"contentUrl\":\"https:\/\/secure.gravatar.com\/avatar\/82de37537a82ee30b014773728d8502cf11180bc1ea2f0a301ec70ebe59ea3e5?s=96&d=mm&r=g\",\"caption\":\"REDACCI\u00d3N AENVERDE\"},\"url\":\"https:\/\/aenverde-cp7041.wordpresstemporal.com\/aenverdexpress.es\/author\/damian\/\"}]}<\/script>\n<!-- \/ Yoast SEO plugin. -->","yoast_head_json":{"title":"Comisi\u00f3n Europea.\u00a0Diagn\u00f3stico:\u00a0Intolerancia a la fructosa - Aenverde Express","robots":{"index":"index","follow":"follow","max-snippet":"max-snippet:-1","max-image-preview":"max-image-preview:large","max-video-preview":"max-video-preview:-1"},"canonical":"https:\/\/aenverde-cp7041.wordpresstemporal.com\/aenverdexpress.es\/2025\/11\/11\/comision-europea-diagnostico-intolerancia-a-la-fructosa\/","og_locale":"es_ES","og_type":"article","og_title":"Comisi\u00f3n Europea.\u00a0Diagn\u00f3stico:\u00a0Intolerancia a la fructosa - Aenverde Express","og_description":"(Tambi\u00e9n nos puedes seguir por&nbsp;nuestro canal de WhatsApp) El pasado 3 de octubre se produjo lo que no se deseaba, pero se intu\u00eda: La Comisi\u00f3n Europea sorteaba las sentencias del Tribunal de Justica de la UE sobre los productos agropecuarios del S\u00e1hara Occidental&nbsp;con una modificaci\u00f3n del Acuerdo con Marruecos, que entraba en vigor de forma [&hellip;]","og_url":"https:\/\/aenverde-cp7041.wordpresstemporal.com\/aenverdexpress.es\/2025\/11\/11\/comision-europea-diagnostico-intolerancia-a-la-fructosa\/","og_site_name":"Aenverde Express","article_published_time":"2025-11-11T07:28:41+00:00","article_modified_time":"2025-11-11T07:28:42+00:00","og_image":[{"width":850,"height":579,"url":"https:\/\/aenverde-cp7041.wordpresstemporal.com\/aenverdexpress.es\/wp-content\/uploads\/2025\/11\/Acuerdo-UE-Marruecos.jpg","type":"image\/jpeg"}],"twitter_card":"summary_large_image","twitter_misc":{"Escrito por":"REDACCI\u00d3N AENVERDE"},"schema":{"@context":"https:\/\/schema.org","@graph":[{"@type":"Organization","@id":"https:\/\/aenverdexpress.es\/#organization","name":"AENVERDE","url":"https:\/\/aenverdexpress.es\/","sameAs":[],"logo":{"@type":"ImageObject","@id":"https:\/\/aenverdexpress.es\/#logo","inLanguage":"es","url":"https:\/\/aenverdexpress.es\/wp-content\/uploads\/2021\/12\/A-EN-VERDE-LOGO-FONDO-1DB954-01-1024x1024-1.jpg","contentUrl":"https:\/\/aenverdexpress.es\/wp-content\/uploads\/2021\/12\/A-EN-VERDE-LOGO-FONDO-1DB954-01-1024x1024-1.jpg","width":1024,"height":1024,"caption":"AENVERDE"},"image":{"@id":"https:\/\/aenverdexpress.es\/#logo"}},{"@type":"WebSite","@id":"https:\/\/aenverdexpress.es\/#website","url":"https:\/\/aenverdexpress.es\/","name":"Aenverde Express","description":"","publisher":{"@id":"https:\/\/aenverdexpress.es\/#organization"},"potentialAction":[{"@type":"SearchAction","target":{"@type":"EntryPoint","urlTemplate":"https:\/\/aenverdexpress.es\/?s={search_term_string}"},"query-input":"required name=search_term_string"}],"inLanguage":"es"},{"@type":"ImageObject","@id":"https:\/\/aenverde-cp7041.wordpresstemporal.com\/aenverdexpress.es\/2025\/11\/11\/comision-europea-diagnostico-intolerancia-a-la-fructosa\/#primaryimage","inLanguage":"es","url":"https:\/\/aenverde-cp7041.wordpresstemporal.com\/aenverdexpress.es\/wp-content\/uploads\/2025\/11\/Acuerdo-UE-Marruecos.jpg","contentUrl":"https:\/\/aenverde-cp7041.wordpresstemporal.com\/aenverdexpress.es\/wp-content\/uploads\/2025\/11\/Acuerdo-UE-Marruecos.jpg","width":850,"height":579,"caption":"Acuerdo-UE-Marruecos"},{"@type":"WebPage","@id":"https:\/\/aenverde-cp7041.wordpresstemporal.com\/aenverdexpress.es\/2025\/11\/11\/comision-europea-diagnostico-intolerancia-a-la-fructosa\/#webpage","url":"https:\/\/aenverde-cp7041.wordpresstemporal.com\/aenverdexpress.es\/2025\/11\/11\/comision-europea-diagnostico-intolerancia-a-la-fructosa\/","name":"Comisi\u00f3n Europea.\u00a0Diagn\u00f3stico:\u00a0Intolerancia a la fructosa - Aenverde Express","isPartOf":{"@id":"https:\/\/aenverdexpress.es\/#website"},"primaryImageOfPage":{"@id":"https:\/\/aenverde-cp7041.wordpresstemporal.com\/aenverdexpress.es\/2025\/11\/11\/comision-europea-diagnostico-intolerancia-a-la-fructosa\/#primaryimage"},"datePublished":"2025-11-11T07:28:41+00:00","dateModified":"2025-11-11T07:28:42+00:00","breadcrumb":{"@id":"https:\/\/aenverde-cp7041.wordpresstemporal.com\/aenverdexpress.es\/2025\/11\/11\/comision-europea-diagnostico-intolerancia-a-la-fructosa\/#breadcrumb"},"inLanguage":"es","potentialAction":[{"@type":"ReadAction","target":["https:\/\/aenverde-cp7041.wordpresstemporal.com\/aenverdexpress.es\/2025\/11\/11\/comision-europea-diagnostico-intolerancia-a-la-fructosa\/"]}]},{"@type":"BreadcrumbList","@id":"https:\/\/aenverde-cp7041.wordpresstemporal.com\/aenverdexpress.es\/2025\/11\/11\/comision-europea-diagnostico-intolerancia-a-la-fructosa\/#breadcrumb","itemListElement":[{"@type":"ListItem","position":1,"name":"Portada","item":"https:\/\/aenverdexpress.es\/"},{"@type":"ListItem","position":2,"name":"Comisi\u00f3n Europea.\u00a0Diagn\u00f3stico:\u00a0Intolerancia a la fructosa"}]},{"@type":"Article","@id":"https:\/\/aenverde-cp7041.wordpresstemporal.com\/aenverdexpress.es\/2025\/11\/11\/comision-europea-diagnostico-intolerancia-a-la-fructosa\/#article","isPartOf":{"@id":"https:\/\/aenverde-cp7041.wordpresstemporal.com\/aenverdexpress.es\/2025\/11\/11\/comision-europea-diagnostico-intolerancia-a-la-fructosa\/#webpage"},"author":{"@id":"https:\/\/aenverdexpress.es\/#\/schema\/person\/7220664746e3c774cb3c4e5f81fc4ba0"},"headline":"Comisi\u00f3n Europea.\u00a0Diagn\u00f3stico:\u00a0Intolerancia a la fructosa","datePublished":"2025-11-11T07:28:41+00:00","dateModified":"2025-11-11T07:28:42+00:00","mainEntityOfPage":{"@id":"https:\/\/aenverde-cp7041.wordpresstemporal.com\/aenverdexpress.es\/2025\/11\/11\/comision-europea-diagnostico-intolerancia-a-la-fructosa\/#webpage"},"wordCount":98,"commentCount":0,"publisher":{"@id":"https:\/\/aenverdexpress.es\/#organization"},"image":{"@id":"https:\/\/aenverde-cp7041.wordpresstemporal.com\/aenverdexpress.es\/2025\/11\/11\/comision-europea-diagnostico-intolerancia-a-la-fructosa\/#primaryimage"},"thumbnailUrl":"https:\/\/aenverde-cp7041.wordpresstemporal.com\/aenverdexpress.es\/wp-content\/uploads\/2025\/11\/Acuerdo-UE-Marruecos.jpg","keywords":["Acuerdo UE-Marruecos","COEXPHAL","Comisi\u00f3n Europea","Cooperativas","PAC","Politica Agraria Com\u00fan"],"articleSection":["Actualidad"],"inLanguage":"es","potentialAction":[{"@type":"CommentAction","name":"Comment","target":["https:\/\/aenverde-cp7041.wordpresstemporal.com\/aenverdexpress.es\/2025\/11\/11\/comision-europea-diagnostico-intolerancia-a-la-fructosa\/#respond"]}]},{"@type":"Person","@id":"https:\/\/aenverdexpress.es\/#\/schema\/person\/7220664746e3c774cb3c4e5f81fc4ba0","name":"REDACCI\u00d3N AENVERDE","image":{"@type":"ImageObject","@id":"https:\/\/aenverdexpress.es\/#personlogo","inLanguage":"es","url":"https:\/\/secure.gravatar.com\/avatar\/82de37537a82ee30b014773728d8502cf11180bc1ea2f0a301ec70ebe59ea3e5?s=96&d=mm&r=g","contentUrl":"https:\/\/secure.gravatar.com\/avatar\/82de37537a82ee30b014773728d8502cf11180bc1ea2f0a301ec70ebe59ea3e5?s=96&d=mm&r=g","caption":"REDACCI\u00d3N AENVERDE"},"url":"https:\/\/aenverde-cp7041.wordpresstemporal.com\/aenverdexpress.es\/author\/damian\/"}]}},"builder_content":"","_links":{"self":[{"href":"https:\/\/aenverde-cp7041.wordpresstemporal.com\/aenverdexpress.es\/wp-json\/wp\/v2\/posts\/12599","targetHints":{"allow":["GET"]}}],"collection":[{"href":"https:\/\/aenverde-cp7041.wordpresstemporal.com\/aenverdexpress.es\/wp-json\/wp\/v2\/posts"}],"about":[{"href":"https:\/\/aenverde-cp7041.wordpresstemporal.com\/aenverdexpress.es\/wp-json\/wp\/v2\/types\/post"}],"author":[{"embeddable":true,"href":"https:\/\/aenverde-cp7041.wordpresstemporal.com\/aenverdexpress.es\/wp-json\/wp\/v2\/users\/2"}],"replies":[{"embeddable":true,"href":"https:\/\/aenverde-cp7041.wordpresstemporal.com\/aenverdexpress.es\/wp-json\/wp\/v2\/comments?post=12599"}],"version-history":[{"count":1,"href":"https:\/\/aenverde-cp7041.wordpresstemporal.com\/aenverdexpress.es\/wp-json\/wp\/v2\/posts\/12599\/revisions"}],"predecessor-version":[{"id":12601,"href":"https:\/\/aenverde-cp7041.wordpresstemporal.com\/aenverdexpress.es\/wp-json\/wp\/v2\/posts\/12599\/revisions\/12601"}],"wp:featuredmedia":[{"embeddable":true,"href":"https:\/\/aenverde-cp7041.wordpresstemporal.com\/aenverdexpress.es\/wp-json\/wp\/v2\/media\/12600"}],"wp:attachment":[{"href":"https:\/\/aenverde-cp7041.wordpresstemporal.com\/aenverdexpress.es\/wp-json\/wp\/v2\/media?parent=12599"}],"wp:term":[{"taxonomy":"category","embeddable":true,"href":"https:\/\/aenverde-cp7041.wordpresstemporal.com\/aenverdexpress.es\/wp-json\/wp\/v2\/categories?post=12599"},{"taxonomy":"post_tag","embeddable":true,"href":"https:\/\/aenverde-cp7041.wordpresstemporal.com\/aenverdexpress.es\/wp-json\/wp\/v2\/tags?post=12599"}],"curies":[{"name":"wp","href":"https:\/\/api.w.org\/{rel}","templated":true}]}}