{"id":13093,"date":"2026-01-22T07:22:28","date_gmt":"2026-01-22T07:22:28","guid":{"rendered":"https:\/\/aenverdexpress.es\/?p=13093"},"modified":"2026-01-22T07:22:29","modified_gmt":"2026-01-22T07:22:29","slug":"la-junta-de-andalucia-informa-a-las-empresas-sobre-las-ayudas-para-mejorar-la-competitividad-agricola","status":"publish","type":"post","link":"https:\/\/aenverde-cp7041.wordpresstemporal.com\/aenverdexpress.es\/2026\/01\/22\/la-junta-de-andalucia-informa-a-las-empresas-sobre-las-ayudas-para-mejorar-la-competitividad-agricola\/","title":{"rendered":"La Junta de Andaluc\u00eda\u00a0informa a las empresas sobre las ayudas para\u00a0mejorar la competitividad agr\u00edcola"},"content":{"rendered":"<!--themify_builder_content-->\n<div id=\"themify_builder_content-13093\" data-postid=\"13093\" class=\"themify_builder_content themify_builder_content-13093 themify_builder tf_clear\">\n    <\/div>\n<!--\/themify_builder_content-->\n\n\n<p class=\"wp-block-paragraph\">(Tambi\u00e9n nos puedes seguir por&nbsp;<a href=\"https:\/\/whatsapp.com\/channel\/0029Va8Ttl0Elah1sRZ3Y10w\" target=\"_blank\" rel=\"noreferrer noopener\">nuestro canal de WhatsApp<\/a>)<\/p>\n\n\n\n<p class=\"wp-block-paragraph\"><strong>El delegado territorial de Agricultura, Antonio Mena, <\/strong>ha mantenido un encuentro con empresas agroalimentarias de la provincia para\u00a0<strong>informar sobre la nueva convocatoria de ayudas impulsada por la Junta de Andaluc\u00eda, destinada a apoyar inversiones en transformaci\u00f3n, comercializaci\u00f3n y desarrollo de productos agroalimentarios<\/strong>.<\/p>\n\n\n\n<p class=\"wp-block-paragraph\">M\u00e1s informaci\u00f3n <a href=\"https:\/\/www.aenverde.es\/la-junta-de-andalucia-informa-a-las-empresas-sobre-las-ayudas-para-mejorar-la-competitividad-agricola\/\">aqu\u00ed<\/a>.<\/p>","protected":false},"excerpt":{"rendered":"<p>(Tambi\u00e9n nos puedes seguir por&nbsp;nuestro canal de WhatsApp) El delegado territorial de Agricultura, Antonio Mena, ha mantenido un encuentro con empresas agroalimentarias de la provincia para\u00a0informar sobre la nueva convocatoria de ayudas impulsada por la Junta de Andaluc\u00eda, destinada a apoyar inversiones en transformaci\u00f3n, comercializaci\u00f3n y desarrollo de productos agroalimentarios. M\u00e1s informaci\u00f3n aqu\u00ed.<\/p>\n","protected":false},"author":2,"featured_media":13094,"comment_status":"open","ping_status":"open","sticky":false,"template":"","format":"standard","meta":{"footnotes":""},"categories":[11],"tags":[154,1302,28,1412],"class_list":["post-13093","post","type-post","status-publish","format-standard","has-post-thumbnail","hentry","category-actualidad","tag-ayudas","tag-competitividad","tag-junta-de-andalucia","tag-modernizacion","has-post-title","has-post-date","has-post-category","has-post-tag","has-post-comment","has-post-author",""],"yoast_head":"<!-- This site is optimized with the Yoast SEO plugin v18.2 - https:\/\/yoast.com\/wordpress\/plugins\/seo\/ -->\n<title>La Junta de Andaluc\u00eda\u00a0informa a las empresas sobre las ayudas para\u00a0mejorar la competitividad agr\u00edcola - Aenverde Express<\/title>\n<meta name=\"robots\" content=\"index, follow, max-snippet:-1, max-image-preview:large, max-video-preview:-1\" \/>\n<link rel=\"canonical\" href=\"https:\/\/aenverde-cp7041.wordpresstemporal.com\/aenverdexpress.es\/2026\/01\/22\/la-junta-de-andalucia-informa-a-las-empresas-sobre-las-ayudas-para-mejorar-la-competitividad-agricola\/\" \/>\n<meta property=\"og:locale\" content=\"es_ES\" \/>\n<meta property=\"og:type\" content=\"article\" \/>\n<meta property=\"og:title\" content=\"La Junta de Andaluc\u00eda\u00a0informa a las empresas sobre las ayudas para\u00a0mejorar la competitividad agr\u00edcola - Aenverde Express\" \/>\n<meta property=\"og:description\" content=\"(Tambi\u00e9n nos puedes seguir por&nbsp;nuestro canal de WhatsApp) El delegado territorial de Agricultura, Antonio Mena, ha mantenido un encuentro con empresas agroalimentarias de la provincia para\u00a0informar sobre la nueva convocatoria de ayudas impulsada por la Junta de Andaluc\u00eda, destinada a apoyar inversiones en transformaci\u00f3n, comercializaci\u00f3n y desarrollo de productos agroalimentarios. M\u00e1s informaci\u00f3n aqu\u00ed.\" \/>\n<meta property=\"og:url\" content=\"https:\/\/aenverde-cp7041.wordpresstemporal.com\/aenverdexpress.es\/2026\/01\/22\/la-junta-de-andalucia-informa-a-las-empresas-sobre-las-ayudas-para-mejorar-la-competitividad-agricola\/\" \/>\n<meta property=\"og:site_name\" content=\"Aenverde Express\" \/>\n<meta property=\"article:published_time\" content=\"2026-01-22T07:22:28+00:00\" \/>\n<meta property=\"article:modified_time\" content=\"2026-01-22T07:22:29+00:00\" \/>\n<meta property=\"og:image\" content=\"https:\/\/aenverde-cp7041.wordpresstemporal.com\/aenverdexpress.es\/wp-content\/uploads\/2026\/01\/delegacion-agricultora.jpg\" \/>\n\t<meta property=\"og:image:width\" content=\"850\" \/>\n\t<meta property=\"og:image:height\" content=\"579\" \/>\n\t<meta property=\"og:image:type\" content=\"image\/jpeg\" \/>\n<meta name=\"twitter:card\" content=\"summary_large_image\" \/>\n<meta name=\"twitter:label1\" content=\"Escrito por\" \/>\n\t<meta name=\"twitter:data1\" content=\"REDACCI\u00d3N AENVERDE\" \/>\n<script type=\"application\/ld+json\" class=\"yoast-schema-graph\">{\"@context\":\"https:\/\/schema.org\",\"@graph\":[{\"@type\":\"Organization\",\"@id\":\"https:\/\/aenverdexpress.es\/#organization\",\"name\":\"AENVERDE\",\"url\":\"https:\/\/aenverdexpress.es\/\",\"sameAs\":[],\"logo\":{\"@type\":\"ImageObject\",\"@id\":\"https:\/\/aenverdexpress.es\/#logo\",\"inLanguage\":\"es\",\"url\":\"https:\/\/aenverdexpress.es\/wp-content\/uploads\/2021\/12\/A-EN-VERDE-LOGO-FONDO-1DB954-01-1024x1024-1.jpg\",\"contentUrl\":\"https:\/\/aenverdexpress.es\/wp-content\/uploads\/2021\/12\/A-EN-VERDE-LOGO-FONDO-1DB954-01-1024x1024-1.jpg\",\"width\":1024,\"height\":1024,\"caption\":\"AENVERDE\"},\"image\":{\"@id\":\"https:\/\/aenverdexpress.es\/#logo\"}},{\"@type\":\"WebSite\",\"@id\":\"https:\/\/aenverdexpress.es\/#website\",\"url\":\"https:\/\/aenverdexpress.es\/\",\"name\":\"Aenverde Express\",\"description\":\"\",\"publisher\":{\"@id\":\"https:\/\/aenverdexpress.es\/#organization\"},\"potentialAction\":[{\"@type\":\"SearchAction\",\"target\":{\"@type\":\"EntryPoint\",\"urlTemplate\":\"https:\/\/aenverdexpress.es\/?s={search_term_string}\"},\"query-input\":\"required name=search_term_string\"}],\"inLanguage\":\"es\"},{\"@type\":\"ImageObject\",\"@id\":\"https:\/\/aenverde-cp7041.wordpresstemporal.com\/aenverdexpress.es\/2026\/01\/22\/la-junta-de-andalucia-informa-a-las-empresas-sobre-las-ayudas-para-mejorar-la-competitividad-agricola\/#primaryimage\",\"inLanguage\":\"es\",\"url\":\"https:\/\/aenverde-cp7041.wordpresstemporal.com\/aenverdexpress.es\/wp-content\/uploads\/2026\/01\/delegacion-agricultora.jpg\",\"contentUrl\":\"https:\/\/aenverde-cp7041.wordpresstemporal.com\/aenverdexpress.es\/wp-content\/uploads\/2026\/01\/delegacion-agricultora.jpg\",\"width\":850,\"height\":579,\"caption\":\"delegacion-agricultora\"},{\"@type\":\"WebPage\",\"@id\":\"https:\/\/aenverde-cp7041.wordpresstemporal.com\/aenverdexpress.es\/2026\/01\/22\/la-junta-de-andalucia-informa-a-las-empresas-sobre-las-ayudas-para-mejorar-la-competitividad-agricola\/#webpage\",\"url\":\"https:\/\/aenverde-cp7041.wordpresstemporal.com\/aenverdexpress.es\/2026\/01\/22\/la-junta-de-andalucia-informa-a-las-empresas-sobre-las-ayudas-para-mejorar-la-competitividad-agricola\/\",\"name\":\"La Junta de Andaluc\u00eda\u00a0informa a las empresas sobre las ayudas para\u00a0mejorar la competitividad agr\u00edcola - Aenverde Express\",\"isPartOf\":{\"@id\":\"https:\/\/aenverdexpress.es\/#website\"},\"primaryImageOfPage\":{\"@id\":\"https:\/\/aenverde-cp7041.wordpresstemporal.com\/aenverdexpress.es\/2026\/01\/22\/la-junta-de-andalucia-informa-a-las-empresas-sobre-las-ayudas-para-mejorar-la-competitividad-agricola\/#primaryimage\"},\"datePublished\":\"2026-01-22T07:22:28+00:00\",\"dateModified\":\"2026-01-22T07:22:29+00:00\",\"breadcrumb\":{\"@id\":\"https:\/\/aenverde-cp7041.wordpresstemporal.com\/aenverdexpress.es\/2026\/01\/22\/la-junta-de-andalucia-informa-a-las-empresas-sobre-las-ayudas-para-mejorar-la-competitividad-agricola\/#breadcrumb\"},\"inLanguage\":\"es\",\"potentialAction\":[{\"@type\":\"ReadAction\",\"target\":[\"https:\/\/aenverde-cp7041.wordpresstemporal.com\/aenverdexpress.es\/2026\/01\/22\/la-junta-de-andalucia-informa-a-las-empresas-sobre-las-ayudas-para-mejorar-la-competitividad-agricola\/\"]}]},{\"@type\":\"BreadcrumbList\",\"@id\":\"https:\/\/aenverde-cp7041.wordpresstemporal.com\/aenverdexpress.es\/2026\/01\/22\/la-junta-de-andalucia-informa-a-las-empresas-sobre-las-ayudas-para-mejorar-la-competitividad-agricola\/#breadcrumb\",\"itemListElement\":[{\"@type\":\"ListItem\",\"position\":1,\"name\":\"Portada\",\"item\":\"https:\/\/aenverdexpress.es\/\"},{\"@type\":\"ListItem\",\"position\":2,\"name\":\"La Junta de Andaluc\u00eda\u00a0informa a las empresas sobre las ayudas para\u00a0mejorar la competitividad agr\u00edcola\"}]},{\"@type\":\"Article\",\"@id\":\"https:\/\/aenverde-cp7041.wordpresstemporal.com\/aenverdexpress.es\/2026\/01\/22\/la-junta-de-andalucia-informa-a-las-empresas-sobre-las-ayudas-para-mejorar-la-competitividad-agricola\/#article\",\"isPartOf\":{\"@id\":\"https:\/\/aenverde-cp7041.wordpresstemporal.com\/aenverdexpress.es\/2026\/01\/22\/la-junta-de-andalucia-informa-a-las-empresas-sobre-las-ayudas-para-mejorar-la-competitividad-agricola\/#webpage\"},\"author\":{\"@id\":\"https:\/\/aenverdexpress.es\/#\/schema\/person\/7220664746e3c774cb3c4e5f81fc4ba0\"},\"headline\":\"La Junta de Andaluc\u00eda\u00a0informa a las empresas sobre las ayudas para\u00a0mejorar la competitividad agr\u00edcola\",\"datePublished\":\"2026-01-22T07:22:28+00:00\",\"dateModified\":\"2026-01-22T07:22:29+00:00\",\"mainEntityOfPage\":{\"@id\":\"https:\/\/aenverde-cp7041.wordpresstemporal.com\/aenverdexpress.es\/2026\/01\/22\/la-junta-de-andalucia-informa-a-las-empresas-sobre-las-ayudas-para-mejorar-la-competitividad-agricola\/#webpage\"},\"wordCount\":80,\"commentCount\":0,\"publisher\":{\"@id\":\"https:\/\/aenverdexpress.es\/#organization\"},\"image\":{\"@id\":\"https:\/\/aenverde-cp7041.wordpresstemporal.com\/aenverdexpress.es\/2026\/01\/22\/la-junta-de-andalucia-informa-a-las-empresas-sobre-las-ayudas-para-mejorar-la-competitividad-agricola\/#primaryimage\"},\"thumbnailUrl\":\"https:\/\/aenverde-cp7041.wordpresstemporal.com\/aenverdexpress.es\/wp-content\/uploads\/2026\/01\/delegacion-agricultora.jpg\",\"keywords\":[\"ayudas\",\"Competitividad\",\"Junta de Andaluc\u00eda\",\"modernizaci\u00f3n\"],\"articleSection\":[\"Actualidad\"],\"inLanguage\":\"es\",\"potentialAction\":[{\"@type\":\"CommentAction\",\"name\":\"Comment\",\"target\":[\"https:\/\/aenverde-cp7041.wordpresstemporal.com\/aenverdexpress.es\/2026\/01\/22\/la-junta-de-andalucia-informa-a-las-empresas-sobre-las-ayudas-para-mejorar-la-competitividad-agricola\/#respond\"]}]},{\"@type\":\"Person\",\"@id\":\"https:\/\/aenverdexpress.es\/#\/schema\/person\/7220664746e3c774cb3c4e5f81fc4ba0\",\"name\":\"REDACCI\u00d3N AENVERDE\",\"image\":{\"@type\":\"ImageObject\",\"@id\":\"https:\/\/aenverdexpress.es\/#personlogo\",\"inLanguage\":\"es\",\"url\":\"https:\/\/secure.gravatar.com\/avatar\/82de37537a82ee30b014773728d8502cf11180bc1ea2f0a301ec70ebe59ea3e5?s=96&d=mm&r=g\",\"contentUrl\":\"https:\/\/secure.gravatar.com\/avatar\/82de37537a82ee30b014773728d8502cf11180bc1ea2f0a301ec70ebe59ea3e5?s=96&d=mm&r=g\",\"caption\":\"REDACCI\u00d3N AENVERDE\"},\"url\":\"https:\/\/aenverde-cp7041.wordpresstemporal.com\/aenverdexpress.es\/author\/damian\/\"}]}<\/script>\n<!-- \/ Yoast SEO plugin. -->","yoast_head_json":{"title":"La Junta de Andaluc\u00eda\u00a0informa a las empresas sobre las ayudas para\u00a0mejorar la competitividad agr\u00edcola - Aenverde Express","robots":{"index":"index","follow":"follow","max-snippet":"max-snippet:-1","max-image-preview":"max-image-preview:large","max-video-preview":"max-video-preview:-1"},"canonical":"https:\/\/aenverde-cp7041.wordpresstemporal.com\/aenverdexpress.es\/2026\/01\/22\/la-junta-de-andalucia-informa-a-las-empresas-sobre-las-ayudas-para-mejorar-la-competitividad-agricola\/","og_locale":"es_ES","og_type":"article","og_title":"La Junta de Andaluc\u00eda\u00a0informa a las empresas sobre las ayudas para\u00a0mejorar la competitividad agr\u00edcola - Aenverde Express","og_description":"(Tambi\u00e9n nos puedes seguir por&nbsp;nuestro canal de WhatsApp) El delegado territorial de Agricultura, Antonio Mena, ha mantenido un encuentro con empresas agroalimentarias de la provincia para\u00a0informar sobre la nueva convocatoria de ayudas impulsada por la Junta de Andaluc\u00eda, destinada a apoyar inversiones en transformaci\u00f3n, comercializaci\u00f3n y desarrollo de productos agroalimentarios. M\u00e1s informaci\u00f3n aqu\u00ed.","og_url":"https:\/\/aenverde-cp7041.wordpresstemporal.com\/aenverdexpress.es\/2026\/01\/22\/la-junta-de-andalucia-informa-a-las-empresas-sobre-las-ayudas-para-mejorar-la-competitividad-agricola\/","og_site_name":"Aenverde Express","article_published_time":"2026-01-22T07:22:28+00:00","article_modified_time":"2026-01-22T07:22:29+00:00","og_image":[{"width":850,"height":579,"url":"https:\/\/aenverde-cp7041.wordpresstemporal.com\/aenverdexpress.es\/wp-content\/uploads\/2026\/01\/delegacion-agricultora.jpg","type":"image\/jpeg"}],"twitter_card":"summary_large_image","twitter_misc":{"Escrito por":"REDACCI\u00d3N AENVERDE"},"schema":{"@context":"https:\/\/schema.org","@graph":[{"@type":"Organization","@id":"https:\/\/aenverdexpress.es\/#organization","name":"AENVERDE","url":"https:\/\/aenverdexpress.es\/","sameAs":[],"logo":{"@type":"ImageObject","@id":"https:\/\/aenverdexpress.es\/#logo","inLanguage":"es","url":"https:\/\/aenverdexpress.es\/wp-content\/uploads\/2021\/12\/A-EN-VERDE-LOGO-FONDO-1DB954-01-1024x1024-1.jpg","contentUrl":"https:\/\/aenverdexpress.es\/wp-content\/uploads\/2021\/12\/A-EN-VERDE-LOGO-FONDO-1DB954-01-1024x1024-1.jpg","width":1024,"height":1024,"caption":"AENVERDE"},"image":{"@id":"https:\/\/aenverdexpress.es\/#logo"}},{"@type":"WebSite","@id":"https:\/\/aenverdexpress.es\/#website","url":"https:\/\/aenverdexpress.es\/","name":"Aenverde Express","description":"","publisher":{"@id":"https:\/\/aenverdexpress.es\/#organization"},"potentialAction":[{"@type":"SearchAction","target":{"@type":"EntryPoint","urlTemplate":"https:\/\/aenverdexpress.es\/?s={search_term_string}"},"query-input":"required name=search_term_string"}],"inLanguage":"es"},{"@type":"ImageObject","@id":"https:\/\/aenverde-cp7041.wordpresstemporal.com\/aenverdexpress.es\/2026\/01\/22\/la-junta-de-andalucia-informa-a-las-empresas-sobre-las-ayudas-para-mejorar-la-competitividad-agricola\/#primaryimage","inLanguage":"es","url":"https:\/\/aenverde-cp7041.wordpresstemporal.com\/aenverdexpress.es\/wp-content\/uploads\/2026\/01\/delegacion-agricultora.jpg","contentUrl":"https:\/\/aenverde-cp7041.wordpresstemporal.com\/aenverdexpress.es\/wp-content\/uploads\/2026\/01\/delegacion-agricultora.jpg","width":850,"height":579,"caption":"delegacion-agricultora"},{"@type":"WebPage","@id":"https:\/\/aenverde-cp7041.wordpresstemporal.com\/aenverdexpress.es\/2026\/01\/22\/la-junta-de-andalucia-informa-a-las-empresas-sobre-las-ayudas-para-mejorar-la-competitividad-agricola\/#webpage","url":"https:\/\/aenverde-cp7041.wordpresstemporal.com\/aenverdexpress.es\/2026\/01\/22\/la-junta-de-andalucia-informa-a-las-empresas-sobre-las-ayudas-para-mejorar-la-competitividad-agricola\/","name":"La Junta de Andaluc\u00eda\u00a0informa a las empresas sobre las ayudas para\u00a0mejorar la competitividad agr\u00edcola - Aenverde Express","isPartOf":{"@id":"https:\/\/aenverdexpress.es\/#website"},"primaryImageOfPage":{"@id":"https:\/\/aenverde-cp7041.wordpresstemporal.com\/aenverdexpress.es\/2026\/01\/22\/la-junta-de-andalucia-informa-a-las-empresas-sobre-las-ayudas-para-mejorar-la-competitividad-agricola\/#primaryimage"},"datePublished":"2026-01-22T07:22:28+00:00","dateModified":"2026-01-22T07:22:29+00:00","breadcrumb":{"@id":"https:\/\/aenverde-cp7041.wordpresstemporal.com\/aenverdexpress.es\/2026\/01\/22\/la-junta-de-andalucia-informa-a-las-empresas-sobre-las-ayudas-para-mejorar-la-competitividad-agricola\/#breadcrumb"},"inLanguage":"es","potentialAction":[{"@type":"ReadAction","target":["https:\/\/aenverde-cp7041.wordpresstemporal.com\/aenverdexpress.es\/2026\/01\/22\/la-junta-de-andalucia-informa-a-las-empresas-sobre-las-ayudas-para-mejorar-la-competitividad-agricola\/"]}]},{"@type":"BreadcrumbList","@id":"https:\/\/aenverde-cp7041.wordpresstemporal.com\/aenverdexpress.es\/2026\/01\/22\/la-junta-de-andalucia-informa-a-las-empresas-sobre-las-ayudas-para-mejorar-la-competitividad-agricola\/#breadcrumb","itemListElement":[{"@type":"ListItem","position":1,"name":"Portada","item":"https:\/\/aenverdexpress.es\/"},{"@type":"ListItem","position":2,"name":"La Junta de Andaluc\u00eda\u00a0informa a las empresas sobre las ayudas para\u00a0mejorar la competitividad agr\u00edcola"}]},{"@type":"Article","@id":"https:\/\/aenverde-cp7041.wordpresstemporal.com\/aenverdexpress.es\/2026\/01\/22\/la-junta-de-andalucia-informa-a-las-empresas-sobre-las-ayudas-para-mejorar-la-competitividad-agricola\/#article","isPartOf":{"@id":"https:\/\/aenverde-cp7041.wordpresstemporal.com\/aenverdexpress.es\/2026\/01\/22\/la-junta-de-andalucia-informa-a-las-empresas-sobre-las-ayudas-para-mejorar-la-competitividad-agricola\/#webpage"},"author":{"@id":"https:\/\/aenverdexpress.es\/#\/schema\/person\/7220664746e3c774cb3c4e5f81fc4ba0"},"headline":"La Junta de Andaluc\u00eda\u00a0informa a las empresas sobre las ayudas para\u00a0mejorar la competitividad agr\u00edcola","datePublished":"2026-01-22T07:22:28+00:00","dateModified":"2026-01-22T07:22:29+00:00","mainEntityOfPage":{"@id":"https:\/\/aenverde-cp7041.wordpresstemporal.com\/aenverdexpress.es\/2026\/01\/22\/la-junta-de-andalucia-informa-a-las-empresas-sobre-las-ayudas-para-mejorar-la-competitividad-agricola\/#webpage"},"wordCount":80,"commentCount":0,"publisher":{"@id":"https:\/\/aenverdexpress.es\/#organization"},"image":{"@id":"https:\/\/aenverde-cp7041.wordpresstemporal.com\/aenverdexpress.es\/2026\/01\/22\/la-junta-de-andalucia-informa-a-las-empresas-sobre-las-ayudas-para-mejorar-la-competitividad-agricola\/#primaryimage"},"thumbnailUrl":"https:\/\/aenverde-cp7041.wordpresstemporal.com\/aenverdexpress.es\/wp-content\/uploads\/2026\/01\/delegacion-agricultora.jpg","keywords":["ayudas","Competitividad","Junta de Andaluc\u00eda","modernizaci\u00f3n"],"articleSection":["Actualidad"],"inLanguage":"es","potentialAction":[{"@type":"CommentAction","name":"Comment","target":["https:\/\/aenverde-cp7041.wordpresstemporal.com\/aenverdexpress.es\/2026\/01\/22\/la-junta-de-andalucia-informa-a-las-empresas-sobre-las-ayudas-para-mejorar-la-competitividad-agricola\/#respond"]}]},{"@type":"Person","@id":"https:\/\/aenverdexpress.es\/#\/schema\/person\/7220664746e3c774cb3c4e5f81fc4ba0","name":"REDACCI\u00d3N AENVERDE","image":{"@type":"ImageObject","@id":"https:\/\/aenverdexpress.es\/#personlogo","inLanguage":"es","url":"https:\/\/secure.gravatar.com\/avatar\/82de37537a82ee30b014773728d8502cf11180bc1ea2f0a301ec70ebe59ea3e5?s=96&d=mm&r=g","contentUrl":"https:\/\/secure.gravatar.com\/avatar\/82de37537a82ee30b014773728d8502cf11180bc1ea2f0a301ec70ebe59ea3e5?s=96&d=mm&r=g","caption":"REDACCI\u00d3N AENVERDE"},"url":"https:\/\/aenverde-cp7041.wordpresstemporal.com\/aenverdexpress.es\/author\/damian\/"}]}},"builder_content":"","_links":{"self":[{"href":"https:\/\/aenverde-cp7041.wordpresstemporal.com\/aenverdexpress.es\/wp-json\/wp\/v2\/posts\/13093","targetHints":{"allow":["GET"]}}],"collection":[{"href":"https:\/\/aenverde-cp7041.wordpresstemporal.com\/aenverdexpress.es\/wp-json\/wp\/v2\/posts"}],"about":[{"href":"https:\/\/aenverde-cp7041.wordpresstemporal.com\/aenverdexpress.es\/wp-json\/wp\/v2\/types\/post"}],"author":[{"embeddable":true,"href":"https:\/\/aenverde-cp7041.wordpresstemporal.com\/aenverdexpress.es\/wp-json\/wp\/v2\/users\/2"}],"replies":[{"embeddable":true,"href":"https:\/\/aenverde-cp7041.wordpresstemporal.com\/aenverdexpress.es\/wp-json\/wp\/v2\/comments?post=13093"}],"version-history":[{"count":1,"href":"https:\/\/aenverde-cp7041.wordpresstemporal.com\/aenverdexpress.es\/wp-json\/wp\/v2\/posts\/13093\/revisions"}],"predecessor-version":[{"id":13095,"href":"https:\/\/aenverde-cp7041.wordpresstemporal.com\/aenverdexpress.es\/wp-json\/wp\/v2\/posts\/13093\/revisions\/13095"}],"wp:featuredmedia":[{"embeddable":true,"href":"https:\/\/aenverde-cp7041.wordpresstemporal.com\/aenverdexpress.es\/wp-json\/wp\/v2\/media\/13094"}],"wp:attachment":[{"href":"https:\/\/aenverde-cp7041.wordpresstemporal.com\/aenverdexpress.es\/wp-json\/wp\/v2\/media?parent=13093"}],"wp:term":[{"taxonomy":"category","embeddable":true,"href":"https:\/\/aenverde-cp7041.wordpresstemporal.com\/aenverdexpress.es\/wp-json\/wp\/v2\/categories?post=13093"},{"taxonomy":"post_tag","embeddable":true,"href":"https:\/\/aenverde-cp7041.wordpresstemporal.com\/aenverdexpress.es\/wp-json\/wp\/v2\/tags?post=13093"}],"curies":[{"name":"wp","href":"https:\/\/api.w.org\/{rel}","templated":true}]}}