{"id":13331,"date":"2026-02-23T07:28:30","date_gmt":"2026-02-23T07:28:30","guid":{"rendered":"https:\/\/aenverdexpress.es\/?p=13331"},"modified":"2026-02-23T07:28:31","modified_gmt":"2026-02-23T07:28:31","slug":"las-exportaciones-andaluzas-de-hortalizas-suponen-ya-el-47-de-toda-espana","status":"publish","type":"post","link":"https:\/\/aenverde-cp7041.wordpresstemporal.com\/aenverdexpress.es\/2026\/02\/23\/las-exportaciones-andaluzas-de-hortalizas-suponen-ya-el-47-de-toda-espana\/","title":{"rendered":"Las exportaciones andaluzas\u00a0de hortalizas suponen ya el\u00a047% de toda Espa\u00f1a"},"content":{"rendered":"<!--themify_builder_content-->\n<div id=\"themify_builder_content-13331\" data-postid=\"13331\" class=\"themify_builder_content themify_builder_content-13331 themify_builder tf_clear\">\n    <\/div>\n<!--\/themify_builder_content-->\n\n\n<p class=\"wp-block-paragraph\">(Tambi\u00e9n nos puedes seguir por&nbsp;<a href=\"https:\/\/whatsapp.com\/channel\/0029Va8Ttl0Elah1sRZ3Y10w\" target=\"_blank\" rel=\"noreferrer noopener\">nuestro canal de WhatsApp<\/a>)<\/p>\n\n\n\n<p class=\"wp-block-paragraph\"><strong>Andaluc\u00eda cerr\u00f3 2025 como el<\/strong>\u00a0<strong>segundo mejor a\u00f1o exportador de su historia<\/strong>\u00a0desde que se tienen datos homologables (1995). Los\u00a0<strong>40.433 millones de euros<\/strong>\u00a0que alcanzaron el valor de sus exportaciones la sit\u00faan como\u00a0<strong>tercera comunidad en ventas al exterior<\/strong>\u00a0de Espa\u00f1a y la \u00fanica de este \u2018p\u00f3dium exportador\u2019 que disfruta de una\u00a0<strong>balanza comercial positiva en 2025<\/strong>.<\/p>\n\n\n\n<p class=\"wp-block-paragraph\">M\u00e1s informaci\u00f3n <a href=\"https:\/\/www.aenverde.es\/las-exportaciones-andaluzas-de-hortalizas-suponen-ya-el-47-de-toda-espana\/\">aqu\u00ed<\/a>.<\/p>","protected":false},"excerpt":{"rendered":"<p>(Tambi\u00e9n nos puedes seguir por&nbsp;nuestro canal de WhatsApp) Andaluc\u00eda cerr\u00f3 2025 como el\u00a0segundo mejor a\u00f1o exportador de su historia\u00a0desde que se tienen datos homologables (1995). Los\u00a040.433 millones de euros\u00a0que alcanzaron el valor de sus exportaciones la sit\u00faan como\u00a0tercera comunidad en ventas al exterior\u00a0de Espa\u00f1a y la \u00fanica de este \u2018p\u00f3dium exportador\u2019 que disfruta de una\u00a0balanza [&hellip;]<\/p>\n","protected":false},"author":2,"featured_media":13332,"comment_status":"open","ping_status":"open","sticky":false,"template":"","format":"standard","meta":{"footnotes":""},"categories":[11],"tags":[62,170,846,55,46],"class_list":["post-13331","post","type-post","status-publish","format-standard","has-post-thumbnail","hentry","category-actualidad","tag-almeria","tag-andalucia","tag-andalucia-trade","tag-exportacion","tag-hortalizas","has-post-title","has-post-date","has-post-category","has-post-tag","has-post-comment","has-post-author",""],"yoast_head":"<!-- This site is optimized with the Yoast SEO plugin v18.2 - https:\/\/yoast.com\/wordpress\/plugins\/seo\/ -->\n<title>Las exportaciones andaluzas\u00a0de hortalizas suponen ya el\u00a047% de toda Espa\u00f1a - Aenverde Express<\/title>\n<meta name=\"robots\" content=\"index, follow, max-snippet:-1, max-image-preview:large, max-video-preview:-1\" \/>\n<link rel=\"canonical\" href=\"https:\/\/aenverde-cp7041.wordpresstemporal.com\/aenverdexpress.es\/2026\/02\/23\/las-exportaciones-andaluzas-de-hortalizas-suponen-ya-el-47-de-toda-espana\/\" \/>\n<meta property=\"og:locale\" content=\"es_ES\" \/>\n<meta property=\"og:type\" content=\"article\" \/>\n<meta property=\"og:title\" content=\"Las exportaciones andaluzas\u00a0de hortalizas suponen ya el\u00a047% de toda Espa\u00f1a - Aenverde Express\" \/>\n<meta property=\"og:description\" content=\"(Tambi\u00e9n nos puedes seguir por&nbsp;nuestro canal de WhatsApp) Andaluc\u00eda cerr\u00f3 2025 como el\u00a0segundo mejor a\u00f1o exportador de su historia\u00a0desde que se tienen datos homologables (1995). Los\u00a040.433 millones de euros\u00a0que alcanzaron el valor de sus exportaciones la sit\u00faan como\u00a0tercera comunidad en ventas al exterior\u00a0de Espa\u00f1a y la \u00fanica de este \u2018p\u00f3dium exportador\u2019 que disfruta de una\u00a0balanza [&hellip;]\" \/>\n<meta property=\"og:url\" content=\"https:\/\/aenverde-cp7041.wordpresstemporal.com\/aenverdexpress.es\/2026\/02\/23\/las-exportaciones-andaluzas-de-hortalizas-suponen-ya-el-47-de-toda-espana\/\" \/>\n<meta property=\"og:site_name\" content=\"Aenverde Express\" \/>\n<meta property=\"article:published_time\" content=\"2026-02-23T07:28:30+00:00\" \/>\n<meta property=\"article:modified_time\" content=\"2026-02-23T07:28:31+00:00\" \/>\n<meta property=\"og:image\" content=\"https:\/\/aenverde-cp7041.wordpresstemporal.com\/aenverdexpress.es\/wp-content\/uploads\/2026\/02\/exportacion.jpg\" \/>\n\t<meta property=\"og:image:width\" content=\"850\" \/>\n\t<meta property=\"og:image:height\" content=\"579\" \/>\n\t<meta property=\"og:image:type\" content=\"image\/jpeg\" \/>\n<meta name=\"twitter:card\" content=\"summary_large_image\" \/>\n<meta name=\"twitter:label1\" content=\"Escrito por\" \/>\n\t<meta name=\"twitter:data1\" content=\"REDACCI\u00d3N AENVERDE\" \/>\n<script type=\"application\/ld+json\" class=\"yoast-schema-graph\">{\"@context\":\"https:\/\/schema.org\",\"@graph\":[{\"@type\":\"Organization\",\"@id\":\"https:\/\/aenverdexpress.es\/#organization\",\"name\":\"AENVERDE\",\"url\":\"https:\/\/aenverdexpress.es\/\",\"sameAs\":[],\"logo\":{\"@type\":\"ImageObject\",\"@id\":\"https:\/\/aenverdexpress.es\/#logo\",\"inLanguage\":\"es\",\"url\":\"https:\/\/aenverdexpress.es\/wp-content\/uploads\/2021\/12\/A-EN-VERDE-LOGO-FONDO-1DB954-01-1024x1024-1.jpg\",\"contentUrl\":\"https:\/\/aenverdexpress.es\/wp-content\/uploads\/2021\/12\/A-EN-VERDE-LOGO-FONDO-1DB954-01-1024x1024-1.jpg\",\"width\":1024,\"height\":1024,\"caption\":\"AENVERDE\"},\"image\":{\"@id\":\"https:\/\/aenverdexpress.es\/#logo\"}},{\"@type\":\"WebSite\",\"@id\":\"https:\/\/aenverdexpress.es\/#website\",\"url\":\"https:\/\/aenverdexpress.es\/\",\"name\":\"Aenverde Express\",\"description\":\"\",\"publisher\":{\"@id\":\"https:\/\/aenverdexpress.es\/#organization\"},\"potentialAction\":[{\"@type\":\"SearchAction\",\"target\":{\"@type\":\"EntryPoint\",\"urlTemplate\":\"https:\/\/aenverdexpress.es\/?s={search_term_string}\"},\"query-input\":\"required name=search_term_string\"}],\"inLanguage\":\"es\"},{\"@type\":\"ImageObject\",\"@id\":\"https:\/\/aenverde-cp7041.wordpresstemporal.com\/aenverdexpress.es\/2026\/02\/23\/las-exportaciones-andaluzas-de-hortalizas-suponen-ya-el-47-de-toda-espana\/#primaryimage\",\"inLanguage\":\"es\",\"url\":\"https:\/\/aenverde-cp7041.wordpresstemporal.com\/aenverdexpress.es\/wp-content\/uploads\/2026\/02\/exportacion.jpg\",\"contentUrl\":\"https:\/\/aenverde-cp7041.wordpresstemporal.com\/aenverdexpress.es\/wp-content\/uploads\/2026\/02\/exportacion.jpg\",\"width\":850,\"height\":579,\"caption\":\"exportacion\"},{\"@type\":\"WebPage\",\"@id\":\"https:\/\/aenverde-cp7041.wordpresstemporal.com\/aenverdexpress.es\/2026\/02\/23\/las-exportaciones-andaluzas-de-hortalizas-suponen-ya-el-47-de-toda-espana\/#webpage\",\"url\":\"https:\/\/aenverde-cp7041.wordpresstemporal.com\/aenverdexpress.es\/2026\/02\/23\/las-exportaciones-andaluzas-de-hortalizas-suponen-ya-el-47-de-toda-espana\/\",\"name\":\"Las exportaciones andaluzas\u00a0de hortalizas suponen ya el\u00a047% de toda Espa\u00f1a - Aenverde Express\",\"isPartOf\":{\"@id\":\"https:\/\/aenverdexpress.es\/#website\"},\"primaryImageOfPage\":{\"@id\":\"https:\/\/aenverde-cp7041.wordpresstemporal.com\/aenverdexpress.es\/2026\/02\/23\/las-exportaciones-andaluzas-de-hortalizas-suponen-ya-el-47-de-toda-espana\/#primaryimage\"},\"datePublished\":\"2026-02-23T07:28:30+00:00\",\"dateModified\":\"2026-02-23T07:28:31+00:00\",\"breadcrumb\":{\"@id\":\"https:\/\/aenverde-cp7041.wordpresstemporal.com\/aenverdexpress.es\/2026\/02\/23\/las-exportaciones-andaluzas-de-hortalizas-suponen-ya-el-47-de-toda-espana\/#breadcrumb\"},\"inLanguage\":\"es\",\"potentialAction\":[{\"@type\":\"ReadAction\",\"target\":[\"https:\/\/aenverde-cp7041.wordpresstemporal.com\/aenverdexpress.es\/2026\/02\/23\/las-exportaciones-andaluzas-de-hortalizas-suponen-ya-el-47-de-toda-espana\/\"]}]},{\"@type\":\"BreadcrumbList\",\"@id\":\"https:\/\/aenverde-cp7041.wordpresstemporal.com\/aenverdexpress.es\/2026\/02\/23\/las-exportaciones-andaluzas-de-hortalizas-suponen-ya-el-47-de-toda-espana\/#breadcrumb\",\"itemListElement\":[{\"@type\":\"ListItem\",\"position\":1,\"name\":\"Portada\",\"item\":\"https:\/\/aenverdexpress.es\/\"},{\"@type\":\"ListItem\",\"position\":2,\"name\":\"Las exportaciones andaluzas\u00a0de hortalizas suponen ya el\u00a047% de toda Espa\u00f1a\"}]},{\"@type\":\"Article\",\"@id\":\"https:\/\/aenverde-cp7041.wordpresstemporal.com\/aenverdexpress.es\/2026\/02\/23\/las-exportaciones-andaluzas-de-hortalizas-suponen-ya-el-47-de-toda-espana\/#article\",\"isPartOf\":{\"@id\":\"https:\/\/aenverde-cp7041.wordpresstemporal.com\/aenverdexpress.es\/2026\/02\/23\/las-exportaciones-andaluzas-de-hortalizas-suponen-ya-el-47-de-toda-espana\/#webpage\"},\"author\":{\"@id\":\"https:\/\/aenverdexpress.es\/#\/schema\/person\/7220664746e3c774cb3c4e5f81fc4ba0\"},\"headline\":\"Las exportaciones andaluzas\u00a0de hortalizas suponen ya el\u00a047% de toda Espa\u00f1a\",\"datePublished\":\"2026-02-23T07:28:30+00:00\",\"dateModified\":\"2026-02-23T07:28:31+00:00\",\"mainEntityOfPage\":{\"@id\":\"https:\/\/aenverde-cp7041.wordpresstemporal.com\/aenverdexpress.es\/2026\/02\/23\/las-exportaciones-andaluzas-de-hortalizas-suponen-ya-el-47-de-toda-espana\/#webpage\"},\"wordCount\":87,\"commentCount\":0,\"publisher\":{\"@id\":\"https:\/\/aenverdexpress.es\/#organization\"},\"image\":{\"@id\":\"https:\/\/aenverde-cp7041.wordpresstemporal.com\/aenverdexpress.es\/2026\/02\/23\/las-exportaciones-andaluzas-de-hortalizas-suponen-ya-el-47-de-toda-espana\/#primaryimage\"},\"thumbnailUrl\":\"https:\/\/aenverde-cp7041.wordpresstemporal.com\/aenverdexpress.es\/wp-content\/uploads\/2026\/02\/exportacion.jpg\",\"keywords\":[\"Almer\u00eda\",\"Andaluc\u00eda\",\"Andaluc\u00eda TRADE\",\"exportaci\u00f3n\",\"hortalizas\"],\"articleSection\":[\"Actualidad\"],\"inLanguage\":\"es\",\"potentialAction\":[{\"@type\":\"CommentAction\",\"name\":\"Comment\",\"target\":[\"https:\/\/aenverde-cp7041.wordpresstemporal.com\/aenverdexpress.es\/2026\/02\/23\/las-exportaciones-andaluzas-de-hortalizas-suponen-ya-el-47-de-toda-espana\/#respond\"]}]},{\"@type\":\"Person\",\"@id\":\"https:\/\/aenverdexpress.es\/#\/schema\/person\/7220664746e3c774cb3c4e5f81fc4ba0\",\"name\":\"REDACCI\u00d3N AENVERDE\",\"image\":{\"@type\":\"ImageObject\",\"@id\":\"https:\/\/aenverdexpress.es\/#personlogo\",\"inLanguage\":\"es\",\"url\":\"https:\/\/secure.gravatar.com\/avatar\/82de37537a82ee30b014773728d8502cf11180bc1ea2f0a301ec70ebe59ea3e5?s=96&d=mm&r=g\",\"contentUrl\":\"https:\/\/secure.gravatar.com\/avatar\/82de37537a82ee30b014773728d8502cf11180bc1ea2f0a301ec70ebe59ea3e5?s=96&d=mm&r=g\",\"caption\":\"REDACCI\u00d3N AENVERDE\"},\"url\":\"https:\/\/aenverde-cp7041.wordpresstemporal.com\/aenverdexpress.es\/author\/damian\/\"}]}<\/script>\n<!-- \/ Yoast SEO plugin. -->","yoast_head_json":{"title":"Las exportaciones andaluzas\u00a0de hortalizas suponen ya el\u00a047% de toda Espa\u00f1a - Aenverde Express","robots":{"index":"index","follow":"follow","max-snippet":"max-snippet:-1","max-image-preview":"max-image-preview:large","max-video-preview":"max-video-preview:-1"},"canonical":"https:\/\/aenverde-cp7041.wordpresstemporal.com\/aenverdexpress.es\/2026\/02\/23\/las-exportaciones-andaluzas-de-hortalizas-suponen-ya-el-47-de-toda-espana\/","og_locale":"es_ES","og_type":"article","og_title":"Las exportaciones andaluzas\u00a0de hortalizas suponen ya el\u00a047% de toda Espa\u00f1a - Aenverde Express","og_description":"(Tambi\u00e9n nos puedes seguir por&nbsp;nuestro canal de WhatsApp) Andaluc\u00eda cerr\u00f3 2025 como el\u00a0segundo mejor a\u00f1o exportador de su historia\u00a0desde que se tienen datos homologables (1995). Los\u00a040.433 millones de euros\u00a0que alcanzaron el valor de sus exportaciones la sit\u00faan como\u00a0tercera comunidad en ventas al exterior\u00a0de Espa\u00f1a y la \u00fanica de este \u2018p\u00f3dium exportador\u2019 que disfruta de una\u00a0balanza [&hellip;]","og_url":"https:\/\/aenverde-cp7041.wordpresstemporal.com\/aenverdexpress.es\/2026\/02\/23\/las-exportaciones-andaluzas-de-hortalizas-suponen-ya-el-47-de-toda-espana\/","og_site_name":"Aenverde Express","article_published_time":"2026-02-23T07:28:30+00:00","article_modified_time":"2026-02-23T07:28:31+00:00","og_image":[{"width":850,"height":579,"url":"https:\/\/aenverde-cp7041.wordpresstemporal.com\/aenverdexpress.es\/wp-content\/uploads\/2026\/02\/exportacion.jpg","type":"image\/jpeg"}],"twitter_card":"summary_large_image","twitter_misc":{"Escrito por":"REDACCI\u00d3N AENVERDE"},"schema":{"@context":"https:\/\/schema.org","@graph":[{"@type":"Organization","@id":"https:\/\/aenverdexpress.es\/#organization","name":"AENVERDE","url":"https:\/\/aenverdexpress.es\/","sameAs":[],"logo":{"@type":"ImageObject","@id":"https:\/\/aenverdexpress.es\/#logo","inLanguage":"es","url":"https:\/\/aenverdexpress.es\/wp-content\/uploads\/2021\/12\/A-EN-VERDE-LOGO-FONDO-1DB954-01-1024x1024-1.jpg","contentUrl":"https:\/\/aenverdexpress.es\/wp-content\/uploads\/2021\/12\/A-EN-VERDE-LOGO-FONDO-1DB954-01-1024x1024-1.jpg","width":1024,"height":1024,"caption":"AENVERDE"},"image":{"@id":"https:\/\/aenverdexpress.es\/#logo"}},{"@type":"WebSite","@id":"https:\/\/aenverdexpress.es\/#website","url":"https:\/\/aenverdexpress.es\/","name":"Aenverde Express","description":"","publisher":{"@id":"https:\/\/aenverdexpress.es\/#organization"},"potentialAction":[{"@type":"SearchAction","target":{"@type":"EntryPoint","urlTemplate":"https:\/\/aenverdexpress.es\/?s={search_term_string}"},"query-input":"required name=search_term_string"}],"inLanguage":"es"},{"@type":"ImageObject","@id":"https:\/\/aenverde-cp7041.wordpresstemporal.com\/aenverdexpress.es\/2026\/02\/23\/las-exportaciones-andaluzas-de-hortalizas-suponen-ya-el-47-de-toda-espana\/#primaryimage","inLanguage":"es","url":"https:\/\/aenverde-cp7041.wordpresstemporal.com\/aenverdexpress.es\/wp-content\/uploads\/2026\/02\/exportacion.jpg","contentUrl":"https:\/\/aenverde-cp7041.wordpresstemporal.com\/aenverdexpress.es\/wp-content\/uploads\/2026\/02\/exportacion.jpg","width":850,"height":579,"caption":"exportacion"},{"@type":"WebPage","@id":"https:\/\/aenverde-cp7041.wordpresstemporal.com\/aenverdexpress.es\/2026\/02\/23\/las-exportaciones-andaluzas-de-hortalizas-suponen-ya-el-47-de-toda-espana\/#webpage","url":"https:\/\/aenverde-cp7041.wordpresstemporal.com\/aenverdexpress.es\/2026\/02\/23\/las-exportaciones-andaluzas-de-hortalizas-suponen-ya-el-47-de-toda-espana\/","name":"Las exportaciones andaluzas\u00a0de hortalizas suponen ya el\u00a047% de toda Espa\u00f1a - Aenverde Express","isPartOf":{"@id":"https:\/\/aenverdexpress.es\/#website"},"primaryImageOfPage":{"@id":"https:\/\/aenverde-cp7041.wordpresstemporal.com\/aenverdexpress.es\/2026\/02\/23\/las-exportaciones-andaluzas-de-hortalizas-suponen-ya-el-47-de-toda-espana\/#primaryimage"},"datePublished":"2026-02-23T07:28:30+00:00","dateModified":"2026-02-23T07:28:31+00:00","breadcrumb":{"@id":"https:\/\/aenverde-cp7041.wordpresstemporal.com\/aenverdexpress.es\/2026\/02\/23\/las-exportaciones-andaluzas-de-hortalizas-suponen-ya-el-47-de-toda-espana\/#breadcrumb"},"inLanguage":"es","potentialAction":[{"@type":"ReadAction","target":["https:\/\/aenverde-cp7041.wordpresstemporal.com\/aenverdexpress.es\/2026\/02\/23\/las-exportaciones-andaluzas-de-hortalizas-suponen-ya-el-47-de-toda-espana\/"]}]},{"@type":"BreadcrumbList","@id":"https:\/\/aenverde-cp7041.wordpresstemporal.com\/aenverdexpress.es\/2026\/02\/23\/las-exportaciones-andaluzas-de-hortalizas-suponen-ya-el-47-de-toda-espana\/#breadcrumb","itemListElement":[{"@type":"ListItem","position":1,"name":"Portada","item":"https:\/\/aenverdexpress.es\/"},{"@type":"ListItem","position":2,"name":"Las exportaciones andaluzas\u00a0de hortalizas suponen ya el\u00a047% de toda Espa\u00f1a"}]},{"@type":"Article","@id":"https:\/\/aenverde-cp7041.wordpresstemporal.com\/aenverdexpress.es\/2026\/02\/23\/las-exportaciones-andaluzas-de-hortalizas-suponen-ya-el-47-de-toda-espana\/#article","isPartOf":{"@id":"https:\/\/aenverde-cp7041.wordpresstemporal.com\/aenverdexpress.es\/2026\/02\/23\/las-exportaciones-andaluzas-de-hortalizas-suponen-ya-el-47-de-toda-espana\/#webpage"},"author":{"@id":"https:\/\/aenverdexpress.es\/#\/schema\/person\/7220664746e3c774cb3c4e5f81fc4ba0"},"headline":"Las exportaciones andaluzas\u00a0de hortalizas suponen ya el\u00a047% de toda Espa\u00f1a","datePublished":"2026-02-23T07:28:30+00:00","dateModified":"2026-02-23T07:28:31+00:00","mainEntityOfPage":{"@id":"https:\/\/aenverde-cp7041.wordpresstemporal.com\/aenverdexpress.es\/2026\/02\/23\/las-exportaciones-andaluzas-de-hortalizas-suponen-ya-el-47-de-toda-espana\/#webpage"},"wordCount":87,"commentCount":0,"publisher":{"@id":"https:\/\/aenverdexpress.es\/#organization"},"image":{"@id":"https:\/\/aenverde-cp7041.wordpresstemporal.com\/aenverdexpress.es\/2026\/02\/23\/las-exportaciones-andaluzas-de-hortalizas-suponen-ya-el-47-de-toda-espana\/#primaryimage"},"thumbnailUrl":"https:\/\/aenverde-cp7041.wordpresstemporal.com\/aenverdexpress.es\/wp-content\/uploads\/2026\/02\/exportacion.jpg","keywords":["Almer\u00eda","Andaluc\u00eda","Andaluc\u00eda TRADE","exportaci\u00f3n","hortalizas"],"articleSection":["Actualidad"],"inLanguage":"es","potentialAction":[{"@type":"CommentAction","name":"Comment","target":["https:\/\/aenverde-cp7041.wordpresstemporal.com\/aenverdexpress.es\/2026\/02\/23\/las-exportaciones-andaluzas-de-hortalizas-suponen-ya-el-47-de-toda-espana\/#respond"]}]},{"@type":"Person","@id":"https:\/\/aenverdexpress.es\/#\/schema\/person\/7220664746e3c774cb3c4e5f81fc4ba0","name":"REDACCI\u00d3N AENVERDE","image":{"@type":"ImageObject","@id":"https:\/\/aenverdexpress.es\/#personlogo","inLanguage":"es","url":"https:\/\/secure.gravatar.com\/avatar\/82de37537a82ee30b014773728d8502cf11180bc1ea2f0a301ec70ebe59ea3e5?s=96&d=mm&r=g","contentUrl":"https:\/\/secure.gravatar.com\/avatar\/82de37537a82ee30b014773728d8502cf11180bc1ea2f0a301ec70ebe59ea3e5?s=96&d=mm&r=g","caption":"REDACCI\u00d3N AENVERDE"},"url":"https:\/\/aenverde-cp7041.wordpresstemporal.com\/aenverdexpress.es\/author\/damian\/"}]}},"builder_content":"","_links":{"self":[{"href":"https:\/\/aenverde-cp7041.wordpresstemporal.com\/aenverdexpress.es\/wp-json\/wp\/v2\/posts\/13331","targetHints":{"allow":["GET"]}}],"collection":[{"href":"https:\/\/aenverde-cp7041.wordpresstemporal.com\/aenverdexpress.es\/wp-json\/wp\/v2\/posts"}],"about":[{"href":"https:\/\/aenverde-cp7041.wordpresstemporal.com\/aenverdexpress.es\/wp-json\/wp\/v2\/types\/post"}],"author":[{"embeddable":true,"href":"https:\/\/aenverde-cp7041.wordpresstemporal.com\/aenverdexpress.es\/wp-json\/wp\/v2\/users\/2"}],"replies":[{"embeddable":true,"href":"https:\/\/aenverde-cp7041.wordpresstemporal.com\/aenverdexpress.es\/wp-json\/wp\/v2\/comments?post=13331"}],"version-history":[{"count":2,"href":"https:\/\/aenverde-cp7041.wordpresstemporal.com\/aenverdexpress.es\/wp-json\/wp\/v2\/posts\/13331\/revisions"}],"predecessor-version":[{"id":13334,"href":"https:\/\/aenverde-cp7041.wordpresstemporal.com\/aenverdexpress.es\/wp-json\/wp\/v2\/posts\/13331\/revisions\/13334"}],"wp:featuredmedia":[{"embeddable":true,"href":"https:\/\/aenverde-cp7041.wordpresstemporal.com\/aenverdexpress.es\/wp-json\/wp\/v2\/media\/13332"}],"wp:attachment":[{"href":"https:\/\/aenverde-cp7041.wordpresstemporal.com\/aenverdexpress.es\/wp-json\/wp\/v2\/media?parent=13331"}],"wp:term":[{"taxonomy":"category","embeddable":true,"href":"https:\/\/aenverde-cp7041.wordpresstemporal.com\/aenverdexpress.es\/wp-json\/wp\/v2\/categories?post=13331"},{"taxonomy":"post_tag","embeddable":true,"href":"https:\/\/aenverde-cp7041.wordpresstemporal.com\/aenverdexpress.es\/wp-json\/wp\/v2\/tags?post=13331"}],"curies":[{"name":"wp","href":"https:\/\/api.w.org\/{rel}","templated":true}]}}