{"id":13343,"date":"2026-02-24T07:27:04","date_gmt":"2026-02-24T07:27:04","guid":{"rendered":"https:\/\/aenverdexpress.es\/?p=13343"},"modified":"2026-02-24T07:27:04","modified_gmt":"2026-02-24T07:27:04","slug":"dia-del-tomate-2026-almeria-saborea-5-000-kilos-de-solidaridad","status":"publish","type":"post","link":"https:\/\/aenverde-cp7041.wordpresstemporal.com\/aenverdexpress.es\/2026\/02\/24\/dia-del-tomate-2026-almeria-saborea-5-000-kilos-de-solidaridad\/","title":{"rendered":"D\u00eda del Tomate 2026:\u00a0Almer\u00eda saborea\u00a05.000 kilos de solidaridad"},"content":{"rendered":"<!--themify_builder_content-->\n<div id=\"themify_builder_content-13343\" data-postid=\"13343\" class=\"themify_builder_content themify_builder_content-13343 themify_builder tf_clear\">\n    <\/div>\n<!--\/themify_builder_content-->\n\n\n<p class=\"wp-block-paragraph\">(Tambi\u00e9n nos puedes seguir por&nbsp;<a href=\"https:\/\/whatsapp.com\/channel\/0029Va8Ttl0Elah1sRZ3Y10w\" target=\"_blank\" rel=\"noreferrer noopener\">nuestro canal de WhatsApp<\/a>)<\/p>\n\n\n\n<p class=\"wp-block-paragraph\"><strong>Miles de almerienses llenaron este s\u00e1bado la Rambla para celebrar la duod\u00e9cima edici\u00f3n del D\u00eda del Tomate<\/strong>. En total, se vendieron las 4.750 bolsas de tomate \u2014<strong>m\u00e1s de 5.000 kilos\u2014 al precio simb\u00f3lico de un euro<\/strong>, as\u00ed como los\u00a0<strong>300 gazpachos solidarios<\/strong>\u00a0elaborados por chefs almerienses. La recaudaci\u00f3n \u00edntegra se destinar\u00e1 a\u00a0<a href=\"https:\/\/anda.com.es\/\" target=\"_blank\" rel=\"noreferrer noopener\">ANDA<\/a>\u00a0y a la\u00a0<a href=\"https:\/\/pocofrecuente.com\/\" target=\"_blank\" rel=\"noreferrer noopener\">Fundaci\u00f3n Poco Frecuente<\/a>.<\/p>\n\n\n\n<p class=\"wp-block-paragraph\">M\u00e1s informaci\u00f3n <a href=\"https:\/\/www.aenverde.es\/dia-del-tomate-2026-almeria-saborea-5-000-kilos-de-solidaridad\/\">aqu\u00ed<\/a>.<\/p>","protected":false},"excerpt":{"rendered":"<p>(Tambi\u00e9n nos puedes seguir por&nbsp;nuestro canal de WhatsApp) Miles de almerienses llenaron este s\u00e1bado la Rambla para celebrar la duod\u00e9cima edici\u00f3n del D\u00eda del Tomate. En total, se vendieron las 4.750 bolsas de tomate \u2014m\u00e1s de 5.000 kilos\u2014 al precio simb\u00f3lico de un euro, as\u00ed como los\u00a0300 gazpachos solidarios\u00a0elaborados por chefs almerienses. La recaudaci\u00f3n \u00edntegra [&hellip;]<\/p>\n","protected":false},"author":2,"featured_media":13344,"comment_status":"open","ping_status":"open","sticky":false,"template":"","format":"standard","meta":{"footnotes":""},"categories":[11],"tags":[1231,1630,1733,76],"class_list":["post-13343","post","type-post","status-publish","format-standard","has-post-thumbnail","hentry","category-actualidad","tag-ayuntamiento-de-almeria","tag-la-voz-de-almeria","tag-tapas","tag-tomate","has-post-title","has-post-date","has-post-category","has-post-tag","has-post-comment","has-post-author",""],"yoast_head":"<!-- This site is optimized with the Yoast SEO plugin v18.2 - https:\/\/yoast.com\/wordpress\/plugins\/seo\/ -->\n<title>D\u00eda del Tomate 2026:\u00a0Almer\u00eda saborea\u00a05.000 kilos de solidaridad - Aenverde Express<\/title>\n<meta name=\"robots\" content=\"index, follow, max-snippet:-1, max-image-preview:large, max-video-preview:-1\" \/>\n<link rel=\"canonical\" href=\"https:\/\/aenverde-cp7041.wordpresstemporal.com\/aenverdexpress.es\/2026\/02\/24\/dia-del-tomate-2026-almeria-saborea-5-000-kilos-de-solidaridad\/\" \/>\n<meta property=\"og:locale\" content=\"es_ES\" \/>\n<meta property=\"og:type\" content=\"article\" \/>\n<meta property=\"og:title\" content=\"D\u00eda del Tomate 2026:\u00a0Almer\u00eda saborea\u00a05.000 kilos de solidaridad - Aenverde Express\" \/>\n<meta property=\"og:description\" content=\"(Tambi\u00e9n nos puedes seguir por&nbsp;nuestro canal de WhatsApp) Miles de almerienses llenaron este s\u00e1bado la Rambla para celebrar la duod\u00e9cima edici\u00f3n del D\u00eda del Tomate. En total, se vendieron las 4.750 bolsas de tomate \u2014m\u00e1s de 5.000 kilos\u2014 al precio simb\u00f3lico de un euro, as\u00ed como los\u00a0300 gazpachos solidarios\u00a0elaborados por chefs almerienses. La recaudaci\u00f3n \u00edntegra [&hellip;]\" \/>\n<meta property=\"og:url\" content=\"https:\/\/aenverde-cp7041.wordpresstemporal.com\/aenverdexpress.es\/2026\/02\/24\/dia-del-tomate-2026-almeria-saborea-5-000-kilos-de-solidaridad\/\" \/>\n<meta property=\"og:site_name\" content=\"Aenverde Express\" \/>\n<meta property=\"article:published_time\" content=\"2026-02-24T07:27:04+00:00\" \/>\n<meta property=\"og:image\" content=\"https:\/\/aenverde-cp7041.wordpresstemporal.com\/aenverdexpress.es\/wp-content\/uploads\/2026\/02\/dia-tomate-almeria-3.png\" \/>\n\t<meta property=\"og:image:width\" content=\"850\" \/>\n\t<meta property=\"og:image:height\" content=\"579\" \/>\n\t<meta property=\"og:image:type\" content=\"image\/png\" \/>\n<meta name=\"twitter:card\" content=\"summary_large_image\" \/>\n<meta name=\"twitter:label1\" content=\"Escrito por\" \/>\n\t<meta name=\"twitter:data1\" content=\"REDACCI\u00d3N AENVERDE\" \/>\n<script type=\"application\/ld+json\" class=\"yoast-schema-graph\">{\"@context\":\"https:\/\/schema.org\",\"@graph\":[{\"@type\":\"Organization\",\"@id\":\"https:\/\/aenverdexpress.es\/#organization\",\"name\":\"AENVERDE\",\"url\":\"https:\/\/aenverdexpress.es\/\",\"sameAs\":[],\"logo\":{\"@type\":\"ImageObject\",\"@id\":\"https:\/\/aenverdexpress.es\/#logo\",\"inLanguage\":\"es\",\"url\":\"https:\/\/aenverdexpress.es\/wp-content\/uploads\/2021\/12\/A-EN-VERDE-LOGO-FONDO-1DB954-01-1024x1024-1.jpg\",\"contentUrl\":\"https:\/\/aenverdexpress.es\/wp-content\/uploads\/2021\/12\/A-EN-VERDE-LOGO-FONDO-1DB954-01-1024x1024-1.jpg\",\"width\":1024,\"height\":1024,\"caption\":\"AENVERDE\"},\"image\":{\"@id\":\"https:\/\/aenverdexpress.es\/#logo\"}},{\"@type\":\"WebSite\",\"@id\":\"https:\/\/aenverdexpress.es\/#website\",\"url\":\"https:\/\/aenverdexpress.es\/\",\"name\":\"Aenverde Express\",\"description\":\"\",\"publisher\":{\"@id\":\"https:\/\/aenverdexpress.es\/#organization\"},\"potentialAction\":[{\"@type\":\"SearchAction\",\"target\":{\"@type\":\"EntryPoint\",\"urlTemplate\":\"https:\/\/aenverdexpress.es\/?s={search_term_string}\"},\"query-input\":\"required name=search_term_string\"}],\"inLanguage\":\"es\"},{\"@type\":\"ImageObject\",\"@id\":\"https:\/\/aenverde-cp7041.wordpresstemporal.com\/aenverdexpress.es\/2026\/02\/24\/dia-del-tomate-2026-almeria-saborea-5-000-kilos-de-solidaridad\/#primaryimage\",\"inLanguage\":\"es\",\"url\":\"https:\/\/aenverde-cp7041.wordpresstemporal.com\/aenverdexpress.es\/wp-content\/uploads\/2026\/02\/dia-tomate-almeria-3.png\",\"contentUrl\":\"https:\/\/aenverde-cp7041.wordpresstemporal.com\/aenverdexpress.es\/wp-content\/uploads\/2026\/02\/dia-tomate-almeria-3.png\",\"width\":850,\"height\":579,\"caption\":\"dia-tomate-almeria (3)\"},{\"@type\":\"WebPage\",\"@id\":\"https:\/\/aenverde-cp7041.wordpresstemporal.com\/aenverdexpress.es\/2026\/02\/24\/dia-del-tomate-2026-almeria-saborea-5-000-kilos-de-solidaridad\/#webpage\",\"url\":\"https:\/\/aenverde-cp7041.wordpresstemporal.com\/aenverdexpress.es\/2026\/02\/24\/dia-del-tomate-2026-almeria-saborea-5-000-kilos-de-solidaridad\/\",\"name\":\"D\u00eda del Tomate 2026:\u00a0Almer\u00eda saborea\u00a05.000 kilos de solidaridad - Aenverde Express\",\"isPartOf\":{\"@id\":\"https:\/\/aenverdexpress.es\/#website\"},\"primaryImageOfPage\":{\"@id\":\"https:\/\/aenverde-cp7041.wordpresstemporal.com\/aenverdexpress.es\/2026\/02\/24\/dia-del-tomate-2026-almeria-saborea-5-000-kilos-de-solidaridad\/#primaryimage\"},\"datePublished\":\"2026-02-24T07:27:04+00:00\",\"dateModified\":\"2026-02-24T07:27:04+00:00\",\"breadcrumb\":{\"@id\":\"https:\/\/aenverde-cp7041.wordpresstemporal.com\/aenverdexpress.es\/2026\/02\/24\/dia-del-tomate-2026-almeria-saborea-5-000-kilos-de-solidaridad\/#breadcrumb\"},\"inLanguage\":\"es\",\"potentialAction\":[{\"@type\":\"ReadAction\",\"target\":[\"https:\/\/aenverde-cp7041.wordpresstemporal.com\/aenverdexpress.es\/2026\/02\/24\/dia-del-tomate-2026-almeria-saborea-5-000-kilos-de-solidaridad\/\"]}]},{\"@type\":\"BreadcrumbList\",\"@id\":\"https:\/\/aenverde-cp7041.wordpresstemporal.com\/aenverdexpress.es\/2026\/02\/24\/dia-del-tomate-2026-almeria-saborea-5-000-kilos-de-solidaridad\/#breadcrumb\",\"itemListElement\":[{\"@type\":\"ListItem\",\"position\":1,\"name\":\"Portada\",\"item\":\"https:\/\/aenverdexpress.es\/\"},{\"@type\":\"ListItem\",\"position\":2,\"name\":\"D\u00eda del Tomate 2026:\u00a0Almer\u00eda saborea\u00a05.000 kilos de solidaridad\"}]},{\"@type\":\"Article\",\"@id\":\"https:\/\/aenverde-cp7041.wordpresstemporal.com\/aenverdexpress.es\/2026\/02\/24\/dia-del-tomate-2026-almeria-saborea-5-000-kilos-de-solidaridad\/#article\",\"isPartOf\":{\"@id\":\"https:\/\/aenverde-cp7041.wordpresstemporal.com\/aenverdexpress.es\/2026\/02\/24\/dia-del-tomate-2026-almeria-saborea-5-000-kilos-de-solidaridad\/#webpage\"},\"author\":{\"@id\":\"https:\/\/aenverdexpress.es\/#\/schema\/person\/7220664746e3c774cb3c4e5f81fc4ba0\"},\"headline\":\"D\u00eda del Tomate 2026:\u00a0Almer\u00eda saborea\u00a05.000 kilos de solidaridad\",\"datePublished\":\"2026-02-24T07:27:04+00:00\",\"dateModified\":\"2026-02-24T07:27:04+00:00\",\"mainEntityOfPage\":{\"@id\":\"https:\/\/aenverde-cp7041.wordpresstemporal.com\/aenverdexpress.es\/2026\/02\/24\/dia-del-tomate-2026-almeria-saborea-5-000-kilos-de-solidaridad\/#webpage\"},\"wordCount\":90,\"commentCount\":0,\"publisher\":{\"@id\":\"https:\/\/aenverdexpress.es\/#organization\"},\"image\":{\"@id\":\"https:\/\/aenverde-cp7041.wordpresstemporal.com\/aenverdexpress.es\/2026\/02\/24\/dia-del-tomate-2026-almeria-saborea-5-000-kilos-de-solidaridad\/#primaryimage\"},\"thumbnailUrl\":\"https:\/\/aenverde-cp7041.wordpresstemporal.com\/aenverdexpress.es\/wp-content\/uploads\/2026\/02\/dia-tomate-almeria-3.png\",\"keywords\":[\"Ayuntamiento de Almer\u00eda\",\"la voz de Almer\u00eda\",\"tapas\",\"tomate\"],\"articleSection\":[\"Actualidad\"],\"inLanguage\":\"es\",\"potentialAction\":[{\"@type\":\"CommentAction\",\"name\":\"Comment\",\"target\":[\"https:\/\/aenverde-cp7041.wordpresstemporal.com\/aenverdexpress.es\/2026\/02\/24\/dia-del-tomate-2026-almeria-saborea-5-000-kilos-de-solidaridad\/#respond\"]}]},{\"@type\":\"Person\",\"@id\":\"https:\/\/aenverdexpress.es\/#\/schema\/person\/7220664746e3c774cb3c4e5f81fc4ba0\",\"name\":\"REDACCI\u00d3N AENVERDE\",\"image\":{\"@type\":\"ImageObject\",\"@id\":\"https:\/\/aenverdexpress.es\/#personlogo\",\"inLanguage\":\"es\",\"url\":\"https:\/\/secure.gravatar.com\/avatar\/82de37537a82ee30b014773728d8502cf11180bc1ea2f0a301ec70ebe59ea3e5?s=96&d=mm&r=g\",\"contentUrl\":\"https:\/\/secure.gravatar.com\/avatar\/82de37537a82ee30b014773728d8502cf11180bc1ea2f0a301ec70ebe59ea3e5?s=96&d=mm&r=g\",\"caption\":\"REDACCI\u00d3N AENVERDE\"},\"url\":\"https:\/\/aenverde-cp7041.wordpresstemporal.com\/aenverdexpress.es\/author\/damian\/\"}]}<\/script>\n<!-- \/ Yoast SEO plugin. -->","yoast_head_json":{"title":"D\u00eda del Tomate 2026:\u00a0Almer\u00eda saborea\u00a05.000 kilos de solidaridad - Aenverde Express","robots":{"index":"index","follow":"follow","max-snippet":"max-snippet:-1","max-image-preview":"max-image-preview:large","max-video-preview":"max-video-preview:-1"},"canonical":"https:\/\/aenverde-cp7041.wordpresstemporal.com\/aenverdexpress.es\/2026\/02\/24\/dia-del-tomate-2026-almeria-saborea-5-000-kilos-de-solidaridad\/","og_locale":"es_ES","og_type":"article","og_title":"D\u00eda del Tomate 2026:\u00a0Almer\u00eda saborea\u00a05.000 kilos de solidaridad - Aenverde Express","og_description":"(Tambi\u00e9n nos puedes seguir por&nbsp;nuestro canal de WhatsApp) Miles de almerienses llenaron este s\u00e1bado la Rambla para celebrar la duod\u00e9cima edici\u00f3n del D\u00eda del Tomate. En total, se vendieron las 4.750 bolsas de tomate \u2014m\u00e1s de 5.000 kilos\u2014 al precio simb\u00f3lico de un euro, as\u00ed como los\u00a0300 gazpachos solidarios\u00a0elaborados por chefs almerienses. La recaudaci\u00f3n \u00edntegra [&hellip;]","og_url":"https:\/\/aenverde-cp7041.wordpresstemporal.com\/aenverdexpress.es\/2026\/02\/24\/dia-del-tomate-2026-almeria-saborea-5-000-kilos-de-solidaridad\/","og_site_name":"Aenverde Express","article_published_time":"2026-02-24T07:27:04+00:00","og_image":[{"width":850,"height":579,"url":"https:\/\/aenverde-cp7041.wordpresstemporal.com\/aenverdexpress.es\/wp-content\/uploads\/2026\/02\/dia-tomate-almeria-3.png","type":"image\/png"}],"twitter_card":"summary_large_image","twitter_misc":{"Escrito por":"REDACCI\u00d3N AENVERDE"},"schema":{"@context":"https:\/\/schema.org","@graph":[{"@type":"Organization","@id":"https:\/\/aenverdexpress.es\/#organization","name":"AENVERDE","url":"https:\/\/aenverdexpress.es\/","sameAs":[],"logo":{"@type":"ImageObject","@id":"https:\/\/aenverdexpress.es\/#logo","inLanguage":"es","url":"https:\/\/aenverdexpress.es\/wp-content\/uploads\/2021\/12\/A-EN-VERDE-LOGO-FONDO-1DB954-01-1024x1024-1.jpg","contentUrl":"https:\/\/aenverdexpress.es\/wp-content\/uploads\/2021\/12\/A-EN-VERDE-LOGO-FONDO-1DB954-01-1024x1024-1.jpg","width":1024,"height":1024,"caption":"AENVERDE"},"image":{"@id":"https:\/\/aenverdexpress.es\/#logo"}},{"@type":"WebSite","@id":"https:\/\/aenverdexpress.es\/#website","url":"https:\/\/aenverdexpress.es\/","name":"Aenverde Express","description":"","publisher":{"@id":"https:\/\/aenverdexpress.es\/#organization"},"potentialAction":[{"@type":"SearchAction","target":{"@type":"EntryPoint","urlTemplate":"https:\/\/aenverdexpress.es\/?s={search_term_string}"},"query-input":"required name=search_term_string"}],"inLanguage":"es"},{"@type":"ImageObject","@id":"https:\/\/aenverde-cp7041.wordpresstemporal.com\/aenverdexpress.es\/2026\/02\/24\/dia-del-tomate-2026-almeria-saborea-5-000-kilos-de-solidaridad\/#primaryimage","inLanguage":"es","url":"https:\/\/aenverde-cp7041.wordpresstemporal.com\/aenverdexpress.es\/wp-content\/uploads\/2026\/02\/dia-tomate-almeria-3.png","contentUrl":"https:\/\/aenverde-cp7041.wordpresstemporal.com\/aenverdexpress.es\/wp-content\/uploads\/2026\/02\/dia-tomate-almeria-3.png","width":850,"height":579,"caption":"dia-tomate-almeria (3)"},{"@type":"WebPage","@id":"https:\/\/aenverde-cp7041.wordpresstemporal.com\/aenverdexpress.es\/2026\/02\/24\/dia-del-tomate-2026-almeria-saborea-5-000-kilos-de-solidaridad\/#webpage","url":"https:\/\/aenverde-cp7041.wordpresstemporal.com\/aenverdexpress.es\/2026\/02\/24\/dia-del-tomate-2026-almeria-saborea-5-000-kilos-de-solidaridad\/","name":"D\u00eda del Tomate 2026:\u00a0Almer\u00eda saborea\u00a05.000 kilos de solidaridad - Aenverde Express","isPartOf":{"@id":"https:\/\/aenverdexpress.es\/#website"},"primaryImageOfPage":{"@id":"https:\/\/aenverde-cp7041.wordpresstemporal.com\/aenverdexpress.es\/2026\/02\/24\/dia-del-tomate-2026-almeria-saborea-5-000-kilos-de-solidaridad\/#primaryimage"},"datePublished":"2026-02-24T07:27:04+00:00","dateModified":"2026-02-24T07:27:04+00:00","breadcrumb":{"@id":"https:\/\/aenverde-cp7041.wordpresstemporal.com\/aenverdexpress.es\/2026\/02\/24\/dia-del-tomate-2026-almeria-saborea-5-000-kilos-de-solidaridad\/#breadcrumb"},"inLanguage":"es","potentialAction":[{"@type":"ReadAction","target":["https:\/\/aenverde-cp7041.wordpresstemporal.com\/aenverdexpress.es\/2026\/02\/24\/dia-del-tomate-2026-almeria-saborea-5-000-kilos-de-solidaridad\/"]}]},{"@type":"BreadcrumbList","@id":"https:\/\/aenverde-cp7041.wordpresstemporal.com\/aenverdexpress.es\/2026\/02\/24\/dia-del-tomate-2026-almeria-saborea-5-000-kilos-de-solidaridad\/#breadcrumb","itemListElement":[{"@type":"ListItem","position":1,"name":"Portada","item":"https:\/\/aenverdexpress.es\/"},{"@type":"ListItem","position":2,"name":"D\u00eda del Tomate 2026:\u00a0Almer\u00eda saborea\u00a05.000 kilos de solidaridad"}]},{"@type":"Article","@id":"https:\/\/aenverde-cp7041.wordpresstemporal.com\/aenverdexpress.es\/2026\/02\/24\/dia-del-tomate-2026-almeria-saborea-5-000-kilos-de-solidaridad\/#article","isPartOf":{"@id":"https:\/\/aenverde-cp7041.wordpresstemporal.com\/aenverdexpress.es\/2026\/02\/24\/dia-del-tomate-2026-almeria-saborea-5-000-kilos-de-solidaridad\/#webpage"},"author":{"@id":"https:\/\/aenverdexpress.es\/#\/schema\/person\/7220664746e3c774cb3c4e5f81fc4ba0"},"headline":"D\u00eda del Tomate 2026:\u00a0Almer\u00eda saborea\u00a05.000 kilos de solidaridad","datePublished":"2026-02-24T07:27:04+00:00","dateModified":"2026-02-24T07:27:04+00:00","mainEntityOfPage":{"@id":"https:\/\/aenverde-cp7041.wordpresstemporal.com\/aenverdexpress.es\/2026\/02\/24\/dia-del-tomate-2026-almeria-saborea-5-000-kilos-de-solidaridad\/#webpage"},"wordCount":90,"commentCount":0,"publisher":{"@id":"https:\/\/aenverdexpress.es\/#organization"},"image":{"@id":"https:\/\/aenverde-cp7041.wordpresstemporal.com\/aenverdexpress.es\/2026\/02\/24\/dia-del-tomate-2026-almeria-saborea-5-000-kilos-de-solidaridad\/#primaryimage"},"thumbnailUrl":"https:\/\/aenverde-cp7041.wordpresstemporal.com\/aenverdexpress.es\/wp-content\/uploads\/2026\/02\/dia-tomate-almeria-3.png","keywords":["Ayuntamiento de Almer\u00eda","la voz de Almer\u00eda","tapas","tomate"],"articleSection":["Actualidad"],"inLanguage":"es","potentialAction":[{"@type":"CommentAction","name":"Comment","target":["https:\/\/aenverde-cp7041.wordpresstemporal.com\/aenverdexpress.es\/2026\/02\/24\/dia-del-tomate-2026-almeria-saborea-5-000-kilos-de-solidaridad\/#respond"]}]},{"@type":"Person","@id":"https:\/\/aenverdexpress.es\/#\/schema\/person\/7220664746e3c774cb3c4e5f81fc4ba0","name":"REDACCI\u00d3N AENVERDE","image":{"@type":"ImageObject","@id":"https:\/\/aenverdexpress.es\/#personlogo","inLanguage":"es","url":"https:\/\/secure.gravatar.com\/avatar\/82de37537a82ee30b014773728d8502cf11180bc1ea2f0a301ec70ebe59ea3e5?s=96&d=mm&r=g","contentUrl":"https:\/\/secure.gravatar.com\/avatar\/82de37537a82ee30b014773728d8502cf11180bc1ea2f0a301ec70ebe59ea3e5?s=96&d=mm&r=g","caption":"REDACCI\u00d3N AENVERDE"},"url":"https:\/\/aenverde-cp7041.wordpresstemporal.com\/aenverdexpress.es\/author\/damian\/"}]}},"builder_content":"","_links":{"self":[{"href":"https:\/\/aenverde-cp7041.wordpresstemporal.com\/aenverdexpress.es\/wp-json\/wp\/v2\/posts\/13343","targetHints":{"allow":["GET"]}}],"collection":[{"href":"https:\/\/aenverde-cp7041.wordpresstemporal.com\/aenverdexpress.es\/wp-json\/wp\/v2\/posts"}],"about":[{"href":"https:\/\/aenverde-cp7041.wordpresstemporal.com\/aenverdexpress.es\/wp-json\/wp\/v2\/types\/post"}],"author":[{"embeddable":true,"href":"https:\/\/aenverde-cp7041.wordpresstemporal.com\/aenverdexpress.es\/wp-json\/wp\/v2\/users\/2"}],"replies":[{"embeddable":true,"href":"https:\/\/aenverde-cp7041.wordpresstemporal.com\/aenverdexpress.es\/wp-json\/wp\/v2\/comments?post=13343"}],"version-history":[{"count":2,"href":"https:\/\/aenverde-cp7041.wordpresstemporal.com\/aenverdexpress.es\/wp-json\/wp\/v2\/posts\/13343\/revisions"}],"predecessor-version":[{"id":13346,"href":"https:\/\/aenverde-cp7041.wordpresstemporal.com\/aenverdexpress.es\/wp-json\/wp\/v2\/posts\/13343\/revisions\/13346"}],"wp:featuredmedia":[{"embeddable":true,"href":"https:\/\/aenverde-cp7041.wordpresstemporal.com\/aenverdexpress.es\/wp-json\/wp\/v2\/media\/13344"}],"wp:attachment":[{"href":"https:\/\/aenverde-cp7041.wordpresstemporal.com\/aenverdexpress.es\/wp-json\/wp\/v2\/media?parent=13343"}],"wp:term":[{"taxonomy":"category","embeddable":true,"href":"https:\/\/aenverde-cp7041.wordpresstemporal.com\/aenverdexpress.es\/wp-json\/wp\/v2\/categories?post=13343"},{"taxonomy":"post_tag","embeddable":true,"href":"https:\/\/aenverde-cp7041.wordpresstemporal.com\/aenverdexpress.es\/wp-json\/wp\/v2\/tags?post=13343"}],"curies":[{"name":"wp","href":"https:\/\/api.w.org\/{rel}","templated":true}]}}