{"id":1564,"date":"2022-01-17T06:49:10","date_gmt":"2022-01-17T06:49:10","guid":{"rendered":"https:\/\/aenverdexpress.es\/?p=1564"},"modified":"2022-01-17T06:49:11","modified_gmt":"2022-01-17T06:49:11","slug":"descubre-que-famosos-han-visitado-ya-los-invernaderos-de-almeria","status":"publish","type":"post","link":"https:\/\/aenverde-cp7041.wordpresstemporal.com\/aenverdexpress.es\/2022\/01\/17\/descubre-que-famosos-han-visitado-ya-los-invernaderos-de-almeria\/","title":{"rendered":"Descubre qu\u00e9 famosos han visitado ya los invernaderos de Almer\u00eda"},"content":{"rendered":"<!--themify_builder_content-->\n<div id=\"themify_builder_content-1564\" data-postid=\"1564\" class=\"themify_builder_content themify_builder_content-1564 themify_builder tf_clear\">\n    <\/div>\n<!--\/themify_builder_content-->\n\n\n<p class=\"wp-block-paragraph\">La provincia de Almer\u00eda es conocida en el resto de Espa\u00f1a por muchas cosas, como por ejemplo su c\u00e1lido clima acompa\u00f1ado del buen n\u00famero de horas de sol anuales (\u00a1M\u00e1s de 3.000!), sus paisajes y sus playas, su gastronom\u00eda,\u00a0<strong>su gran historia de cine, y por supuesto, por ser la huerta de Europa.<\/strong><\/p>\n\n\n\n<p class=\"wp-block-paragraph\">Y no es extra\u00f1o que los invernaderos de Almer\u00eda, bien llamativos desde las alturas desde un avi\u00f3n o desde la Estaci\u00f3n Espacial Internacional,\u00a0<strong>reciban la visita de periodistas, expertos, cient\u00edficos y estrellas de la televisi\u00f3n<\/strong>.<\/p>\n\n\n\n<p class=\"wp-block-paragraph\"><strong>M\u00e1s informaci\u00f3n <a href=\"https:\/\/www.aenverde.es\/descubre-que-famosos-ya-han-visitado-los-invernaderos-de-almeria\/\" target=\"_blank\" rel=\"noreferrer noopener\">aqu\u00ed<\/a>.<\/strong><\/p>\n\n\n\n<p class=\"wp-block-paragraph\"><\/p>","protected":false},"excerpt":{"rendered":"<p>La provincia de Almer\u00eda es conocida en el resto de Espa\u00f1a por muchas cosas, como por ejemplo su c\u00e1lido clima acompa\u00f1ado del buen n\u00famero de horas de sol anuales (\u00a1M\u00e1s de 3.000!), sus paisajes y sus playas, su gastronom\u00eda,\u00a0su gran historia de cine, y por supuesto, por ser la huerta de Europa. Y no es [&hellip;]<\/p>\n","protected":false},"author":2,"featured_media":1565,"comment_status":"open","ping_status":"open","sticky":false,"template":"","format":"standard","meta":{"footnotes":""},"categories":[11],"tags":[26,39,162],"class_list":["post-1564","post","type-post","status-publish","format-standard","has-post-thumbnail","hentry","category-actualidad","tag-invernaderos","tag-invernaderos-solares","tag-promocion","has-post-title","has-post-date","has-post-category","has-post-tag","has-post-comment","has-post-author",""],"yoast_head":"<!-- This site is optimized with the Yoast SEO plugin v18.2 - https:\/\/yoast.com\/wordpress\/plugins\/seo\/ -->\n<title>Descubre qu\u00e9 famosos han visitado ya los invernaderos de Almer\u00eda - Aenverde Express<\/title>\n<meta name=\"robots\" content=\"index, follow, max-snippet:-1, max-image-preview:large, max-video-preview:-1\" \/>\n<link rel=\"canonical\" href=\"https:\/\/aenverde-cp7041.wordpresstemporal.com\/aenverdexpress.es\/2022\/01\/17\/descubre-que-famosos-han-visitado-ya-los-invernaderos-de-almeria\/\" \/>\n<meta property=\"og:locale\" content=\"es_ES\" \/>\n<meta property=\"og:type\" content=\"article\" \/>\n<meta property=\"og:title\" content=\"Descubre qu\u00e9 famosos han visitado ya los invernaderos de Almer\u00eda - Aenverde Express\" \/>\n<meta property=\"og:description\" content=\"La provincia de Almer\u00eda es conocida en el resto de Espa\u00f1a por muchas cosas, como por ejemplo su c\u00e1lido clima acompa\u00f1ado del buen n\u00famero de horas de sol anuales (\u00a1M\u00e1s de 3.000!), sus paisajes y sus playas, su gastronom\u00eda,\u00a0su gran historia de cine, y por supuesto, por ser la huerta de Europa. Y no es [&hellip;]\" \/>\n<meta property=\"og:url\" content=\"https:\/\/aenverde-cp7041.wordpresstemporal.com\/aenverdexpress.es\/2022\/01\/17\/descubre-que-famosos-han-visitado-ya-los-invernaderos-de-almeria\/\" \/>\n<meta property=\"og:site_name\" content=\"Aenverde Express\" \/>\n<meta property=\"article:published_time\" content=\"2022-01-17T06:49:10+00:00\" \/>\n<meta property=\"article:modified_time\" content=\"2022-01-17T06:49:11+00:00\" \/>\n<meta property=\"og:image\" content=\"https:\/\/aenverde-cp7041.wordpresstemporal.com\/aenverdexpress.es\/wp-content\/uploads\/2022\/01\/invernadero-interior-pimientos-1020x600-2.jpg\" \/>\n\t<meta property=\"og:image:width\" content=\"1020\" \/>\n\t<meta property=\"og:image:height\" content=\"600\" \/>\n\t<meta property=\"og:image:type\" content=\"image\/jpeg\" \/>\n<meta name=\"twitter:card\" content=\"summary_large_image\" \/>\n<meta name=\"twitter:label1\" content=\"Escrito por\" \/>\n\t<meta name=\"twitter:data1\" content=\"REDACCI\u00d3N AENVERDE\" \/>\n\t<meta name=\"twitter:label2\" content=\"Tiempo de lectura\" \/>\n\t<meta name=\"twitter:data2\" content=\"1 minuto\" \/>\n<script type=\"application\/ld+json\" class=\"yoast-schema-graph\">{\"@context\":\"https:\/\/schema.org\",\"@graph\":[{\"@type\":\"Organization\",\"@id\":\"https:\/\/aenverdexpress.es\/#organization\",\"name\":\"AENVERDE\",\"url\":\"https:\/\/aenverdexpress.es\/\",\"sameAs\":[],\"logo\":{\"@type\":\"ImageObject\",\"@id\":\"https:\/\/aenverdexpress.es\/#logo\",\"inLanguage\":\"es\",\"url\":\"https:\/\/aenverdexpress.es\/wp-content\/uploads\/2021\/12\/A-EN-VERDE-LOGO-FONDO-1DB954-01-1024x1024-1.jpg\",\"contentUrl\":\"https:\/\/aenverdexpress.es\/wp-content\/uploads\/2021\/12\/A-EN-VERDE-LOGO-FONDO-1DB954-01-1024x1024-1.jpg\",\"width\":1024,\"height\":1024,\"caption\":\"AENVERDE\"},\"image\":{\"@id\":\"https:\/\/aenverdexpress.es\/#logo\"}},{\"@type\":\"WebSite\",\"@id\":\"https:\/\/aenverdexpress.es\/#website\",\"url\":\"https:\/\/aenverdexpress.es\/\",\"name\":\"Aenverde Express\",\"description\":\"\",\"publisher\":{\"@id\":\"https:\/\/aenverdexpress.es\/#organization\"},\"potentialAction\":[{\"@type\":\"SearchAction\",\"target\":{\"@type\":\"EntryPoint\",\"urlTemplate\":\"https:\/\/aenverdexpress.es\/?s={search_term_string}\"},\"query-input\":\"required name=search_term_string\"}],\"inLanguage\":\"es\"},{\"@type\":\"ImageObject\",\"@id\":\"https:\/\/aenverde-cp7041.wordpresstemporal.com\/aenverdexpress.es\/2022\/01\/17\/descubre-que-famosos-han-visitado-ya-los-invernaderos-de-almeria\/#primaryimage\",\"inLanguage\":\"es\",\"url\":\"https:\/\/aenverde-cp7041.wordpresstemporal.com\/aenverdexpress.es\/wp-content\/uploads\/2022\/01\/invernadero-interior-pimientos-1020x600-2.jpg\",\"contentUrl\":\"https:\/\/aenverde-cp7041.wordpresstemporal.com\/aenverdexpress.es\/wp-content\/uploads\/2022\/01\/invernadero-interior-pimientos-1020x600-2.jpg\",\"width\":1020,\"height\":600},{\"@type\":\"WebPage\",\"@id\":\"https:\/\/aenverde-cp7041.wordpresstemporal.com\/aenverdexpress.es\/2022\/01\/17\/descubre-que-famosos-han-visitado-ya-los-invernaderos-de-almeria\/#webpage\",\"url\":\"https:\/\/aenverde-cp7041.wordpresstemporal.com\/aenverdexpress.es\/2022\/01\/17\/descubre-que-famosos-han-visitado-ya-los-invernaderos-de-almeria\/\",\"name\":\"Descubre qu\u00e9 famosos han visitado ya los invernaderos de Almer\u00eda - Aenverde Express\",\"isPartOf\":{\"@id\":\"https:\/\/aenverdexpress.es\/#website\"},\"primaryImageOfPage\":{\"@id\":\"https:\/\/aenverde-cp7041.wordpresstemporal.com\/aenverdexpress.es\/2022\/01\/17\/descubre-que-famosos-han-visitado-ya-los-invernaderos-de-almeria\/#primaryimage\"},\"datePublished\":\"2022-01-17T06:49:10+00:00\",\"dateModified\":\"2022-01-17T06:49:11+00:00\",\"breadcrumb\":{\"@id\":\"https:\/\/aenverde-cp7041.wordpresstemporal.com\/aenverdexpress.es\/2022\/01\/17\/descubre-que-famosos-han-visitado-ya-los-invernaderos-de-almeria\/#breadcrumb\"},\"inLanguage\":\"es\",\"potentialAction\":[{\"@type\":\"ReadAction\",\"target\":[\"https:\/\/aenverde-cp7041.wordpresstemporal.com\/aenverdexpress.es\/2022\/01\/17\/descubre-que-famosos-han-visitado-ya-los-invernaderos-de-almeria\/\"]}]},{\"@type\":\"BreadcrumbList\",\"@id\":\"https:\/\/aenverde-cp7041.wordpresstemporal.com\/aenverdexpress.es\/2022\/01\/17\/descubre-que-famosos-han-visitado-ya-los-invernaderos-de-almeria\/#breadcrumb\",\"itemListElement\":[{\"@type\":\"ListItem\",\"position\":1,\"name\":\"Portada\",\"item\":\"https:\/\/aenverdexpress.es\/\"},{\"@type\":\"ListItem\",\"position\":2,\"name\":\"Descubre qu\u00e9 famosos han visitado ya los invernaderos de Almer\u00eda\"}]},{\"@type\":\"Article\",\"@id\":\"https:\/\/aenverde-cp7041.wordpresstemporal.com\/aenverdexpress.es\/2022\/01\/17\/descubre-que-famosos-han-visitado-ya-los-invernaderos-de-almeria\/#article\",\"isPartOf\":{\"@id\":\"https:\/\/aenverde-cp7041.wordpresstemporal.com\/aenverdexpress.es\/2022\/01\/17\/descubre-que-famosos-han-visitado-ya-los-invernaderos-de-almeria\/#webpage\"},\"author\":{\"@id\":\"https:\/\/aenverdexpress.es\/#\/schema\/person\/7220664746e3c774cb3c4e5f81fc4ba0\"},\"headline\":\"Descubre qu\u00e9 famosos han visitado ya los invernaderos de Almer\u00eda\",\"datePublished\":\"2022-01-17T06:49:10+00:00\",\"dateModified\":\"2022-01-17T06:49:11+00:00\",\"mainEntityOfPage\":{\"@id\":\"https:\/\/aenverde-cp7041.wordpresstemporal.com\/aenverdexpress.es\/2022\/01\/17\/descubre-que-famosos-han-visitado-ya-los-invernaderos-de-almeria\/#webpage\"},\"wordCount\":116,\"commentCount\":0,\"publisher\":{\"@id\":\"https:\/\/aenverdexpress.es\/#organization\"},\"image\":{\"@id\":\"https:\/\/aenverde-cp7041.wordpresstemporal.com\/aenverdexpress.es\/2022\/01\/17\/descubre-que-famosos-han-visitado-ya-los-invernaderos-de-almeria\/#primaryimage\"},\"thumbnailUrl\":\"https:\/\/aenverde-cp7041.wordpresstemporal.com\/aenverdexpress.es\/wp-content\/uploads\/2022\/01\/invernadero-interior-pimientos-1020x600-2.jpg\",\"keywords\":[\"invernaderos\",\"invernaderos solares\",\"promoci\u00f3n\"],\"articleSection\":[\"Actualidad\"],\"inLanguage\":\"es\",\"potentialAction\":[{\"@type\":\"CommentAction\",\"name\":\"Comment\",\"target\":[\"https:\/\/aenverde-cp7041.wordpresstemporal.com\/aenverdexpress.es\/2022\/01\/17\/descubre-que-famosos-han-visitado-ya-los-invernaderos-de-almeria\/#respond\"]}]},{\"@type\":\"Person\",\"@id\":\"https:\/\/aenverdexpress.es\/#\/schema\/person\/7220664746e3c774cb3c4e5f81fc4ba0\",\"name\":\"REDACCI\u00d3N AENVERDE\",\"image\":{\"@type\":\"ImageObject\",\"@id\":\"https:\/\/aenverdexpress.es\/#personlogo\",\"inLanguage\":\"es\",\"url\":\"https:\/\/secure.gravatar.com\/avatar\/82de37537a82ee30b014773728d8502cf11180bc1ea2f0a301ec70ebe59ea3e5?s=96&d=mm&r=g\",\"contentUrl\":\"https:\/\/secure.gravatar.com\/avatar\/82de37537a82ee30b014773728d8502cf11180bc1ea2f0a301ec70ebe59ea3e5?s=96&d=mm&r=g\",\"caption\":\"REDACCI\u00d3N AENVERDE\"},\"url\":\"https:\/\/aenverde-cp7041.wordpresstemporal.com\/aenverdexpress.es\/author\/damian\/\"}]}<\/script>\n<!-- \/ Yoast SEO plugin. -->","yoast_head_json":{"title":"Descubre qu\u00e9 famosos han visitado ya los invernaderos de Almer\u00eda - Aenverde Express","robots":{"index":"index","follow":"follow","max-snippet":"max-snippet:-1","max-image-preview":"max-image-preview:large","max-video-preview":"max-video-preview:-1"},"canonical":"https:\/\/aenverde-cp7041.wordpresstemporal.com\/aenverdexpress.es\/2022\/01\/17\/descubre-que-famosos-han-visitado-ya-los-invernaderos-de-almeria\/","og_locale":"es_ES","og_type":"article","og_title":"Descubre qu\u00e9 famosos han visitado ya los invernaderos de Almer\u00eda - Aenverde Express","og_description":"La provincia de Almer\u00eda es conocida en el resto de Espa\u00f1a por muchas cosas, como por ejemplo su c\u00e1lido clima acompa\u00f1ado del buen n\u00famero de horas de sol anuales (\u00a1M\u00e1s de 3.000!), sus paisajes y sus playas, su gastronom\u00eda,\u00a0su gran historia de cine, y por supuesto, por ser la huerta de Europa. Y no es [&hellip;]","og_url":"https:\/\/aenverde-cp7041.wordpresstemporal.com\/aenverdexpress.es\/2022\/01\/17\/descubre-que-famosos-han-visitado-ya-los-invernaderos-de-almeria\/","og_site_name":"Aenverde Express","article_published_time":"2022-01-17T06:49:10+00:00","article_modified_time":"2022-01-17T06:49:11+00:00","og_image":[{"width":1020,"height":600,"url":"https:\/\/aenverde-cp7041.wordpresstemporal.com\/aenverdexpress.es\/wp-content\/uploads\/2022\/01\/invernadero-interior-pimientos-1020x600-2.jpg","type":"image\/jpeg"}],"twitter_card":"summary_large_image","twitter_misc":{"Escrito por":"REDACCI\u00d3N AENVERDE","Tiempo de lectura":"1 minuto"},"schema":{"@context":"https:\/\/schema.org","@graph":[{"@type":"Organization","@id":"https:\/\/aenverdexpress.es\/#organization","name":"AENVERDE","url":"https:\/\/aenverdexpress.es\/","sameAs":[],"logo":{"@type":"ImageObject","@id":"https:\/\/aenverdexpress.es\/#logo","inLanguage":"es","url":"https:\/\/aenverdexpress.es\/wp-content\/uploads\/2021\/12\/A-EN-VERDE-LOGO-FONDO-1DB954-01-1024x1024-1.jpg","contentUrl":"https:\/\/aenverdexpress.es\/wp-content\/uploads\/2021\/12\/A-EN-VERDE-LOGO-FONDO-1DB954-01-1024x1024-1.jpg","width":1024,"height":1024,"caption":"AENVERDE"},"image":{"@id":"https:\/\/aenverdexpress.es\/#logo"}},{"@type":"WebSite","@id":"https:\/\/aenverdexpress.es\/#website","url":"https:\/\/aenverdexpress.es\/","name":"Aenverde Express","description":"","publisher":{"@id":"https:\/\/aenverdexpress.es\/#organization"},"potentialAction":[{"@type":"SearchAction","target":{"@type":"EntryPoint","urlTemplate":"https:\/\/aenverdexpress.es\/?s={search_term_string}"},"query-input":"required name=search_term_string"}],"inLanguage":"es"},{"@type":"ImageObject","@id":"https:\/\/aenverde-cp7041.wordpresstemporal.com\/aenverdexpress.es\/2022\/01\/17\/descubre-que-famosos-han-visitado-ya-los-invernaderos-de-almeria\/#primaryimage","inLanguage":"es","url":"https:\/\/aenverde-cp7041.wordpresstemporal.com\/aenverdexpress.es\/wp-content\/uploads\/2022\/01\/invernadero-interior-pimientos-1020x600-2.jpg","contentUrl":"https:\/\/aenverde-cp7041.wordpresstemporal.com\/aenverdexpress.es\/wp-content\/uploads\/2022\/01\/invernadero-interior-pimientos-1020x600-2.jpg","width":1020,"height":600},{"@type":"WebPage","@id":"https:\/\/aenverde-cp7041.wordpresstemporal.com\/aenverdexpress.es\/2022\/01\/17\/descubre-que-famosos-han-visitado-ya-los-invernaderos-de-almeria\/#webpage","url":"https:\/\/aenverde-cp7041.wordpresstemporal.com\/aenverdexpress.es\/2022\/01\/17\/descubre-que-famosos-han-visitado-ya-los-invernaderos-de-almeria\/","name":"Descubre qu\u00e9 famosos han visitado ya los invernaderos de Almer\u00eda - Aenverde Express","isPartOf":{"@id":"https:\/\/aenverdexpress.es\/#website"},"primaryImageOfPage":{"@id":"https:\/\/aenverde-cp7041.wordpresstemporal.com\/aenverdexpress.es\/2022\/01\/17\/descubre-que-famosos-han-visitado-ya-los-invernaderos-de-almeria\/#primaryimage"},"datePublished":"2022-01-17T06:49:10+00:00","dateModified":"2022-01-17T06:49:11+00:00","breadcrumb":{"@id":"https:\/\/aenverde-cp7041.wordpresstemporal.com\/aenverdexpress.es\/2022\/01\/17\/descubre-que-famosos-han-visitado-ya-los-invernaderos-de-almeria\/#breadcrumb"},"inLanguage":"es","potentialAction":[{"@type":"ReadAction","target":["https:\/\/aenverde-cp7041.wordpresstemporal.com\/aenverdexpress.es\/2022\/01\/17\/descubre-que-famosos-han-visitado-ya-los-invernaderos-de-almeria\/"]}]},{"@type":"BreadcrumbList","@id":"https:\/\/aenverde-cp7041.wordpresstemporal.com\/aenverdexpress.es\/2022\/01\/17\/descubre-que-famosos-han-visitado-ya-los-invernaderos-de-almeria\/#breadcrumb","itemListElement":[{"@type":"ListItem","position":1,"name":"Portada","item":"https:\/\/aenverdexpress.es\/"},{"@type":"ListItem","position":2,"name":"Descubre qu\u00e9 famosos han visitado ya los invernaderos de Almer\u00eda"}]},{"@type":"Article","@id":"https:\/\/aenverde-cp7041.wordpresstemporal.com\/aenverdexpress.es\/2022\/01\/17\/descubre-que-famosos-han-visitado-ya-los-invernaderos-de-almeria\/#article","isPartOf":{"@id":"https:\/\/aenverde-cp7041.wordpresstemporal.com\/aenverdexpress.es\/2022\/01\/17\/descubre-que-famosos-han-visitado-ya-los-invernaderos-de-almeria\/#webpage"},"author":{"@id":"https:\/\/aenverdexpress.es\/#\/schema\/person\/7220664746e3c774cb3c4e5f81fc4ba0"},"headline":"Descubre qu\u00e9 famosos han visitado ya los invernaderos de Almer\u00eda","datePublished":"2022-01-17T06:49:10+00:00","dateModified":"2022-01-17T06:49:11+00:00","mainEntityOfPage":{"@id":"https:\/\/aenverde-cp7041.wordpresstemporal.com\/aenverdexpress.es\/2022\/01\/17\/descubre-que-famosos-han-visitado-ya-los-invernaderos-de-almeria\/#webpage"},"wordCount":116,"commentCount":0,"publisher":{"@id":"https:\/\/aenverdexpress.es\/#organization"},"image":{"@id":"https:\/\/aenverde-cp7041.wordpresstemporal.com\/aenverdexpress.es\/2022\/01\/17\/descubre-que-famosos-han-visitado-ya-los-invernaderos-de-almeria\/#primaryimage"},"thumbnailUrl":"https:\/\/aenverde-cp7041.wordpresstemporal.com\/aenverdexpress.es\/wp-content\/uploads\/2022\/01\/invernadero-interior-pimientos-1020x600-2.jpg","keywords":["invernaderos","invernaderos solares","promoci\u00f3n"],"articleSection":["Actualidad"],"inLanguage":"es","potentialAction":[{"@type":"CommentAction","name":"Comment","target":["https:\/\/aenverde-cp7041.wordpresstemporal.com\/aenverdexpress.es\/2022\/01\/17\/descubre-que-famosos-han-visitado-ya-los-invernaderos-de-almeria\/#respond"]}]},{"@type":"Person","@id":"https:\/\/aenverdexpress.es\/#\/schema\/person\/7220664746e3c774cb3c4e5f81fc4ba0","name":"REDACCI\u00d3N AENVERDE","image":{"@type":"ImageObject","@id":"https:\/\/aenverdexpress.es\/#personlogo","inLanguage":"es","url":"https:\/\/secure.gravatar.com\/avatar\/82de37537a82ee30b014773728d8502cf11180bc1ea2f0a301ec70ebe59ea3e5?s=96&d=mm&r=g","contentUrl":"https:\/\/secure.gravatar.com\/avatar\/82de37537a82ee30b014773728d8502cf11180bc1ea2f0a301ec70ebe59ea3e5?s=96&d=mm&r=g","caption":"REDACCI\u00d3N AENVERDE"},"url":"https:\/\/aenverde-cp7041.wordpresstemporal.com\/aenverdexpress.es\/author\/damian\/"}]}},"builder_content":"","_links":{"self":[{"href":"https:\/\/aenverde-cp7041.wordpresstemporal.com\/aenverdexpress.es\/wp-json\/wp\/v2\/posts\/1564","targetHints":{"allow":["GET"]}}],"collection":[{"href":"https:\/\/aenverde-cp7041.wordpresstemporal.com\/aenverdexpress.es\/wp-json\/wp\/v2\/posts"}],"about":[{"href":"https:\/\/aenverde-cp7041.wordpresstemporal.com\/aenverdexpress.es\/wp-json\/wp\/v2\/types\/post"}],"author":[{"embeddable":true,"href":"https:\/\/aenverde-cp7041.wordpresstemporal.com\/aenverdexpress.es\/wp-json\/wp\/v2\/users\/2"}],"replies":[{"embeddable":true,"href":"https:\/\/aenverde-cp7041.wordpresstemporal.com\/aenverdexpress.es\/wp-json\/wp\/v2\/comments?post=1564"}],"version-history":[{"count":2,"href":"https:\/\/aenverde-cp7041.wordpresstemporal.com\/aenverdexpress.es\/wp-json\/wp\/v2\/posts\/1564\/revisions"}],"predecessor-version":[{"id":1567,"href":"https:\/\/aenverde-cp7041.wordpresstemporal.com\/aenverdexpress.es\/wp-json\/wp\/v2\/posts\/1564\/revisions\/1567"}],"wp:featuredmedia":[{"embeddable":true,"href":"https:\/\/aenverde-cp7041.wordpresstemporal.com\/aenverdexpress.es\/wp-json\/wp\/v2\/media\/1565"}],"wp:attachment":[{"href":"https:\/\/aenverde-cp7041.wordpresstemporal.com\/aenverdexpress.es\/wp-json\/wp\/v2\/media?parent=1564"}],"wp:term":[{"taxonomy":"category","embeddable":true,"href":"https:\/\/aenverde-cp7041.wordpresstemporal.com\/aenverdexpress.es\/wp-json\/wp\/v2\/categories?post=1564"},{"taxonomy":"post_tag","embeddable":true,"href":"https:\/\/aenverde-cp7041.wordpresstemporal.com\/aenverdexpress.es\/wp-json\/wp\/v2\/tags?post=1564"}],"curies":[{"name":"wp","href":"https:\/\/api.w.org\/{rel}","templated":true}]}}