{"id":1592,"date":"2022-01-19T07:37:55","date_gmt":"2022-01-19T07:37:55","guid":{"rendered":"https:\/\/aenverdexpress.es\/?p=1592"},"modified":"2022-01-19T07:37:56","modified_gmt":"2022-01-19T07:37:56","slug":"almeria-lidera-las-exportaciones-hortofruticolas-de-andalucia-con-la-mitad-de-las-ventas","status":"publish","type":"post","link":"https:\/\/aenverde-cp7041.wordpresstemporal.com\/aenverdexpress.es\/2022\/01\/19\/almeria-lidera-las-exportaciones-hortofruticolas-de-andalucia-con-la-mitad-de-las-ventas\/","title":{"rendered":"Almer\u00eda lidera las exportaciones hortofrut\u00edcolas de Andaluc\u00eda con la mitad de las ventas"},"content":{"rendered":"<!--themify_builder_content-->\n<div id=\"themify_builder_content-1592\" data-postid=\"1592\" class=\"themify_builder_content themify_builder_content-1592 themify_builder tf_clear\">\n    <\/div>\n<!--\/themify_builder_content-->\n\n\n<p class=\"wp-block-paragraph\"><strong>Andaluc\u00eda alcanz\u00f3 entre enero y octubre de 2021 un nuevo r\u00e9cord de exportaciones de frutas y hortalizas, con 5.002 millones de euros en ventas al exterior<\/strong>, su m\u00e1ximo hist\u00f3rico para un semestre desde que existen registros homologables (1995), gracias a un crecimiento del 3,8% respecto a los datos del mismo periodo de 2020, cuando tambi\u00e9n se contabiliz\u00f3 un r\u00e9cord en la serie hist\u00f3rica, a pesar de la crisis derivada del impacto del Covid-19.&nbsp;<\/p>\n\n\n\n<p class=\"wp-block-paragraph\"><strong>El liderazgo de Andaluc\u00eda tiene en la provincia de Almer\u00eda su principal fortaleza, ya que entre enero y octubre de 2021 acapar\u00f3 el 50% del total de las exportaciones andaluzas<\/strong>.<\/p>\n\n\n\n<p class=\"wp-block-paragraph\"><strong>M\u00e1s informaci\u00f3n <a href=\"https:\/\/www.aenverde.es\/almeria-lidera-las-exportaciones-hortofruticolas-de-andalucia-con-la-mitad-de-las-ventas\/\" target=\"_blank\" rel=\"noreferrer noopener\">aqu\u00ed<\/a>.<\/strong><\/p>","protected":false},"excerpt":{"rendered":"<p>Andaluc\u00eda alcanz\u00f3 entre enero y octubre de 2021 un nuevo r\u00e9cord de exportaciones de frutas y hortalizas, con 5.002 millones de euros en ventas al exterior, su m\u00e1ximo hist\u00f3rico para un semestre desde que existen registros homologables (1995), gracias a un crecimiento del 3,8% respecto a los datos del mismo periodo de 2020, cuando tambi\u00e9n [&hellip;]<\/p>\n","protected":false},"author":2,"featured_media":1593,"comment_status":"open","ping_status":"open","sticky":false,"template":"","format":"standard","meta":{"footnotes":""},"categories":[13],"tags":[170,55,107],"class_list":["post-1592","post","type-post","status-publish","format-standard","has-post-thumbnail","hentry","category-mercados","tag-andalucia","tag-exportacion","tag-sector-hortofruticola","has-post-title","has-post-date","has-post-category","has-post-tag","has-post-comment","has-post-author",""],"yoast_head":"<!-- This site is optimized with the Yoast SEO plugin v18.2 - https:\/\/yoast.com\/wordpress\/plugins\/seo\/ -->\n<title>Almer\u00eda lidera las exportaciones hortofrut\u00edcolas de Andaluc\u00eda con la mitad de las ventas - Aenverde Express<\/title>\n<meta name=\"robots\" content=\"index, follow, max-snippet:-1, max-image-preview:large, max-video-preview:-1\" \/>\n<link rel=\"canonical\" href=\"https:\/\/aenverde-cp7041.wordpresstemporal.com\/aenverdexpress.es\/2022\/01\/19\/almeria-lidera-las-exportaciones-hortofruticolas-de-andalucia-con-la-mitad-de-las-ventas\/\" \/>\n<meta property=\"og:locale\" content=\"es_ES\" \/>\n<meta property=\"og:type\" content=\"article\" \/>\n<meta property=\"og:title\" content=\"Almer\u00eda lidera las exportaciones hortofrut\u00edcolas de Andaluc\u00eda con la mitad de las ventas - Aenverde Express\" \/>\n<meta property=\"og:description\" content=\"Andaluc\u00eda alcanz\u00f3 entre enero y octubre de 2021 un nuevo r\u00e9cord de exportaciones de frutas y hortalizas, con 5.002 millones de euros en ventas al exterior, su m\u00e1ximo hist\u00f3rico para un semestre desde que existen registros homologables (1995), gracias a un crecimiento del 3,8% respecto a los datos del mismo periodo de 2020, cuando tambi\u00e9n [&hellip;]\" \/>\n<meta property=\"og:url\" content=\"https:\/\/aenverde-cp7041.wordpresstemporal.com\/aenverdexpress.es\/2022\/01\/19\/almeria-lidera-las-exportaciones-hortofruticolas-de-andalucia-con-la-mitad-de-las-ventas\/\" \/>\n<meta property=\"og:site_name\" content=\"Aenverde Express\" \/>\n<meta property=\"article:published_time\" content=\"2022-01-19T07:37:55+00:00\" \/>\n<meta property=\"article:modified_time\" content=\"2022-01-19T07:37:56+00:00\" \/>\n<meta property=\"og:image\" content=\"https:\/\/aenverde-cp7041.wordpresstemporal.com\/aenverdexpress.es\/wp-content\/uploads\/2022\/01\/pimientos-3.jpg\" \/>\n\t<meta property=\"og:image:width\" content=\"799\" \/>\n\t<meta property=\"og:image:height\" content=\"533\" \/>\n\t<meta property=\"og:image:type\" content=\"image\/jpeg\" \/>\n<meta name=\"twitter:card\" content=\"summary_large_image\" \/>\n<meta name=\"twitter:label1\" content=\"Escrito por\" \/>\n\t<meta name=\"twitter:data1\" content=\"REDACCI\u00d3N AENVERDE\" \/>\n\t<meta name=\"twitter:label2\" content=\"Tiempo de lectura\" \/>\n\t<meta name=\"twitter:data2\" content=\"1 minuto\" \/>\n<script type=\"application\/ld+json\" class=\"yoast-schema-graph\">{\"@context\":\"https:\/\/schema.org\",\"@graph\":[{\"@type\":\"Organization\",\"@id\":\"https:\/\/aenverdexpress.es\/#organization\",\"name\":\"AENVERDE\",\"url\":\"https:\/\/aenverdexpress.es\/\",\"sameAs\":[],\"logo\":{\"@type\":\"ImageObject\",\"@id\":\"https:\/\/aenverdexpress.es\/#logo\",\"inLanguage\":\"es\",\"url\":\"https:\/\/aenverdexpress.es\/wp-content\/uploads\/2021\/12\/A-EN-VERDE-LOGO-FONDO-1DB954-01-1024x1024-1.jpg\",\"contentUrl\":\"https:\/\/aenverdexpress.es\/wp-content\/uploads\/2021\/12\/A-EN-VERDE-LOGO-FONDO-1DB954-01-1024x1024-1.jpg\",\"width\":1024,\"height\":1024,\"caption\":\"AENVERDE\"},\"image\":{\"@id\":\"https:\/\/aenverdexpress.es\/#logo\"}},{\"@type\":\"WebSite\",\"@id\":\"https:\/\/aenverdexpress.es\/#website\",\"url\":\"https:\/\/aenverdexpress.es\/\",\"name\":\"Aenverde Express\",\"description\":\"\",\"publisher\":{\"@id\":\"https:\/\/aenverdexpress.es\/#organization\"},\"potentialAction\":[{\"@type\":\"SearchAction\",\"target\":{\"@type\":\"EntryPoint\",\"urlTemplate\":\"https:\/\/aenverdexpress.es\/?s={search_term_string}\"},\"query-input\":\"required name=search_term_string\"}],\"inLanguage\":\"es\"},{\"@type\":\"ImageObject\",\"@id\":\"https:\/\/aenverde-cp7041.wordpresstemporal.com\/aenverdexpress.es\/2022\/01\/19\/almeria-lidera-las-exportaciones-hortofruticolas-de-andalucia-con-la-mitad-de-las-ventas\/#primaryimage\",\"inLanguage\":\"es\",\"url\":\"https:\/\/aenverde-cp7041.wordpresstemporal.com\/aenverdexpress.es\/wp-content\/uploads\/2022\/01\/pimientos-3.jpg\",\"contentUrl\":\"https:\/\/aenverde-cp7041.wordpresstemporal.com\/aenverdexpress.es\/wp-content\/uploads\/2022\/01\/pimientos-3.jpg\",\"width\":799,\"height\":533},{\"@type\":\"WebPage\",\"@id\":\"https:\/\/aenverde-cp7041.wordpresstemporal.com\/aenverdexpress.es\/2022\/01\/19\/almeria-lidera-las-exportaciones-hortofruticolas-de-andalucia-con-la-mitad-de-las-ventas\/#webpage\",\"url\":\"https:\/\/aenverde-cp7041.wordpresstemporal.com\/aenverdexpress.es\/2022\/01\/19\/almeria-lidera-las-exportaciones-hortofruticolas-de-andalucia-con-la-mitad-de-las-ventas\/\",\"name\":\"Almer\u00eda lidera las exportaciones hortofrut\u00edcolas de Andaluc\u00eda con la mitad de las ventas - Aenverde Express\",\"isPartOf\":{\"@id\":\"https:\/\/aenverdexpress.es\/#website\"},\"primaryImageOfPage\":{\"@id\":\"https:\/\/aenverde-cp7041.wordpresstemporal.com\/aenverdexpress.es\/2022\/01\/19\/almeria-lidera-las-exportaciones-hortofruticolas-de-andalucia-con-la-mitad-de-las-ventas\/#primaryimage\"},\"datePublished\":\"2022-01-19T07:37:55+00:00\",\"dateModified\":\"2022-01-19T07:37:56+00:00\",\"breadcrumb\":{\"@id\":\"https:\/\/aenverde-cp7041.wordpresstemporal.com\/aenverdexpress.es\/2022\/01\/19\/almeria-lidera-las-exportaciones-hortofruticolas-de-andalucia-con-la-mitad-de-las-ventas\/#breadcrumb\"},\"inLanguage\":\"es\",\"potentialAction\":[{\"@type\":\"ReadAction\",\"target\":[\"https:\/\/aenverde-cp7041.wordpresstemporal.com\/aenverdexpress.es\/2022\/01\/19\/almeria-lidera-las-exportaciones-hortofruticolas-de-andalucia-con-la-mitad-de-las-ventas\/\"]}]},{\"@type\":\"BreadcrumbList\",\"@id\":\"https:\/\/aenverde-cp7041.wordpresstemporal.com\/aenverdexpress.es\/2022\/01\/19\/almeria-lidera-las-exportaciones-hortofruticolas-de-andalucia-con-la-mitad-de-las-ventas\/#breadcrumb\",\"itemListElement\":[{\"@type\":\"ListItem\",\"position\":1,\"name\":\"Portada\",\"item\":\"https:\/\/aenverdexpress.es\/\"},{\"@type\":\"ListItem\",\"position\":2,\"name\":\"Almer\u00eda lidera las exportaciones hortofrut\u00edcolas de Andaluc\u00eda con la mitad de las ventas\"}]},{\"@type\":\"Article\",\"@id\":\"https:\/\/aenverde-cp7041.wordpresstemporal.com\/aenverdexpress.es\/2022\/01\/19\/almeria-lidera-las-exportaciones-hortofruticolas-de-andalucia-con-la-mitad-de-las-ventas\/#article\",\"isPartOf\":{\"@id\":\"https:\/\/aenverde-cp7041.wordpresstemporal.com\/aenverdexpress.es\/2022\/01\/19\/almeria-lidera-las-exportaciones-hortofruticolas-de-andalucia-con-la-mitad-de-las-ventas\/#webpage\"},\"author\":{\"@id\":\"https:\/\/aenverdexpress.es\/#\/schema\/person\/7220664746e3c774cb3c4e5f81fc4ba0\"},\"headline\":\"Almer\u00eda lidera las exportaciones hortofrut\u00edcolas de Andaluc\u00eda con la mitad de las ventas\",\"datePublished\":\"2022-01-19T07:37:55+00:00\",\"dateModified\":\"2022-01-19T07:37:56+00:00\",\"mainEntityOfPage\":{\"@id\":\"https:\/\/aenverde-cp7041.wordpresstemporal.com\/aenverdexpress.es\/2022\/01\/19\/almeria-lidera-las-exportaciones-hortofruticolas-de-andalucia-con-la-mitad-de-las-ventas\/#webpage\"},\"wordCount\":127,\"commentCount\":0,\"publisher\":{\"@id\":\"https:\/\/aenverdexpress.es\/#organization\"},\"image\":{\"@id\":\"https:\/\/aenverde-cp7041.wordpresstemporal.com\/aenverdexpress.es\/2022\/01\/19\/almeria-lidera-las-exportaciones-hortofruticolas-de-andalucia-con-la-mitad-de-las-ventas\/#primaryimage\"},\"thumbnailUrl\":\"https:\/\/aenverde-cp7041.wordpresstemporal.com\/aenverdexpress.es\/wp-content\/uploads\/2022\/01\/pimientos-3.jpg\",\"keywords\":[\"Andaluc\u00eda\",\"exportaci\u00f3n\",\"sector hortofrut\u00edcola\"],\"articleSection\":[\"Mercados\"],\"inLanguage\":\"es\",\"potentialAction\":[{\"@type\":\"CommentAction\",\"name\":\"Comment\",\"target\":[\"https:\/\/aenverde-cp7041.wordpresstemporal.com\/aenverdexpress.es\/2022\/01\/19\/almeria-lidera-las-exportaciones-hortofruticolas-de-andalucia-con-la-mitad-de-las-ventas\/#respond\"]}]},{\"@type\":\"Person\",\"@id\":\"https:\/\/aenverdexpress.es\/#\/schema\/person\/7220664746e3c774cb3c4e5f81fc4ba0\",\"name\":\"REDACCI\u00d3N AENVERDE\",\"image\":{\"@type\":\"ImageObject\",\"@id\":\"https:\/\/aenverdexpress.es\/#personlogo\",\"inLanguage\":\"es\",\"url\":\"https:\/\/secure.gravatar.com\/avatar\/82de37537a82ee30b014773728d8502cf11180bc1ea2f0a301ec70ebe59ea3e5?s=96&d=mm&r=g\",\"contentUrl\":\"https:\/\/secure.gravatar.com\/avatar\/82de37537a82ee30b014773728d8502cf11180bc1ea2f0a301ec70ebe59ea3e5?s=96&d=mm&r=g\",\"caption\":\"REDACCI\u00d3N AENVERDE\"},\"url\":\"https:\/\/aenverde-cp7041.wordpresstemporal.com\/aenverdexpress.es\/author\/damian\/\"}]}<\/script>\n<!-- \/ Yoast SEO plugin. -->","yoast_head_json":{"title":"Almer\u00eda lidera las exportaciones hortofrut\u00edcolas de Andaluc\u00eda con la mitad de las ventas - Aenverde Express","robots":{"index":"index","follow":"follow","max-snippet":"max-snippet:-1","max-image-preview":"max-image-preview:large","max-video-preview":"max-video-preview:-1"},"canonical":"https:\/\/aenverde-cp7041.wordpresstemporal.com\/aenverdexpress.es\/2022\/01\/19\/almeria-lidera-las-exportaciones-hortofruticolas-de-andalucia-con-la-mitad-de-las-ventas\/","og_locale":"es_ES","og_type":"article","og_title":"Almer\u00eda lidera las exportaciones hortofrut\u00edcolas de Andaluc\u00eda con la mitad de las ventas - Aenverde Express","og_description":"Andaluc\u00eda alcanz\u00f3 entre enero y octubre de 2021 un nuevo r\u00e9cord de exportaciones de frutas y hortalizas, con 5.002 millones de euros en ventas al exterior, su m\u00e1ximo hist\u00f3rico para un semestre desde que existen registros homologables (1995), gracias a un crecimiento del 3,8% respecto a los datos del mismo periodo de 2020, cuando tambi\u00e9n [&hellip;]","og_url":"https:\/\/aenverde-cp7041.wordpresstemporal.com\/aenverdexpress.es\/2022\/01\/19\/almeria-lidera-las-exportaciones-hortofruticolas-de-andalucia-con-la-mitad-de-las-ventas\/","og_site_name":"Aenverde Express","article_published_time":"2022-01-19T07:37:55+00:00","article_modified_time":"2022-01-19T07:37:56+00:00","og_image":[{"width":799,"height":533,"url":"https:\/\/aenverde-cp7041.wordpresstemporal.com\/aenverdexpress.es\/wp-content\/uploads\/2022\/01\/pimientos-3.jpg","type":"image\/jpeg"}],"twitter_card":"summary_large_image","twitter_misc":{"Escrito por":"REDACCI\u00d3N AENVERDE","Tiempo de lectura":"1 minuto"},"schema":{"@context":"https:\/\/schema.org","@graph":[{"@type":"Organization","@id":"https:\/\/aenverdexpress.es\/#organization","name":"AENVERDE","url":"https:\/\/aenverdexpress.es\/","sameAs":[],"logo":{"@type":"ImageObject","@id":"https:\/\/aenverdexpress.es\/#logo","inLanguage":"es","url":"https:\/\/aenverdexpress.es\/wp-content\/uploads\/2021\/12\/A-EN-VERDE-LOGO-FONDO-1DB954-01-1024x1024-1.jpg","contentUrl":"https:\/\/aenverdexpress.es\/wp-content\/uploads\/2021\/12\/A-EN-VERDE-LOGO-FONDO-1DB954-01-1024x1024-1.jpg","width":1024,"height":1024,"caption":"AENVERDE"},"image":{"@id":"https:\/\/aenverdexpress.es\/#logo"}},{"@type":"WebSite","@id":"https:\/\/aenverdexpress.es\/#website","url":"https:\/\/aenverdexpress.es\/","name":"Aenverde Express","description":"","publisher":{"@id":"https:\/\/aenverdexpress.es\/#organization"},"potentialAction":[{"@type":"SearchAction","target":{"@type":"EntryPoint","urlTemplate":"https:\/\/aenverdexpress.es\/?s={search_term_string}"},"query-input":"required name=search_term_string"}],"inLanguage":"es"},{"@type":"ImageObject","@id":"https:\/\/aenverde-cp7041.wordpresstemporal.com\/aenverdexpress.es\/2022\/01\/19\/almeria-lidera-las-exportaciones-hortofruticolas-de-andalucia-con-la-mitad-de-las-ventas\/#primaryimage","inLanguage":"es","url":"https:\/\/aenverde-cp7041.wordpresstemporal.com\/aenverdexpress.es\/wp-content\/uploads\/2022\/01\/pimientos-3.jpg","contentUrl":"https:\/\/aenverde-cp7041.wordpresstemporal.com\/aenverdexpress.es\/wp-content\/uploads\/2022\/01\/pimientos-3.jpg","width":799,"height":533},{"@type":"WebPage","@id":"https:\/\/aenverde-cp7041.wordpresstemporal.com\/aenverdexpress.es\/2022\/01\/19\/almeria-lidera-las-exportaciones-hortofruticolas-de-andalucia-con-la-mitad-de-las-ventas\/#webpage","url":"https:\/\/aenverde-cp7041.wordpresstemporal.com\/aenverdexpress.es\/2022\/01\/19\/almeria-lidera-las-exportaciones-hortofruticolas-de-andalucia-con-la-mitad-de-las-ventas\/","name":"Almer\u00eda lidera las exportaciones hortofrut\u00edcolas de Andaluc\u00eda con la mitad de las ventas - Aenverde Express","isPartOf":{"@id":"https:\/\/aenverdexpress.es\/#website"},"primaryImageOfPage":{"@id":"https:\/\/aenverde-cp7041.wordpresstemporal.com\/aenverdexpress.es\/2022\/01\/19\/almeria-lidera-las-exportaciones-hortofruticolas-de-andalucia-con-la-mitad-de-las-ventas\/#primaryimage"},"datePublished":"2022-01-19T07:37:55+00:00","dateModified":"2022-01-19T07:37:56+00:00","breadcrumb":{"@id":"https:\/\/aenverde-cp7041.wordpresstemporal.com\/aenverdexpress.es\/2022\/01\/19\/almeria-lidera-las-exportaciones-hortofruticolas-de-andalucia-con-la-mitad-de-las-ventas\/#breadcrumb"},"inLanguage":"es","potentialAction":[{"@type":"ReadAction","target":["https:\/\/aenverde-cp7041.wordpresstemporal.com\/aenverdexpress.es\/2022\/01\/19\/almeria-lidera-las-exportaciones-hortofruticolas-de-andalucia-con-la-mitad-de-las-ventas\/"]}]},{"@type":"BreadcrumbList","@id":"https:\/\/aenverde-cp7041.wordpresstemporal.com\/aenverdexpress.es\/2022\/01\/19\/almeria-lidera-las-exportaciones-hortofruticolas-de-andalucia-con-la-mitad-de-las-ventas\/#breadcrumb","itemListElement":[{"@type":"ListItem","position":1,"name":"Portada","item":"https:\/\/aenverdexpress.es\/"},{"@type":"ListItem","position":2,"name":"Almer\u00eda lidera las exportaciones hortofrut\u00edcolas de Andaluc\u00eda con la mitad de las ventas"}]},{"@type":"Article","@id":"https:\/\/aenverde-cp7041.wordpresstemporal.com\/aenverdexpress.es\/2022\/01\/19\/almeria-lidera-las-exportaciones-hortofruticolas-de-andalucia-con-la-mitad-de-las-ventas\/#article","isPartOf":{"@id":"https:\/\/aenverde-cp7041.wordpresstemporal.com\/aenverdexpress.es\/2022\/01\/19\/almeria-lidera-las-exportaciones-hortofruticolas-de-andalucia-con-la-mitad-de-las-ventas\/#webpage"},"author":{"@id":"https:\/\/aenverdexpress.es\/#\/schema\/person\/7220664746e3c774cb3c4e5f81fc4ba0"},"headline":"Almer\u00eda lidera las exportaciones hortofrut\u00edcolas de Andaluc\u00eda con la mitad de las ventas","datePublished":"2022-01-19T07:37:55+00:00","dateModified":"2022-01-19T07:37:56+00:00","mainEntityOfPage":{"@id":"https:\/\/aenverde-cp7041.wordpresstemporal.com\/aenverdexpress.es\/2022\/01\/19\/almeria-lidera-las-exportaciones-hortofruticolas-de-andalucia-con-la-mitad-de-las-ventas\/#webpage"},"wordCount":127,"commentCount":0,"publisher":{"@id":"https:\/\/aenverdexpress.es\/#organization"},"image":{"@id":"https:\/\/aenverde-cp7041.wordpresstemporal.com\/aenverdexpress.es\/2022\/01\/19\/almeria-lidera-las-exportaciones-hortofruticolas-de-andalucia-con-la-mitad-de-las-ventas\/#primaryimage"},"thumbnailUrl":"https:\/\/aenverde-cp7041.wordpresstemporal.com\/aenverdexpress.es\/wp-content\/uploads\/2022\/01\/pimientos-3.jpg","keywords":["Andaluc\u00eda","exportaci\u00f3n","sector hortofrut\u00edcola"],"articleSection":["Mercados"],"inLanguage":"es","potentialAction":[{"@type":"CommentAction","name":"Comment","target":["https:\/\/aenverde-cp7041.wordpresstemporal.com\/aenverdexpress.es\/2022\/01\/19\/almeria-lidera-las-exportaciones-hortofruticolas-de-andalucia-con-la-mitad-de-las-ventas\/#respond"]}]},{"@type":"Person","@id":"https:\/\/aenverdexpress.es\/#\/schema\/person\/7220664746e3c774cb3c4e5f81fc4ba0","name":"REDACCI\u00d3N AENVERDE","image":{"@type":"ImageObject","@id":"https:\/\/aenverdexpress.es\/#personlogo","inLanguage":"es","url":"https:\/\/secure.gravatar.com\/avatar\/82de37537a82ee30b014773728d8502cf11180bc1ea2f0a301ec70ebe59ea3e5?s=96&d=mm&r=g","contentUrl":"https:\/\/secure.gravatar.com\/avatar\/82de37537a82ee30b014773728d8502cf11180bc1ea2f0a301ec70ebe59ea3e5?s=96&d=mm&r=g","caption":"REDACCI\u00d3N AENVERDE"},"url":"https:\/\/aenverde-cp7041.wordpresstemporal.com\/aenverdexpress.es\/author\/damian\/"}]}},"builder_content":"","_links":{"self":[{"href":"https:\/\/aenverde-cp7041.wordpresstemporal.com\/aenverdexpress.es\/wp-json\/wp\/v2\/posts\/1592","targetHints":{"allow":["GET"]}}],"collection":[{"href":"https:\/\/aenverde-cp7041.wordpresstemporal.com\/aenverdexpress.es\/wp-json\/wp\/v2\/posts"}],"about":[{"href":"https:\/\/aenverde-cp7041.wordpresstemporal.com\/aenverdexpress.es\/wp-json\/wp\/v2\/types\/post"}],"author":[{"embeddable":true,"href":"https:\/\/aenverde-cp7041.wordpresstemporal.com\/aenverdexpress.es\/wp-json\/wp\/v2\/users\/2"}],"replies":[{"embeddable":true,"href":"https:\/\/aenverde-cp7041.wordpresstemporal.com\/aenverdexpress.es\/wp-json\/wp\/v2\/comments?post=1592"}],"version-history":[{"count":2,"href":"https:\/\/aenverde-cp7041.wordpresstemporal.com\/aenverdexpress.es\/wp-json\/wp\/v2\/posts\/1592\/revisions"}],"predecessor-version":[{"id":1595,"href":"https:\/\/aenverde-cp7041.wordpresstemporal.com\/aenverdexpress.es\/wp-json\/wp\/v2\/posts\/1592\/revisions\/1595"}],"wp:featuredmedia":[{"embeddable":true,"href":"https:\/\/aenverde-cp7041.wordpresstemporal.com\/aenverdexpress.es\/wp-json\/wp\/v2\/media\/1593"}],"wp:attachment":[{"href":"https:\/\/aenverde-cp7041.wordpresstemporal.com\/aenverdexpress.es\/wp-json\/wp\/v2\/media?parent=1592"}],"wp:term":[{"taxonomy":"category","embeddable":true,"href":"https:\/\/aenverde-cp7041.wordpresstemporal.com\/aenverdexpress.es\/wp-json\/wp\/v2\/categories?post=1592"},{"taxonomy":"post_tag","embeddable":true,"href":"https:\/\/aenverde-cp7041.wordpresstemporal.com\/aenverdexpress.es\/wp-json\/wp\/v2\/tags?post=1592"}],"curies":[{"name":"wp","href":"https:\/\/api.w.org\/{rel}","templated":true}]}}