{"id":326,"date":"2021-06-10T11:54:35","date_gmt":"2021-06-10T11:54:35","guid":{"rendered":"https:\/\/aenverdexpress.es\/?p=326"},"modified":"2021-06-10T14:34:55","modified_gmt":"2021-06-10T14:34:55","slug":"cooperativas-agro-alimentarias-de-espana-refuerza-su-proyecto-circulares-y-sostenibles-2025","status":"publish","type":"post","link":"https:\/\/aenverde-cp7041.wordpresstemporal.com\/aenverdexpress.es\/2021\/06\/10\/cooperativas-agro-alimentarias-de-espana-refuerza-su-proyecto-circulares-y-sostenibles-2025\/","title":{"rendered":"Cooperativas Agro-alimentarias de Espa\u00f1a refuerza su proyecto Circulares y Sostenibles 2025"},"content":{"rendered":"<!--themify_builder_content-->\n<div id=\"themify_builder_content-326\" data-postid=\"326\" class=\"themify_builder_content themify_builder_content-326 themify_builder tf_clear\">\n    \t<!-- module_row -->\n\t<div  data-lazy=\"1\" class=\"module_row themify_builder_row tb_ahj6228 tb_first tf_clearfix\">\n\t    \t\t<div class=\"row_inner col_align_top tf_box tf_w tf_rel\">\n\t\t\t<div  data-lazy=\"1\" class=\"module_column tb-column col-full first tb_zo85229 tf_box\">\n\t    \t    \t        <div class=\"tb-column-inner tf_box tf_w\">\n\t\t    <!-- module text -->\n<div  class=\"module module-text tb_dnj8192   \" data-lazy=\"1\">\n            <div  class=\"tb_text_wrap\">\n    <p>Cooperativas Agro-alimentarias de Espa\u00f1a present\u00f3 el pasado mes de febrero a los responsables de los Ministerios de Transici\u00f3n Ecol\u00f3gica y Reto Demogr\u00e1fico y de Agricultura, Pesca y Alimentaci\u00f3n, en el marco de los fondos europeos Next Generation UE, la iniciativa \u201cCirculares y Sostenibles 2025\u201d, un programa de proyectos cuyo objetivo es centralizar la recogida y el tratamiento de los residuos y subproductos.<\/p>\n<p>El objetivo de Cooperativas Agro-alimentarias de Espa\u00f1a es que sus empresas cooperativas y sus socios y socias, puedan cumplir los objetivos de gesti\u00f3n correcta de sus residuos, establecidos en la estrategia europea \u2018De la Granja a la Mesa\u2019.<\/p>\n<p><a href=\"https:\/\/www.aenverde.es\/cooperativas-agro-alimentarias-de-espana-refuerza-su-proyecto-circulares-y-sostenibles-2025\/\" target=\"_blank\" rel=\"noopener\"><strong>M\u00e1s info aqu\u00ed.<\/strong><\/a><\/p>    <\/div>\n<\/div>\n<!-- \/module text -->\t        <\/div>\n\t    \t<\/div>\n\t\t    <\/div>\n\t    <!-- \/row_inner -->\n\t<\/div>\n\t<!-- \/module_row -->\n\t<\/div>\n<!--\/themify_builder_content-->","protected":false},"excerpt":{"rendered":"<p>Cooperativas Agro-alimentarias de Espa\u00f1a present\u00f3 el pasado mes de febrero a los responsables de los Ministerios de Transici\u00f3n Ecol\u00f3gica y Reto Demogr\u00e1fico y de Agricultura, Pesca y Alimentaci\u00f3n, en el marco de los fondos europeos Next Generation UE, la iniciativa \u201cCirculares y Sostenibles 2025\u201d, un programa de proyectos cuyo objetivo es centralizar la recogida y [&hellip;]<\/p>\n","protected":false},"author":2,"featured_media":264,"comment_status":"open","ping_status":"open","sticky":false,"template":"","format":"standard","meta":{"footnotes":""},"categories":[11],"tags":[32,31,35,33],"class_list":["post-326","post","type-post","status-publish","format-standard","has-post-thumbnail","hentry","category-actualidad","tag-cooperativas","tag-coopertivas-agro-alimentarias-de-espana","tag-medio-ambiente","tag-sostenibilidad","has-post-title","has-post-date","has-post-category","has-post-tag","has-post-comment","has-post-author",""],"yoast_head":"<!-- This site is optimized with the Yoast SEO plugin v18.2 - https:\/\/yoast.com\/wordpress\/plugins\/seo\/ -->\n<title>Cooperativas Agro-alimentarias de Espa\u00f1a refuerza su proyecto Circulares y Sostenibles 2025 - Aenverde Express<\/title>\n<meta name=\"robots\" content=\"index, follow, max-snippet:-1, max-image-preview:large, max-video-preview:-1\" \/>\n<link rel=\"canonical\" href=\"https:\/\/aenverde-cp7041.wordpresstemporal.com\/aenverdexpress.es\/2021\/06\/10\/cooperativas-agro-alimentarias-de-espana-refuerza-su-proyecto-circulares-y-sostenibles-2025\/\" \/>\n<meta property=\"og:locale\" content=\"es_ES\" \/>\n<meta property=\"og:type\" content=\"article\" \/>\n<meta property=\"og:title\" content=\"Cooperativas Agro-alimentarias de Espa\u00f1a refuerza su proyecto Circulares y Sostenibles 2025 - Aenverde Express\" \/>\n<meta property=\"og:description\" content=\"Cooperativas Agro-alimentarias de Espa\u00f1a present\u00f3 el pasado mes de febrero a los responsables de los Ministerios de Transici\u00f3n Ecol\u00f3gica y Reto Demogr\u00e1fico y de Agricultura, Pesca y Alimentaci\u00f3n, en el marco de los fondos europeos Next Generation UE, la iniciativa \u201cCirculares y Sostenibles 2025\u201d, un programa de proyectos cuyo objetivo es centralizar la recogida y [&hellip;]\" \/>\n<meta property=\"og:url\" content=\"https:\/\/aenverde-cp7041.wordpresstemporal.com\/aenverdexpress.es\/2021\/06\/10\/cooperativas-agro-alimentarias-de-espana-refuerza-su-proyecto-circulares-y-sostenibles-2025\/\" \/>\n<meta property=\"og:site_name\" content=\"Aenverde Express\" \/>\n<meta property=\"article:published_time\" content=\"2021-06-10T11:54:35+00:00\" \/>\n<meta property=\"article:modified_time\" content=\"2021-06-10T14:34:55+00:00\" \/>\n<meta property=\"og:image\" content=\"https:\/\/aenverde-cp7041.wordpresstemporal.com\/aenverdexpress.es\/wp-content\/uploads\/2021\/06\/economia-circular-1085x600-1.jpg\" \/>\n\t<meta property=\"og:image:width\" content=\"1085\" \/>\n\t<meta property=\"og:image:height\" content=\"600\" \/>\n\t<meta property=\"og:image:type\" content=\"image\/jpeg\" \/>\n<meta name=\"twitter:card\" content=\"summary_large_image\" \/>\n<meta name=\"twitter:label1\" content=\"Escrito por\" \/>\n\t<meta name=\"twitter:data1\" content=\"REDACCI\u00d3N AENVERDE\" \/>\n<script type=\"application\/ld+json\" class=\"yoast-schema-graph\">{\"@context\":\"https:\/\/schema.org\",\"@graph\":[{\"@type\":\"Organization\",\"@id\":\"https:\/\/aenverdexpress.es\/#organization\",\"name\":\"AENVERDE\",\"url\":\"https:\/\/aenverdexpress.es\/\",\"sameAs\":[],\"logo\":{\"@type\":\"ImageObject\",\"@id\":\"https:\/\/aenverdexpress.es\/#logo\",\"inLanguage\":\"es\",\"url\":\"https:\/\/aenverdexpress.es\/wp-content\/uploads\/2021\/12\/A-EN-VERDE-LOGO-FONDO-1DB954-01-1024x1024-1.jpg\",\"contentUrl\":\"https:\/\/aenverdexpress.es\/wp-content\/uploads\/2021\/12\/A-EN-VERDE-LOGO-FONDO-1DB954-01-1024x1024-1.jpg\",\"width\":1024,\"height\":1024,\"caption\":\"AENVERDE\"},\"image\":{\"@id\":\"https:\/\/aenverdexpress.es\/#logo\"}},{\"@type\":\"WebSite\",\"@id\":\"https:\/\/aenverdexpress.es\/#website\",\"url\":\"https:\/\/aenverdexpress.es\/\",\"name\":\"Aenverde Express\",\"description\":\"\",\"publisher\":{\"@id\":\"https:\/\/aenverdexpress.es\/#organization\"},\"potentialAction\":[{\"@type\":\"SearchAction\",\"target\":{\"@type\":\"EntryPoint\",\"urlTemplate\":\"https:\/\/aenverdexpress.es\/?s={search_term_string}\"},\"query-input\":\"required name=search_term_string\"}],\"inLanguage\":\"es\"},{\"@type\":\"ImageObject\",\"@id\":\"https:\/\/aenverde-cp7041.wordpresstemporal.com\/aenverdexpress.es\/2021\/06\/10\/cooperativas-agro-alimentarias-de-espana-refuerza-su-proyecto-circulares-y-sostenibles-2025\/#primaryimage\",\"inLanguage\":\"es\",\"url\":\"https:\/\/aenverde-cp7041.wordpresstemporal.com\/aenverdexpress.es\/wp-content\/uploads\/2021\/06\/economia-circular-1085x600-1.jpg\",\"contentUrl\":\"https:\/\/aenverde-cp7041.wordpresstemporal.com\/aenverdexpress.es\/wp-content\/uploads\/2021\/06\/economia-circular-1085x600-1.jpg\",\"width\":1085,\"height\":600,\"caption\":\"economia-circular-\"},{\"@type\":\"WebPage\",\"@id\":\"https:\/\/aenverde-cp7041.wordpresstemporal.com\/aenverdexpress.es\/2021\/06\/10\/cooperativas-agro-alimentarias-de-espana-refuerza-su-proyecto-circulares-y-sostenibles-2025\/#webpage\",\"url\":\"https:\/\/aenverde-cp7041.wordpresstemporal.com\/aenverdexpress.es\/2021\/06\/10\/cooperativas-agro-alimentarias-de-espana-refuerza-su-proyecto-circulares-y-sostenibles-2025\/\",\"name\":\"Cooperativas Agro-alimentarias de Espa\u00f1a refuerza su proyecto Circulares y Sostenibles 2025 - Aenverde Express\",\"isPartOf\":{\"@id\":\"https:\/\/aenverdexpress.es\/#website\"},\"primaryImageOfPage\":{\"@id\":\"https:\/\/aenverde-cp7041.wordpresstemporal.com\/aenverdexpress.es\/2021\/06\/10\/cooperativas-agro-alimentarias-de-espana-refuerza-su-proyecto-circulares-y-sostenibles-2025\/#primaryimage\"},\"datePublished\":\"2021-06-10T11:54:35+00:00\",\"dateModified\":\"2021-06-10T14:34:55+00:00\",\"breadcrumb\":{\"@id\":\"https:\/\/aenverde-cp7041.wordpresstemporal.com\/aenverdexpress.es\/2021\/06\/10\/cooperativas-agro-alimentarias-de-espana-refuerza-su-proyecto-circulares-y-sostenibles-2025\/#breadcrumb\"},\"inLanguage\":\"es\",\"potentialAction\":[{\"@type\":\"ReadAction\",\"target\":[\"https:\/\/aenverde-cp7041.wordpresstemporal.com\/aenverdexpress.es\/2021\/06\/10\/cooperativas-agro-alimentarias-de-espana-refuerza-su-proyecto-circulares-y-sostenibles-2025\/\"]}]},{\"@type\":\"BreadcrumbList\",\"@id\":\"https:\/\/aenverde-cp7041.wordpresstemporal.com\/aenverdexpress.es\/2021\/06\/10\/cooperativas-agro-alimentarias-de-espana-refuerza-su-proyecto-circulares-y-sostenibles-2025\/#breadcrumb\",\"itemListElement\":[{\"@type\":\"ListItem\",\"position\":1,\"name\":\"Portada\",\"item\":\"https:\/\/aenverdexpress.es\/\"},{\"@type\":\"ListItem\",\"position\":2,\"name\":\"Cooperativas Agro-alimentarias de Espa\u00f1a refuerza su proyecto Circulares y Sostenibles 2025\"}]},{\"@type\":\"Article\",\"@id\":\"https:\/\/aenverde-cp7041.wordpresstemporal.com\/aenverdexpress.es\/2021\/06\/10\/cooperativas-agro-alimentarias-de-espana-refuerza-su-proyecto-circulares-y-sostenibles-2025\/#article\",\"isPartOf\":{\"@id\":\"https:\/\/aenverde-cp7041.wordpresstemporal.com\/aenverdexpress.es\/2021\/06\/10\/cooperativas-agro-alimentarias-de-espana-refuerza-su-proyecto-circulares-y-sostenibles-2025\/#webpage\"},\"author\":{\"@id\":\"https:\/\/aenverdexpress.es\/#\/schema\/person\/7220664746e3c774cb3c4e5f81fc4ba0\"},\"headline\":\"Cooperativas Agro-alimentarias de Espa\u00f1a refuerza su proyecto Circulares y Sostenibles 2025\",\"datePublished\":\"2021-06-10T11:54:35+00:00\",\"dateModified\":\"2021-06-10T14:34:55+00:00\",\"mainEntityOfPage\":{\"@id\":\"https:\/\/aenverde-cp7041.wordpresstemporal.com\/aenverdexpress.es\/2021\/06\/10\/cooperativas-agro-alimentarias-de-espana-refuerza-su-proyecto-circulares-y-sostenibles-2025\/#webpage\"},\"wordCount\":11,\"commentCount\":0,\"publisher\":{\"@id\":\"https:\/\/aenverdexpress.es\/#organization\"},\"image\":{\"@id\":\"https:\/\/aenverde-cp7041.wordpresstemporal.com\/aenverdexpress.es\/2021\/06\/10\/cooperativas-agro-alimentarias-de-espana-refuerza-su-proyecto-circulares-y-sostenibles-2025\/#primaryimage\"},\"thumbnailUrl\":\"https:\/\/aenverde-cp7041.wordpresstemporal.com\/aenverdexpress.es\/wp-content\/uploads\/2021\/06\/economia-circular-1085x600-1.jpg\",\"keywords\":[\"Cooperativas\",\"Coopertivas Agro-alimentarias de Espa\u00f1a\",\"Medio Ambiente\",\"Sostenibilidad\"],\"articleSection\":[\"Actualidad\"],\"inLanguage\":\"es\",\"potentialAction\":[{\"@type\":\"CommentAction\",\"name\":\"Comment\",\"target\":[\"https:\/\/aenverde-cp7041.wordpresstemporal.com\/aenverdexpress.es\/2021\/06\/10\/cooperativas-agro-alimentarias-de-espana-refuerza-su-proyecto-circulares-y-sostenibles-2025\/#respond\"]}]},{\"@type\":\"Person\",\"@id\":\"https:\/\/aenverdexpress.es\/#\/schema\/person\/7220664746e3c774cb3c4e5f81fc4ba0\",\"name\":\"REDACCI\u00d3N AENVERDE\",\"image\":{\"@type\":\"ImageObject\",\"@id\":\"https:\/\/aenverdexpress.es\/#personlogo\",\"inLanguage\":\"es\",\"url\":\"https:\/\/secure.gravatar.com\/avatar\/82de37537a82ee30b014773728d8502cf11180bc1ea2f0a301ec70ebe59ea3e5?s=96&d=mm&r=g\",\"contentUrl\":\"https:\/\/secure.gravatar.com\/avatar\/82de37537a82ee30b014773728d8502cf11180bc1ea2f0a301ec70ebe59ea3e5?s=96&d=mm&r=g\",\"caption\":\"REDACCI\u00d3N AENVERDE\"},\"url\":\"https:\/\/aenverde-cp7041.wordpresstemporal.com\/aenverdexpress.es\/author\/damian\/\"}]}<\/script>\n<!-- \/ Yoast SEO plugin. -->","yoast_head_json":{"title":"Cooperativas Agro-alimentarias de Espa\u00f1a refuerza su proyecto Circulares y Sostenibles 2025 - Aenverde Express","robots":{"index":"index","follow":"follow","max-snippet":"max-snippet:-1","max-image-preview":"max-image-preview:large","max-video-preview":"max-video-preview:-1"},"canonical":"https:\/\/aenverde-cp7041.wordpresstemporal.com\/aenverdexpress.es\/2021\/06\/10\/cooperativas-agro-alimentarias-de-espana-refuerza-su-proyecto-circulares-y-sostenibles-2025\/","og_locale":"es_ES","og_type":"article","og_title":"Cooperativas Agro-alimentarias de Espa\u00f1a refuerza su proyecto Circulares y Sostenibles 2025 - Aenverde Express","og_description":"Cooperativas Agro-alimentarias de Espa\u00f1a present\u00f3 el pasado mes de febrero a los responsables de los Ministerios de Transici\u00f3n Ecol\u00f3gica y Reto Demogr\u00e1fico y de Agricultura, Pesca y Alimentaci\u00f3n, en el marco de los fondos europeos Next Generation UE, la iniciativa \u201cCirculares y Sostenibles 2025\u201d, un programa de proyectos cuyo objetivo es centralizar la recogida y [&hellip;]","og_url":"https:\/\/aenverde-cp7041.wordpresstemporal.com\/aenverdexpress.es\/2021\/06\/10\/cooperativas-agro-alimentarias-de-espana-refuerza-su-proyecto-circulares-y-sostenibles-2025\/","og_site_name":"Aenverde Express","article_published_time":"2021-06-10T11:54:35+00:00","article_modified_time":"2021-06-10T14:34:55+00:00","og_image":[{"width":1085,"height":600,"url":"https:\/\/aenverde-cp7041.wordpresstemporal.com\/aenverdexpress.es\/wp-content\/uploads\/2021\/06\/economia-circular-1085x600-1.jpg","type":"image\/jpeg"}],"twitter_card":"summary_large_image","twitter_misc":{"Escrito por":"REDACCI\u00d3N AENVERDE"},"schema":{"@context":"https:\/\/schema.org","@graph":[{"@type":"Organization","@id":"https:\/\/aenverdexpress.es\/#organization","name":"AENVERDE","url":"https:\/\/aenverdexpress.es\/","sameAs":[],"logo":{"@type":"ImageObject","@id":"https:\/\/aenverdexpress.es\/#logo","inLanguage":"es","url":"https:\/\/aenverdexpress.es\/wp-content\/uploads\/2021\/12\/A-EN-VERDE-LOGO-FONDO-1DB954-01-1024x1024-1.jpg","contentUrl":"https:\/\/aenverdexpress.es\/wp-content\/uploads\/2021\/12\/A-EN-VERDE-LOGO-FONDO-1DB954-01-1024x1024-1.jpg","width":1024,"height":1024,"caption":"AENVERDE"},"image":{"@id":"https:\/\/aenverdexpress.es\/#logo"}},{"@type":"WebSite","@id":"https:\/\/aenverdexpress.es\/#website","url":"https:\/\/aenverdexpress.es\/","name":"Aenverde Express","description":"","publisher":{"@id":"https:\/\/aenverdexpress.es\/#organization"},"potentialAction":[{"@type":"SearchAction","target":{"@type":"EntryPoint","urlTemplate":"https:\/\/aenverdexpress.es\/?s={search_term_string}"},"query-input":"required name=search_term_string"}],"inLanguage":"es"},{"@type":"ImageObject","@id":"https:\/\/aenverde-cp7041.wordpresstemporal.com\/aenverdexpress.es\/2021\/06\/10\/cooperativas-agro-alimentarias-de-espana-refuerza-su-proyecto-circulares-y-sostenibles-2025\/#primaryimage","inLanguage":"es","url":"https:\/\/aenverde-cp7041.wordpresstemporal.com\/aenverdexpress.es\/wp-content\/uploads\/2021\/06\/economia-circular-1085x600-1.jpg","contentUrl":"https:\/\/aenverde-cp7041.wordpresstemporal.com\/aenverdexpress.es\/wp-content\/uploads\/2021\/06\/economia-circular-1085x600-1.jpg","width":1085,"height":600,"caption":"economia-circular-"},{"@type":"WebPage","@id":"https:\/\/aenverde-cp7041.wordpresstemporal.com\/aenverdexpress.es\/2021\/06\/10\/cooperativas-agro-alimentarias-de-espana-refuerza-su-proyecto-circulares-y-sostenibles-2025\/#webpage","url":"https:\/\/aenverde-cp7041.wordpresstemporal.com\/aenverdexpress.es\/2021\/06\/10\/cooperativas-agro-alimentarias-de-espana-refuerza-su-proyecto-circulares-y-sostenibles-2025\/","name":"Cooperativas Agro-alimentarias de Espa\u00f1a refuerza su proyecto Circulares y Sostenibles 2025 - Aenverde Express","isPartOf":{"@id":"https:\/\/aenverdexpress.es\/#website"},"primaryImageOfPage":{"@id":"https:\/\/aenverde-cp7041.wordpresstemporal.com\/aenverdexpress.es\/2021\/06\/10\/cooperativas-agro-alimentarias-de-espana-refuerza-su-proyecto-circulares-y-sostenibles-2025\/#primaryimage"},"datePublished":"2021-06-10T11:54:35+00:00","dateModified":"2021-06-10T14:34:55+00:00","breadcrumb":{"@id":"https:\/\/aenverde-cp7041.wordpresstemporal.com\/aenverdexpress.es\/2021\/06\/10\/cooperativas-agro-alimentarias-de-espana-refuerza-su-proyecto-circulares-y-sostenibles-2025\/#breadcrumb"},"inLanguage":"es","potentialAction":[{"@type":"ReadAction","target":["https:\/\/aenverde-cp7041.wordpresstemporal.com\/aenverdexpress.es\/2021\/06\/10\/cooperativas-agro-alimentarias-de-espana-refuerza-su-proyecto-circulares-y-sostenibles-2025\/"]}]},{"@type":"BreadcrumbList","@id":"https:\/\/aenverde-cp7041.wordpresstemporal.com\/aenverdexpress.es\/2021\/06\/10\/cooperativas-agro-alimentarias-de-espana-refuerza-su-proyecto-circulares-y-sostenibles-2025\/#breadcrumb","itemListElement":[{"@type":"ListItem","position":1,"name":"Portada","item":"https:\/\/aenverdexpress.es\/"},{"@type":"ListItem","position":2,"name":"Cooperativas Agro-alimentarias de Espa\u00f1a refuerza su proyecto Circulares y Sostenibles 2025"}]},{"@type":"Article","@id":"https:\/\/aenverde-cp7041.wordpresstemporal.com\/aenverdexpress.es\/2021\/06\/10\/cooperativas-agro-alimentarias-de-espana-refuerza-su-proyecto-circulares-y-sostenibles-2025\/#article","isPartOf":{"@id":"https:\/\/aenverde-cp7041.wordpresstemporal.com\/aenverdexpress.es\/2021\/06\/10\/cooperativas-agro-alimentarias-de-espana-refuerza-su-proyecto-circulares-y-sostenibles-2025\/#webpage"},"author":{"@id":"https:\/\/aenverdexpress.es\/#\/schema\/person\/7220664746e3c774cb3c4e5f81fc4ba0"},"headline":"Cooperativas Agro-alimentarias de Espa\u00f1a refuerza su proyecto Circulares y Sostenibles 2025","datePublished":"2021-06-10T11:54:35+00:00","dateModified":"2021-06-10T14:34:55+00:00","mainEntityOfPage":{"@id":"https:\/\/aenverde-cp7041.wordpresstemporal.com\/aenverdexpress.es\/2021\/06\/10\/cooperativas-agro-alimentarias-de-espana-refuerza-su-proyecto-circulares-y-sostenibles-2025\/#webpage"},"wordCount":11,"commentCount":0,"publisher":{"@id":"https:\/\/aenverdexpress.es\/#organization"},"image":{"@id":"https:\/\/aenverde-cp7041.wordpresstemporal.com\/aenverdexpress.es\/2021\/06\/10\/cooperativas-agro-alimentarias-de-espana-refuerza-su-proyecto-circulares-y-sostenibles-2025\/#primaryimage"},"thumbnailUrl":"https:\/\/aenverde-cp7041.wordpresstemporal.com\/aenverdexpress.es\/wp-content\/uploads\/2021\/06\/economia-circular-1085x600-1.jpg","keywords":["Cooperativas","Coopertivas Agro-alimentarias de Espa\u00f1a","Medio Ambiente","Sostenibilidad"],"articleSection":["Actualidad"],"inLanguage":"es","potentialAction":[{"@type":"CommentAction","name":"Comment","target":["https:\/\/aenverde-cp7041.wordpresstemporal.com\/aenverdexpress.es\/2021\/06\/10\/cooperativas-agro-alimentarias-de-espana-refuerza-su-proyecto-circulares-y-sostenibles-2025\/#respond"]}]},{"@type":"Person","@id":"https:\/\/aenverdexpress.es\/#\/schema\/person\/7220664746e3c774cb3c4e5f81fc4ba0","name":"REDACCI\u00d3N AENVERDE","image":{"@type":"ImageObject","@id":"https:\/\/aenverdexpress.es\/#personlogo","inLanguage":"es","url":"https:\/\/secure.gravatar.com\/avatar\/82de37537a82ee30b014773728d8502cf11180bc1ea2f0a301ec70ebe59ea3e5?s=96&d=mm&r=g","contentUrl":"https:\/\/secure.gravatar.com\/avatar\/82de37537a82ee30b014773728d8502cf11180bc1ea2f0a301ec70ebe59ea3e5?s=96&d=mm&r=g","caption":"REDACCI\u00d3N AENVERDE"},"url":"https:\/\/aenverde-cp7041.wordpresstemporal.com\/aenverdexpress.es\/author\/damian\/"}]}},"builder_content":"<p>Cooperativas Agro-alimentarias de Espa\u00f1a present\u00f3 el pasado mes de febrero a los responsables de los Ministerios de Transici\u00f3n Ecol\u00f3gica y Reto Demogr\u00e1fico y de Agricultura, Pesca y Alimentaci\u00f3n, en el marco de los fondos europeos Next Generation UE, la iniciativa \u201cCirculares y Sostenibles 2025\u201d, un programa de proyectos cuyo objetivo es centralizar la recogida y el tratamiento de los residuos y subproductos.<\/p> <p>El objetivo de Cooperativas Agro-alimentarias de Espa\u00f1a es que sus empresas cooperativas y sus socios y socias, puedan cumplir los objetivos de gesti\u00f3n correcta de sus residuos, establecidos en la estrategia europea \u2018De la Granja a la Mesa\u2019.<\/p> <p><a href=\"https:\/\/www.aenverde.es\/cooperativas-agro-alimentarias-de-espana-refuerza-su-proyecto-circulares-y-sostenibles-2025\/\" target=\"_blank\" rel=\"noopener\"><strong>M\u00e1s info aqu\u00ed.<\/strong><\/a><\/p>","_links":{"self":[{"href":"https:\/\/aenverde-cp7041.wordpresstemporal.com\/aenverdexpress.es\/wp-json\/wp\/v2\/posts\/326","targetHints":{"allow":["GET"]}}],"collection":[{"href":"https:\/\/aenverde-cp7041.wordpresstemporal.com\/aenverdexpress.es\/wp-json\/wp\/v2\/posts"}],"about":[{"href":"https:\/\/aenverde-cp7041.wordpresstemporal.com\/aenverdexpress.es\/wp-json\/wp\/v2\/types\/post"}],"author":[{"embeddable":true,"href":"https:\/\/aenverde-cp7041.wordpresstemporal.com\/aenverdexpress.es\/wp-json\/wp\/v2\/users\/2"}],"replies":[{"embeddable":true,"href":"https:\/\/aenverde-cp7041.wordpresstemporal.com\/aenverdexpress.es\/wp-json\/wp\/v2\/comments?post=326"}],"version-history":[{"count":5,"href":"https:\/\/aenverde-cp7041.wordpresstemporal.com\/aenverdexpress.es\/wp-json\/wp\/v2\/posts\/326\/revisions"}],"predecessor-version":[{"id":415,"href":"https:\/\/aenverde-cp7041.wordpresstemporal.com\/aenverdexpress.es\/wp-json\/wp\/v2\/posts\/326\/revisions\/415"}],"wp:featuredmedia":[{"embeddable":true,"href":"https:\/\/aenverde-cp7041.wordpresstemporal.com\/aenverdexpress.es\/wp-json\/wp\/v2\/media\/264"}],"wp:attachment":[{"href":"https:\/\/aenverde-cp7041.wordpresstemporal.com\/aenverdexpress.es\/wp-json\/wp\/v2\/media?parent=326"}],"wp:term":[{"taxonomy":"category","embeddable":true,"href":"https:\/\/aenverde-cp7041.wordpresstemporal.com\/aenverdexpress.es\/wp-json\/wp\/v2\/categories?post=326"},{"taxonomy":"post_tag","embeddable":true,"href":"https:\/\/aenverde-cp7041.wordpresstemporal.com\/aenverdexpress.es\/wp-json\/wp\/v2\/tags?post=326"}],"curies":[{"name":"wp","href":"https:\/\/api.w.org\/{rel}","templated":true}]}}