{"id":3380,"date":"2022-08-22T07:59:47","date_gmt":"2022-08-22T07:59:47","guid":{"rendered":"https:\/\/aenverdexpress.es\/?p=3380"},"modified":"2022-08-25T11:22:06","modified_gmt":"2022-08-25T11:22:06","slug":"entrevista-a-adoracion-canadas-nueva-gerente-de-acrena","status":"publish","type":"post","link":"https:\/\/aenverde-cp7041.wordpresstemporal.com\/aenverdexpress.es\/2022\/08\/22\/entrevista-a-adoracion-canadas-nueva-gerente-de-acrena\/","title":{"rendered":"Entrevista a Adoraci\u00f3n Ca\u00f1adas, nueva gerente de\u00a0Acrena"},"content":{"rendered":"<!--themify_builder_content-->\n<div id=\"themify_builder_content-3380\" data-postid=\"3380\" class=\"themify_builder_content themify_builder_content-3380 themify_builder tf_clear\">\n    <\/div>\n<!--\/themify_builder_content-->\n\n\n<p class=\"wp-block-paragraph\"><strong>Adoraci\u00f3n Ca\u00f1adas coge el testigo en la gerencia de Bernardo Castillo, que ha estado 36 a\u00f1os impecables en el cargo. Reproducimos su entrevista en el Diario de Almer\u00eda.<\/strong><\/p>\n\n\n\n<p class=\"wp-block-paragraph\">Son 30 a\u00f1os los que lleva en Acrena. Entr\u00f3 el 1 de agosto de 1992 para Recursos Humanos, \u201csin saber hacer una n\u00f3mina\u201d, y no s\u00f3lo las hace ya de carrerilla, sino que desde hace unas pocas semanas ha cogido el testigo de Bernardo Castillo en la gerencia.<\/p>\n\n\n\n<p class=\"wp-block-paragraph\">M\u00e1s informaci\u00f3n <a href=\"https:\/\/www.aenverde.es\/entrevista-a-adoracion-canadas-nueva-gerente-de-acrena\/\" target=\"_blank\" rel=\"noreferrer noopener\">aqu\u00ed<\/a>. <\/p>","protected":false},"excerpt":{"rendered":"<p>Adoraci\u00f3n Ca\u00f1adas coge el testigo en la gerencia de Bernardo Castillo, que ha estado 36 a\u00f1os impecables en el cargo. Reproducimos su entrevista en el Diario de Almer\u00eda. Son 30 a\u00f1os los que lleva en Acrena. Entr\u00f3 el 1 de agosto de 1992 para Recursos Humanos, \u201csin saber hacer una n\u00f3mina\u201d, y no s\u00f3lo las [&hellip;]<\/p>\n","protected":false},"author":2,"featured_media":3381,"comment_status":"open","ping_status":"open","sticky":false,"template":"","format":"standard","meta":{"footnotes":""},"categories":[11],"tags":[587,530,588,589,590,26,531,107],"class_list":["post-3380","post","type-post","status-publish","format-standard","has-post-thumbnail","hentry","category-actualidad","tag-acrena","tag-agronoticias","tag-entrevista","tag-gerente","tag-gerente-acrena","tag-invernaderos","tag-noticias","tag-sector-hortofruticola","has-post-title","has-post-date","has-post-category","has-post-tag","has-post-comment","has-post-author",""],"yoast_head":"<!-- This site is optimized with the Yoast SEO plugin v18.2 - https:\/\/yoast.com\/wordpress\/plugins\/seo\/ -->\n<title>Entrevista a Adoraci\u00f3n Ca\u00f1adas, nueva gerente de\u00a0Acrena - Aenverde Express<\/title>\n<meta name=\"description\" content=\"Entr\u00f3 el 1 de agosto de 1992 para Recursos Humanos, \u201csin saber hacer una n\u00f3mina\u201d, y no s\u00f3lo las hace ya de carrerilla, sino que desde hace unas pocas semanas ha cogido el testigo de Bernardo Castillo en la gerencia.\" \/>\n<meta name=\"robots\" content=\"index, follow, max-snippet:-1, max-image-preview:large, max-video-preview:-1\" \/>\n<link rel=\"canonical\" href=\"https:\/\/aenverde-cp7041.wordpresstemporal.com\/aenverdexpress.es\/2022\/08\/22\/entrevista-a-adoracion-canadas-nueva-gerente-de-acrena\/\" \/>\n<meta property=\"og:locale\" content=\"es_ES\" \/>\n<meta property=\"og:type\" content=\"article\" \/>\n<meta property=\"og:title\" content=\"Entrevista a Adoraci\u00f3n Ca\u00f1adas, nueva gerente de\u00a0Acrena - Aenverde Express\" \/>\n<meta property=\"og:description\" content=\"Entr\u00f3 el 1 de agosto de 1992 para Recursos Humanos, \u201csin saber hacer una n\u00f3mina\u201d, y no s\u00f3lo las hace ya de carrerilla, sino que desde hace unas pocas semanas ha cogido el testigo de Bernardo Castillo en la gerencia.\" \/>\n<meta property=\"og:url\" content=\"https:\/\/aenverde-cp7041.wordpresstemporal.com\/aenverdexpress.es\/2022\/08\/22\/entrevista-a-adoracion-canadas-nueva-gerente-de-acrena\/\" \/>\n<meta property=\"og:site_name\" content=\"Aenverde Express\" \/>\n<meta property=\"article:published_time\" content=\"2022-08-22T07:59:47+00:00\" \/>\n<meta property=\"article:modified_time\" content=\"2022-08-25T11:22:06+00:00\" \/>\n<meta property=\"og:image\" content=\"https:\/\/aenverde-cp7041.wordpresstemporal.com\/aenverdexpress.es\/wp-content\/uploads\/2022\/08\/DIARIO-DE-ALMERIA.jpg\" \/>\n\t<meta property=\"og:image:width\" content=\"667\" \/>\n\t<meta property=\"og:image:height\" content=\"375\" \/>\n\t<meta property=\"og:image:type\" content=\"image\/jpeg\" \/>\n<meta name=\"twitter:card\" content=\"summary_large_image\" \/>\n<meta name=\"twitter:label1\" content=\"Escrito por\" \/>\n\t<meta name=\"twitter:data1\" content=\"REDACCI\u00d3N AENVERDE\" \/>\n\t<meta name=\"twitter:label2\" content=\"Tiempo de lectura\" \/>\n\t<meta name=\"twitter:data2\" content=\"1 minuto\" \/>\n<script type=\"application\/ld+json\" class=\"yoast-schema-graph\">{\"@context\":\"https:\/\/schema.org\",\"@graph\":[{\"@type\":\"Organization\",\"@id\":\"https:\/\/aenverdexpress.es\/#organization\",\"name\":\"AENVERDE\",\"url\":\"https:\/\/aenverdexpress.es\/\",\"sameAs\":[],\"logo\":{\"@type\":\"ImageObject\",\"@id\":\"https:\/\/aenverdexpress.es\/#logo\",\"inLanguage\":\"es\",\"url\":\"https:\/\/aenverdexpress.es\/wp-content\/uploads\/2021\/12\/A-EN-VERDE-LOGO-FONDO-1DB954-01-1024x1024-1.jpg\",\"contentUrl\":\"https:\/\/aenverdexpress.es\/wp-content\/uploads\/2021\/12\/A-EN-VERDE-LOGO-FONDO-1DB954-01-1024x1024-1.jpg\",\"width\":1024,\"height\":1024,\"caption\":\"AENVERDE\"},\"image\":{\"@id\":\"https:\/\/aenverdexpress.es\/#logo\"}},{\"@type\":\"WebSite\",\"@id\":\"https:\/\/aenverdexpress.es\/#website\",\"url\":\"https:\/\/aenverdexpress.es\/\",\"name\":\"Aenverde Express\",\"description\":\"\",\"publisher\":{\"@id\":\"https:\/\/aenverdexpress.es\/#organization\"},\"potentialAction\":[{\"@type\":\"SearchAction\",\"target\":{\"@type\":\"EntryPoint\",\"urlTemplate\":\"https:\/\/aenverdexpress.es\/?s={search_term_string}\"},\"query-input\":\"required name=search_term_string\"}],\"inLanguage\":\"es\"},{\"@type\":\"ImageObject\",\"@id\":\"https:\/\/aenverde-cp7041.wordpresstemporal.com\/aenverdexpress.es\/2022\/08\/22\/entrevista-a-adoracion-canadas-nueva-gerente-de-acrena\/#primaryimage\",\"inLanguage\":\"es\",\"url\":\"https:\/\/aenverde-cp7041.wordpresstemporal.com\/aenverdexpress.es\/wp-content\/uploads\/2022\/08\/DIARIO-DE-ALMERIA.jpg\",\"contentUrl\":\"https:\/\/aenverde-cp7041.wordpresstemporal.com\/aenverdexpress.es\/wp-content\/uploads\/2022\/08\/DIARIO-DE-ALMERIA.jpg\",\"width\":667,\"height\":375},{\"@type\":\"WebPage\",\"@id\":\"https:\/\/aenverde-cp7041.wordpresstemporal.com\/aenverdexpress.es\/2022\/08\/22\/entrevista-a-adoracion-canadas-nueva-gerente-de-acrena\/#webpage\",\"url\":\"https:\/\/aenverde-cp7041.wordpresstemporal.com\/aenverdexpress.es\/2022\/08\/22\/entrevista-a-adoracion-canadas-nueva-gerente-de-acrena\/\",\"name\":\"Entrevista a Adoraci\u00f3n Ca\u00f1adas, nueva gerente de\u00a0Acrena - Aenverde Express\",\"isPartOf\":{\"@id\":\"https:\/\/aenverdexpress.es\/#website\"},\"primaryImageOfPage\":{\"@id\":\"https:\/\/aenverde-cp7041.wordpresstemporal.com\/aenverdexpress.es\/2022\/08\/22\/entrevista-a-adoracion-canadas-nueva-gerente-de-acrena\/#primaryimage\"},\"datePublished\":\"2022-08-22T07:59:47+00:00\",\"dateModified\":\"2022-08-25T11:22:06+00:00\",\"description\":\"Entr\u00f3 el 1 de agosto de 1992 para Recursos Humanos, \u201csin saber hacer una n\u00f3mina\u201d, y no s\u00f3lo las hace ya de carrerilla, sino que desde hace unas pocas semanas ha cogido el testigo de Bernardo Castillo en la gerencia.\",\"breadcrumb\":{\"@id\":\"https:\/\/aenverde-cp7041.wordpresstemporal.com\/aenverdexpress.es\/2022\/08\/22\/entrevista-a-adoracion-canadas-nueva-gerente-de-acrena\/#breadcrumb\"},\"inLanguage\":\"es\",\"potentialAction\":[{\"@type\":\"ReadAction\",\"target\":[\"https:\/\/aenverde-cp7041.wordpresstemporal.com\/aenverdexpress.es\/2022\/08\/22\/entrevista-a-adoracion-canadas-nueva-gerente-de-acrena\/\"]}]},{\"@type\":\"BreadcrumbList\",\"@id\":\"https:\/\/aenverde-cp7041.wordpresstemporal.com\/aenverdexpress.es\/2022\/08\/22\/entrevista-a-adoracion-canadas-nueva-gerente-de-acrena\/#breadcrumb\",\"itemListElement\":[{\"@type\":\"ListItem\",\"position\":1,\"name\":\"Portada\",\"item\":\"https:\/\/aenverdexpress.es\/\"},{\"@type\":\"ListItem\",\"position\":2,\"name\":\"Entrevista a Adoraci\u00f3n Ca\u00f1adas, nueva gerente de\u00a0Acrena\"}]},{\"@type\":\"Article\",\"@id\":\"https:\/\/aenverde-cp7041.wordpresstemporal.com\/aenverdexpress.es\/2022\/08\/22\/entrevista-a-adoracion-canadas-nueva-gerente-de-acrena\/#article\",\"isPartOf\":{\"@id\":\"https:\/\/aenverde-cp7041.wordpresstemporal.com\/aenverdexpress.es\/2022\/08\/22\/entrevista-a-adoracion-canadas-nueva-gerente-de-acrena\/#webpage\"},\"author\":{\"@id\":\"https:\/\/aenverdexpress.es\/#\/schema\/person\/7220664746e3c774cb3c4e5f81fc4ba0\"},\"headline\":\"Entrevista a Adoraci\u00f3n Ca\u00f1adas, nueva gerente de\u00a0Acrena\",\"datePublished\":\"2022-08-22T07:59:47+00:00\",\"dateModified\":\"2022-08-25T11:22:06+00:00\",\"mainEntityOfPage\":{\"@id\":\"https:\/\/aenverde-cp7041.wordpresstemporal.com\/aenverdexpress.es\/2022\/08\/22\/entrevista-a-adoracion-canadas-nueva-gerente-de-acrena\/#webpage\"},\"wordCount\":94,\"commentCount\":0,\"publisher\":{\"@id\":\"https:\/\/aenverdexpress.es\/#organization\"},\"image\":{\"@id\":\"https:\/\/aenverde-cp7041.wordpresstemporal.com\/aenverdexpress.es\/2022\/08\/22\/entrevista-a-adoracion-canadas-nueva-gerente-de-acrena\/#primaryimage\"},\"thumbnailUrl\":\"https:\/\/aenverde-cp7041.wordpresstemporal.com\/aenverdexpress.es\/wp-content\/uploads\/2022\/08\/DIARIO-DE-ALMERIA.jpg\",\"keywords\":[\"Acrena\",\"agronoticias\",\"Entrevista\",\"Gerente\",\"Gerente Acrena\",\"invernaderos\",\"noticias\",\"sector hortofrut\u00edcola\"],\"articleSection\":[\"Actualidad\"],\"inLanguage\":\"es\",\"potentialAction\":[{\"@type\":\"CommentAction\",\"name\":\"Comment\",\"target\":[\"https:\/\/aenverde-cp7041.wordpresstemporal.com\/aenverdexpress.es\/2022\/08\/22\/entrevista-a-adoracion-canadas-nueva-gerente-de-acrena\/#respond\"]}]},{\"@type\":\"Person\",\"@id\":\"https:\/\/aenverdexpress.es\/#\/schema\/person\/7220664746e3c774cb3c4e5f81fc4ba0\",\"name\":\"REDACCI\u00d3N AENVERDE\",\"image\":{\"@type\":\"ImageObject\",\"@id\":\"https:\/\/aenverdexpress.es\/#personlogo\",\"inLanguage\":\"es\",\"url\":\"https:\/\/secure.gravatar.com\/avatar\/82de37537a82ee30b014773728d8502cf11180bc1ea2f0a301ec70ebe59ea3e5?s=96&d=mm&r=g\",\"contentUrl\":\"https:\/\/secure.gravatar.com\/avatar\/82de37537a82ee30b014773728d8502cf11180bc1ea2f0a301ec70ebe59ea3e5?s=96&d=mm&r=g\",\"caption\":\"REDACCI\u00d3N AENVERDE\"},\"url\":\"https:\/\/aenverde-cp7041.wordpresstemporal.com\/aenverdexpress.es\/author\/damian\/\"}]}<\/script>\n<!-- \/ Yoast SEO plugin. -->","yoast_head_json":{"title":"Entrevista a Adoraci\u00f3n Ca\u00f1adas, nueva gerente de\u00a0Acrena - Aenverde Express","description":"Entr\u00f3 el 1 de agosto de 1992 para Recursos Humanos, \u201csin saber hacer una n\u00f3mina\u201d, y no s\u00f3lo las hace ya de carrerilla, sino que desde hace unas pocas semanas ha cogido el testigo de Bernardo Castillo en la gerencia.","robots":{"index":"index","follow":"follow","max-snippet":"max-snippet:-1","max-image-preview":"max-image-preview:large","max-video-preview":"max-video-preview:-1"},"canonical":"https:\/\/aenverde-cp7041.wordpresstemporal.com\/aenverdexpress.es\/2022\/08\/22\/entrevista-a-adoracion-canadas-nueva-gerente-de-acrena\/","og_locale":"es_ES","og_type":"article","og_title":"Entrevista a Adoraci\u00f3n Ca\u00f1adas, nueva gerente de\u00a0Acrena - Aenverde Express","og_description":"Entr\u00f3 el 1 de agosto de 1992 para Recursos Humanos, \u201csin saber hacer una n\u00f3mina\u201d, y no s\u00f3lo las hace ya de carrerilla, sino que desde hace unas pocas semanas ha cogido el testigo de Bernardo Castillo en la gerencia.","og_url":"https:\/\/aenverde-cp7041.wordpresstemporal.com\/aenverdexpress.es\/2022\/08\/22\/entrevista-a-adoracion-canadas-nueva-gerente-de-acrena\/","og_site_name":"Aenverde Express","article_published_time":"2022-08-22T07:59:47+00:00","article_modified_time":"2022-08-25T11:22:06+00:00","og_image":[{"width":667,"height":375,"url":"https:\/\/aenverde-cp7041.wordpresstemporal.com\/aenverdexpress.es\/wp-content\/uploads\/2022\/08\/DIARIO-DE-ALMERIA.jpg","type":"image\/jpeg"}],"twitter_card":"summary_large_image","twitter_misc":{"Escrito por":"REDACCI\u00d3N AENVERDE","Tiempo de lectura":"1 minuto"},"schema":{"@context":"https:\/\/schema.org","@graph":[{"@type":"Organization","@id":"https:\/\/aenverdexpress.es\/#organization","name":"AENVERDE","url":"https:\/\/aenverdexpress.es\/","sameAs":[],"logo":{"@type":"ImageObject","@id":"https:\/\/aenverdexpress.es\/#logo","inLanguage":"es","url":"https:\/\/aenverdexpress.es\/wp-content\/uploads\/2021\/12\/A-EN-VERDE-LOGO-FONDO-1DB954-01-1024x1024-1.jpg","contentUrl":"https:\/\/aenverdexpress.es\/wp-content\/uploads\/2021\/12\/A-EN-VERDE-LOGO-FONDO-1DB954-01-1024x1024-1.jpg","width":1024,"height":1024,"caption":"AENVERDE"},"image":{"@id":"https:\/\/aenverdexpress.es\/#logo"}},{"@type":"WebSite","@id":"https:\/\/aenverdexpress.es\/#website","url":"https:\/\/aenverdexpress.es\/","name":"Aenverde Express","description":"","publisher":{"@id":"https:\/\/aenverdexpress.es\/#organization"},"potentialAction":[{"@type":"SearchAction","target":{"@type":"EntryPoint","urlTemplate":"https:\/\/aenverdexpress.es\/?s={search_term_string}"},"query-input":"required name=search_term_string"}],"inLanguage":"es"},{"@type":"ImageObject","@id":"https:\/\/aenverde-cp7041.wordpresstemporal.com\/aenverdexpress.es\/2022\/08\/22\/entrevista-a-adoracion-canadas-nueva-gerente-de-acrena\/#primaryimage","inLanguage":"es","url":"https:\/\/aenverde-cp7041.wordpresstemporal.com\/aenverdexpress.es\/wp-content\/uploads\/2022\/08\/DIARIO-DE-ALMERIA.jpg","contentUrl":"https:\/\/aenverde-cp7041.wordpresstemporal.com\/aenverdexpress.es\/wp-content\/uploads\/2022\/08\/DIARIO-DE-ALMERIA.jpg","width":667,"height":375},{"@type":"WebPage","@id":"https:\/\/aenverde-cp7041.wordpresstemporal.com\/aenverdexpress.es\/2022\/08\/22\/entrevista-a-adoracion-canadas-nueva-gerente-de-acrena\/#webpage","url":"https:\/\/aenverde-cp7041.wordpresstemporal.com\/aenverdexpress.es\/2022\/08\/22\/entrevista-a-adoracion-canadas-nueva-gerente-de-acrena\/","name":"Entrevista a Adoraci\u00f3n Ca\u00f1adas, nueva gerente de\u00a0Acrena - Aenverde Express","isPartOf":{"@id":"https:\/\/aenverdexpress.es\/#website"},"primaryImageOfPage":{"@id":"https:\/\/aenverde-cp7041.wordpresstemporal.com\/aenverdexpress.es\/2022\/08\/22\/entrevista-a-adoracion-canadas-nueva-gerente-de-acrena\/#primaryimage"},"datePublished":"2022-08-22T07:59:47+00:00","dateModified":"2022-08-25T11:22:06+00:00","description":"Entr\u00f3 el 1 de agosto de 1992 para Recursos Humanos, \u201csin saber hacer una n\u00f3mina\u201d, y no s\u00f3lo las hace ya de carrerilla, sino que desde hace unas pocas semanas ha cogido el testigo de Bernardo Castillo en la gerencia.","breadcrumb":{"@id":"https:\/\/aenverde-cp7041.wordpresstemporal.com\/aenverdexpress.es\/2022\/08\/22\/entrevista-a-adoracion-canadas-nueva-gerente-de-acrena\/#breadcrumb"},"inLanguage":"es","potentialAction":[{"@type":"ReadAction","target":["https:\/\/aenverde-cp7041.wordpresstemporal.com\/aenverdexpress.es\/2022\/08\/22\/entrevista-a-adoracion-canadas-nueva-gerente-de-acrena\/"]}]},{"@type":"BreadcrumbList","@id":"https:\/\/aenverde-cp7041.wordpresstemporal.com\/aenverdexpress.es\/2022\/08\/22\/entrevista-a-adoracion-canadas-nueva-gerente-de-acrena\/#breadcrumb","itemListElement":[{"@type":"ListItem","position":1,"name":"Portada","item":"https:\/\/aenverdexpress.es\/"},{"@type":"ListItem","position":2,"name":"Entrevista a Adoraci\u00f3n Ca\u00f1adas, nueva gerente de\u00a0Acrena"}]},{"@type":"Article","@id":"https:\/\/aenverde-cp7041.wordpresstemporal.com\/aenverdexpress.es\/2022\/08\/22\/entrevista-a-adoracion-canadas-nueva-gerente-de-acrena\/#article","isPartOf":{"@id":"https:\/\/aenverde-cp7041.wordpresstemporal.com\/aenverdexpress.es\/2022\/08\/22\/entrevista-a-adoracion-canadas-nueva-gerente-de-acrena\/#webpage"},"author":{"@id":"https:\/\/aenverdexpress.es\/#\/schema\/person\/7220664746e3c774cb3c4e5f81fc4ba0"},"headline":"Entrevista a Adoraci\u00f3n Ca\u00f1adas, nueva gerente de\u00a0Acrena","datePublished":"2022-08-22T07:59:47+00:00","dateModified":"2022-08-25T11:22:06+00:00","mainEntityOfPage":{"@id":"https:\/\/aenverde-cp7041.wordpresstemporal.com\/aenverdexpress.es\/2022\/08\/22\/entrevista-a-adoracion-canadas-nueva-gerente-de-acrena\/#webpage"},"wordCount":94,"commentCount":0,"publisher":{"@id":"https:\/\/aenverdexpress.es\/#organization"},"image":{"@id":"https:\/\/aenverde-cp7041.wordpresstemporal.com\/aenverdexpress.es\/2022\/08\/22\/entrevista-a-adoracion-canadas-nueva-gerente-de-acrena\/#primaryimage"},"thumbnailUrl":"https:\/\/aenverde-cp7041.wordpresstemporal.com\/aenverdexpress.es\/wp-content\/uploads\/2022\/08\/DIARIO-DE-ALMERIA.jpg","keywords":["Acrena","agronoticias","Entrevista","Gerente","Gerente Acrena","invernaderos","noticias","sector hortofrut\u00edcola"],"articleSection":["Actualidad"],"inLanguage":"es","potentialAction":[{"@type":"CommentAction","name":"Comment","target":["https:\/\/aenverde-cp7041.wordpresstemporal.com\/aenverdexpress.es\/2022\/08\/22\/entrevista-a-adoracion-canadas-nueva-gerente-de-acrena\/#respond"]}]},{"@type":"Person","@id":"https:\/\/aenverdexpress.es\/#\/schema\/person\/7220664746e3c774cb3c4e5f81fc4ba0","name":"REDACCI\u00d3N AENVERDE","image":{"@type":"ImageObject","@id":"https:\/\/aenverdexpress.es\/#personlogo","inLanguage":"es","url":"https:\/\/secure.gravatar.com\/avatar\/82de37537a82ee30b014773728d8502cf11180bc1ea2f0a301ec70ebe59ea3e5?s=96&d=mm&r=g","contentUrl":"https:\/\/secure.gravatar.com\/avatar\/82de37537a82ee30b014773728d8502cf11180bc1ea2f0a301ec70ebe59ea3e5?s=96&d=mm&r=g","caption":"REDACCI\u00d3N AENVERDE"},"url":"https:\/\/aenverde-cp7041.wordpresstemporal.com\/aenverdexpress.es\/author\/damian\/"}]}},"builder_content":"","_links":{"self":[{"href":"https:\/\/aenverde-cp7041.wordpresstemporal.com\/aenverdexpress.es\/wp-json\/wp\/v2\/posts\/3380","targetHints":{"allow":["GET"]}}],"collection":[{"href":"https:\/\/aenverde-cp7041.wordpresstemporal.com\/aenverdexpress.es\/wp-json\/wp\/v2\/posts"}],"about":[{"href":"https:\/\/aenverde-cp7041.wordpresstemporal.com\/aenverdexpress.es\/wp-json\/wp\/v2\/types\/post"}],"author":[{"embeddable":true,"href":"https:\/\/aenverde-cp7041.wordpresstemporal.com\/aenverdexpress.es\/wp-json\/wp\/v2\/users\/2"}],"replies":[{"embeddable":true,"href":"https:\/\/aenverde-cp7041.wordpresstemporal.com\/aenverdexpress.es\/wp-json\/wp\/v2\/comments?post=3380"}],"version-history":[{"count":3,"href":"https:\/\/aenverde-cp7041.wordpresstemporal.com\/aenverdexpress.es\/wp-json\/wp\/v2\/posts\/3380\/revisions"}],"predecessor-version":[{"id":3411,"href":"https:\/\/aenverde-cp7041.wordpresstemporal.com\/aenverdexpress.es\/wp-json\/wp\/v2\/posts\/3380\/revisions\/3411"}],"wp:featuredmedia":[{"embeddable":true,"href":"https:\/\/aenverde-cp7041.wordpresstemporal.com\/aenverdexpress.es\/wp-json\/wp\/v2\/media\/3381"}],"wp:attachment":[{"href":"https:\/\/aenverde-cp7041.wordpresstemporal.com\/aenverdexpress.es\/wp-json\/wp\/v2\/media?parent=3380"}],"wp:term":[{"taxonomy":"category","embeddable":true,"href":"https:\/\/aenverde-cp7041.wordpresstemporal.com\/aenverdexpress.es\/wp-json\/wp\/v2\/categories?post=3380"},{"taxonomy":"post_tag","embeddable":true,"href":"https:\/\/aenverde-cp7041.wordpresstemporal.com\/aenverdexpress.es\/wp-json\/wp\/v2\/tags?post=3380"}],"curies":[{"name":"wp","href":"https:\/\/api.w.org\/{rel}","templated":true}]}}