{"id":3422,"date":"2022-08-29T06:34:05","date_gmt":"2022-08-29T06:34:05","guid":{"rendered":"https:\/\/aenverdexpress.es\/?p=3422"},"modified":"2022-08-29T06:34:06","modified_gmt":"2022-08-29T06:34:06","slug":"las-alertas-sobre-una-posible-gota-fria-aconsejan-proteger-las-cosechas","status":"publish","type":"post","link":"https:\/\/aenverde-cp7041.wordpresstemporal.com\/aenverdexpress.es\/2022\/08\/29\/las-alertas-sobre-una-posible-gota-fria-aconsejan-proteger-las-cosechas\/","title":{"rendered":"Las alertas\u00a0sobre una posible gota fr\u00eda aconsejan\u00a0proteger las cosechas"},"content":{"rendered":"<!--themify_builder_content-->\n<div id=\"themify_builder_content-3422\" data-postid=\"3422\" class=\"themify_builder_content themify_builder_content-3422 themify_builder tf_clear\">\n    <\/div>\n<!--\/themify_builder_content-->\n\n\n<p class=\"wp-block-paragraph\"><strong>La situaci\u00f3n meteorol\u00f3gica y especialmente la elevada temperatura del agua del mar durante este mes de agosto han activado las alertas ante la posibilidad de que en los pr\u00f3ximos meses se repitan en Almer\u00eda los episodios de \u2018gota fr\u00eda\u2019,<\/strong>&nbsp;ahora denominadas DANA (Depresi\u00f3n Aislada en Niveles Altos de la Atm\u00f3sfera), fen\u00f3menos que han acompa\u00f1ado a la provincia a lo largo de la historia.<\/p>\n\n\n\n<p class=\"wp-block-paragraph\">Esa posibilidad, influenciada por la<strong>\u00a0temperatura del mar<\/strong>, pero que precisa otras variables como\u00a0<strong>masas de aire fr\u00edo en altura o vientos de levante<\/strong>, ha llevado tanto a las organizaciones agrarias como a la Consejer\u00eda de Agricultura de la Junta de Andaluc\u00eda a lanzar llamamientos a los agricultores almerienses para que contraten seguros agrarios que puedan cubrir las posibles p\u00e9rdidas.<\/p>\n\n\n\n<p class=\"wp-block-paragraph\"><strong>M\u00e1s informaci\u00f3n <a href=\"https:\/\/www.aenverde.es\/las-alertas-sobre-una-posible-gota-fria-aconseja-proteger-las-cosechas\/\" target=\"_blank\" rel=\"noreferrer noopener\">aqu\u00ed<\/a>.<\/strong><\/p>","protected":false},"excerpt":{"rendered":"<p>La situaci\u00f3n meteorol\u00f3gica y especialmente la elevada temperatura del agua del mar durante este mes de agosto han activado las alertas ante la posibilidad de que en los pr\u00f3ximos meses se repitan en Almer\u00eda los episodios de \u2018gota fr\u00eda\u2019,&nbsp;ahora denominadas DANA (Depresi\u00f3n Aislada en Niveles Altos de la Atm\u00f3sfera), fen\u00f3menos que han acompa\u00f1ado a la [&hellip;]<\/p>\n","protected":false},"author":2,"featured_media":3423,"comment_status":"open","ping_status":"open","sticky":false,"template":"","format":"standard","meta":{"footnotes":""},"categories":[11],"tags":[601],"class_list":["post-3422","post","type-post","status-publish","format-standard","has-post-thumbnail","hentry","category-actualidad","tag-gota-fria","has-post-title","has-post-date","has-post-category","has-post-tag","has-post-comment","has-post-author",""],"yoast_head":"<!-- This site is optimized with the Yoast SEO plugin v18.2 - https:\/\/yoast.com\/wordpress\/plugins\/seo\/ -->\n<title>Las alertas\u00a0sobre una posible gota fr\u00eda aconsejan\u00a0proteger las cosechas - Aenverde Express<\/title>\n<meta name=\"robots\" content=\"index, follow, max-snippet:-1, max-image-preview:large, max-video-preview:-1\" \/>\n<link rel=\"canonical\" href=\"https:\/\/aenverde-cp7041.wordpresstemporal.com\/aenverdexpress.es\/2022\/08\/29\/las-alertas-sobre-una-posible-gota-fria-aconsejan-proteger-las-cosechas\/\" \/>\n<meta property=\"og:locale\" content=\"es_ES\" \/>\n<meta property=\"og:type\" content=\"article\" \/>\n<meta property=\"og:title\" content=\"Las alertas\u00a0sobre una posible gota fr\u00eda aconsejan\u00a0proteger las cosechas - Aenverde Express\" \/>\n<meta property=\"og:description\" content=\"La situaci\u00f3n meteorol\u00f3gica y especialmente la elevada temperatura del agua del mar durante este mes de agosto han activado las alertas ante la posibilidad de que en los pr\u00f3ximos meses se repitan en Almer\u00eda los episodios de \u2018gota fr\u00eda\u2019,&nbsp;ahora denominadas DANA (Depresi\u00f3n Aislada en Niveles Altos de la Atm\u00f3sfera), fen\u00f3menos que han acompa\u00f1ado a la [&hellip;]\" \/>\n<meta property=\"og:url\" content=\"https:\/\/aenverde-cp7041.wordpresstemporal.com\/aenverdexpress.es\/2022\/08\/29\/las-alertas-sobre-una-posible-gota-fria-aconsejan-proteger-las-cosechas\/\" \/>\n<meta property=\"og:site_name\" content=\"Aenverde Express\" \/>\n<meta property=\"article:published_time\" content=\"2022-08-29T06:34:05+00:00\" \/>\n<meta property=\"article:modified_time\" content=\"2022-08-29T06:34:06+00:00\" \/>\n<meta property=\"og:image\" content=\"https:\/\/aenverde-cp7041.wordpresstemporal.com\/aenverdexpress.es\/wp-content\/uploads\/2022\/08\/WhatsApp-Image-2019-09-13-at-21.28.39-1170x600-1.jpg\" \/>\n\t<meta property=\"og:image:width\" content=\"1170\" \/>\n\t<meta property=\"og:image:height\" content=\"600\" \/>\n\t<meta property=\"og:image:type\" content=\"image\/jpeg\" \/>\n<meta name=\"twitter:card\" content=\"summary_large_image\" \/>\n<meta name=\"twitter:label1\" content=\"Escrito por\" \/>\n\t<meta name=\"twitter:data1\" content=\"REDACCI\u00d3N AENVERDE\" \/>\n\t<meta name=\"twitter:label2\" content=\"Tiempo de lectura\" \/>\n\t<meta name=\"twitter:data2\" content=\"1 minuto\" \/>\n<script type=\"application\/ld+json\" class=\"yoast-schema-graph\">{\"@context\":\"https:\/\/schema.org\",\"@graph\":[{\"@type\":\"Organization\",\"@id\":\"https:\/\/aenverdexpress.es\/#organization\",\"name\":\"AENVERDE\",\"url\":\"https:\/\/aenverdexpress.es\/\",\"sameAs\":[],\"logo\":{\"@type\":\"ImageObject\",\"@id\":\"https:\/\/aenverdexpress.es\/#logo\",\"inLanguage\":\"es\",\"url\":\"https:\/\/aenverdexpress.es\/wp-content\/uploads\/2021\/12\/A-EN-VERDE-LOGO-FONDO-1DB954-01-1024x1024-1.jpg\",\"contentUrl\":\"https:\/\/aenverdexpress.es\/wp-content\/uploads\/2021\/12\/A-EN-VERDE-LOGO-FONDO-1DB954-01-1024x1024-1.jpg\",\"width\":1024,\"height\":1024,\"caption\":\"AENVERDE\"},\"image\":{\"@id\":\"https:\/\/aenverdexpress.es\/#logo\"}},{\"@type\":\"WebSite\",\"@id\":\"https:\/\/aenverdexpress.es\/#website\",\"url\":\"https:\/\/aenverdexpress.es\/\",\"name\":\"Aenverde Express\",\"description\":\"\",\"publisher\":{\"@id\":\"https:\/\/aenverdexpress.es\/#organization\"},\"potentialAction\":[{\"@type\":\"SearchAction\",\"target\":{\"@type\":\"EntryPoint\",\"urlTemplate\":\"https:\/\/aenverdexpress.es\/?s={search_term_string}\"},\"query-input\":\"required name=search_term_string\"}],\"inLanguage\":\"es\"},{\"@type\":\"ImageObject\",\"@id\":\"https:\/\/aenverde-cp7041.wordpresstemporal.com\/aenverdexpress.es\/2022\/08\/29\/las-alertas-sobre-una-posible-gota-fria-aconsejan-proteger-las-cosechas\/#primaryimage\",\"inLanguage\":\"es\",\"url\":\"https:\/\/aenverde-cp7041.wordpresstemporal.com\/aenverdexpress.es\/wp-content\/uploads\/2022\/08\/WhatsApp-Image-2019-09-13-at-21.28.39-1170x600-1.jpg\",\"contentUrl\":\"https:\/\/aenverde-cp7041.wordpresstemporal.com\/aenverdexpress.es\/wp-content\/uploads\/2022\/08\/WhatsApp-Image-2019-09-13-at-21.28.39-1170x600-1.jpg\",\"width\":1170,\"height\":600},{\"@type\":\"WebPage\",\"@id\":\"https:\/\/aenverde-cp7041.wordpresstemporal.com\/aenverdexpress.es\/2022\/08\/29\/las-alertas-sobre-una-posible-gota-fria-aconsejan-proteger-las-cosechas\/#webpage\",\"url\":\"https:\/\/aenverde-cp7041.wordpresstemporal.com\/aenverdexpress.es\/2022\/08\/29\/las-alertas-sobre-una-posible-gota-fria-aconsejan-proteger-las-cosechas\/\",\"name\":\"Las alertas\u00a0sobre una posible gota fr\u00eda aconsejan\u00a0proteger las cosechas - Aenverde Express\",\"isPartOf\":{\"@id\":\"https:\/\/aenverdexpress.es\/#website\"},\"primaryImageOfPage\":{\"@id\":\"https:\/\/aenverde-cp7041.wordpresstemporal.com\/aenverdexpress.es\/2022\/08\/29\/las-alertas-sobre-una-posible-gota-fria-aconsejan-proteger-las-cosechas\/#primaryimage\"},\"datePublished\":\"2022-08-29T06:34:05+00:00\",\"dateModified\":\"2022-08-29T06:34:06+00:00\",\"breadcrumb\":{\"@id\":\"https:\/\/aenverde-cp7041.wordpresstemporal.com\/aenverdexpress.es\/2022\/08\/29\/las-alertas-sobre-una-posible-gota-fria-aconsejan-proteger-las-cosechas\/#breadcrumb\"},\"inLanguage\":\"es\",\"potentialAction\":[{\"@type\":\"ReadAction\",\"target\":[\"https:\/\/aenverde-cp7041.wordpresstemporal.com\/aenverdexpress.es\/2022\/08\/29\/las-alertas-sobre-una-posible-gota-fria-aconsejan-proteger-las-cosechas\/\"]}]},{\"@type\":\"BreadcrumbList\",\"@id\":\"https:\/\/aenverde-cp7041.wordpresstemporal.com\/aenverdexpress.es\/2022\/08\/29\/las-alertas-sobre-una-posible-gota-fria-aconsejan-proteger-las-cosechas\/#breadcrumb\",\"itemListElement\":[{\"@type\":\"ListItem\",\"position\":1,\"name\":\"Portada\",\"item\":\"https:\/\/aenverdexpress.es\/\"},{\"@type\":\"ListItem\",\"position\":2,\"name\":\"Las alertas\u00a0sobre una posible gota fr\u00eda aconsejan\u00a0proteger las cosechas\"}]},{\"@type\":\"Article\",\"@id\":\"https:\/\/aenverde-cp7041.wordpresstemporal.com\/aenverdexpress.es\/2022\/08\/29\/las-alertas-sobre-una-posible-gota-fria-aconsejan-proteger-las-cosechas\/#article\",\"isPartOf\":{\"@id\":\"https:\/\/aenverde-cp7041.wordpresstemporal.com\/aenverdexpress.es\/2022\/08\/29\/las-alertas-sobre-una-posible-gota-fria-aconsejan-proteger-las-cosechas\/#webpage\"},\"author\":{\"@id\":\"https:\/\/aenverdexpress.es\/#\/schema\/person\/7220664746e3c774cb3c4e5f81fc4ba0\"},\"headline\":\"Las alertas\u00a0sobre una posible gota fr\u00eda aconsejan\u00a0proteger las cosechas\",\"datePublished\":\"2022-08-29T06:34:05+00:00\",\"dateModified\":\"2022-08-29T06:34:06+00:00\",\"mainEntityOfPage\":{\"@id\":\"https:\/\/aenverde-cp7041.wordpresstemporal.com\/aenverdexpress.es\/2022\/08\/29\/las-alertas-sobre-una-posible-gota-fria-aconsejan-proteger-las-cosechas\/#webpage\"},\"wordCount\":154,\"commentCount\":0,\"publisher\":{\"@id\":\"https:\/\/aenverdexpress.es\/#organization\"},\"image\":{\"@id\":\"https:\/\/aenverde-cp7041.wordpresstemporal.com\/aenverdexpress.es\/2022\/08\/29\/las-alertas-sobre-una-posible-gota-fria-aconsejan-proteger-las-cosechas\/#primaryimage\"},\"thumbnailUrl\":\"https:\/\/aenverde-cp7041.wordpresstemporal.com\/aenverdexpress.es\/wp-content\/uploads\/2022\/08\/WhatsApp-Image-2019-09-13-at-21.28.39-1170x600-1.jpg\",\"keywords\":[\"Gota Fr\u00eda\"],\"articleSection\":[\"Actualidad\"],\"inLanguage\":\"es\",\"potentialAction\":[{\"@type\":\"CommentAction\",\"name\":\"Comment\",\"target\":[\"https:\/\/aenverde-cp7041.wordpresstemporal.com\/aenverdexpress.es\/2022\/08\/29\/las-alertas-sobre-una-posible-gota-fria-aconsejan-proteger-las-cosechas\/#respond\"]}]},{\"@type\":\"Person\",\"@id\":\"https:\/\/aenverdexpress.es\/#\/schema\/person\/7220664746e3c774cb3c4e5f81fc4ba0\",\"name\":\"REDACCI\u00d3N AENVERDE\",\"image\":{\"@type\":\"ImageObject\",\"@id\":\"https:\/\/aenverdexpress.es\/#personlogo\",\"inLanguage\":\"es\",\"url\":\"https:\/\/secure.gravatar.com\/avatar\/82de37537a82ee30b014773728d8502cf11180bc1ea2f0a301ec70ebe59ea3e5?s=96&d=mm&r=g\",\"contentUrl\":\"https:\/\/secure.gravatar.com\/avatar\/82de37537a82ee30b014773728d8502cf11180bc1ea2f0a301ec70ebe59ea3e5?s=96&d=mm&r=g\",\"caption\":\"REDACCI\u00d3N AENVERDE\"},\"url\":\"https:\/\/aenverde-cp7041.wordpresstemporal.com\/aenverdexpress.es\/author\/damian\/\"}]}<\/script>\n<!-- \/ Yoast SEO plugin. -->","yoast_head_json":{"title":"Las alertas\u00a0sobre una posible gota fr\u00eda aconsejan\u00a0proteger las cosechas - Aenverde Express","robots":{"index":"index","follow":"follow","max-snippet":"max-snippet:-1","max-image-preview":"max-image-preview:large","max-video-preview":"max-video-preview:-1"},"canonical":"https:\/\/aenverde-cp7041.wordpresstemporal.com\/aenverdexpress.es\/2022\/08\/29\/las-alertas-sobre-una-posible-gota-fria-aconsejan-proteger-las-cosechas\/","og_locale":"es_ES","og_type":"article","og_title":"Las alertas\u00a0sobre una posible gota fr\u00eda aconsejan\u00a0proteger las cosechas - Aenverde Express","og_description":"La situaci\u00f3n meteorol\u00f3gica y especialmente la elevada temperatura del agua del mar durante este mes de agosto han activado las alertas ante la posibilidad de que en los pr\u00f3ximos meses se repitan en Almer\u00eda los episodios de \u2018gota fr\u00eda\u2019,&nbsp;ahora denominadas DANA (Depresi\u00f3n Aislada en Niveles Altos de la Atm\u00f3sfera), fen\u00f3menos que han acompa\u00f1ado a la [&hellip;]","og_url":"https:\/\/aenverde-cp7041.wordpresstemporal.com\/aenverdexpress.es\/2022\/08\/29\/las-alertas-sobre-una-posible-gota-fria-aconsejan-proteger-las-cosechas\/","og_site_name":"Aenverde Express","article_published_time":"2022-08-29T06:34:05+00:00","article_modified_time":"2022-08-29T06:34:06+00:00","og_image":[{"width":1170,"height":600,"url":"https:\/\/aenverde-cp7041.wordpresstemporal.com\/aenverdexpress.es\/wp-content\/uploads\/2022\/08\/WhatsApp-Image-2019-09-13-at-21.28.39-1170x600-1.jpg","type":"image\/jpeg"}],"twitter_card":"summary_large_image","twitter_misc":{"Escrito por":"REDACCI\u00d3N AENVERDE","Tiempo de lectura":"1 minuto"},"schema":{"@context":"https:\/\/schema.org","@graph":[{"@type":"Organization","@id":"https:\/\/aenverdexpress.es\/#organization","name":"AENVERDE","url":"https:\/\/aenverdexpress.es\/","sameAs":[],"logo":{"@type":"ImageObject","@id":"https:\/\/aenverdexpress.es\/#logo","inLanguage":"es","url":"https:\/\/aenverdexpress.es\/wp-content\/uploads\/2021\/12\/A-EN-VERDE-LOGO-FONDO-1DB954-01-1024x1024-1.jpg","contentUrl":"https:\/\/aenverdexpress.es\/wp-content\/uploads\/2021\/12\/A-EN-VERDE-LOGO-FONDO-1DB954-01-1024x1024-1.jpg","width":1024,"height":1024,"caption":"AENVERDE"},"image":{"@id":"https:\/\/aenverdexpress.es\/#logo"}},{"@type":"WebSite","@id":"https:\/\/aenverdexpress.es\/#website","url":"https:\/\/aenverdexpress.es\/","name":"Aenverde Express","description":"","publisher":{"@id":"https:\/\/aenverdexpress.es\/#organization"},"potentialAction":[{"@type":"SearchAction","target":{"@type":"EntryPoint","urlTemplate":"https:\/\/aenverdexpress.es\/?s={search_term_string}"},"query-input":"required name=search_term_string"}],"inLanguage":"es"},{"@type":"ImageObject","@id":"https:\/\/aenverde-cp7041.wordpresstemporal.com\/aenverdexpress.es\/2022\/08\/29\/las-alertas-sobre-una-posible-gota-fria-aconsejan-proteger-las-cosechas\/#primaryimage","inLanguage":"es","url":"https:\/\/aenverde-cp7041.wordpresstemporal.com\/aenverdexpress.es\/wp-content\/uploads\/2022\/08\/WhatsApp-Image-2019-09-13-at-21.28.39-1170x600-1.jpg","contentUrl":"https:\/\/aenverde-cp7041.wordpresstemporal.com\/aenverdexpress.es\/wp-content\/uploads\/2022\/08\/WhatsApp-Image-2019-09-13-at-21.28.39-1170x600-1.jpg","width":1170,"height":600},{"@type":"WebPage","@id":"https:\/\/aenverde-cp7041.wordpresstemporal.com\/aenverdexpress.es\/2022\/08\/29\/las-alertas-sobre-una-posible-gota-fria-aconsejan-proteger-las-cosechas\/#webpage","url":"https:\/\/aenverde-cp7041.wordpresstemporal.com\/aenverdexpress.es\/2022\/08\/29\/las-alertas-sobre-una-posible-gota-fria-aconsejan-proteger-las-cosechas\/","name":"Las alertas\u00a0sobre una posible gota fr\u00eda aconsejan\u00a0proteger las cosechas - Aenverde Express","isPartOf":{"@id":"https:\/\/aenverdexpress.es\/#website"},"primaryImageOfPage":{"@id":"https:\/\/aenverde-cp7041.wordpresstemporal.com\/aenverdexpress.es\/2022\/08\/29\/las-alertas-sobre-una-posible-gota-fria-aconsejan-proteger-las-cosechas\/#primaryimage"},"datePublished":"2022-08-29T06:34:05+00:00","dateModified":"2022-08-29T06:34:06+00:00","breadcrumb":{"@id":"https:\/\/aenverde-cp7041.wordpresstemporal.com\/aenverdexpress.es\/2022\/08\/29\/las-alertas-sobre-una-posible-gota-fria-aconsejan-proteger-las-cosechas\/#breadcrumb"},"inLanguage":"es","potentialAction":[{"@type":"ReadAction","target":["https:\/\/aenverde-cp7041.wordpresstemporal.com\/aenverdexpress.es\/2022\/08\/29\/las-alertas-sobre-una-posible-gota-fria-aconsejan-proteger-las-cosechas\/"]}]},{"@type":"BreadcrumbList","@id":"https:\/\/aenverde-cp7041.wordpresstemporal.com\/aenverdexpress.es\/2022\/08\/29\/las-alertas-sobre-una-posible-gota-fria-aconsejan-proteger-las-cosechas\/#breadcrumb","itemListElement":[{"@type":"ListItem","position":1,"name":"Portada","item":"https:\/\/aenverdexpress.es\/"},{"@type":"ListItem","position":2,"name":"Las alertas\u00a0sobre una posible gota fr\u00eda aconsejan\u00a0proteger las cosechas"}]},{"@type":"Article","@id":"https:\/\/aenverde-cp7041.wordpresstemporal.com\/aenverdexpress.es\/2022\/08\/29\/las-alertas-sobre-una-posible-gota-fria-aconsejan-proteger-las-cosechas\/#article","isPartOf":{"@id":"https:\/\/aenverde-cp7041.wordpresstemporal.com\/aenverdexpress.es\/2022\/08\/29\/las-alertas-sobre-una-posible-gota-fria-aconsejan-proteger-las-cosechas\/#webpage"},"author":{"@id":"https:\/\/aenverdexpress.es\/#\/schema\/person\/7220664746e3c774cb3c4e5f81fc4ba0"},"headline":"Las alertas\u00a0sobre una posible gota fr\u00eda aconsejan\u00a0proteger las cosechas","datePublished":"2022-08-29T06:34:05+00:00","dateModified":"2022-08-29T06:34:06+00:00","mainEntityOfPage":{"@id":"https:\/\/aenverde-cp7041.wordpresstemporal.com\/aenverdexpress.es\/2022\/08\/29\/las-alertas-sobre-una-posible-gota-fria-aconsejan-proteger-las-cosechas\/#webpage"},"wordCount":154,"commentCount":0,"publisher":{"@id":"https:\/\/aenverdexpress.es\/#organization"},"image":{"@id":"https:\/\/aenverde-cp7041.wordpresstemporal.com\/aenverdexpress.es\/2022\/08\/29\/las-alertas-sobre-una-posible-gota-fria-aconsejan-proteger-las-cosechas\/#primaryimage"},"thumbnailUrl":"https:\/\/aenverde-cp7041.wordpresstemporal.com\/aenverdexpress.es\/wp-content\/uploads\/2022\/08\/WhatsApp-Image-2019-09-13-at-21.28.39-1170x600-1.jpg","keywords":["Gota Fr\u00eda"],"articleSection":["Actualidad"],"inLanguage":"es","potentialAction":[{"@type":"CommentAction","name":"Comment","target":["https:\/\/aenverde-cp7041.wordpresstemporal.com\/aenverdexpress.es\/2022\/08\/29\/las-alertas-sobre-una-posible-gota-fria-aconsejan-proteger-las-cosechas\/#respond"]}]},{"@type":"Person","@id":"https:\/\/aenverdexpress.es\/#\/schema\/person\/7220664746e3c774cb3c4e5f81fc4ba0","name":"REDACCI\u00d3N AENVERDE","image":{"@type":"ImageObject","@id":"https:\/\/aenverdexpress.es\/#personlogo","inLanguage":"es","url":"https:\/\/secure.gravatar.com\/avatar\/82de37537a82ee30b014773728d8502cf11180bc1ea2f0a301ec70ebe59ea3e5?s=96&d=mm&r=g","contentUrl":"https:\/\/secure.gravatar.com\/avatar\/82de37537a82ee30b014773728d8502cf11180bc1ea2f0a301ec70ebe59ea3e5?s=96&d=mm&r=g","caption":"REDACCI\u00d3N AENVERDE"},"url":"https:\/\/aenverde-cp7041.wordpresstemporal.com\/aenverdexpress.es\/author\/damian\/"}]}},"builder_content":"","_links":{"self":[{"href":"https:\/\/aenverde-cp7041.wordpresstemporal.com\/aenverdexpress.es\/wp-json\/wp\/v2\/posts\/3422","targetHints":{"allow":["GET"]}}],"collection":[{"href":"https:\/\/aenverde-cp7041.wordpresstemporal.com\/aenverdexpress.es\/wp-json\/wp\/v2\/posts"}],"about":[{"href":"https:\/\/aenverde-cp7041.wordpresstemporal.com\/aenverdexpress.es\/wp-json\/wp\/v2\/types\/post"}],"author":[{"embeddable":true,"href":"https:\/\/aenverde-cp7041.wordpresstemporal.com\/aenverdexpress.es\/wp-json\/wp\/v2\/users\/2"}],"replies":[{"embeddable":true,"href":"https:\/\/aenverde-cp7041.wordpresstemporal.com\/aenverdexpress.es\/wp-json\/wp\/v2\/comments?post=3422"}],"version-history":[{"count":2,"href":"https:\/\/aenverde-cp7041.wordpresstemporal.com\/aenverdexpress.es\/wp-json\/wp\/v2\/posts\/3422\/revisions"}],"predecessor-version":[{"id":3425,"href":"https:\/\/aenverde-cp7041.wordpresstemporal.com\/aenverdexpress.es\/wp-json\/wp\/v2\/posts\/3422\/revisions\/3425"}],"wp:featuredmedia":[{"embeddable":true,"href":"https:\/\/aenverde-cp7041.wordpresstemporal.com\/aenverdexpress.es\/wp-json\/wp\/v2\/media\/3423"}],"wp:attachment":[{"href":"https:\/\/aenverde-cp7041.wordpresstemporal.com\/aenverdexpress.es\/wp-json\/wp\/v2\/media?parent=3422"}],"wp:term":[{"taxonomy":"category","embeddable":true,"href":"https:\/\/aenverde-cp7041.wordpresstemporal.com\/aenverdexpress.es\/wp-json\/wp\/v2\/categories?post=3422"},{"taxonomy":"post_tag","embeddable":true,"href":"https:\/\/aenverde-cp7041.wordpresstemporal.com\/aenverdexpress.es\/wp-json\/wp\/v2\/tags?post=3422"}],"curies":[{"name":"wp","href":"https:\/\/api.w.org\/{rel}","templated":true}]}}