{"id":3656,"date":"2022-09-23T06:05:23","date_gmt":"2022-09-23T06:05:23","guid":{"rendered":"https:\/\/aenverdexpress.es\/?p=3656"},"modified":"2022-09-23T06:05:23","modified_gmt":"2022-09-23T06:05:23","slug":"ecovalia-pide-una-reduccion-del-iva-para-los-productos-ecologicos","status":"publish","type":"post","link":"https:\/\/aenverde-cp7041.wordpresstemporal.com\/aenverdexpress.es\/2022\/09\/23\/ecovalia-pide-una-reduccion-del-iva-para-los-productos-ecologicos\/","title":{"rendered":"Ecovalia\u00a0pide una reducci\u00f3n del IVA para los\u00a0productos ecol\u00f3gicos"},"content":{"rendered":"<!--themify_builder_content-->\n<div id=\"themify_builder_content-3656\" data-postid=\"3656\" class=\"themify_builder_content themify_builder_content-3656 themify_builder tf_clear\">\n    <\/div>\n<!--\/themify_builder_content-->\n\n\n<p class=\"wp-block-paragraph\"><strong>Europa celebra hoy, 23 de septiembre, el D\u00eda de la producci\u00f3n ecol\u00f3gica<\/strong>, fecha que\u00a0<a href=\"https:\/\/www.ecovalia.org\/\">Ecovalia<\/a>\u00a0aprovecha para insistir en la necesidad de que se pongan en marcha medidas que contribuyan al desarrollo del sector y al incremento del consumo de alimentos ecol\u00f3gicos en Espa\u00f1a.<\/p>\n\n\n\n<p class=\"wp-block-paragraph\">Estas medidas \u00ab<strong>pasan por la reducci\u00f3n del IVA para los productos ecol\u00f3gicos, la implementaci\u00f3n de las compras p\u00fablicas\u00a0<\/strong>para comedores de colegios, hospitales y ej\u00e9rcitos gestionados por las distintas administraciones, as\u00ed como\u00a0<strong>el desarrollo de campa\u00f1as de promoci\u00f3n que incentiven las cifras de consumo<\/strong>\u00ab, en palabras de \u00c1lvaro Barrera, presidente de Ecovalia.<\/p>\n\n\n\n<p class=\"wp-block-paragraph\"><strong>M\u00e1s informaci\u00f3n <a href=\"https:\/\/www.aenverde.es\/ecovalia-pide-reduccion-iva-para-productos-ecologicos\/\" target=\"_blank\" rel=\"noreferrer noopener\">aqu\u00ed<\/a>.<\/strong><\/p>\n\n\n\n<p class=\"wp-block-paragraph\"><\/p>","protected":false},"excerpt":{"rendered":"<p>Europa celebra hoy, 23 de septiembre, el D\u00eda de la producci\u00f3n ecol\u00f3gica, fecha que\u00a0Ecovalia\u00a0aprovecha para insistir en la necesidad de que se pongan en marcha medidas que contribuyan al desarrollo del sector y al incremento del consumo de alimentos ecol\u00f3gicos en Espa\u00f1a. Estas medidas \u00abpasan por la reducci\u00f3n del IVA para los productos ecol\u00f3gicos, la [&hellip;]<\/p>\n","protected":false},"author":2,"featured_media":3657,"comment_status":"open","ping_status":"open","sticky":false,"template":"","format":"standard","meta":{"footnotes":""},"categories":[11],"tags":[625,626,275],"class_list":["post-3656","post","type-post","status-publish","format-standard","has-post-thumbnail","hentry","category-actualidad","tag-ecovalia","tag-iva","tag-produccion-ecologica","has-post-title","has-post-date","has-post-category","has-post-tag","has-post-comment","has-post-author",""],"yoast_head":"<!-- This site is optimized with the Yoast SEO plugin v18.2 - https:\/\/yoast.com\/wordpress\/plugins\/seo\/ -->\n<title>Ecovalia\u00a0pide una reducci\u00f3n del IVA para los\u00a0productos ecol\u00f3gicos - Aenverde Express<\/title>\n<meta name=\"robots\" content=\"index, follow, max-snippet:-1, max-image-preview:large, max-video-preview:-1\" \/>\n<link rel=\"canonical\" href=\"https:\/\/aenverde-cp7041.wordpresstemporal.com\/aenverdexpress.es\/2022\/09\/23\/ecovalia-pide-una-reduccion-del-iva-para-los-productos-ecologicos\/\" \/>\n<meta property=\"og:locale\" content=\"es_ES\" \/>\n<meta property=\"og:type\" content=\"article\" \/>\n<meta property=\"og:title\" content=\"Ecovalia\u00a0pide una reducci\u00f3n del IVA para los\u00a0productos ecol\u00f3gicos - Aenverde Express\" \/>\n<meta property=\"og:description\" content=\"Europa celebra hoy, 23 de septiembre, el D\u00eda de la producci\u00f3n ecol\u00f3gica, fecha que\u00a0Ecovalia\u00a0aprovecha para insistir en la necesidad de que se pongan en marcha medidas que contribuyan al desarrollo del sector y al incremento del consumo de alimentos ecol\u00f3gicos en Espa\u00f1a. Estas medidas \u00abpasan por la reducci\u00f3n del IVA para los productos ecol\u00f3gicos, la [&hellip;]\" \/>\n<meta property=\"og:url\" content=\"https:\/\/aenverde-cp7041.wordpresstemporal.com\/aenverdexpress.es\/2022\/09\/23\/ecovalia-pide-una-reduccion-del-iva-para-los-productos-ecologicos\/\" \/>\n<meta property=\"og:site_name\" content=\"Aenverde Express\" \/>\n<meta property=\"article:published_time\" content=\"2022-09-23T06:05:23+00:00\" \/>\n<meta property=\"og:image\" content=\"https:\/\/aenverde-cp7041.wordpresstemporal.com\/aenverdexpress.es\/wp-content\/uploads\/2022\/09\/Dia-produccion-ecologica-1020x600-1.jpg\" \/>\n\t<meta property=\"og:image:width\" content=\"1020\" \/>\n\t<meta property=\"og:image:height\" content=\"600\" \/>\n\t<meta property=\"og:image:type\" content=\"image\/jpeg\" \/>\n<meta name=\"twitter:card\" content=\"summary_large_image\" \/>\n<meta name=\"twitter:label1\" content=\"Escrito por\" \/>\n\t<meta name=\"twitter:data1\" content=\"REDACCI\u00d3N AENVERDE\" \/>\n\t<meta name=\"twitter:label2\" content=\"Tiempo de lectura\" \/>\n\t<meta name=\"twitter:data2\" content=\"1 minuto\" \/>\n<script type=\"application\/ld+json\" class=\"yoast-schema-graph\">{\"@context\":\"https:\/\/schema.org\",\"@graph\":[{\"@type\":\"Organization\",\"@id\":\"https:\/\/aenverdexpress.es\/#organization\",\"name\":\"AENVERDE\",\"url\":\"https:\/\/aenverdexpress.es\/\",\"sameAs\":[],\"logo\":{\"@type\":\"ImageObject\",\"@id\":\"https:\/\/aenverdexpress.es\/#logo\",\"inLanguage\":\"es\",\"url\":\"https:\/\/aenverdexpress.es\/wp-content\/uploads\/2021\/12\/A-EN-VERDE-LOGO-FONDO-1DB954-01-1024x1024-1.jpg\",\"contentUrl\":\"https:\/\/aenverdexpress.es\/wp-content\/uploads\/2021\/12\/A-EN-VERDE-LOGO-FONDO-1DB954-01-1024x1024-1.jpg\",\"width\":1024,\"height\":1024,\"caption\":\"AENVERDE\"},\"image\":{\"@id\":\"https:\/\/aenverdexpress.es\/#logo\"}},{\"@type\":\"WebSite\",\"@id\":\"https:\/\/aenverdexpress.es\/#website\",\"url\":\"https:\/\/aenverdexpress.es\/\",\"name\":\"Aenverde Express\",\"description\":\"\",\"publisher\":{\"@id\":\"https:\/\/aenverdexpress.es\/#organization\"},\"potentialAction\":[{\"@type\":\"SearchAction\",\"target\":{\"@type\":\"EntryPoint\",\"urlTemplate\":\"https:\/\/aenverdexpress.es\/?s={search_term_string}\"},\"query-input\":\"required name=search_term_string\"}],\"inLanguage\":\"es\"},{\"@type\":\"ImageObject\",\"@id\":\"https:\/\/aenverde-cp7041.wordpresstemporal.com\/aenverdexpress.es\/2022\/09\/23\/ecovalia-pide-una-reduccion-del-iva-para-los-productos-ecologicos\/#primaryimage\",\"inLanguage\":\"es\",\"url\":\"https:\/\/aenverde-cp7041.wordpresstemporal.com\/aenverdexpress.es\/wp-content\/uploads\/2022\/09\/Dia-produccion-ecologica-1020x600-1.jpg\",\"contentUrl\":\"https:\/\/aenverde-cp7041.wordpresstemporal.com\/aenverdexpress.es\/wp-content\/uploads\/2022\/09\/Dia-produccion-ecologica-1020x600-1.jpg\",\"width\":1020,\"height\":600},{\"@type\":\"WebPage\",\"@id\":\"https:\/\/aenverde-cp7041.wordpresstemporal.com\/aenverdexpress.es\/2022\/09\/23\/ecovalia-pide-una-reduccion-del-iva-para-los-productos-ecologicos\/#webpage\",\"url\":\"https:\/\/aenverde-cp7041.wordpresstemporal.com\/aenverdexpress.es\/2022\/09\/23\/ecovalia-pide-una-reduccion-del-iva-para-los-productos-ecologicos\/\",\"name\":\"Ecovalia\u00a0pide una reducci\u00f3n del IVA para los\u00a0productos ecol\u00f3gicos - Aenverde Express\",\"isPartOf\":{\"@id\":\"https:\/\/aenverdexpress.es\/#website\"},\"primaryImageOfPage\":{\"@id\":\"https:\/\/aenverde-cp7041.wordpresstemporal.com\/aenverdexpress.es\/2022\/09\/23\/ecovalia-pide-una-reduccion-del-iva-para-los-productos-ecologicos\/#primaryimage\"},\"datePublished\":\"2022-09-23T06:05:23+00:00\",\"dateModified\":\"2022-09-23T06:05:23+00:00\",\"breadcrumb\":{\"@id\":\"https:\/\/aenverde-cp7041.wordpresstemporal.com\/aenverdexpress.es\/2022\/09\/23\/ecovalia-pide-una-reduccion-del-iva-para-los-productos-ecologicos\/#breadcrumb\"},\"inLanguage\":\"es\",\"potentialAction\":[{\"@type\":\"ReadAction\",\"target\":[\"https:\/\/aenverde-cp7041.wordpresstemporal.com\/aenverdexpress.es\/2022\/09\/23\/ecovalia-pide-una-reduccion-del-iva-para-los-productos-ecologicos\/\"]}]},{\"@type\":\"BreadcrumbList\",\"@id\":\"https:\/\/aenverde-cp7041.wordpresstemporal.com\/aenverdexpress.es\/2022\/09\/23\/ecovalia-pide-una-reduccion-del-iva-para-los-productos-ecologicos\/#breadcrumb\",\"itemListElement\":[{\"@type\":\"ListItem\",\"position\":1,\"name\":\"Portada\",\"item\":\"https:\/\/aenverdexpress.es\/\"},{\"@type\":\"ListItem\",\"position\":2,\"name\":\"Ecovalia\u00a0pide una reducci\u00f3n del IVA para los\u00a0productos ecol\u00f3gicos\"}]},{\"@type\":\"Article\",\"@id\":\"https:\/\/aenverde-cp7041.wordpresstemporal.com\/aenverdexpress.es\/2022\/09\/23\/ecovalia-pide-una-reduccion-del-iva-para-los-productos-ecologicos\/#article\",\"isPartOf\":{\"@id\":\"https:\/\/aenverde-cp7041.wordpresstemporal.com\/aenverdexpress.es\/2022\/09\/23\/ecovalia-pide-una-reduccion-del-iva-para-los-productos-ecologicos\/#webpage\"},\"author\":{\"@id\":\"https:\/\/aenverdexpress.es\/#\/schema\/person\/7220664746e3c774cb3c4e5f81fc4ba0\"},\"headline\":\"Ecovalia\u00a0pide una reducci\u00f3n del IVA para los\u00a0productos ecol\u00f3gicos\",\"datePublished\":\"2022-09-23T06:05:23+00:00\",\"dateModified\":\"2022-09-23T06:05:23+00:00\",\"mainEntityOfPage\":{\"@id\":\"https:\/\/aenverde-cp7041.wordpresstemporal.com\/aenverdexpress.es\/2022\/09\/23\/ecovalia-pide-una-reduccion-del-iva-para-los-productos-ecologicos\/#webpage\"},\"wordCount\":124,\"commentCount\":0,\"publisher\":{\"@id\":\"https:\/\/aenverdexpress.es\/#organization\"},\"image\":{\"@id\":\"https:\/\/aenverde-cp7041.wordpresstemporal.com\/aenverdexpress.es\/2022\/09\/23\/ecovalia-pide-una-reduccion-del-iva-para-los-productos-ecologicos\/#primaryimage\"},\"thumbnailUrl\":\"https:\/\/aenverde-cp7041.wordpresstemporal.com\/aenverdexpress.es\/wp-content\/uploads\/2022\/09\/Dia-produccion-ecologica-1020x600-1.jpg\",\"keywords\":[\"Ecovalia\",\"IVA\",\"producci\u00f3n ecol\u00f3gica\"],\"articleSection\":[\"Actualidad\"],\"inLanguage\":\"es\",\"potentialAction\":[{\"@type\":\"CommentAction\",\"name\":\"Comment\",\"target\":[\"https:\/\/aenverde-cp7041.wordpresstemporal.com\/aenverdexpress.es\/2022\/09\/23\/ecovalia-pide-una-reduccion-del-iva-para-los-productos-ecologicos\/#respond\"]}]},{\"@type\":\"Person\",\"@id\":\"https:\/\/aenverdexpress.es\/#\/schema\/person\/7220664746e3c774cb3c4e5f81fc4ba0\",\"name\":\"REDACCI\u00d3N AENVERDE\",\"image\":{\"@type\":\"ImageObject\",\"@id\":\"https:\/\/aenverdexpress.es\/#personlogo\",\"inLanguage\":\"es\",\"url\":\"https:\/\/secure.gravatar.com\/avatar\/82de37537a82ee30b014773728d8502cf11180bc1ea2f0a301ec70ebe59ea3e5?s=96&d=mm&r=g\",\"contentUrl\":\"https:\/\/secure.gravatar.com\/avatar\/82de37537a82ee30b014773728d8502cf11180bc1ea2f0a301ec70ebe59ea3e5?s=96&d=mm&r=g\",\"caption\":\"REDACCI\u00d3N AENVERDE\"},\"url\":\"https:\/\/aenverde-cp7041.wordpresstemporal.com\/aenverdexpress.es\/author\/damian\/\"}]}<\/script>\n<!-- \/ Yoast SEO plugin. -->","yoast_head_json":{"title":"Ecovalia\u00a0pide una reducci\u00f3n del IVA para los\u00a0productos ecol\u00f3gicos - Aenverde Express","robots":{"index":"index","follow":"follow","max-snippet":"max-snippet:-1","max-image-preview":"max-image-preview:large","max-video-preview":"max-video-preview:-1"},"canonical":"https:\/\/aenverde-cp7041.wordpresstemporal.com\/aenverdexpress.es\/2022\/09\/23\/ecovalia-pide-una-reduccion-del-iva-para-los-productos-ecologicos\/","og_locale":"es_ES","og_type":"article","og_title":"Ecovalia\u00a0pide una reducci\u00f3n del IVA para los\u00a0productos ecol\u00f3gicos - Aenverde Express","og_description":"Europa celebra hoy, 23 de septiembre, el D\u00eda de la producci\u00f3n ecol\u00f3gica, fecha que\u00a0Ecovalia\u00a0aprovecha para insistir en la necesidad de que se pongan en marcha medidas que contribuyan al desarrollo del sector y al incremento del consumo de alimentos ecol\u00f3gicos en Espa\u00f1a. Estas medidas \u00abpasan por la reducci\u00f3n del IVA para los productos ecol\u00f3gicos, la [&hellip;]","og_url":"https:\/\/aenverde-cp7041.wordpresstemporal.com\/aenverdexpress.es\/2022\/09\/23\/ecovalia-pide-una-reduccion-del-iva-para-los-productos-ecologicos\/","og_site_name":"Aenverde Express","article_published_time":"2022-09-23T06:05:23+00:00","og_image":[{"width":1020,"height":600,"url":"https:\/\/aenverde-cp7041.wordpresstemporal.com\/aenverdexpress.es\/wp-content\/uploads\/2022\/09\/Dia-produccion-ecologica-1020x600-1.jpg","type":"image\/jpeg"}],"twitter_card":"summary_large_image","twitter_misc":{"Escrito por":"REDACCI\u00d3N AENVERDE","Tiempo de lectura":"1 minuto"},"schema":{"@context":"https:\/\/schema.org","@graph":[{"@type":"Organization","@id":"https:\/\/aenverdexpress.es\/#organization","name":"AENVERDE","url":"https:\/\/aenverdexpress.es\/","sameAs":[],"logo":{"@type":"ImageObject","@id":"https:\/\/aenverdexpress.es\/#logo","inLanguage":"es","url":"https:\/\/aenverdexpress.es\/wp-content\/uploads\/2021\/12\/A-EN-VERDE-LOGO-FONDO-1DB954-01-1024x1024-1.jpg","contentUrl":"https:\/\/aenverdexpress.es\/wp-content\/uploads\/2021\/12\/A-EN-VERDE-LOGO-FONDO-1DB954-01-1024x1024-1.jpg","width":1024,"height":1024,"caption":"AENVERDE"},"image":{"@id":"https:\/\/aenverdexpress.es\/#logo"}},{"@type":"WebSite","@id":"https:\/\/aenverdexpress.es\/#website","url":"https:\/\/aenverdexpress.es\/","name":"Aenverde Express","description":"","publisher":{"@id":"https:\/\/aenverdexpress.es\/#organization"},"potentialAction":[{"@type":"SearchAction","target":{"@type":"EntryPoint","urlTemplate":"https:\/\/aenverdexpress.es\/?s={search_term_string}"},"query-input":"required name=search_term_string"}],"inLanguage":"es"},{"@type":"ImageObject","@id":"https:\/\/aenverde-cp7041.wordpresstemporal.com\/aenverdexpress.es\/2022\/09\/23\/ecovalia-pide-una-reduccion-del-iva-para-los-productos-ecologicos\/#primaryimage","inLanguage":"es","url":"https:\/\/aenverde-cp7041.wordpresstemporal.com\/aenverdexpress.es\/wp-content\/uploads\/2022\/09\/Dia-produccion-ecologica-1020x600-1.jpg","contentUrl":"https:\/\/aenverde-cp7041.wordpresstemporal.com\/aenverdexpress.es\/wp-content\/uploads\/2022\/09\/Dia-produccion-ecologica-1020x600-1.jpg","width":1020,"height":600},{"@type":"WebPage","@id":"https:\/\/aenverde-cp7041.wordpresstemporal.com\/aenverdexpress.es\/2022\/09\/23\/ecovalia-pide-una-reduccion-del-iva-para-los-productos-ecologicos\/#webpage","url":"https:\/\/aenverde-cp7041.wordpresstemporal.com\/aenverdexpress.es\/2022\/09\/23\/ecovalia-pide-una-reduccion-del-iva-para-los-productos-ecologicos\/","name":"Ecovalia\u00a0pide una reducci\u00f3n del IVA para los\u00a0productos ecol\u00f3gicos - Aenverde Express","isPartOf":{"@id":"https:\/\/aenverdexpress.es\/#website"},"primaryImageOfPage":{"@id":"https:\/\/aenverde-cp7041.wordpresstemporal.com\/aenverdexpress.es\/2022\/09\/23\/ecovalia-pide-una-reduccion-del-iva-para-los-productos-ecologicos\/#primaryimage"},"datePublished":"2022-09-23T06:05:23+00:00","dateModified":"2022-09-23T06:05:23+00:00","breadcrumb":{"@id":"https:\/\/aenverde-cp7041.wordpresstemporal.com\/aenverdexpress.es\/2022\/09\/23\/ecovalia-pide-una-reduccion-del-iva-para-los-productos-ecologicos\/#breadcrumb"},"inLanguage":"es","potentialAction":[{"@type":"ReadAction","target":["https:\/\/aenverde-cp7041.wordpresstemporal.com\/aenverdexpress.es\/2022\/09\/23\/ecovalia-pide-una-reduccion-del-iva-para-los-productos-ecologicos\/"]}]},{"@type":"BreadcrumbList","@id":"https:\/\/aenverde-cp7041.wordpresstemporal.com\/aenverdexpress.es\/2022\/09\/23\/ecovalia-pide-una-reduccion-del-iva-para-los-productos-ecologicos\/#breadcrumb","itemListElement":[{"@type":"ListItem","position":1,"name":"Portada","item":"https:\/\/aenverdexpress.es\/"},{"@type":"ListItem","position":2,"name":"Ecovalia\u00a0pide una reducci\u00f3n del IVA para los\u00a0productos ecol\u00f3gicos"}]},{"@type":"Article","@id":"https:\/\/aenverde-cp7041.wordpresstemporal.com\/aenverdexpress.es\/2022\/09\/23\/ecovalia-pide-una-reduccion-del-iva-para-los-productos-ecologicos\/#article","isPartOf":{"@id":"https:\/\/aenverde-cp7041.wordpresstemporal.com\/aenverdexpress.es\/2022\/09\/23\/ecovalia-pide-una-reduccion-del-iva-para-los-productos-ecologicos\/#webpage"},"author":{"@id":"https:\/\/aenverdexpress.es\/#\/schema\/person\/7220664746e3c774cb3c4e5f81fc4ba0"},"headline":"Ecovalia\u00a0pide una reducci\u00f3n del IVA para los\u00a0productos ecol\u00f3gicos","datePublished":"2022-09-23T06:05:23+00:00","dateModified":"2022-09-23T06:05:23+00:00","mainEntityOfPage":{"@id":"https:\/\/aenverde-cp7041.wordpresstemporal.com\/aenverdexpress.es\/2022\/09\/23\/ecovalia-pide-una-reduccion-del-iva-para-los-productos-ecologicos\/#webpage"},"wordCount":124,"commentCount":0,"publisher":{"@id":"https:\/\/aenverdexpress.es\/#organization"},"image":{"@id":"https:\/\/aenverde-cp7041.wordpresstemporal.com\/aenverdexpress.es\/2022\/09\/23\/ecovalia-pide-una-reduccion-del-iva-para-los-productos-ecologicos\/#primaryimage"},"thumbnailUrl":"https:\/\/aenverde-cp7041.wordpresstemporal.com\/aenverdexpress.es\/wp-content\/uploads\/2022\/09\/Dia-produccion-ecologica-1020x600-1.jpg","keywords":["Ecovalia","IVA","producci\u00f3n ecol\u00f3gica"],"articleSection":["Actualidad"],"inLanguage":"es","potentialAction":[{"@type":"CommentAction","name":"Comment","target":["https:\/\/aenverde-cp7041.wordpresstemporal.com\/aenverdexpress.es\/2022\/09\/23\/ecovalia-pide-una-reduccion-del-iva-para-los-productos-ecologicos\/#respond"]}]},{"@type":"Person","@id":"https:\/\/aenverdexpress.es\/#\/schema\/person\/7220664746e3c774cb3c4e5f81fc4ba0","name":"REDACCI\u00d3N AENVERDE","image":{"@type":"ImageObject","@id":"https:\/\/aenverdexpress.es\/#personlogo","inLanguage":"es","url":"https:\/\/secure.gravatar.com\/avatar\/82de37537a82ee30b014773728d8502cf11180bc1ea2f0a301ec70ebe59ea3e5?s=96&d=mm&r=g","contentUrl":"https:\/\/secure.gravatar.com\/avatar\/82de37537a82ee30b014773728d8502cf11180bc1ea2f0a301ec70ebe59ea3e5?s=96&d=mm&r=g","caption":"REDACCI\u00d3N AENVERDE"},"url":"https:\/\/aenverde-cp7041.wordpresstemporal.com\/aenverdexpress.es\/author\/damian\/"}]}},"builder_content":"","_links":{"self":[{"href":"https:\/\/aenverde-cp7041.wordpresstemporal.com\/aenverdexpress.es\/wp-json\/wp\/v2\/posts\/3656","targetHints":{"allow":["GET"]}}],"collection":[{"href":"https:\/\/aenverde-cp7041.wordpresstemporal.com\/aenverdexpress.es\/wp-json\/wp\/v2\/posts"}],"about":[{"href":"https:\/\/aenverde-cp7041.wordpresstemporal.com\/aenverdexpress.es\/wp-json\/wp\/v2\/types\/post"}],"author":[{"embeddable":true,"href":"https:\/\/aenverde-cp7041.wordpresstemporal.com\/aenverdexpress.es\/wp-json\/wp\/v2\/users\/2"}],"replies":[{"embeddable":true,"href":"https:\/\/aenverde-cp7041.wordpresstemporal.com\/aenverdexpress.es\/wp-json\/wp\/v2\/comments?post=3656"}],"version-history":[{"count":2,"href":"https:\/\/aenverde-cp7041.wordpresstemporal.com\/aenverdexpress.es\/wp-json\/wp\/v2\/posts\/3656\/revisions"}],"predecessor-version":[{"id":3659,"href":"https:\/\/aenverde-cp7041.wordpresstemporal.com\/aenverdexpress.es\/wp-json\/wp\/v2\/posts\/3656\/revisions\/3659"}],"wp:featuredmedia":[{"embeddable":true,"href":"https:\/\/aenverde-cp7041.wordpresstemporal.com\/aenverdexpress.es\/wp-json\/wp\/v2\/media\/3657"}],"wp:attachment":[{"href":"https:\/\/aenverde-cp7041.wordpresstemporal.com\/aenverdexpress.es\/wp-json\/wp\/v2\/media?parent=3656"}],"wp:term":[{"taxonomy":"category","embeddable":true,"href":"https:\/\/aenverde-cp7041.wordpresstemporal.com\/aenverdexpress.es\/wp-json\/wp\/v2\/categories?post=3656"},{"taxonomy":"post_tag","embeddable":true,"href":"https:\/\/aenverde-cp7041.wordpresstemporal.com\/aenverdexpress.es\/wp-json\/wp\/v2\/tags?post=3656"}],"curies":[{"name":"wp","href":"https:\/\/api.w.org\/{rel}","templated":true}]}}