{"id":3911,"date":"2022-11-02T07:10:05","date_gmt":"2022-11-02T07:10:05","guid":{"rendered":"https:\/\/aenverdexpress.es\/?p=3911"},"modified":"2022-11-02T07:10:06","modified_gmt":"2022-11-02T07:10:06","slug":"el-dia-de-todos-los-santos-supone-el-20-del-negocio-anual-de-flor-cortada","status":"publish","type":"post","link":"https:\/\/aenverde-cp7041.wordpresstemporal.com\/aenverdexpress.es\/2022\/11\/02\/el-dia-de-todos-los-santos-supone-el-20-del-negocio-anual-de-flor-cortada\/","title":{"rendered":"El\u00a0D\u00eda de Todos los Santos\u00a0supone el\u00a020% del negocio anual\u00a0de flor cortada"},"content":{"rendered":"<!--themify_builder_content-->\n<div id=\"themify_builder_content-3911\" data-postid=\"3911\" class=\"themify_builder_content themify_builder_content-3911 themify_builder tf_clear\">\n    <\/div>\n<!--\/themify_builder_content-->\n\n\n<p class=\"wp-block-paragraph\">La festividad de Todos los Santos es el principal momento para la venta de flor cortada en Espa\u00f1a, representando en torno al 15-20% del total de la campa\u00f1a anual, que en estos momentos est\u00e1 marcada&nbsp;<strong>por el incremento de costes de entre el 35-40%, seg\u00fan el Comit\u00e9 de Flor y Planta de&nbsp;<a href=\"https:\/\/www.fepex.es\/inicio.aspx\" target=\"_blank\" rel=\"noreferrer noopener\">FEPEX<\/a><\/strong>.<\/p>\n\n\n\n<p class=\"wp-block-paragraph\">Junto al incremento de costes, que es la mayor preocupaci\u00f3n actual del sector de flor y planta, existe inseguridad, tambi\u00e9n, de cara a la festividad del d\u00eda 1, sobre c\u00f3mo se comportar\u00e1n las ventas, ya que\u00a0<strong>los problemas econ\u00f3micos en los hogares pueden hacer que se reduzca el gasto medio por consumidor<\/strong>, seg\u00fan declaraciones de Juan Daniel Marichal, presidente del Comit\u00e9 de Flor y Planta de FEPEX.<\/p>\n\n\n\n<p class=\"wp-block-paragraph\"><strong>M\u00e1s informaci\u00f3n <a href=\"https:\/\/www.aenverde.es\/el-dia-de-todos-los-santos-supone-el-20-del-negocio-anual-de-flor-cortada\/\" target=\"_blank\" rel=\"noreferrer noopener\">aqu\u00ed<\/a>.<\/strong><\/p>","protected":false},"excerpt":{"rendered":"<p>La festividad de Todos los Santos es el principal momento para la venta de flor cortada en Espa\u00f1a, representando en torno al 15-20% del total de la campa\u00f1a anual, que en estos momentos est\u00e1 marcada&nbsp;por el incremento de costes de entre el 35-40%, seg\u00fan el Comit\u00e9 de Flor y Planta de&nbsp;FEPEX. Junto al incremento de [&hellip;]<\/p>\n","protected":false},"author":2,"featured_media":3912,"comment_status":"open","ping_status":"open","sticky":false,"template":"","format":"standard","meta":{"footnotes":""},"categories":[13],"tags":[636,53],"class_list":["post-3911","post","type-post","status-publish","format-standard","has-post-thumbnail","hentry","category-mercados","tag-festividad","tag-planta-ornamental","has-post-title","has-post-date","has-post-category","has-post-tag","has-post-comment","has-post-author",""],"yoast_head":"<!-- This site is optimized with the Yoast SEO plugin v18.2 - https:\/\/yoast.com\/wordpress\/plugins\/seo\/ -->\n<title>El\u00a0D\u00eda de Todos los Santos\u00a0supone el\u00a020% del negocio anual\u00a0de flor cortada - Aenverde Express<\/title>\n<meta name=\"robots\" content=\"index, follow, max-snippet:-1, max-image-preview:large, max-video-preview:-1\" \/>\n<link rel=\"canonical\" href=\"https:\/\/aenverde-cp7041.wordpresstemporal.com\/aenverdexpress.es\/2022\/11\/02\/el-dia-de-todos-los-santos-supone-el-20-del-negocio-anual-de-flor-cortada\/\" \/>\n<meta property=\"og:locale\" content=\"es_ES\" \/>\n<meta property=\"og:type\" content=\"article\" \/>\n<meta property=\"og:title\" content=\"El\u00a0D\u00eda de Todos los Santos\u00a0supone el\u00a020% del negocio anual\u00a0de flor cortada - Aenverde Express\" \/>\n<meta property=\"og:description\" content=\"La festividad de Todos los Santos es el principal momento para la venta de flor cortada en Espa\u00f1a, representando en torno al 15-20% del total de la campa\u00f1a anual, que en estos momentos est\u00e1 marcada&nbsp;por el incremento de costes de entre el 35-40%, seg\u00fan el Comit\u00e9 de Flor y Planta de&nbsp;FEPEX. Junto al incremento de [&hellip;]\" \/>\n<meta property=\"og:url\" content=\"https:\/\/aenverde-cp7041.wordpresstemporal.com\/aenverdexpress.es\/2022\/11\/02\/el-dia-de-todos-los-santos-supone-el-20-del-negocio-anual-de-flor-cortada\/\" \/>\n<meta property=\"og:site_name\" content=\"Aenverde Express\" \/>\n<meta property=\"article:published_time\" content=\"2022-11-02T07:10:05+00:00\" \/>\n<meta property=\"article:modified_time\" content=\"2022-11-02T07:10:06+00:00\" \/>\n<meta property=\"og:image\" content=\"https:\/\/aenverde-cp7041.wordpresstemporal.com\/aenverdexpress.es\/wp-content\/uploads\/2022\/11\/yellow-chrysanthemum-3767561_960_720-768x510-1.jpg\" \/>\n\t<meta property=\"og:image:width\" content=\"768\" \/>\n\t<meta property=\"og:image:height\" content=\"510\" \/>\n\t<meta property=\"og:image:type\" content=\"image\/jpeg\" \/>\n<meta name=\"twitter:card\" content=\"summary_large_image\" \/>\n<meta name=\"twitter:label1\" content=\"Escrito por\" \/>\n\t<meta name=\"twitter:data1\" content=\"REDACCI\u00d3N AENVERDE\" \/>\n\t<meta name=\"twitter:label2\" content=\"Tiempo de lectura\" \/>\n\t<meta name=\"twitter:data2\" content=\"1 minuto\" \/>\n<script type=\"application\/ld+json\" class=\"yoast-schema-graph\">{\"@context\":\"https:\/\/schema.org\",\"@graph\":[{\"@type\":\"Organization\",\"@id\":\"https:\/\/aenverdexpress.es\/#organization\",\"name\":\"AENVERDE\",\"url\":\"https:\/\/aenverdexpress.es\/\",\"sameAs\":[],\"logo\":{\"@type\":\"ImageObject\",\"@id\":\"https:\/\/aenverdexpress.es\/#logo\",\"inLanguage\":\"es\",\"url\":\"https:\/\/aenverdexpress.es\/wp-content\/uploads\/2021\/12\/A-EN-VERDE-LOGO-FONDO-1DB954-01-1024x1024-1.jpg\",\"contentUrl\":\"https:\/\/aenverdexpress.es\/wp-content\/uploads\/2021\/12\/A-EN-VERDE-LOGO-FONDO-1DB954-01-1024x1024-1.jpg\",\"width\":1024,\"height\":1024,\"caption\":\"AENVERDE\"},\"image\":{\"@id\":\"https:\/\/aenverdexpress.es\/#logo\"}},{\"@type\":\"WebSite\",\"@id\":\"https:\/\/aenverdexpress.es\/#website\",\"url\":\"https:\/\/aenverdexpress.es\/\",\"name\":\"Aenverde Express\",\"description\":\"\",\"publisher\":{\"@id\":\"https:\/\/aenverdexpress.es\/#organization\"},\"potentialAction\":[{\"@type\":\"SearchAction\",\"target\":{\"@type\":\"EntryPoint\",\"urlTemplate\":\"https:\/\/aenverdexpress.es\/?s={search_term_string}\"},\"query-input\":\"required name=search_term_string\"}],\"inLanguage\":\"es\"},{\"@type\":\"ImageObject\",\"@id\":\"https:\/\/aenverde-cp7041.wordpresstemporal.com\/aenverdexpress.es\/2022\/11\/02\/el-dia-de-todos-los-santos-supone-el-20-del-negocio-anual-de-flor-cortada\/#primaryimage\",\"inLanguage\":\"es\",\"url\":\"https:\/\/aenverde-cp7041.wordpresstemporal.com\/aenverdexpress.es\/wp-content\/uploads\/2022\/11\/yellow-chrysanthemum-3767561_960_720-768x510-1.jpg\",\"contentUrl\":\"https:\/\/aenverde-cp7041.wordpresstemporal.com\/aenverdexpress.es\/wp-content\/uploads\/2022\/11\/yellow-chrysanthemum-3767561_960_720-768x510-1.jpg\",\"width\":768,\"height\":510},{\"@type\":\"WebPage\",\"@id\":\"https:\/\/aenverde-cp7041.wordpresstemporal.com\/aenverdexpress.es\/2022\/11\/02\/el-dia-de-todos-los-santos-supone-el-20-del-negocio-anual-de-flor-cortada\/#webpage\",\"url\":\"https:\/\/aenverde-cp7041.wordpresstemporal.com\/aenverdexpress.es\/2022\/11\/02\/el-dia-de-todos-los-santos-supone-el-20-del-negocio-anual-de-flor-cortada\/\",\"name\":\"El\u00a0D\u00eda de Todos los Santos\u00a0supone el\u00a020% del negocio anual\u00a0de flor cortada - Aenverde Express\",\"isPartOf\":{\"@id\":\"https:\/\/aenverdexpress.es\/#website\"},\"primaryImageOfPage\":{\"@id\":\"https:\/\/aenverde-cp7041.wordpresstemporal.com\/aenverdexpress.es\/2022\/11\/02\/el-dia-de-todos-los-santos-supone-el-20-del-negocio-anual-de-flor-cortada\/#primaryimage\"},\"datePublished\":\"2022-11-02T07:10:05+00:00\",\"dateModified\":\"2022-11-02T07:10:06+00:00\",\"breadcrumb\":{\"@id\":\"https:\/\/aenverde-cp7041.wordpresstemporal.com\/aenverdexpress.es\/2022\/11\/02\/el-dia-de-todos-los-santos-supone-el-20-del-negocio-anual-de-flor-cortada\/#breadcrumb\"},\"inLanguage\":\"es\",\"potentialAction\":[{\"@type\":\"ReadAction\",\"target\":[\"https:\/\/aenverde-cp7041.wordpresstemporal.com\/aenverdexpress.es\/2022\/11\/02\/el-dia-de-todos-los-santos-supone-el-20-del-negocio-anual-de-flor-cortada\/\"]}]},{\"@type\":\"BreadcrumbList\",\"@id\":\"https:\/\/aenverde-cp7041.wordpresstemporal.com\/aenverdexpress.es\/2022\/11\/02\/el-dia-de-todos-los-santos-supone-el-20-del-negocio-anual-de-flor-cortada\/#breadcrumb\",\"itemListElement\":[{\"@type\":\"ListItem\",\"position\":1,\"name\":\"Portada\",\"item\":\"https:\/\/aenverdexpress.es\/\"},{\"@type\":\"ListItem\",\"position\":2,\"name\":\"El\u00a0D\u00eda de Todos los Santos\u00a0supone el\u00a020% del negocio anual\u00a0de flor cortada\"}]},{\"@type\":\"Article\",\"@id\":\"https:\/\/aenverde-cp7041.wordpresstemporal.com\/aenverdexpress.es\/2022\/11\/02\/el-dia-de-todos-los-santos-supone-el-20-del-negocio-anual-de-flor-cortada\/#article\",\"isPartOf\":{\"@id\":\"https:\/\/aenverde-cp7041.wordpresstemporal.com\/aenverdexpress.es\/2022\/11\/02\/el-dia-de-todos-los-santos-supone-el-20-del-negocio-anual-de-flor-cortada\/#webpage\"},\"author\":{\"@id\":\"https:\/\/aenverdexpress.es\/#\/schema\/person\/7220664746e3c774cb3c4e5f81fc4ba0\"},\"headline\":\"El\u00a0D\u00eda de Todos los Santos\u00a0supone el\u00a020% del negocio anual\u00a0de flor cortada\",\"datePublished\":\"2022-11-02T07:10:05+00:00\",\"dateModified\":\"2022-11-02T07:10:06+00:00\",\"mainEntityOfPage\":{\"@id\":\"https:\/\/aenverde-cp7041.wordpresstemporal.com\/aenverdexpress.es\/2022\/11\/02\/el-dia-de-todos-los-santos-supone-el-20-del-negocio-anual-de-flor-cortada\/#webpage\"},\"wordCount\":151,\"commentCount\":0,\"publisher\":{\"@id\":\"https:\/\/aenverdexpress.es\/#organization\"},\"image\":{\"@id\":\"https:\/\/aenverde-cp7041.wordpresstemporal.com\/aenverdexpress.es\/2022\/11\/02\/el-dia-de-todos-los-santos-supone-el-20-del-negocio-anual-de-flor-cortada\/#primaryimage\"},\"thumbnailUrl\":\"https:\/\/aenverde-cp7041.wordpresstemporal.com\/aenverdexpress.es\/wp-content\/uploads\/2022\/11\/yellow-chrysanthemum-3767561_960_720-768x510-1.jpg\",\"keywords\":[\"festividad\",\"planta ornamental\"],\"articleSection\":[\"Mercados\"],\"inLanguage\":\"es\",\"potentialAction\":[{\"@type\":\"CommentAction\",\"name\":\"Comment\",\"target\":[\"https:\/\/aenverde-cp7041.wordpresstemporal.com\/aenverdexpress.es\/2022\/11\/02\/el-dia-de-todos-los-santos-supone-el-20-del-negocio-anual-de-flor-cortada\/#respond\"]}]},{\"@type\":\"Person\",\"@id\":\"https:\/\/aenverdexpress.es\/#\/schema\/person\/7220664746e3c774cb3c4e5f81fc4ba0\",\"name\":\"REDACCI\u00d3N AENVERDE\",\"image\":{\"@type\":\"ImageObject\",\"@id\":\"https:\/\/aenverdexpress.es\/#personlogo\",\"inLanguage\":\"es\",\"url\":\"https:\/\/secure.gravatar.com\/avatar\/82de37537a82ee30b014773728d8502cf11180bc1ea2f0a301ec70ebe59ea3e5?s=96&d=mm&r=g\",\"contentUrl\":\"https:\/\/secure.gravatar.com\/avatar\/82de37537a82ee30b014773728d8502cf11180bc1ea2f0a301ec70ebe59ea3e5?s=96&d=mm&r=g\",\"caption\":\"REDACCI\u00d3N AENVERDE\"},\"url\":\"https:\/\/aenverde-cp7041.wordpresstemporal.com\/aenverdexpress.es\/author\/damian\/\"}]}<\/script>\n<!-- \/ Yoast SEO plugin. -->","yoast_head_json":{"title":"El\u00a0D\u00eda de Todos los Santos\u00a0supone el\u00a020% del negocio anual\u00a0de flor cortada - Aenverde Express","robots":{"index":"index","follow":"follow","max-snippet":"max-snippet:-1","max-image-preview":"max-image-preview:large","max-video-preview":"max-video-preview:-1"},"canonical":"https:\/\/aenverde-cp7041.wordpresstemporal.com\/aenverdexpress.es\/2022\/11\/02\/el-dia-de-todos-los-santos-supone-el-20-del-negocio-anual-de-flor-cortada\/","og_locale":"es_ES","og_type":"article","og_title":"El\u00a0D\u00eda de Todos los Santos\u00a0supone el\u00a020% del negocio anual\u00a0de flor cortada - Aenverde Express","og_description":"La festividad de Todos los Santos es el principal momento para la venta de flor cortada en Espa\u00f1a, representando en torno al 15-20% del total de la campa\u00f1a anual, que en estos momentos est\u00e1 marcada&nbsp;por el incremento de costes de entre el 35-40%, seg\u00fan el Comit\u00e9 de Flor y Planta de&nbsp;FEPEX. Junto al incremento de [&hellip;]","og_url":"https:\/\/aenverde-cp7041.wordpresstemporal.com\/aenverdexpress.es\/2022\/11\/02\/el-dia-de-todos-los-santos-supone-el-20-del-negocio-anual-de-flor-cortada\/","og_site_name":"Aenverde Express","article_published_time":"2022-11-02T07:10:05+00:00","article_modified_time":"2022-11-02T07:10:06+00:00","og_image":[{"width":768,"height":510,"url":"https:\/\/aenverde-cp7041.wordpresstemporal.com\/aenverdexpress.es\/wp-content\/uploads\/2022\/11\/yellow-chrysanthemum-3767561_960_720-768x510-1.jpg","type":"image\/jpeg"}],"twitter_card":"summary_large_image","twitter_misc":{"Escrito por":"REDACCI\u00d3N AENVERDE","Tiempo de lectura":"1 minuto"},"schema":{"@context":"https:\/\/schema.org","@graph":[{"@type":"Organization","@id":"https:\/\/aenverdexpress.es\/#organization","name":"AENVERDE","url":"https:\/\/aenverdexpress.es\/","sameAs":[],"logo":{"@type":"ImageObject","@id":"https:\/\/aenverdexpress.es\/#logo","inLanguage":"es","url":"https:\/\/aenverdexpress.es\/wp-content\/uploads\/2021\/12\/A-EN-VERDE-LOGO-FONDO-1DB954-01-1024x1024-1.jpg","contentUrl":"https:\/\/aenverdexpress.es\/wp-content\/uploads\/2021\/12\/A-EN-VERDE-LOGO-FONDO-1DB954-01-1024x1024-1.jpg","width":1024,"height":1024,"caption":"AENVERDE"},"image":{"@id":"https:\/\/aenverdexpress.es\/#logo"}},{"@type":"WebSite","@id":"https:\/\/aenverdexpress.es\/#website","url":"https:\/\/aenverdexpress.es\/","name":"Aenverde Express","description":"","publisher":{"@id":"https:\/\/aenverdexpress.es\/#organization"},"potentialAction":[{"@type":"SearchAction","target":{"@type":"EntryPoint","urlTemplate":"https:\/\/aenverdexpress.es\/?s={search_term_string}"},"query-input":"required name=search_term_string"}],"inLanguage":"es"},{"@type":"ImageObject","@id":"https:\/\/aenverde-cp7041.wordpresstemporal.com\/aenverdexpress.es\/2022\/11\/02\/el-dia-de-todos-los-santos-supone-el-20-del-negocio-anual-de-flor-cortada\/#primaryimage","inLanguage":"es","url":"https:\/\/aenverde-cp7041.wordpresstemporal.com\/aenverdexpress.es\/wp-content\/uploads\/2022\/11\/yellow-chrysanthemum-3767561_960_720-768x510-1.jpg","contentUrl":"https:\/\/aenverde-cp7041.wordpresstemporal.com\/aenverdexpress.es\/wp-content\/uploads\/2022\/11\/yellow-chrysanthemum-3767561_960_720-768x510-1.jpg","width":768,"height":510},{"@type":"WebPage","@id":"https:\/\/aenverde-cp7041.wordpresstemporal.com\/aenverdexpress.es\/2022\/11\/02\/el-dia-de-todos-los-santos-supone-el-20-del-negocio-anual-de-flor-cortada\/#webpage","url":"https:\/\/aenverde-cp7041.wordpresstemporal.com\/aenverdexpress.es\/2022\/11\/02\/el-dia-de-todos-los-santos-supone-el-20-del-negocio-anual-de-flor-cortada\/","name":"El\u00a0D\u00eda de Todos los Santos\u00a0supone el\u00a020% del negocio anual\u00a0de flor cortada - Aenverde Express","isPartOf":{"@id":"https:\/\/aenverdexpress.es\/#website"},"primaryImageOfPage":{"@id":"https:\/\/aenverde-cp7041.wordpresstemporal.com\/aenverdexpress.es\/2022\/11\/02\/el-dia-de-todos-los-santos-supone-el-20-del-negocio-anual-de-flor-cortada\/#primaryimage"},"datePublished":"2022-11-02T07:10:05+00:00","dateModified":"2022-11-02T07:10:06+00:00","breadcrumb":{"@id":"https:\/\/aenverde-cp7041.wordpresstemporal.com\/aenverdexpress.es\/2022\/11\/02\/el-dia-de-todos-los-santos-supone-el-20-del-negocio-anual-de-flor-cortada\/#breadcrumb"},"inLanguage":"es","potentialAction":[{"@type":"ReadAction","target":["https:\/\/aenverde-cp7041.wordpresstemporal.com\/aenverdexpress.es\/2022\/11\/02\/el-dia-de-todos-los-santos-supone-el-20-del-negocio-anual-de-flor-cortada\/"]}]},{"@type":"BreadcrumbList","@id":"https:\/\/aenverde-cp7041.wordpresstemporal.com\/aenverdexpress.es\/2022\/11\/02\/el-dia-de-todos-los-santos-supone-el-20-del-negocio-anual-de-flor-cortada\/#breadcrumb","itemListElement":[{"@type":"ListItem","position":1,"name":"Portada","item":"https:\/\/aenverdexpress.es\/"},{"@type":"ListItem","position":2,"name":"El\u00a0D\u00eda de Todos los Santos\u00a0supone el\u00a020% del negocio anual\u00a0de flor cortada"}]},{"@type":"Article","@id":"https:\/\/aenverde-cp7041.wordpresstemporal.com\/aenverdexpress.es\/2022\/11\/02\/el-dia-de-todos-los-santos-supone-el-20-del-negocio-anual-de-flor-cortada\/#article","isPartOf":{"@id":"https:\/\/aenverde-cp7041.wordpresstemporal.com\/aenverdexpress.es\/2022\/11\/02\/el-dia-de-todos-los-santos-supone-el-20-del-negocio-anual-de-flor-cortada\/#webpage"},"author":{"@id":"https:\/\/aenverdexpress.es\/#\/schema\/person\/7220664746e3c774cb3c4e5f81fc4ba0"},"headline":"El\u00a0D\u00eda de Todos los Santos\u00a0supone el\u00a020% del negocio anual\u00a0de flor cortada","datePublished":"2022-11-02T07:10:05+00:00","dateModified":"2022-11-02T07:10:06+00:00","mainEntityOfPage":{"@id":"https:\/\/aenverde-cp7041.wordpresstemporal.com\/aenverdexpress.es\/2022\/11\/02\/el-dia-de-todos-los-santos-supone-el-20-del-negocio-anual-de-flor-cortada\/#webpage"},"wordCount":151,"commentCount":0,"publisher":{"@id":"https:\/\/aenverdexpress.es\/#organization"},"image":{"@id":"https:\/\/aenverde-cp7041.wordpresstemporal.com\/aenverdexpress.es\/2022\/11\/02\/el-dia-de-todos-los-santos-supone-el-20-del-negocio-anual-de-flor-cortada\/#primaryimage"},"thumbnailUrl":"https:\/\/aenverde-cp7041.wordpresstemporal.com\/aenverdexpress.es\/wp-content\/uploads\/2022\/11\/yellow-chrysanthemum-3767561_960_720-768x510-1.jpg","keywords":["festividad","planta ornamental"],"articleSection":["Mercados"],"inLanguage":"es","potentialAction":[{"@type":"CommentAction","name":"Comment","target":["https:\/\/aenverde-cp7041.wordpresstemporal.com\/aenverdexpress.es\/2022\/11\/02\/el-dia-de-todos-los-santos-supone-el-20-del-negocio-anual-de-flor-cortada\/#respond"]}]},{"@type":"Person","@id":"https:\/\/aenverdexpress.es\/#\/schema\/person\/7220664746e3c774cb3c4e5f81fc4ba0","name":"REDACCI\u00d3N AENVERDE","image":{"@type":"ImageObject","@id":"https:\/\/aenverdexpress.es\/#personlogo","inLanguage":"es","url":"https:\/\/secure.gravatar.com\/avatar\/82de37537a82ee30b014773728d8502cf11180bc1ea2f0a301ec70ebe59ea3e5?s=96&d=mm&r=g","contentUrl":"https:\/\/secure.gravatar.com\/avatar\/82de37537a82ee30b014773728d8502cf11180bc1ea2f0a301ec70ebe59ea3e5?s=96&d=mm&r=g","caption":"REDACCI\u00d3N AENVERDE"},"url":"https:\/\/aenverde-cp7041.wordpresstemporal.com\/aenverdexpress.es\/author\/damian\/"}]}},"builder_content":"","_links":{"self":[{"href":"https:\/\/aenverde-cp7041.wordpresstemporal.com\/aenverdexpress.es\/wp-json\/wp\/v2\/posts\/3911","targetHints":{"allow":["GET"]}}],"collection":[{"href":"https:\/\/aenverde-cp7041.wordpresstemporal.com\/aenverdexpress.es\/wp-json\/wp\/v2\/posts"}],"about":[{"href":"https:\/\/aenverde-cp7041.wordpresstemporal.com\/aenverdexpress.es\/wp-json\/wp\/v2\/types\/post"}],"author":[{"embeddable":true,"href":"https:\/\/aenverde-cp7041.wordpresstemporal.com\/aenverdexpress.es\/wp-json\/wp\/v2\/users\/2"}],"replies":[{"embeddable":true,"href":"https:\/\/aenverde-cp7041.wordpresstemporal.com\/aenverdexpress.es\/wp-json\/wp\/v2\/comments?post=3911"}],"version-history":[{"count":2,"href":"https:\/\/aenverde-cp7041.wordpresstemporal.com\/aenverdexpress.es\/wp-json\/wp\/v2\/posts\/3911\/revisions"}],"predecessor-version":[{"id":3914,"href":"https:\/\/aenverde-cp7041.wordpresstemporal.com\/aenverdexpress.es\/wp-json\/wp\/v2\/posts\/3911\/revisions\/3914"}],"wp:featuredmedia":[{"embeddable":true,"href":"https:\/\/aenverde-cp7041.wordpresstemporal.com\/aenverdexpress.es\/wp-json\/wp\/v2\/media\/3912"}],"wp:attachment":[{"href":"https:\/\/aenverde-cp7041.wordpresstemporal.com\/aenverdexpress.es\/wp-json\/wp\/v2\/media?parent=3911"}],"wp:term":[{"taxonomy":"category","embeddable":true,"href":"https:\/\/aenverde-cp7041.wordpresstemporal.com\/aenverdexpress.es\/wp-json\/wp\/v2\/categories?post=3911"},{"taxonomy":"post_tag","embeddable":true,"href":"https:\/\/aenverde-cp7041.wordpresstemporal.com\/aenverdexpress.es\/wp-json\/wp\/v2\/tags?post=3911"}],"curies":[{"name":"wp","href":"https:\/\/api.w.org\/{rel}","templated":true}]}}