{"id":4010,"date":"2022-11-11T08:32:06","date_gmt":"2022-11-11T08:32:06","guid":{"rendered":"https:\/\/aenverdexpress.es\/?p=4010"},"modified":"2022-11-11T08:32:07","modified_gmt":"2022-11-11T08:32:07","slug":"planas-la-digitalizacion-es-clave-para-el-sector-agroalimentario","status":"publish","type":"post","link":"https:\/\/aenverde-cp7041.wordpresstemporal.com\/aenverdexpress.es\/2022\/11\/11\/planas-la-digitalizacion-es-clave-para-el-sector-agroalimentario\/","title":{"rendered":"<strong>Planas:<\/strong>\u00a0la digitalizaci\u00f3n es clave para el\u00a0<em>sector agroalimentario<\/em>"},"content":{"rendered":"<!--themify_builder_content-->\n<div id=\"themify_builder_content-4010\" data-postid=\"4010\" class=\"themify_builder_content themify_builder_content-4010 themify_builder tf_clear\">\n    <\/div>\n<!--\/themify_builder_content-->\n\n\n<p class=\"wp-block-paragraph\"><strong>Luis Planas, ministro de Agricultura, Pesca y Alimentaci\u00f3n<\/strong>, ha inaugurado hoy el&nbsp;<a href=\"https:\/\/www.datagri.org\/\" target=\"_blank\" rel=\"noreferrer noopener\">V Foro Datagri<\/a>&nbsp;que se celebra hasta ma\u00f1ana viernes 11 de noviembre en El Ejido (Almer\u00eda) y ha aprovechado la ocasi\u00f3n para destacar que&nbsp;<strong>la aplicaci\u00f3n de las tecnolog\u00edas digitales resulta imprescindible para la competitividad econ\u00f3mica y medioambiental del sector agroalimentario<\/strong>. La transici\u00f3n digital se ha convertido en una palanca de crecimiento econ\u00f3mico y una herramienta para la recuperaci\u00f3n.<\/p>\n\n\n\n<p class=\"wp-block-paragraph\">El ministro ha asegurado que la innovaci\u00f3n y la digitalizaci\u00f3n son fundamentales para el desarrollo del sector agroalimentario, \u201cun sector que ya es puntero por la cantidad y calidad de sus producciones\u201d.<\/p>\n\n\n\n<p class=\"wp-block-paragraph\"><strong>M\u00e1s informaci\u00f3n <a href=\"https:\/\/www.aenverde.es\/el-ministro-luis-planas-cree-que-la-digitalizacion-es-clave-para-el-sector-agroalimentario\/\" target=\"_blank\" rel=\"noreferrer noopener\">aqu\u00ed<\/a>.<\/strong><\/p>","protected":false},"excerpt":{"rendered":"<p>Luis Planas, ministro de Agricultura, Pesca y Alimentaci\u00f3n, ha inaugurado hoy el&nbsp;V Foro Datagri&nbsp;que se celebra hasta ma\u00f1ana viernes 11 de noviembre en El Ejido (Almer\u00eda) y ha aprovechado la ocasi\u00f3n para destacar que&nbsp;la aplicaci\u00f3n de las tecnolog\u00edas digitales resulta imprescindible para la competitividad econ\u00f3mica y medioambiental del sector agroalimentario. La transici\u00f3n digital se ha [&hellip;]<\/p>\n","protected":false},"author":2,"featured_media":4011,"comment_status":"open","ping_status":"open","sticky":false,"template":"","format":"standard","meta":{"footnotes":""},"categories":[11],"tags":[358,165,314],"class_list":["post-4010","post","type-post","status-publish","format-standard","has-post-thumbnail","hentry","category-actualidad","tag-datagri","tag-digitalizacion","tag-luis-planas","has-post-title","has-post-date","has-post-category","has-post-tag","has-post-comment","has-post-author",""],"yoast_head":"<!-- This site is optimized with the Yoast SEO plugin v18.2 - https:\/\/yoast.com\/wordpress\/plugins\/seo\/ -->\n<title>Planas:\u00a0la digitalizaci\u00f3n es clave para el\u00a0sector agroalimentario - Aenverde Express<\/title>\n<meta name=\"robots\" content=\"index, follow, max-snippet:-1, max-image-preview:large, max-video-preview:-1\" \/>\n<link rel=\"canonical\" href=\"https:\/\/aenverde-cp7041.wordpresstemporal.com\/aenverdexpress.es\/2022\/11\/11\/planas-la-digitalizacion-es-clave-para-el-sector-agroalimentario\/\" \/>\n<meta property=\"og:locale\" content=\"es_ES\" \/>\n<meta property=\"og:type\" content=\"article\" \/>\n<meta property=\"og:title\" content=\"Planas:\u00a0la digitalizaci\u00f3n es clave para el\u00a0sector agroalimentario - Aenverde Express\" \/>\n<meta property=\"og:description\" content=\"Luis Planas, ministro de Agricultura, Pesca y Alimentaci\u00f3n, ha inaugurado hoy el&nbsp;V Foro Datagri&nbsp;que se celebra hasta ma\u00f1ana viernes 11 de noviembre en El Ejido (Almer\u00eda) y ha aprovechado la ocasi\u00f3n para destacar que&nbsp;la aplicaci\u00f3n de las tecnolog\u00edas digitales resulta imprescindible para la competitividad econ\u00f3mica y medioambiental del sector agroalimentario. La transici\u00f3n digital se ha [&hellip;]\" \/>\n<meta property=\"og:url\" content=\"https:\/\/aenverde-cp7041.wordpresstemporal.com\/aenverdexpress.es\/2022\/11\/11\/planas-la-digitalizacion-es-clave-para-el-sector-agroalimentario\/\" \/>\n<meta property=\"og:site_name\" content=\"Aenverde Express\" \/>\n<meta property=\"article:published_time\" content=\"2022-11-11T08:32:06+00:00\" \/>\n<meta property=\"article:modified_time\" content=\"2022-11-11T08:32:07+00:00\" \/>\n<meta property=\"og:image\" content=\"https:\/\/aenverde-cp7041.wordpresstemporal.com\/aenverdexpress.es\/wp-content\/uploads\/2022\/11\/Luis-Planas_Datagri-2022.jpg\" \/>\n\t<meta property=\"og:image:width\" content=\"1020\" \/>\n\t<meta property=\"og:image:height\" content=\"679\" \/>\n\t<meta property=\"og:image:type\" content=\"image\/jpeg\" \/>\n<meta name=\"twitter:card\" content=\"summary_large_image\" \/>\n<meta name=\"twitter:label1\" content=\"Escrito por\" \/>\n\t<meta name=\"twitter:data1\" content=\"REDACCI\u00d3N AENVERDE\" \/>\n\t<meta name=\"twitter:label2\" content=\"Tiempo de lectura\" \/>\n\t<meta name=\"twitter:data2\" content=\"1 minuto\" \/>\n<script type=\"application\/ld+json\" class=\"yoast-schema-graph\">{\"@context\":\"https:\/\/schema.org\",\"@graph\":[{\"@type\":\"Organization\",\"@id\":\"https:\/\/aenverdexpress.es\/#organization\",\"name\":\"AENVERDE\",\"url\":\"https:\/\/aenverdexpress.es\/\",\"sameAs\":[],\"logo\":{\"@type\":\"ImageObject\",\"@id\":\"https:\/\/aenverdexpress.es\/#logo\",\"inLanguage\":\"es\",\"url\":\"https:\/\/aenverdexpress.es\/wp-content\/uploads\/2021\/12\/A-EN-VERDE-LOGO-FONDO-1DB954-01-1024x1024-1.jpg\",\"contentUrl\":\"https:\/\/aenverdexpress.es\/wp-content\/uploads\/2021\/12\/A-EN-VERDE-LOGO-FONDO-1DB954-01-1024x1024-1.jpg\",\"width\":1024,\"height\":1024,\"caption\":\"AENVERDE\"},\"image\":{\"@id\":\"https:\/\/aenverdexpress.es\/#logo\"}},{\"@type\":\"WebSite\",\"@id\":\"https:\/\/aenverdexpress.es\/#website\",\"url\":\"https:\/\/aenverdexpress.es\/\",\"name\":\"Aenverde Express\",\"description\":\"\",\"publisher\":{\"@id\":\"https:\/\/aenverdexpress.es\/#organization\"},\"potentialAction\":[{\"@type\":\"SearchAction\",\"target\":{\"@type\":\"EntryPoint\",\"urlTemplate\":\"https:\/\/aenverdexpress.es\/?s={search_term_string}\"},\"query-input\":\"required name=search_term_string\"}],\"inLanguage\":\"es\"},{\"@type\":\"ImageObject\",\"@id\":\"https:\/\/aenverde-cp7041.wordpresstemporal.com\/aenverdexpress.es\/2022\/11\/11\/planas-la-digitalizacion-es-clave-para-el-sector-agroalimentario\/#primaryimage\",\"inLanguage\":\"es\",\"url\":\"https:\/\/aenverde-cp7041.wordpresstemporal.com\/aenverdexpress.es\/wp-content\/uploads\/2022\/11\/Luis-Planas_Datagri-2022.jpg\",\"contentUrl\":\"https:\/\/aenverde-cp7041.wordpresstemporal.com\/aenverdexpress.es\/wp-content\/uploads\/2022\/11\/Luis-Planas_Datagri-2022.jpg\",\"width\":1020,\"height\":679},{\"@type\":\"WebPage\",\"@id\":\"https:\/\/aenverde-cp7041.wordpresstemporal.com\/aenverdexpress.es\/2022\/11\/11\/planas-la-digitalizacion-es-clave-para-el-sector-agroalimentario\/#webpage\",\"url\":\"https:\/\/aenverde-cp7041.wordpresstemporal.com\/aenverdexpress.es\/2022\/11\/11\/planas-la-digitalizacion-es-clave-para-el-sector-agroalimentario\/\",\"name\":\"Planas:\u00a0la digitalizaci\u00f3n es clave para el\u00a0sector agroalimentario - Aenverde Express\",\"isPartOf\":{\"@id\":\"https:\/\/aenverdexpress.es\/#website\"},\"primaryImageOfPage\":{\"@id\":\"https:\/\/aenverde-cp7041.wordpresstemporal.com\/aenverdexpress.es\/2022\/11\/11\/planas-la-digitalizacion-es-clave-para-el-sector-agroalimentario\/#primaryimage\"},\"datePublished\":\"2022-11-11T08:32:06+00:00\",\"dateModified\":\"2022-11-11T08:32:07+00:00\",\"breadcrumb\":{\"@id\":\"https:\/\/aenverde-cp7041.wordpresstemporal.com\/aenverdexpress.es\/2022\/11\/11\/planas-la-digitalizacion-es-clave-para-el-sector-agroalimentario\/#breadcrumb\"},\"inLanguage\":\"es\",\"potentialAction\":[{\"@type\":\"ReadAction\",\"target\":[\"https:\/\/aenverde-cp7041.wordpresstemporal.com\/aenverdexpress.es\/2022\/11\/11\/planas-la-digitalizacion-es-clave-para-el-sector-agroalimentario\/\"]}]},{\"@type\":\"BreadcrumbList\",\"@id\":\"https:\/\/aenverde-cp7041.wordpresstemporal.com\/aenverdexpress.es\/2022\/11\/11\/planas-la-digitalizacion-es-clave-para-el-sector-agroalimentario\/#breadcrumb\",\"itemListElement\":[{\"@type\":\"ListItem\",\"position\":1,\"name\":\"Portada\",\"item\":\"https:\/\/aenverdexpress.es\/\"},{\"@type\":\"ListItem\",\"position\":2,\"name\":\"Planas:\u00a0la digitalizaci\u00f3n es clave para el\u00a0sector agroalimentario\"}]},{\"@type\":\"Article\",\"@id\":\"https:\/\/aenverde-cp7041.wordpresstemporal.com\/aenverdexpress.es\/2022\/11\/11\/planas-la-digitalizacion-es-clave-para-el-sector-agroalimentario\/#article\",\"isPartOf\":{\"@id\":\"https:\/\/aenverde-cp7041.wordpresstemporal.com\/aenverdexpress.es\/2022\/11\/11\/planas-la-digitalizacion-es-clave-para-el-sector-agroalimentario\/#webpage\"},\"author\":{\"@id\":\"https:\/\/aenverdexpress.es\/#\/schema\/person\/7220664746e3c774cb3c4e5f81fc4ba0\"},\"headline\":\"Planas:\u00a0la digitalizaci\u00f3n es clave para el\u00a0sector agroalimentario\",\"datePublished\":\"2022-11-11T08:32:06+00:00\",\"dateModified\":\"2022-11-11T08:32:07+00:00\",\"mainEntityOfPage\":{\"@id\":\"https:\/\/aenverde-cp7041.wordpresstemporal.com\/aenverdexpress.es\/2022\/11\/11\/planas-la-digitalizacion-es-clave-para-el-sector-agroalimentario\/#webpage\"},\"wordCount\":132,\"commentCount\":0,\"publisher\":{\"@id\":\"https:\/\/aenverdexpress.es\/#organization\"},\"image\":{\"@id\":\"https:\/\/aenverde-cp7041.wordpresstemporal.com\/aenverdexpress.es\/2022\/11\/11\/planas-la-digitalizacion-es-clave-para-el-sector-agroalimentario\/#primaryimage\"},\"thumbnailUrl\":\"https:\/\/aenverde-cp7041.wordpresstemporal.com\/aenverdexpress.es\/wp-content\/uploads\/2022\/11\/Luis-Planas_Datagri-2022.jpg\",\"keywords\":[\"Datagri\",\"digitalizaci\u00f3n\",\"Luis Planas\"],\"articleSection\":[\"Actualidad\"],\"inLanguage\":\"es\",\"potentialAction\":[{\"@type\":\"CommentAction\",\"name\":\"Comment\",\"target\":[\"https:\/\/aenverde-cp7041.wordpresstemporal.com\/aenverdexpress.es\/2022\/11\/11\/planas-la-digitalizacion-es-clave-para-el-sector-agroalimentario\/#respond\"]}]},{\"@type\":\"Person\",\"@id\":\"https:\/\/aenverdexpress.es\/#\/schema\/person\/7220664746e3c774cb3c4e5f81fc4ba0\",\"name\":\"REDACCI\u00d3N AENVERDE\",\"image\":{\"@type\":\"ImageObject\",\"@id\":\"https:\/\/aenverdexpress.es\/#personlogo\",\"inLanguage\":\"es\",\"url\":\"https:\/\/secure.gravatar.com\/avatar\/82de37537a82ee30b014773728d8502cf11180bc1ea2f0a301ec70ebe59ea3e5?s=96&d=mm&r=g\",\"contentUrl\":\"https:\/\/secure.gravatar.com\/avatar\/82de37537a82ee30b014773728d8502cf11180bc1ea2f0a301ec70ebe59ea3e5?s=96&d=mm&r=g\",\"caption\":\"REDACCI\u00d3N AENVERDE\"},\"url\":\"https:\/\/aenverde-cp7041.wordpresstemporal.com\/aenverdexpress.es\/author\/damian\/\"}]}<\/script>\n<!-- \/ Yoast SEO plugin. -->","yoast_head_json":{"title":"Planas:\u00a0la digitalizaci\u00f3n es clave para el\u00a0sector agroalimentario - Aenverde Express","robots":{"index":"index","follow":"follow","max-snippet":"max-snippet:-1","max-image-preview":"max-image-preview:large","max-video-preview":"max-video-preview:-1"},"canonical":"https:\/\/aenverde-cp7041.wordpresstemporal.com\/aenverdexpress.es\/2022\/11\/11\/planas-la-digitalizacion-es-clave-para-el-sector-agroalimentario\/","og_locale":"es_ES","og_type":"article","og_title":"Planas:\u00a0la digitalizaci\u00f3n es clave para el\u00a0sector agroalimentario - Aenverde Express","og_description":"Luis Planas, ministro de Agricultura, Pesca y Alimentaci\u00f3n, ha inaugurado hoy el&nbsp;V Foro Datagri&nbsp;que se celebra hasta ma\u00f1ana viernes 11 de noviembre en El Ejido (Almer\u00eda) y ha aprovechado la ocasi\u00f3n para destacar que&nbsp;la aplicaci\u00f3n de las tecnolog\u00edas digitales resulta imprescindible para la competitividad econ\u00f3mica y medioambiental del sector agroalimentario. La transici\u00f3n digital se ha [&hellip;]","og_url":"https:\/\/aenverde-cp7041.wordpresstemporal.com\/aenverdexpress.es\/2022\/11\/11\/planas-la-digitalizacion-es-clave-para-el-sector-agroalimentario\/","og_site_name":"Aenverde Express","article_published_time":"2022-11-11T08:32:06+00:00","article_modified_time":"2022-11-11T08:32:07+00:00","og_image":[{"width":1020,"height":679,"url":"https:\/\/aenverde-cp7041.wordpresstemporal.com\/aenverdexpress.es\/wp-content\/uploads\/2022\/11\/Luis-Planas_Datagri-2022.jpg","type":"image\/jpeg"}],"twitter_card":"summary_large_image","twitter_misc":{"Escrito por":"REDACCI\u00d3N AENVERDE","Tiempo de lectura":"1 minuto"},"schema":{"@context":"https:\/\/schema.org","@graph":[{"@type":"Organization","@id":"https:\/\/aenverdexpress.es\/#organization","name":"AENVERDE","url":"https:\/\/aenverdexpress.es\/","sameAs":[],"logo":{"@type":"ImageObject","@id":"https:\/\/aenverdexpress.es\/#logo","inLanguage":"es","url":"https:\/\/aenverdexpress.es\/wp-content\/uploads\/2021\/12\/A-EN-VERDE-LOGO-FONDO-1DB954-01-1024x1024-1.jpg","contentUrl":"https:\/\/aenverdexpress.es\/wp-content\/uploads\/2021\/12\/A-EN-VERDE-LOGO-FONDO-1DB954-01-1024x1024-1.jpg","width":1024,"height":1024,"caption":"AENVERDE"},"image":{"@id":"https:\/\/aenverdexpress.es\/#logo"}},{"@type":"WebSite","@id":"https:\/\/aenverdexpress.es\/#website","url":"https:\/\/aenverdexpress.es\/","name":"Aenverde Express","description":"","publisher":{"@id":"https:\/\/aenverdexpress.es\/#organization"},"potentialAction":[{"@type":"SearchAction","target":{"@type":"EntryPoint","urlTemplate":"https:\/\/aenverdexpress.es\/?s={search_term_string}"},"query-input":"required name=search_term_string"}],"inLanguage":"es"},{"@type":"ImageObject","@id":"https:\/\/aenverde-cp7041.wordpresstemporal.com\/aenverdexpress.es\/2022\/11\/11\/planas-la-digitalizacion-es-clave-para-el-sector-agroalimentario\/#primaryimage","inLanguage":"es","url":"https:\/\/aenverde-cp7041.wordpresstemporal.com\/aenverdexpress.es\/wp-content\/uploads\/2022\/11\/Luis-Planas_Datagri-2022.jpg","contentUrl":"https:\/\/aenverde-cp7041.wordpresstemporal.com\/aenverdexpress.es\/wp-content\/uploads\/2022\/11\/Luis-Planas_Datagri-2022.jpg","width":1020,"height":679},{"@type":"WebPage","@id":"https:\/\/aenverde-cp7041.wordpresstemporal.com\/aenverdexpress.es\/2022\/11\/11\/planas-la-digitalizacion-es-clave-para-el-sector-agroalimentario\/#webpage","url":"https:\/\/aenverde-cp7041.wordpresstemporal.com\/aenverdexpress.es\/2022\/11\/11\/planas-la-digitalizacion-es-clave-para-el-sector-agroalimentario\/","name":"Planas:\u00a0la digitalizaci\u00f3n es clave para el\u00a0sector agroalimentario - Aenverde Express","isPartOf":{"@id":"https:\/\/aenverdexpress.es\/#website"},"primaryImageOfPage":{"@id":"https:\/\/aenverde-cp7041.wordpresstemporal.com\/aenverdexpress.es\/2022\/11\/11\/planas-la-digitalizacion-es-clave-para-el-sector-agroalimentario\/#primaryimage"},"datePublished":"2022-11-11T08:32:06+00:00","dateModified":"2022-11-11T08:32:07+00:00","breadcrumb":{"@id":"https:\/\/aenverde-cp7041.wordpresstemporal.com\/aenverdexpress.es\/2022\/11\/11\/planas-la-digitalizacion-es-clave-para-el-sector-agroalimentario\/#breadcrumb"},"inLanguage":"es","potentialAction":[{"@type":"ReadAction","target":["https:\/\/aenverde-cp7041.wordpresstemporal.com\/aenverdexpress.es\/2022\/11\/11\/planas-la-digitalizacion-es-clave-para-el-sector-agroalimentario\/"]}]},{"@type":"BreadcrumbList","@id":"https:\/\/aenverde-cp7041.wordpresstemporal.com\/aenverdexpress.es\/2022\/11\/11\/planas-la-digitalizacion-es-clave-para-el-sector-agroalimentario\/#breadcrumb","itemListElement":[{"@type":"ListItem","position":1,"name":"Portada","item":"https:\/\/aenverdexpress.es\/"},{"@type":"ListItem","position":2,"name":"Planas:\u00a0la digitalizaci\u00f3n es clave para el\u00a0sector agroalimentario"}]},{"@type":"Article","@id":"https:\/\/aenverde-cp7041.wordpresstemporal.com\/aenverdexpress.es\/2022\/11\/11\/planas-la-digitalizacion-es-clave-para-el-sector-agroalimentario\/#article","isPartOf":{"@id":"https:\/\/aenverde-cp7041.wordpresstemporal.com\/aenverdexpress.es\/2022\/11\/11\/planas-la-digitalizacion-es-clave-para-el-sector-agroalimentario\/#webpage"},"author":{"@id":"https:\/\/aenverdexpress.es\/#\/schema\/person\/7220664746e3c774cb3c4e5f81fc4ba0"},"headline":"Planas:\u00a0la digitalizaci\u00f3n es clave para el\u00a0sector agroalimentario","datePublished":"2022-11-11T08:32:06+00:00","dateModified":"2022-11-11T08:32:07+00:00","mainEntityOfPage":{"@id":"https:\/\/aenverde-cp7041.wordpresstemporal.com\/aenverdexpress.es\/2022\/11\/11\/planas-la-digitalizacion-es-clave-para-el-sector-agroalimentario\/#webpage"},"wordCount":132,"commentCount":0,"publisher":{"@id":"https:\/\/aenverdexpress.es\/#organization"},"image":{"@id":"https:\/\/aenverde-cp7041.wordpresstemporal.com\/aenverdexpress.es\/2022\/11\/11\/planas-la-digitalizacion-es-clave-para-el-sector-agroalimentario\/#primaryimage"},"thumbnailUrl":"https:\/\/aenverde-cp7041.wordpresstemporal.com\/aenverdexpress.es\/wp-content\/uploads\/2022\/11\/Luis-Planas_Datagri-2022.jpg","keywords":["Datagri","digitalizaci\u00f3n","Luis Planas"],"articleSection":["Actualidad"],"inLanguage":"es","potentialAction":[{"@type":"CommentAction","name":"Comment","target":["https:\/\/aenverde-cp7041.wordpresstemporal.com\/aenverdexpress.es\/2022\/11\/11\/planas-la-digitalizacion-es-clave-para-el-sector-agroalimentario\/#respond"]}]},{"@type":"Person","@id":"https:\/\/aenverdexpress.es\/#\/schema\/person\/7220664746e3c774cb3c4e5f81fc4ba0","name":"REDACCI\u00d3N AENVERDE","image":{"@type":"ImageObject","@id":"https:\/\/aenverdexpress.es\/#personlogo","inLanguage":"es","url":"https:\/\/secure.gravatar.com\/avatar\/82de37537a82ee30b014773728d8502cf11180bc1ea2f0a301ec70ebe59ea3e5?s=96&d=mm&r=g","contentUrl":"https:\/\/secure.gravatar.com\/avatar\/82de37537a82ee30b014773728d8502cf11180bc1ea2f0a301ec70ebe59ea3e5?s=96&d=mm&r=g","caption":"REDACCI\u00d3N AENVERDE"},"url":"https:\/\/aenverde-cp7041.wordpresstemporal.com\/aenverdexpress.es\/author\/damian\/"}]}},"builder_content":"","_links":{"self":[{"href":"https:\/\/aenverde-cp7041.wordpresstemporal.com\/aenverdexpress.es\/wp-json\/wp\/v2\/posts\/4010","targetHints":{"allow":["GET"]}}],"collection":[{"href":"https:\/\/aenverde-cp7041.wordpresstemporal.com\/aenverdexpress.es\/wp-json\/wp\/v2\/posts"}],"about":[{"href":"https:\/\/aenverde-cp7041.wordpresstemporal.com\/aenverdexpress.es\/wp-json\/wp\/v2\/types\/post"}],"author":[{"embeddable":true,"href":"https:\/\/aenverde-cp7041.wordpresstemporal.com\/aenverdexpress.es\/wp-json\/wp\/v2\/users\/2"}],"replies":[{"embeddable":true,"href":"https:\/\/aenverde-cp7041.wordpresstemporal.com\/aenverdexpress.es\/wp-json\/wp\/v2\/comments?post=4010"}],"version-history":[{"count":2,"href":"https:\/\/aenverde-cp7041.wordpresstemporal.com\/aenverdexpress.es\/wp-json\/wp\/v2\/posts\/4010\/revisions"}],"predecessor-version":[{"id":4013,"href":"https:\/\/aenverde-cp7041.wordpresstemporal.com\/aenverdexpress.es\/wp-json\/wp\/v2\/posts\/4010\/revisions\/4013"}],"wp:featuredmedia":[{"embeddable":true,"href":"https:\/\/aenverde-cp7041.wordpresstemporal.com\/aenverdexpress.es\/wp-json\/wp\/v2\/media\/4011"}],"wp:attachment":[{"href":"https:\/\/aenverde-cp7041.wordpresstemporal.com\/aenverdexpress.es\/wp-json\/wp\/v2\/media?parent=4010"}],"wp:term":[{"taxonomy":"category","embeddable":true,"href":"https:\/\/aenverde-cp7041.wordpresstemporal.com\/aenverdexpress.es\/wp-json\/wp\/v2\/categories?post=4010"},{"taxonomy":"post_tag","embeddable":true,"href":"https:\/\/aenverde-cp7041.wordpresstemporal.com\/aenverdexpress.es\/wp-json\/wp\/v2\/tags?post=4010"}],"curies":[{"name":"wp","href":"https:\/\/api.w.org\/{rel}","templated":true}]}}