{"id":4072,"date":"2022-11-18T07:13:33","date_gmt":"2022-11-18T07:13:33","guid":{"rendered":"https:\/\/aenverdexpress.es\/?p=4072"},"modified":"2022-11-18T07:13:33","modified_gmt":"2022-11-18T07:13:33","slug":"la-doble-tarifa-electrica-para-el-regadio-supondria-un-20-de-ahorro-en-la-factura","status":"publish","type":"post","link":"https:\/\/aenverde-cp7041.wordpresstemporal.com\/aenverdexpress.es\/2022\/11\/18\/la-doble-tarifa-electrica-para-el-regadio-supondria-un-20-de-ahorro-en-la-factura\/","title":{"rendered":"La\u00a0<strong>doble tarifa el\u00e9ctrica<\/strong>\u00a0para el regad\u00edo supondr\u00eda un\u00a0<em>20% de ahorro en la factura<\/em>"},"content":{"rendered":"<!--themify_builder_content-->\n<div id=\"themify_builder_content-4072\" data-postid=\"4072\" class=\"themify_builder_content themify_builder_content-4072 themify_builder tf_clear\">\n    <\/div>\n<!--\/themify_builder_content-->\n\n\n<p class=\"wp-block-paragraph\">La Mesa de Interlocuci\u00f3n Agraria, formada por&nbsp;<a href=\"https:\/\/www.asaja.com\/\" target=\"_blank\" rel=\"noreferrer noopener\">Asaja<\/a>,&nbsp;<a href=\"http:\/\/www.coag.org\/\" target=\"_blank\" rel=\"noreferrer noopener\">COAG<\/a>,&nbsp;<a href=\"https:\/\/www.upa.es\/upa\/inicio\/\" target=\"_blank\" rel=\"noreferrer noopener\">UPA<\/a>&nbsp;y&nbsp;<a href=\"https:\/\/www.agro-alimentarias.coop\/inicio\" target=\"_blank\" rel=\"noreferrer noopener\">Cooperativas Agro-alimentarias<\/a>, y presidida por Carmen Crespo, consejera de Agricultura, Pesca, Agua y Desarrollo Rural,&nbsp;<strong>coincidieron ayer en se\u00f1alar la \u00abnecesidad urgente de la aplicaci\u00f3n, por parte del Estado, de la doble tarifa el\u00e9ctrica para el regad\u00edo<\/strong>, que supondr\u00eda un ahorro en la factura para el regante de un 20%\u00bb.&nbsp;<\/p>\n\n\n\n<p class=\"wp-block-paragraph\">Durante la reuni\u00f3n mantenida para analizar cuestiones que afectan a la situaci\u00f3n actual del sector, y en especial lo relacionado con los elevados costes de producci\u00f3n y nueva Pol\u00edtica Agraria Com\u00fan (PAC) y el Plan Estrat\u00e9gico Nacional, la consejera resalt\u00f3 que \u00ab<strong>el sector andaluz se est\u00e1 preparando para la entrada en vigor de la PAC para el per\u00edodo 2023-2027\u2033<\/strong>.<\/p>\n\n\n\n<p class=\"wp-block-paragraph\"><strong>M\u00e1s informaci\u00f3n <a href=\"https:\/\/www.aenverde.es\/la-doble-tarifa-electrica-para-el-regadio-supondria-un-20-de-ahorro-en-la-factura\/\" target=\"_blank\" rel=\"noreferrer noopener\">aqu\u00ed<\/a>.<\/strong><\/p>","protected":false},"excerpt":{"rendered":"<p>La Mesa de Interlocuci\u00f3n Agraria, formada por&nbsp;Asaja,&nbsp;COAG,&nbsp;UPA&nbsp;y&nbsp;Cooperativas Agro-alimentarias, y presidida por Carmen Crespo, consejera de Agricultura, Pesca, Agua y Desarrollo Rural,&nbsp;coincidieron ayer en se\u00f1alar la \u00abnecesidad urgente de la aplicaci\u00f3n, por parte del Estado, de la doble tarifa el\u00e9ctrica para el regad\u00edo, que supondr\u00eda un ahorro en la factura para el regante de un 20%\u00bb.&nbsp; [&hellip;]<\/p>\n","protected":false},"author":2,"featured_media":4073,"comment_status":"open","ping_status":"open","sticky":false,"template":"","format":"standard","meta":{"footnotes":""},"categories":[11],"tags":[187,322],"class_list":["post-4072","post","type-post","status-publish","format-standard","has-post-thumbnail","hentry","category-actualidad","tag-costes","tag-energia","has-post-title","has-post-date","has-post-category","has-post-tag","has-post-comment","has-post-author",""],"yoast_head":"<!-- This site is optimized with the Yoast SEO plugin v18.2 - https:\/\/yoast.com\/wordpress\/plugins\/seo\/ -->\n<title>La\u00a0doble tarifa el\u00e9ctrica\u00a0para el regad\u00edo supondr\u00eda un\u00a020% de ahorro en la factura - Aenverde Express<\/title>\n<meta name=\"robots\" content=\"index, follow, max-snippet:-1, max-image-preview:large, max-video-preview:-1\" \/>\n<link rel=\"canonical\" href=\"https:\/\/aenverde-cp7041.wordpresstemporal.com\/aenverdexpress.es\/2022\/11\/18\/la-doble-tarifa-electrica-para-el-regadio-supondria-un-20-de-ahorro-en-la-factura\/\" \/>\n<meta property=\"og:locale\" content=\"es_ES\" \/>\n<meta property=\"og:type\" content=\"article\" \/>\n<meta property=\"og:title\" content=\"La\u00a0doble tarifa el\u00e9ctrica\u00a0para el regad\u00edo supondr\u00eda un\u00a020% de ahorro en la factura - Aenverde Express\" \/>\n<meta property=\"og:description\" content=\"La Mesa de Interlocuci\u00f3n Agraria, formada por&nbsp;Asaja,&nbsp;COAG,&nbsp;UPA&nbsp;y&nbsp;Cooperativas Agro-alimentarias, y presidida por Carmen Crespo, consejera de Agricultura, Pesca, Agua y Desarrollo Rural,&nbsp;coincidieron ayer en se\u00f1alar la \u00abnecesidad urgente de la aplicaci\u00f3n, por parte del Estado, de la doble tarifa el\u00e9ctrica para el regad\u00edo, que supondr\u00eda un ahorro en la factura para el regante de un 20%\u00bb.&nbsp; [&hellip;]\" \/>\n<meta property=\"og:url\" content=\"https:\/\/aenverde-cp7041.wordpresstemporal.com\/aenverdexpress.es\/2022\/11\/18\/la-doble-tarifa-electrica-para-el-regadio-supondria-un-20-de-ahorro-en-la-factura\/\" \/>\n<meta property=\"og:site_name\" content=\"Aenverde Express\" \/>\n<meta property=\"article:published_time\" content=\"2022-11-18T07:13:33+00:00\" \/>\n<meta property=\"og:image\" content=\"https:\/\/aenverde-cp7041.wordpresstemporal.com\/aenverdexpress.es\/wp-content\/uploads\/2022\/11\/Mesa-interlocucion-Agricultura.jpg\" \/>\n\t<meta property=\"og:image:width\" content=\"1020\" \/>\n\t<meta property=\"og:image:height\" content=\"624\" \/>\n\t<meta property=\"og:image:type\" content=\"image\/jpeg\" \/>\n<meta name=\"twitter:card\" content=\"summary_large_image\" \/>\n<meta name=\"twitter:label1\" content=\"Escrito por\" \/>\n\t<meta name=\"twitter:data1\" content=\"REDACCI\u00d3N AENVERDE\" \/>\n\t<meta name=\"twitter:label2\" content=\"Tiempo de lectura\" \/>\n\t<meta name=\"twitter:data2\" content=\"1 minuto\" \/>\n<script type=\"application\/ld+json\" class=\"yoast-schema-graph\">{\"@context\":\"https:\/\/schema.org\",\"@graph\":[{\"@type\":\"Organization\",\"@id\":\"https:\/\/aenverdexpress.es\/#organization\",\"name\":\"AENVERDE\",\"url\":\"https:\/\/aenverdexpress.es\/\",\"sameAs\":[],\"logo\":{\"@type\":\"ImageObject\",\"@id\":\"https:\/\/aenverdexpress.es\/#logo\",\"inLanguage\":\"es\",\"url\":\"https:\/\/aenverdexpress.es\/wp-content\/uploads\/2021\/12\/A-EN-VERDE-LOGO-FONDO-1DB954-01-1024x1024-1.jpg\",\"contentUrl\":\"https:\/\/aenverdexpress.es\/wp-content\/uploads\/2021\/12\/A-EN-VERDE-LOGO-FONDO-1DB954-01-1024x1024-1.jpg\",\"width\":1024,\"height\":1024,\"caption\":\"AENVERDE\"},\"image\":{\"@id\":\"https:\/\/aenverdexpress.es\/#logo\"}},{\"@type\":\"WebSite\",\"@id\":\"https:\/\/aenverdexpress.es\/#website\",\"url\":\"https:\/\/aenverdexpress.es\/\",\"name\":\"Aenverde Express\",\"description\":\"\",\"publisher\":{\"@id\":\"https:\/\/aenverdexpress.es\/#organization\"},\"potentialAction\":[{\"@type\":\"SearchAction\",\"target\":{\"@type\":\"EntryPoint\",\"urlTemplate\":\"https:\/\/aenverdexpress.es\/?s={search_term_string}\"},\"query-input\":\"required name=search_term_string\"}],\"inLanguage\":\"es\"},{\"@type\":\"ImageObject\",\"@id\":\"https:\/\/aenverde-cp7041.wordpresstemporal.com\/aenverdexpress.es\/2022\/11\/18\/la-doble-tarifa-electrica-para-el-regadio-supondria-un-20-de-ahorro-en-la-factura\/#primaryimage\",\"inLanguage\":\"es\",\"url\":\"https:\/\/aenverde-cp7041.wordpresstemporal.com\/aenverdexpress.es\/wp-content\/uploads\/2022\/11\/Mesa-interlocucion-Agricultura.jpg\",\"contentUrl\":\"https:\/\/aenverde-cp7041.wordpresstemporal.com\/aenverdexpress.es\/wp-content\/uploads\/2022\/11\/Mesa-interlocucion-Agricultura.jpg\",\"width\":1020,\"height\":624},{\"@type\":\"WebPage\",\"@id\":\"https:\/\/aenverde-cp7041.wordpresstemporal.com\/aenverdexpress.es\/2022\/11\/18\/la-doble-tarifa-electrica-para-el-regadio-supondria-un-20-de-ahorro-en-la-factura\/#webpage\",\"url\":\"https:\/\/aenverde-cp7041.wordpresstemporal.com\/aenverdexpress.es\/2022\/11\/18\/la-doble-tarifa-electrica-para-el-regadio-supondria-un-20-de-ahorro-en-la-factura\/\",\"name\":\"La\u00a0doble tarifa el\u00e9ctrica\u00a0para el regad\u00edo supondr\u00eda un\u00a020% de ahorro en la factura - Aenverde Express\",\"isPartOf\":{\"@id\":\"https:\/\/aenverdexpress.es\/#website\"},\"primaryImageOfPage\":{\"@id\":\"https:\/\/aenverde-cp7041.wordpresstemporal.com\/aenverdexpress.es\/2022\/11\/18\/la-doble-tarifa-electrica-para-el-regadio-supondria-un-20-de-ahorro-en-la-factura\/#primaryimage\"},\"datePublished\":\"2022-11-18T07:13:33+00:00\",\"dateModified\":\"2022-11-18T07:13:33+00:00\",\"breadcrumb\":{\"@id\":\"https:\/\/aenverde-cp7041.wordpresstemporal.com\/aenverdexpress.es\/2022\/11\/18\/la-doble-tarifa-electrica-para-el-regadio-supondria-un-20-de-ahorro-en-la-factura\/#breadcrumb\"},\"inLanguage\":\"es\",\"potentialAction\":[{\"@type\":\"ReadAction\",\"target\":[\"https:\/\/aenverde-cp7041.wordpresstemporal.com\/aenverdexpress.es\/2022\/11\/18\/la-doble-tarifa-electrica-para-el-regadio-supondria-un-20-de-ahorro-en-la-factura\/\"]}]},{\"@type\":\"BreadcrumbList\",\"@id\":\"https:\/\/aenverde-cp7041.wordpresstemporal.com\/aenverdexpress.es\/2022\/11\/18\/la-doble-tarifa-electrica-para-el-regadio-supondria-un-20-de-ahorro-en-la-factura\/#breadcrumb\",\"itemListElement\":[{\"@type\":\"ListItem\",\"position\":1,\"name\":\"Portada\",\"item\":\"https:\/\/aenverdexpress.es\/\"},{\"@type\":\"ListItem\",\"position\":2,\"name\":\"La\u00a0doble tarifa el\u00e9ctrica\u00a0para el regad\u00edo supondr\u00eda un\u00a020% de ahorro en la factura\"}]},{\"@type\":\"Article\",\"@id\":\"https:\/\/aenverde-cp7041.wordpresstemporal.com\/aenverdexpress.es\/2022\/11\/18\/la-doble-tarifa-electrica-para-el-regadio-supondria-un-20-de-ahorro-en-la-factura\/#article\",\"isPartOf\":{\"@id\":\"https:\/\/aenverde-cp7041.wordpresstemporal.com\/aenverdexpress.es\/2022\/11\/18\/la-doble-tarifa-electrica-para-el-regadio-supondria-un-20-de-ahorro-en-la-factura\/#webpage\"},\"author\":{\"@id\":\"https:\/\/aenverdexpress.es\/#\/schema\/person\/7220664746e3c774cb3c4e5f81fc4ba0\"},\"headline\":\"La\u00a0doble tarifa el\u00e9ctrica\u00a0para el regad\u00edo supondr\u00eda un\u00a020% de ahorro en la factura\",\"datePublished\":\"2022-11-18T07:13:33+00:00\",\"dateModified\":\"2022-11-18T07:13:33+00:00\",\"mainEntityOfPage\":{\"@id\":\"https:\/\/aenverde-cp7041.wordpresstemporal.com\/aenverdexpress.es\/2022\/11\/18\/la-doble-tarifa-electrica-para-el-regadio-supondria-un-20-de-ahorro-en-la-factura\/#webpage\"},\"wordCount\":161,\"commentCount\":0,\"publisher\":{\"@id\":\"https:\/\/aenverdexpress.es\/#organization\"},\"image\":{\"@id\":\"https:\/\/aenverde-cp7041.wordpresstemporal.com\/aenverdexpress.es\/2022\/11\/18\/la-doble-tarifa-electrica-para-el-regadio-supondria-un-20-de-ahorro-en-la-factura\/#primaryimage\"},\"thumbnailUrl\":\"https:\/\/aenverde-cp7041.wordpresstemporal.com\/aenverdexpress.es\/wp-content\/uploads\/2022\/11\/Mesa-interlocucion-Agricultura.jpg\",\"keywords\":[\"costes\",\"energ\u00eda\"],\"articleSection\":[\"Actualidad\"],\"inLanguage\":\"es\",\"potentialAction\":[{\"@type\":\"CommentAction\",\"name\":\"Comment\",\"target\":[\"https:\/\/aenverde-cp7041.wordpresstemporal.com\/aenverdexpress.es\/2022\/11\/18\/la-doble-tarifa-electrica-para-el-regadio-supondria-un-20-de-ahorro-en-la-factura\/#respond\"]}]},{\"@type\":\"Person\",\"@id\":\"https:\/\/aenverdexpress.es\/#\/schema\/person\/7220664746e3c774cb3c4e5f81fc4ba0\",\"name\":\"REDACCI\u00d3N AENVERDE\",\"image\":{\"@type\":\"ImageObject\",\"@id\":\"https:\/\/aenverdexpress.es\/#personlogo\",\"inLanguage\":\"es\",\"url\":\"https:\/\/secure.gravatar.com\/avatar\/82de37537a82ee30b014773728d8502cf11180bc1ea2f0a301ec70ebe59ea3e5?s=96&d=mm&r=g\",\"contentUrl\":\"https:\/\/secure.gravatar.com\/avatar\/82de37537a82ee30b014773728d8502cf11180bc1ea2f0a301ec70ebe59ea3e5?s=96&d=mm&r=g\",\"caption\":\"REDACCI\u00d3N AENVERDE\"},\"url\":\"https:\/\/aenverde-cp7041.wordpresstemporal.com\/aenverdexpress.es\/author\/damian\/\"}]}<\/script>\n<!-- \/ Yoast SEO plugin. -->","yoast_head_json":{"title":"La\u00a0doble tarifa el\u00e9ctrica\u00a0para el regad\u00edo supondr\u00eda un\u00a020% de ahorro en la factura - Aenverde Express","robots":{"index":"index","follow":"follow","max-snippet":"max-snippet:-1","max-image-preview":"max-image-preview:large","max-video-preview":"max-video-preview:-1"},"canonical":"https:\/\/aenverde-cp7041.wordpresstemporal.com\/aenverdexpress.es\/2022\/11\/18\/la-doble-tarifa-electrica-para-el-regadio-supondria-un-20-de-ahorro-en-la-factura\/","og_locale":"es_ES","og_type":"article","og_title":"La\u00a0doble tarifa el\u00e9ctrica\u00a0para el regad\u00edo supondr\u00eda un\u00a020% de ahorro en la factura - Aenverde Express","og_description":"La Mesa de Interlocuci\u00f3n Agraria, formada por&nbsp;Asaja,&nbsp;COAG,&nbsp;UPA&nbsp;y&nbsp;Cooperativas Agro-alimentarias, y presidida por Carmen Crespo, consejera de Agricultura, Pesca, Agua y Desarrollo Rural,&nbsp;coincidieron ayer en se\u00f1alar la \u00abnecesidad urgente de la aplicaci\u00f3n, por parte del Estado, de la doble tarifa el\u00e9ctrica para el regad\u00edo, que supondr\u00eda un ahorro en la factura para el regante de un 20%\u00bb.&nbsp; [&hellip;]","og_url":"https:\/\/aenverde-cp7041.wordpresstemporal.com\/aenverdexpress.es\/2022\/11\/18\/la-doble-tarifa-electrica-para-el-regadio-supondria-un-20-de-ahorro-en-la-factura\/","og_site_name":"Aenverde Express","article_published_time":"2022-11-18T07:13:33+00:00","og_image":[{"width":1020,"height":624,"url":"https:\/\/aenverde-cp7041.wordpresstemporal.com\/aenverdexpress.es\/wp-content\/uploads\/2022\/11\/Mesa-interlocucion-Agricultura.jpg","type":"image\/jpeg"}],"twitter_card":"summary_large_image","twitter_misc":{"Escrito por":"REDACCI\u00d3N AENVERDE","Tiempo de lectura":"1 minuto"},"schema":{"@context":"https:\/\/schema.org","@graph":[{"@type":"Organization","@id":"https:\/\/aenverdexpress.es\/#organization","name":"AENVERDE","url":"https:\/\/aenverdexpress.es\/","sameAs":[],"logo":{"@type":"ImageObject","@id":"https:\/\/aenverdexpress.es\/#logo","inLanguage":"es","url":"https:\/\/aenverdexpress.es\/wp-content\/uploads\/2021\/12\/A-EN-VERDE-LOGO-FONDO-1DB954-01-1024x1024-1.jpg","contentUrl":"https:\/\/aenverdexpress.es\/wp-content\/uploads\/2021\/12\/A-EN-VERDE-LOGO-FONDO-1DB954-01-1024x1024-1.jpg","width":1024,"height":1024,"caption":"AENVERDE"},"image":{"@id":"https:\/\/aenverdexpress.es\/#logo"}},{"@type":"WebSite","@id":"https:\/\/aenverdexpress.es\/#website","url":"https:\/\/aenverdexpress.es\/","name":"Aenverde Express","description":"","publisher":{"@id":"https:\/\/aenverdexpress.es\/#organization"},"potentialAction":[{"@type":"SearchAction","target":{"@type":"EntryPoint","urlTemplate":"https:\/\/aenverdexpress.es\/?s={search_term_string}"},"query-input":"required name=search_term_string"}],"inLanguage":"es"},{"@type":"ImageObject","@id":"https:\/\/aenverde-cp7041.wordpresstemporal.com\/aenverdexpress.es\/2022\/11\/18\/la-doble-tarifa-electrica-para-el-regadio-supondria-un-20-de-ahorro-en-la-factura\/#primaryimage","inLanguage":"es","url":"https:\/\/aenverde-cp7041.wordpresstemporal.com\/aenverdexpress.es\/wp-content\/uploads\/2022\/11\/Mesa-interlocucion-Agricultura.jpg","contentUrl":"https:\/\/aenverde-cp7041.wordpresstemporal.com\/aenverdexpress.es\/wp-content\/uploads\/2022\/11\/Mesa-interlocucion-Agricultura.jpg","width":1020,"height":624},{"@type":"WebPage","@id":"https:\/\/aenverde-cp7041.wordpresstemporal.com\/aenverdexpress.es\/2022\/11\/18\/la-doble-tarifa-electrica-para-el-regadio-supondria-un-20-de-ahorro-en-la-factura\/#webpage","url":"https:\/\/aenverde-cp7041.wordpresstemporal.com\/aenverdexpress.es\/2022\/11\/18\/la-doble-tarifa-electrica-para-el-regadio-supondria-un-20-de-ahorro-en-la-factura\/","name":"La\u00a0doble tarifa el\u00e9ctrica\u00a0para el regad\u00edo supondr\u00eda un\u00a020% de ahorro en la factura - Aenverde Express","isPartOf":{"@id":"https:\/\/aenverdexpress.es\/#website"},"primaryImageOfPage":{"@id":"https:\/\/aenverde-cp7041.wordpresstemporal.com\/aenverdexpress.es\/2022\/11\/18\/la-doble-tarifa-electrica-para-el-regadio-supondria-un-20-de-ahorro-en-la-factura\/#primaryimage"},"datePublished":"2022-11-18T07:13:33+00:00","dateModified":"2022-11-18T07:13:33+00:00","breadcrumb":{"@id":"https:\/\/aenverde-cp7041.wordpresstemporal.com\/aenverdexpress.es\/2022\/11\/18\/la-doble-tarifa-electrica-para-el-regadio-supondria-un-20-de-ahorro-en-la-factura\/#breadcrumb"},"inLanguage":"es","potentialAction":[{"@type":"ReadAction","target":["https:\/\/aenverde-cp7041.wordpresstemporal.com\/aenverdexpress.es\/2022\/11\/18\/la-doble-tarifa-electrica-para-el-regadio-supondria-un-20-de-ahorro-en-la-factura\/"]}]},{"@type":"BreadcrumbList","@id":"https:\/\/aenverde-cp7041.wordpresstemporal.com\/aenverdexpress.es\/2022\/11\/18\/la-doble-tarifa-electrica-para-el-regadio-supondria-un-20-de-ahorro-en-la-factura\/#breadcrumb","itemListElement":[{"@type":"ListItem","position":1,"name":"Portada","item":"https:\/\/aenverdexpress.es\/"},{"@type":"ListItem","position":2,"name":"La\u00a0doble tarifa el\u00e9ctrica\u00a0para el regad\u00edo supondr\u00eda un\u00a020% de ahorro en la factura"}]},{"@type":"Article","@id":"https:\/\/aenverde-cp7041.wordpresstemporal.com\/aenverdexpress.es\/2022\/11\/18\/la-doble-tarifa-electrica-para-el-regadio-supondria-un-20-de-ahorro-en-la-factura\/#article","isPartOf":{"@id":"https:\/\/aenverde-cp7041.wordpresstemporal.com\/aenverdexpress.es\/2022\/11\/18\/la-doble-tarifa-electrica-para-el-regadio-supondria-un-20-de-ahorro-en-la-factura\/#webpage"},"author":{"@id":"https:\/\/aenverdexpress.es\/#\/schema\/person\/7220664746e3c774cb3c4e5f81fc4ba0"},"headline":"La\u00a0doble tarifa el\u00e9ctrica\u00a0para el regad\u00edo supondr\u00eda un\u00a020% de ahorro en la factura","datePublished":"2022-11-18T07:13:33+00:00","dateModified":"2022-11-18T07:13:33+00:00","mainEntityOfPage":{"@id":"https:\/\/aenverde-cp7041.wordpresstemporal.com\/aenverdexpress.es\/2022\/11\/18\/la-doble-tarifa-electrica-para-el-regadio-supondria-un-20-de-ahorro-en-la-factura\/#webpage"},"wordCount":161,"commentCount":0,"publisher":{"@id":"https:\/\/aenverdexpress.es\/#organization"},"image":{"@id":"https:\/\/aenverde-cp7041.wordpresstemporal.com\/aenverdexpress.es\/2022\/11\/18\/la-doble-tarifa-electrica-para-el-regadio-supondria-un-20-de-ahorro-en-la-factura\/#primaryimage"},"thumbnailUrl":"https:\/\/aenverde-cp7041.wordpresstemporal.com\/aenverdexpress.es\/wp-content\/uploads\/2022\/11\/Mesa-interlocucion-Agricultura.jpg","keywords":["costes","energ\u00eda"],"articleSection":["Actualidad"],"inLanguage":"es","potentialAction":[{"@type":"CommentAction","name":"Comment","target":["https:\/\/aenverde-cp7041.wordpresstemporal.com\/aenverdexpress.es\/2022\/11\/18\/la-doble-tarifa-electrica-para-el-regadio-supondria-un-20-de-ahorro-en-la-factura\/#respond"]}]},{"@type":"Person","@id":"https:\/\/aenverdexpress.es\/#\/schema\/person\/7220664746e3c774cb3c4e5f81fc4ba0","name":"REDACCI\u00d3N AENVERDE","image":{"@type":"ImageObject","@id":"https:\/\/aenverdexpress.es\/#personlogo","inLanguage":"es","url":"https:\/\/secure.gravatar.com\/avatar\/82de37537a82ee30b014773728d8502cf11180bc1ea2f0a301ec70ebe59ea3e5?s=96&d=mm&r=g","contentUrl":"https:\/\/secure.gravatar.com\/avatar\/82de37537a82ee30b014773728d8502cf11180bc1ea2f0a301ec70ebe59ea3e5?s=96&d=mm&r=g","caption":"REDACCI\u00d3N AENVERDE"},"url":"https:\/\/aenverde-cp7041.wordpresstemporal.com\/aenverdexpress.es\/author\/damian\/"}]}},"builder_content":"","_links":{"self":[{"href":"https:\/\/aenverde-cp7041.wordpresstemporal.com\/aenverdexpress.es\/wp-json\/wp\/v2\/posts\/4072","targetHints":{"allow":["GET"]}}],"collection":[{"href":"https:\/\/aenverde-cp7041.wordpresstemporal.com\/aenverdexpress.es\/wp-json\/wp\/v2\/posts"}],"about":[{"href":"https:\/\/aenverde-cp7041.wordpresstemporal.com\/aenverdexpress.es\/wp-json\/wp\/v2\/types\/post"}],"author":[{"embeddable":true,"href":"https:\/\/aenverde-cp7041.wordpresstemporal.com\/aenverdexpress.es\/wp-json\/wp\/v2\/users\/2"}],"replies":[{"embeddable":true,"href":"https:\/\/aenverde-cp7041.wordpresstemporal.com\/aenverdexpress.es\/wp-json\/wp\/v2\/comments?post=4072"}],"version-history":[{"count":2,"href":"https:\/\/aenverde-cp7041.wordpresstemporal.com\/aenverdexpress.es\/wp-json\/wp\/v2\/posts\/4072\/revisions"}],"predecessor-version":[{"id":4075,"href":"https:\/\/aenverde-cp7041.wordpresstemporal.com\/aenverdexpress.es\/wp-json\/wp\/v2\/posts\/4072\/revisions\/4075"}],"wp:featuredmedia":[{"embeddable":true,"href":"https:\/\/aenverde-cp7041.wordpresstemporal.com\/aenverdexpress.es\/wp-json\/wp\/v2\/media\/4073"}],"wp:attachment":[{"href":"https:\/\/aenverde-cp7041.wordpresstemporal.com\/aenverdexpress.es\/wp-json\/wp\/v2\/media?parent=4072"}],"wp:term":[{"taxonomy":"category","embeddable":true,"href":"https:\/\/aenverde-cp7041.wordpresstemporal.com\/aenverdexpress.es\/wp-json\/wp\/v2\/categories?post=4072"},{"taxonomy":"post_tag","embeddable":true,"href":"https:\/\/aenverde-cp7041.wordpresstemporal.com\/aenverdexpress.es\/wp-json\/wp\/v2\/tags?post=4072"}],"curies":[{"name":"wp","href":"https:\/\/api.w.org\/{rel}","templated":true}]}}