{"id":4113,"date":"2022-11-24T07:27:53","date_gmt":"2022-11-24T07:27:53","guid":{"rendered":"https:\/\/aenverdexpress.es\/?p=4113"},"modified":"2022-11-24T07:27:54","modified_gmt":"2022-11-24T07:27:54","slug":"almeria-es-la-primera-productora-de-flor-de-pascua-de-espana","status":"publish","type":"post","link":"https:\/\/aenverde-cp7041.wordpresstemporal.com\/aenverdexpress.es\/2022\/11\/24\/almeria-es-la-primera-productora-de-flor-de-pascua-de-espana\/","title":{"rendered":"<strong>Almer\u00eda<\/strong>\u00a0es la primera productora de\u00a0<em>Flor de Pascua<\/em>\u00a0de Espa\u00f1a"},"content":{"rendered":"<!--themify_builder_content-->\n<div id=\"themify_builder_content-4113\" data-postid=\"4113\" class=\"themify_builder_content themify_builder_content-4113 themify_builder tf_clear\">\n    <\/div>\n<!--\/themify_builder_content-->\n\n\n<p class=\"wp-block-paragraph\"><strong>La poinsettia, m\u00e1s conocida como Flor de Pascua, es un imprescindible en la decoraci\u00f3n navide\u00f1a de muchos hogares espa\u00f1oles.<\/strong>&nbsp;La provincia de Almer\u00eda ha triplicado su producci\u00f3n de esta planta&nbsp;<strong>en la \u00faltima d\u00e9cada al alcanzar los 3,5 millones, lo que supone el 33% del total nacional, y la coloca en el foco de atenci\u00f3n en esta \u00e9poca del a\u00f1o,<\/strong>&nbsp;\u201cya que es la primera productora de Espa\u00f1a\u201d, seg\u00fan informa&nbsp;<strong>Francisco Rubio, responsable de la secci\u00f3n de Ornamental de la Asociaci\u00f3n de Organizaciones de Productores de Frutas y Hortalizas de Almer\u00eda,&nbsp;<a href=\"https:\/\/www.coexphal.es\/\" target=\"_blank\" rel=\"noreferrer noopener\">COEXPHAL<\/a>.<\/strong><\/p>\n\n\n\n<p class=\"wp-block-paragraph\"><strong>Este dato es posible gracias a que \u201clas condiciones climatol\u00f3gicas son bastantes favorables para el cultivo y adem\u00e1s cubre una \u00e9poca del a\u00f1o donde podemos elaborar una planta de calidad\u201d<\/strong>.<\/p>\n\n\n\n<p class=\"wp-block-paragraph\"><strong>M\u00e1s informaci\u00f3n <a href=\"https:\/\/www.aenverde.es\/almeria-es-la-primera-productora-de-flor-de-pascua-de-espana\/\" target=\"_blank\" rel=\"noreferrer noopener\">aqu\u00ed<\/a>.<\/strong><\/p>","protected":false},"excerpt":{"rendered":"<p>La poinsettia, m\u00e1s conocida como Flor de Pascua, es un imprescindible en la decoraci\u00f3n navide\u00f1a de muchos hogares espa\u00f1oles.&nbsp;La provincia de Almer\u00eda ha triplicado su producci\u00f3n de esta planta&nbsp;en la \u00faltima d\u00e9cada al alcanzar los 3,5 millones, lo que supone el 33% del total nacional, y la coloca en el foco de atenci\u00f3n en esta [&hellip;]<\/p>\n","protected":false},"author":2,"featured_media":4114,"comment_status":"open","ping_status":"open","sticky":false,"template":"","format":"standard","meta":{"footnotes":""},"categories":[11],"tags":[62,264,263],"class_list":["post-4113","post","type-post","status-publish","format-standard","has-post-thumbnail","hentry","category-actualidad","tag-almeria","tag-flor-de-pascua","tag-poinsettia","has-post-title","has-post-date","has-post-category","has-post-tag","has-post-comment","has-post-author",""],"yoast_head":"<!-- This site is optimized with the Yoast SEO plugin v18.2 - https:\/\/yoast.com\/wordpress\/plugins\/seo\/ -->\n<title>Almer\u00eda\u00a0es la primera productora de\u00a0Flor de Pascua\u00a0de Espa\u00f1a - Aenverde Express<\/title>\n<meta name=\"robots\" content=\"index, follow, max-snippet:-1, max-image-preview:large, max-video-preview:-1\" \/>\n<link rel=\"canonical\" href=\"https:\/\/aenverdexpress.es\/2022\/11\/24\/almeria-es-la-primera-productora-de-flor-de-pascua-de-espana\/\" \/>\n<meta property=\"og:locale\" content=\"es_ES\" \/>\n<meta property=\"og:type\" content=\"article\" \/>\n<meta property=\"og:title\" content=\"Almer\u00eda\u00a0es la primera productora de\u00a0Flor de Pascua\u00a0de Espa\u00f1a - Aenverde Express\" \/>\n<meta property=\"og:description\" content=\"La poinsettia, m\u00e1s conocida como Flor de Pascua, es un imprescindible en la decoraci\u00f3n navide\u00f1a de muchos hogares espa\u00f1oles.&nbsp;La provincia de Almer\u00eda ha triplicado su producci\u00f3n de esta planta&nbsp;en la \u00faltima d\u00e9cada al alcanzar los 3,5 millones, lo que supone el 33% del total nacional, y la coloca en el foco de atenci\u00f3n en esta [&hellip;]\" \/>\n<meta property=\"og:url\" content=\"https:\/\/aenverdexpress.es\/2022\/11\/24\/almeria-es-la-primera-productora-de-flor-de-pascua-de-espana\/\" \/>\n<meta property=\"og:site_name\" content=\"Aenverde Express\" \/>\n<meta property=\"article:published_time\" content=\"2022-11-24T07:27:53+00:00\" \/>\n<meta property=\"article:modified_time\" content=\"2022-11-24T07:27:54+00:00\" \/>\n<meta property=\"og:image\" content=\"https:\/\/aenverdexpress.es\/wp-content\/uploads\/2022\/11\/flor-de-pascua-ok.jpg\" \/>\n\t<meta property=\"og:image:width\" content=\"1020\" \/>\n\t<meta property=\"og:image:height\" content=\"604\" \/>\n\t<meta property=\"og:image:type\" content=\"image\/jpeg\" \/>\n<meta name=\"twitter:card\" content=\"summary_large_image\" \/>\n<meta name=\"twitter:label1\" content=\"Escrito por\" \/>\n\t<meta name=\"twitter:data1\" content=\"REDACCI\u00d3N AENVERDE\" \/>\n\t<meta name=\"twitter:label2\" content=\"Tiempo de lectura\" \/>\n\t<meta name=\"twitter:data2\" content=\"1 minuto\" \/>\n<script type=\"application\/ld+json\" class=\"yoast-schema-graph\">{\"@context\":\"https:\/\/schema.org\",\"@graph\":[{\"@type\":\"Organization\",\"@id\":\"https:\/\/aenverdexpress.es\/#organization\",\"name\":\"AENVERDE\",\"url\":\"https:\/\/aenverdexpress.es\/\",\"sameAs\":[],\"logo\":{\"@type\":\"ImageObject\",\"@id\":\"https:\/\/aenverdexpress.es\/#logo\",\"inLanguage\":\"es\",\"url\":\"https:\/\/aenverdexpress.es\/wp-content\/uploads\/2021\/12\/A-EN-VERDE-LOGO-FONDO-1DB954-01-1024x1024-1.jpg\",\"contentUrl\":\"https:\/\/aenverdexpress.es\/wp-content\/uploads\/2021\/12\/A-EN-VERDE-LOGO-FONDO-1DB954-01-1024x1024-1.jpg\",\"width\":1024,\"height\":1024,\"caption\":\"AENVERDE\"},\"image\":{\"@id\":\"https:\/\/aenverdexpress.es\/#logo\"}},{\"@type\":\"WebSite\",\"@id\":\"https:\/\/aenverdexpress.es\/#website\",\"url\":\"https:\/\/aenverdexpress.es\/\",\"name\":\"Aenverde Express\",\"description\":\"\",\"publisher\":{\"@id\":\"https:\/\/aenverdexpress.es\/#organization\"},\"potentialAction\":[{\"@type\":\"SearchAction\",\"target\":{\"@type\":\"EntryPoint\",\"urlTemplate\":\"https:\/\/aenverdexpress.es\/?s={search_term_string}\"},\"query-input\":\"required name=search_term_string\"}],\"inLanguage\":\"es\"},{\"@type\":\"ImageObject\",\"@id\":\"https:\/\/aenverdexpress.es\/2022\/11\/24\/almeria-es-la-primera-productora-de-flor-de-pascua-de-espana\/#primaryimage\",\"inLanguage\":\"es\",\"url\":\"https:\/\/aenverde-cp7041.wordpresstemporal.com\/aenverdexpress.es\/wp-content\/uploads\/2022\/11\/flor-de-pascua-ok.jpg\",\"contentUrl\":\"https:\/\/aenverde-cp7041.wordpresstemporal.com\/aenverdexpress.es\/wp-content\/uploads\/2022\/11\/flor-de-pascua-ok.jpg\",\"width\":1020,\"height\":604,\"caption\":\"flor-de-pascua-ok\"},{\"@type\":\"WebPage\",\"@id\":\"https:\/\/aenverdexpress.es\/2022\/11\/24\/almeria-es-la-primera-productora-de-flor-de-pascua-de-espana\/#webpage\",\"url\":\"https:\/\/aenverdexpress.es\/2022\/11\/24\/almeria-es-la-primera-productora-de-flor-de-pascua-de-espana\/\",\"name\":\"Almer\u00eda\u00a0es la primera productora de\u00a0Flor de Pascua\u00a0de Espa\u00f1a - Aenverde Express\",\"isPartOf\":{\"@id\":\"https:\/\/aenverdexpress.es\/#website\"},\"primaryImageOfPage\":{\"@id\":\"https:\/\/aenverdexpress.es\/2022\/11\/24\/almeria-es-la-primera-productora-de-flor-de-pascua-de-espana\/#primaryimage\"},\"datePublished\":\"2022-11-24T07:27:53+00:00\",\"dateModified\":\"2022-11-24T07:27:54+00:00\",\"breadcrumb\":{\"@id\":\"https:\/\/aenverdexpress.es\/2022\/11\/24\/almeria-es-la-primera-productora-de-flor-de-pascua-de-espana\/#breadcrumb\"},\"inLanguage\":\"es\",\"potentialAction\":[{\"@type\":\"ReadAction\",\"target\":[\"https:\/\/aenverdexpress.es\/2022\/11\/24\/almeria-es-la-primera-productora-de-flor-de-pascua-de-espana\/\"]}]},{\"@type\":\"BreadcrumbList\",\"@id\":\"https:\/\/aenverdexpress.es\/2022\/11\/24\/almeria-es-la-primera-productora-de-flor-de-pascua-de-espana\/#breadcrumb\",\"itemListElement\":[{\"@type\":\"ListItem\",\"position\":1,\"name\":\"Portada\",\"item\":\"https:\/\/aenverdexpress.es\/\"},{\"@type\":\"ListItem\",\"position\":2,\"name\":\"Almer\u00eda\u00a0es la primera productora de\u00a0Flor de Pascua\u00a0de Espa\u00f1a\"}]},{\"@type\":\"Article\",\"@id\":\"https:\/\/aenverdexpress.es\/2022\/11\/24\/almeria-es-la-primera-productora-de-flor-de-pascua-de-espana\/#article\",\"isPartOf\":{\"@id\":\"https:\/\/aenverdexpress.es\/2022\/11\/24\/almeria-es-la-primera-productora-de-flor-de-pascua-de-espana\/#webpage\"},\"author\":{\"@id\":\"https:\/\/aenverdexpress.es\/#\/schema\/person\/7220664746e3c774cb3c4e5f81fc4ba0\"},\"headline\":\"Almer\u00eda\u00a0es la primera productora de\u00a0Flor de Pascua\u00a0de Espa\u00f1a\",\"datePublished\":\"2022-11-24T07:27:53+00:00\",\"dateModified\":\"2022-11-24T07:27:54+00:00\",\"mainEntityOfPage\":{\"@id\":\"https:\/\/aenverdexpress.es\/2022\/11\/24\/almeria-es-la-primera-productora-de-flor-de-pascua-de-espana\/#webpage\"},\"wordCount\":160,\"commentCount\":0,\"publisher\":{\"@id\":\"https:\/\/aenverdexpress.es\/#organization\"},\"image\":{\"@id\":\"https:\/\/aenverdexpress.es\/2022\/11\/24\/almeria-es-la-primera-productora-de-flor-de-pascua-de-espana\/#primaryimage\"},\"thumbnailUrl\":\"https:\/\/aenverde-cp7041.wordpresstemporal.com\/aenverdexpress.es\/wp-content\/uploads\/2022\/11\/flor-de-pascua-ok.jpg\",\"keywords\":[\"Almer\u00eda\",\"flor de pascua\",\"poinsettia\"],\"articleSection\":[\"Actualidad\"],\"inLanguage\":\"es\",\"potentialAction\":[{\"@type\":\"CommentAction\",\"name\":\"Comment\",\"target\":[\"https:\/\/aenverdexpress.es\/2022\/11\/24\/almeria-es-la-primera-productora-de-flor-de-pascua-de-espana\/#respond\"]}]},{\"@type\":\"Person\",\"@id\":\"https:\/\/aenverdexpress.es\/#\/schema\/person\/7220664746e3c774cb3c4e5f81fc4ba0\",\"name\":\"REDACCI\u00d3N AENVERDE\",\"image\":{\"@type\":\"ImageObject\",\"@id\":\"https:\/\/aenverdexpress.es\/#personlogo\",\"inLanguage\":\"es\",\"url\":\"https:\/\/secure.gravatar.com\/avatar\/82de37537a82ee30b014773728d8502cf11180bc1ea2f0a301ec70ebe59ea3e5?s=96&d=mm&r=g\",\"contentUrl\":\"https:\/\/secure.gravatar.com\/avatar\/82de37537a82ee30b014773728d8502cf11180bc1ea2f0a301ec70ebe59ea3e5?s=96&d=mm&r=g\",\"caption\":\"REDACCI\u00d3N AENVERDE\"},\"url\":\"https:\/\/aenverde-cp7041.wordpresstemporal.com\/aenverdexpress.es\/author\/damian\/\"}]}<\/script>\n<!-- \/ Yoast SEO plugin. -->","yoast_head_json":{"title":"Almer\u00eda\u00a0es la primera productora de\u00a0Flor de Pascua\u00a0de Espa\u00f1a - Aenverde Express","robots":{"index":"index","follow":"follow","max-snippet":"max-snippet:-1","max-image-preview":"max-image-preview:large","max-video-preview":"max-video-preview:-1"},"canonical":"https:\/\/aenverdexpress.es\/2022\/11\/24\/almeria-es-la-primera-productora-de-flor-de-pascua-de-espana\/","og_locale":"es_ES","og_type":"article","og_title":"Almer\u00eda\u00a0es la primera productora de\u00a0Flor de Pascua\u00a0de Espa\u00f1a - Aenverde Express","og_description":"La poinsettia, m\u00e1s conocida como Flor de Pascua, es un imprescindible en la decoraci\u00f3n navide\u00f1a de muchos hogares espa\u00f1oles.&nbsp;La provincia de Almer\u00eda ha triplicado su producci\u00f3n de esta planta&nbsp;en la \u00faltima d\u00e9cada al alcanzar los 3,5 millones, lo que supone el 33% del total nacional, y la coloca en el foco de atenci\u00f3n en esta [&hellip;]","og_url":"https:\/\/aenverdexpress.es\/2022\/11\/24\/almeria-es-la-primera-productora-de-flor-de-pascua-de-espana\/","og_site_name":"Aenverde Express","article_published_time":"2022-11-24T07:27:53+00:00","article_modified_time":"2022-11-24T07:27:54+00:00","og_image":[{"width":1020,"height":604,"url":"https:\/\/aenverdexpress.es\/wp-content\/uploads\/2022\/11\/flor-de-pascua-ok.jpg","type":"image\/jpeg"}],"twitter_card":"summary_large_image","twitter_misc":{"Escrito por":"REDACCI\u00d3N AENVERDE","Tiempo de lectura":"1 minuto"},"schema":{"@context":"https:\/\/schema.org","@graph":[{"@type":"Organization","@id":"https:\/\/aenverdexpress.es\/#organization","name":"AENVERDE","url":"https:\/\/aenverdexpress.es\/","sameAs":[],"logo":{"@type":"ImageObject","@id":"https:\/\/aenverdexpress.es\/#logo","inLanguage":"es","url":"https:\/\/aenverdexpress.es\/wp-content\/uploads\/2021\/12\/A-EN-VERDE-LOGO-FONDO-1DB954-01-1024x1024-1.jpg","contentUrl":"https:\/\/aenverdexpress.es\/wp-content\/uploads\/2021\/12\/A-EN-VERDE-LOGO-FONDO-1DB954-01-1024x1024-1.jpg","width":1024,"height":1024,"caption":"AENVERDE"},"image":{"@id":"https:\/\/aenverdexpress.es\/#logo"}},{"@type":"WebSite","@id":"https:\/\/aenverdexpress.es\/#website","url":"https:\/\/aenverdexpress.es\/","name":"Aenverde Express","description":"","publisher":{"@id":"https:\/\/aenverdexpress.es\/#organization"},"potentialAction":[{"@type":"SearchAction","target":{"@type":"EntryPoint","urlTemplate":"https:\/\/aenverdexpress.es\/?s={search_term_string}"},"query-input":"required name=search_term_string"}],"inLanguage":"es"},{"@type":"ImageObject","@id":"https:\/\/aenverdexpress.es\/2022\/11\/24\/almeria-es-la-primera-productora-de-flor-de-pascua-de-espana\/#primaryimage","inLanguage":"es","url":"https:\/\/aenverde-cp7041.wordpresstemporal.com\/aenverdexpress.es\/wp-content\/uploads\/2022\/11\/flor-de-pascua-ok.jpg","contentUrl":"https:\/\/aenverde-cp7041.wordpresstemporal.com\/aenverdexpress.es\/wp-content\/uploads\/2022\/11\/flor-de-pascua-ok.jpg","width":1020,"height":604,"caption":"flor-de-pascua-ok"},{"@type":"WebPage","@id":"https:\/\/aenverdexpress.es\/2022\/11\/24\/almeria-es-la-primera-productora-de-flor-de-pascua-de-espana\/#webpage","url":"https:\/\/aenverdexpress.es\/2022\/11\/24\/almeria-es-la-primera-productora-de-flor-de-pascua-de-espana\/","name":"Almer\u00eda\u00a0es la primera productora de\u00a0Flor de Pascua\u00a0de Espa\u00f1a - Aenverde Express","isPartOf":{"@id":"https:\/\/aenverdexpress.es\/#website"},"primaryImageOfPage":{"@id":"https:\/\/aenverdexpress.es\/2022\/11\/24\/almeria-es-la-primera-productora-de-flor-de-pascua-de-espana\/#primaryimage"},"datePublished":"2022-11-24T07:27:53+00:00","dateModified":"2022-11-24T07:27:54+00:00","breadcrumb":{"@id":"https:\/\/aenverdexpress.es\/2022\/11\/24\/almeria-es-la-primera-productora-de-flor-de-pascua-de-espana\/#breadcrumb"},"inLanguage":"es","potentialAction":[{"@type":"ReadAction","target":["https:\/\/aenverdexpress.es\/2022\/11\/24\/almeria-es-la-primera-productora-de-flor-de-pascua-de-espana\/"]}]},{"@type":"BreadcrumbList","@id":"https:\/\/aenverdexpress.es\/2022\/11\/24\/almeria-es-la-primera-productora-de-flor-de-pascua-de-espana\/#breadcrumb","itemListElement":[{"@type":"ListItem","position":1,"name":"Portada","item":"https:\/\/aenverdexpress.es\/"},{"@type":"ListItem","position":2,"name":"Almer\u00eda\u00a0es la primera productora de\u00a0Flor de Pascua\u00a0de Espa\u00f1a"}]},{"@type":"Article","@id":"https:\/\/aenverdexpress.es\/2022\/11\/24\/almeria-es-la-primera-productora-de-flor-de-pascua-de-espana\/#article","isPartOf":{"@id":"https:\/\/aenverdexpress.es\/2022\/11\/24\/almeria-es-la-primera-productora-de-flor-de-pascua-de-espana\/#webpage"},"author":{"@id":"https:\/\/aenverdexpress.es\/#\/schema\/person\/7220664746e3c774cb3c4e5f81fc4ba0"},"headline":"Almer\u00eda\u00a0es la primera productora de\u00a0Flor de Pascua\u00a0de Espa\u00f1a","datePublished":"2022-11-24T07:27:53+00:00","dateModified":"2022-11-24T07:27:54+00:00","mainEntityOfPage":{"@id":"https:\/\/aenverdexpress.es\/2022\/11\/24\/almeria-es-la-primera-productora-de-flor-de-pascua-de-espana\/#webpage"},"wordCount":160,"commentCount":0,"publisher":{"@id":"https:\/\/aenverdexpress.es\/#organization"},"image":{"@id":"https:\/\/aenverdexpress.es\/2022\/11\/24\/almeria-es-la-primera-productora-de-flor-de-pascua-de-espana\/#primaryimage"},"thumbnailUrl":"https:\/\/aenverde-cp7041.wordpresstemporal.com\/aenverdexpress.es\/wp-content\/uploads\/2022\/11\/flor-de-pascua-ok.jpg","keywords":["Almer\u00eda","flor de pascua","poinsettia"],"articleSection":["Actualidad"],"inLanguage":"es","potentialAction":[{"@type":"CommentAction","name":"Comment","target":["https:\/\/aenverdexpress.es\/2022\/11\/24\/almeria-es-la-primera-productora-de-flor-de-pascua-de-espana\/#respond"]}]},{"@type":"Person","@id":"https:\/\/aenverdexpress.es\/#\/schema\/person\/7220664746e3c774cb3c4e5f81fc4ba0","name":"REDACCI\u00d3N AENVERDE","image":{"@type":"ImageObject","@id":"https:\/\/aenverdexpress.es\/#personlogo","inLanguage":"es","url":"https:\/\/secure.gravatar.com\/avatar\/82de37537a82ee30b014773728d8502cf11180bc1ea2f0a301ec70ebe59ea3e5?s=96&d=mm&r=g","contentUrl":"https:\/\/secure.gravatar.com\/avatar\/82de37537a82ee30b014773728d8502cf11180bc1ea2f0a301ec70ebe59ea3e5?s=96&d=mm&r=g","caption":"REDACCI\u00d3N AENVERDE"},"url":"https:\/\/aenverde-cp7041.wordpresstemporal.com\/aenverdexpress.es\/author\/damian\/"}]}},"builder_content":"","_links":{"self":[{"href":"https:\/\/aenverde-cp7041.wordpresstemporal.com\/aenverdexpress.es\/wp-json\/wp\/v2\/posts\/4113","targetHints":{"allow":["GET"]}}],"collection":[{"href":"https:\/\/aenverde-cp7041.wordpresstemporal.com\/aenverdexpress.es\/wp-json\/wp\/v2\/posts"}],"about":[{"href":"https:\/\/aenverde-cp7041.wordpresstemporal.com\/aenverdexpress.es\/wp-json\/wp\/v2\/types\/post"}],"author":[{"embeddable":true,"href":"https:\/\/aenverde-cp7041.wordpresstemporal.com\/aenverdexpress.es\/wp-json\/wp\/v2\/users\/2"}],"replies":[{"embeddable":true,"href":"https:\/\/aenverde-cp7041.wordpresstemporal.com\/aenverdexpress.es\/wp-json\/wp\/v2\/comments?post=4113"}],"version-history":[{"count":2,"href":"https:\/\/aenverde-cp7041.wordpresstemporal.com\/aenverdexpress.es\/wp-json\/wp\/v2\/posts\/4113\/revisions"}],"predecessor-version":[{"id":4116,"href":"https:\/\/aenverde-cp7041.wordpresstemporal.com\/aenverdexpress.es\/wp-json\/wp\/v2\/posts\/4113\/revisions\/4116"}],"wp:featuredmedia":[{"embeddable":true,"href":"https:\/\/aenverde-cp7041.wordpresstemporal.com\/aenverdexpress.es\/wp-json\/wp\/v2\/media\/4114"}],"wp:attachment":[{"href":"https:\/\/aenverde-cp7041.wordpresstemporal.com\/aenverdexpress.es\/wp-json\/wp\/v2\/media?parent=4113"}],"wp:term":[{"taxonomy":"category","embeddable":true,"href":"https:\/\/aenverde-cp7041.wordpresstemporal.com\/aenverdexpress.es\/wp-json\/wp\/v2\/categories?post=4113"},{"taxonomy":"post_tag","embeddable":true,"href":"https:\/\/aenverde-cp7041.wordpresstemporal.com\/aenverdexpress.es\/wp-json\/wp\/v2\/tags?post=4113"}],"curies":[{"name":"wp","href":"https:\/\/api.w.org\/{rel}","templated":true}]}}