{"id":4206,"date":"2022-12-05T07:01:42","date_gmt":"2022-12-05T07:01:42","guid":{"rendered":"https:\/\/aenverdexpress.es\/?p=4206"},"modified":"2022-12-05T07:01:43","modified_gmt":"2022-12-05T07:01:43","slug":"el-7352-del-calabacin-importado-por-espana-es-de-marruecos","status":"publish","type":"post","link":"https:\/\/aenverde-cp7041.wordpresstemporal.com\/aenverdexpress.es\/2022\/12\/05\/el-7352-del-calabacin-importado-por-espana-es-de-marruecos\/","title":{"rendered":"<strong>El 73\u201952% del calabac\u00edn<\/strong>\u00a0importado por Espa\u00f1a es de\u00a0<em>Marruecos<\/em>"},"content":{"rendered":"<!--themify_builder_content-->\n<div id=\"themify_builder_content-4206\" data-postid=\"4206\" class=\"themify_builder_content themify_builder_content-4206 themify_builder tf_clear\">\n    <\/div>\n<!--\/themify_builder_content-->\n\n\n<p class=\"wp-block-paragraph\"><strong>Espa\u00f1a ha importado de otros pa\u00edses en la campa\u00f1a 2021\/2022 un total de 16\u201958 millones de kilos de calabac\u00edn<\/strong>, de los que la mayor parte proced\u00edan de Marruecos, seg\u00fan los datos que ha elaborado Hortoinfo procedentes del servicio estad\u00edstico Estacom (Icex-Agencia Tributaria), correspondientes al periodo entre el 1 de septiembre de 2021 y el 31 de agosto de 2022, con Almer\u00eda como la provincia que m\u00e1s calabac\u00edn import\u00f3 durante la campa\u00f1a desde otros pa\u00edses.<\/p>\n\n\n\n<p class=\"wp-block-paragraph\">El valor de esas importaciones de calabac\u00edn por parte de Espa\u00f1a\u00a0<strong>ha supuesto 17\u20195 millones de euros, con el precio medio de 1\u201906 euros por kilo.<\/strong><\/p>\n\n\n\n<p class=\"wp-block-paragraph\"><strong>M\u00e1s informaci\u00f3n <a href=\"https:\/\/www.aenverde.es\/el-7352-del-calabacin-importado-por-espana-es-de-marruecos\/\" target=\"_blank\" rel=\"noreferrer noopener\">aqu\u00ed<\/a>.<\/strong><\/p>","protected":false},"excerpt":{"rendered":"<p>Espa\u00f1a ha importado de otros pa\u00edses en la campa\u00f1a 2021\/2022 un total de 16\u201958 millones de kilos de calabac\u00edn, de los que la mayor parte proced\u00edan de Marruecos, seg\u00fan los datos que ha elaborado Hortoinfo procedentes del servicio estad\u00edstico Estacom (Icex-Agencia Tributaria), correspondientes al periodo entre el 1 de septiembre de 2021 y el 31 [&hellip;]<\/p>\n","protected":false},"author":2,"featured_media":4207,"comment_status":"open","ping_status":"open","sticky":false,"template":"","format":"standard","meta":{"footnotes":""},"categories":[13],"tags":[372,15],"class_list":["post-4206","post","type-post","status-publish","format-standard","has-post-thumbnail","hentry","category-mercados","tag-calabacin","tag-marruecos","has-post-title","has-post-date","has-post-category","has-post-tag","has-post-comment","has-post-author",""],"yoast_head":"<!-- This site is optimized with the Yoast SEO plugin v18.2 - https:\/\/yoast.com\/wordpress\/plugins\/seo\/ -->\n<title>El 73\u201952% del calabac\u00edn\u00a0importado por Espa\u00f1a es de\u00a0Marruecos - Aenverde Express<\/title>\n<meta name=\"robots\" content=\"index, follow, max-snippet:-1, max-image-preview:large, max-video-preview:-1\" \/>\n<link rel=\"canonical\" href=\"https:\/\/aenverde-cp7041.wordpresstemporal.com\/aenverdexpress.es\/2022\/12\/05\/el-7352-del-calabacin-importado-por-espana-es-de-marruecos\/\" \/>\n<meta property=\"og:locale\" content=\"es_ES\" \/>\n<meta property=\"og:type\" content=\"article\" \/>\n<meta property=\"og:title\" content=\"El 73\u201952% del calabac\u00edn\u00a0importado por Espa\u00f1a es de\u00a0Marruecos - Aenverde Express\" \/>\n<meta property=\"og:description\" content=\"Espa\u00f1a ha importado de otros pa\u00edses en la campa\u00f1a 2021\/2022 un total de 16\u201958 millones de kilos de calabac\u00edn, de los que la mayor parte proced\u00edan de Marruecos, seg\u00fan los datos que ha elaborado Hortoinfo procedentes del servicio estad\u00edstico Estacom (Icex-Agencia Tributaria), correspondientes al periodo entre el 1 de septiembre de 2021 y el 31 [&hellip;]\" \/>\n<meta property=\"og:url\" content=\"https:\/\/aenverde-cp7041.wordpresstemporal.com\/aenverdexpress.es\/2022\/12\/05\/el-7352-del-calabacin-importado-por-espana-es-de-marruecos\/\" \/>\n<meta property=\"og:site_name\" content=\"Aenverde Express\" \/>\n<meta property=\"article:published_time\" content=\"2022-12-05T07:01:42+00:00\" \/>\n<meta property=\"article:modified_time\" content=\"2022-12-05T07:01:43+00:00\" \/>\n<meta property=\"og:image\" content=\"https:\/\/aenverde-cp7041.wordpresstemporal.com\/aenverdexpress.es\/wp-content\/uploads\/2022\/12\/calabacin-1024x600-1.jpg\" \/>\n\t<meta property=\"og:image:width\" content=\"1024\" \/>\n\t<meta property=\"og:image:height\" content=\"600\" \/>\n\t<meta property=\"og:image:type\" content=\"image\/jpeg\" \/>\n<meta name=\"twitter:card\" content=\"summary_large_image\" \/>\n<meta name=\"twitter:label1\" content=\"Escrito por\" \/>\n\t<meta name=\"twitter:data1\" content=\"REDACCI\u00d3N AENVERDE\" \/>\n\t<meta name=\"twitter:label2\" content=\"Tiempo de lectura\" \/>\n\t<meta name=\"twitter:data2\" content=\"1 minuto\" \/>\n<script type=\"application\/ld+json\" class=\"yoast-schema-graph\">{\"@context\":\"https:\/\/schema.org\",\"@graph\":[{\"@type\":\"Organization\",\"@id\":\"https:\/\/aenverdexpress.es\/#organization\",\"name\":\"AENVERDE\",\"url\":\"https:\/\/aenverdexpress.es\/\",\"sameAs\":[],\"logo\":{\"@type\":\"ImageObject\",\"@id\":\"https:\/\/aenverdexpress.es\/#logo\",\"inLanguage\":\"es\",\"url\":\"https:\/\/aenverdexpress.es\/wp-content\/uploads\/2021\/12\/A-EN-VERDE-LOGO-FONDO-1DB954-01-1024x1024-1.jpg\",\"contentUrl\":\"https:\/\/aenverdexpress.es\/wp-content\/uploads\/2021\/12\/A-EN-VERDE-LOGO-FONDO-1DB954-01-1024x1024-1.jpg\",\"width\":1024,\"height\":1024,\"caption\":\"AENVERDE\"},\"image\":{\"@id\":\"https:\/\/aenverdexpress.es\/#logo\"}},{\"@type\":\"WebSite\",\"@id\":\"https:\/\/aenverdexpress.es\/#website\",\"url\":\"https:\/\/aenverdexpress.es\/\",\"name\":\"Aenverde Express\",\"description\":\"\",\"publisher\":{\"@id\":\"https:\/\/aenverdexpress.es\/#organization\"},\"potentialAction\":[{\"@type\":\"SearchAction\",\"target\":{\"@type\":\"EntryPoint\",\"urlTemplate\":\"https:\/\/aenverdexpress.es\/?s={search_term_string}\"},\"query-input\":\"required name=search_term_string\"}],\"inLanguage\":\"es\"},{\"@type\":\"ImageObject\",\"@id\":\"https:\/\/aenverde-cp7041.wordpresstemporal.com\/aenverdexpress.es\/2022\/12\/05\/el-7352-del-calabacin-importado-por-espana-es-de-marruecos\/#primaryimage\",\"inLanguage\":\"es\",\"url\":\"https:\/\/aenverde-cp7041.wordpresstemporal.com\/aenverdexpress.es\/wp-content\/uploads\/2022\/12\/calabacin-1024x600-1.jpg\",\"contentUrl\":\"https:\/\/aenverde-cp7041.wordpresstemporal.com\/aenverdexpress.es\/wp-content\/uploads\/2022\/12\/calabacin-1024x600-1.jpg\",\"width\":1024,\"height\":600},{\"@type\":\"WebPage\",\"@id\":\"https:\/\/aenverde-cp7041.wordpresstemporal.com\/aenverdexpress.es\/2022\/12\/05\/el-7352-del-calabacin-importado-por-espana-es-de-marruecos\/#webpage\",\"url\":\"https:\/\/aenverde-cp7041.wordpresstemporal.com\/aenverdexpress.es\/2022\/12\/05\/el-7352-del-calabacin-importado-por-espana-es-de-marruecos\/\",\"name\":\"El 73\u201952% del calabac\u00edn\u00a0importado por Espa\u00f1a es de\u00a0Marruecos - Aenverde Express\",\"isPartOf\":{\"@id\":\"https:\/\/aenverdexpress.es\/#website\"},\"primaryImageOfPage\":{\"@id\":\"https:\/\/aenverde-cp7041.wordpresstemporal.com\/aenverdexpress.es\/2022\/12\/05\/el-7352-del-calabacin-importado-por-espana-es-de-marruecos\/#primaryimage\"},\"datePublished\":\"2022-12-05T07:01:42+00:00\",\"dateModified\":\"2022-12-05T07:01:43+00:00\",\"breadcrumb\":{\"@id\":\"https:\/\/aenverde-cp7041.wordpresstemporal.com\/aenverdexpress.es\/2022\/12\/05\/el-7352-del-calabacin-importado-por-espana-es-de-marruecos\/#breadcrumb\"},\"inLanguage\":\"es\",\"potentialAction\":[{\"@type\":\"ReadAction\",\"target\":[\"https:\/\/aenverde-cp7041.wordpresstemporal.com\/aenverdexpress.es\/2022\/12\/05\/el-7352-del-calabacin-importado-por-espana-es-de-marruecos\/\"]}]},{\"@type\":\"BreadcrumbList\",\"@id\":\"https:\/\/aenverde-cp7041.wordpresstemporal.com\/aenverdexpress.es\/2022\/12\/05\/el-7352-del-calabacin-importado-por-espana-es-de-marruecos\/#breadcrumb\",\"itemListElement\":[{\"@type\":\"ListItem\",\"position\":1,\"name\":\"Portada\",\"item\":\"https:\/\/aenverdexpress.es\/\"},{\"@type\":\"ListItem\",\"position\":2,\"name\":\"El 73\u201952% del calabac\u00edn\u00a0importado por Espa\u00f1a es de\u00a0Marruecos\"}]},{\"@type\":\"Article\",\"@id\":\"https:\/\/aenverde-cp7041.wordpresstemporal.com\/aenverdexpress.es\/2022\/12\/05\/el-7352-del-calabacin-importado-por-espana-es-de-marruecos\/#article\",\"isPartOf\":{\"@id\":\"https:\/\/aenverde-cp7041.wordpresstemporal.com\/aenverdexpress.es\/2022\/12\/05\/el-7352-del-calabacin-importado-por-espana-es-de-marruecos\/#webpage\"},\"author\":{\"@id\":\"https:\/\/aenverdexpress.es\/#\/schema\/person\/7220664746e3c774cb3c4e5f81fc4ba0\"},\"headline\":\"El 73\u201952% del calabac\u00edn\u00a0importado por Espa\u00f1a es de\u00a0Marruecos\",\"datePublished\":\"2022-12-05T07:01:42+00:00\",\"dateModified\":\"2022-12-05T07:01:43+00:00\",\"mainEntityOfPage\":{\"@id\":\"https:\/\/aenverde-cp7041.wordpresstemporal.com\/aenverdexpress.es\/2022\/12\/05\/el-7352-del-calabacin-importado-por-espana-es-de-marruecos\/#webpage\"},\"wordCount\":122,\"commentCount\":0,\"publisher\":{\"@id\":\"https:\/\/aenverdexpress.es\/#organization\"},\"image\":{\"@id\":\"https:\/\/aenverde-cp7041.wordpresstemporal.com\/aenverdexpress.es\/2022\/12\/05\/el-7352-del-calabacin-importado-por-espana-es-de-marruecos\/#primaryimage\"},\"thumbnailUrl\":\"https:\/\/aenverde-cp7041.wordpresstemporal.com\/aenverdexpress.es\/wp-content\/uploads\/2022\/12\/calabacin-1024x600-1.jpg\",\"keywords\":[\"calabac\u00edn\",\"Marruecos\"],\"articleSection\":[\"Mercados\"],\"inLanguage\":\"es\",\"potentialAction\":[{\"@type\":\"CommentAction\",\"name\":\"Comment\",\"target\":[\"https:\/\/aenverde-cp7041.wordpresstemporal.com\/aenverdexpress.es\/2022\/12\/05\/el-7352-del-calabacin-importado-por-espana-es-de-marruecos\/#respond\"]}]},{\"@type\":\"Person\",\"@id\":\"https:\/\/aenverdexpress.es\/#\/schema\/person\/7220664746e3c774cb3c4e5f81fc4ba0\",\"name\":\"REDACCI\u00d3N AENVERDE\",\"image\":{\"@type\":\"ImageObject\",\"@id\":\"https:\/\/aenverdexpress.es\/#personlogo\",\"inLanguage\":\"es\",\"url\":\"https:\/\/secure.gravatar.com\/avatar\/82de37537a82ee30b014773728d8502cf11180bc1ea2f0a301ec70ebe59ea3e5?s=96&d=mm&r=g\",\"contentUrl\":\"https:\/\/secure.gravatar.com\/avatar\/82de37537a82ee30b014773728d8502cf11180bc1ea2f0a301ec70ebe59ea3e5?s=96&d=mm&r=g\",\"caption\":\"REDACCI\u00d3N AENVERDE\"},\"url\":\"https:\/\/aenverde-cp7041.wordpresstemporal.com\/aenverdexpress.es\/author\/damian\/\"}]}<\/script>\n<!-- \/ Yoast SEO plugin. -->","yoast_head_json":{"title":"El 73\u201952% del calabac\u00edn\u00a0importado por Espa\u00f1a es de\u00a0Marruecos - Aenverde Express","robots":{"index":"index","follow":"follow","max-snippet":"max-snippet:-1","max-image-preview":"max-image-preview:large","max-video-preview":"max-video-preview:-1"},"canonical":"https:\/\/aenverde-cp7041.wordpresstemporal.com\/aenverdexpress.es\/2022\/12\/05\/el-7352-del-calabacin-importado-por-espana-es-de-marruecos\/","og_locale":"es_ES","og_type":"article","og_title":"El 73\u201952% del calabac\u00edn\u00a0importado por Espa\u00f1a es de\u00a0Marruecos - Aenverde Express","og_description":"Espa\u00f1a ha importado de otros pa\u00edses en la campa\u00f1a 2021\/2022 un total de 16\u201958 millones de kilos de calabac\u00edn, de los que la mayor parte proced\u00edan de Marruecos, seg\u00fan los datos que ha elaborado Hortoinfo procedentes del servicio estad\u00edstico Estacom (Icex-Agencia Tributaria), correspondientes al periodo entre el 1 de septiembre de 2021 y el 31 [&hellip;]","og_url":"https:\/\/aenverde-cp7041.wordpresstemporal.com\/aenverdexpress.es\/2022\/12\/05\/el-7352-del-calabacin-importado-por-espana-es-de-marruecos\/","og_site_name":"Aenverde Express","article_published_time":"2022-12-05T07:01:42+00:00","article_modified_time":"2022-12-05T07:01:43+00:00","og_image":[{"width":1024,"height":600,"url":"https:\/\/aenverde-cp7041.wordpresstemporal.com\/aenverdexpress.es\/wp-content\/uploads\/2022\/12\/calabacin-1024x600-1.jpg","type":"image\/jpeg"}],"twitter_card":"summary_large_image","twitter_misc":{"Escrito por":"REDACCI\u00d3N AENVERDE","Tiempo de lectura":"1 minuto"},"schema":{"@context":"https:\/\/schema.org","@graph":[{"@type":"Organization","@id":"https:\/\/aenverdexpress.es\/#organization","name":"AENVERDE","url":"https:\/\/aenverdexpress.es\/","sameAs":[],"logo":{"@type":"ImageObject","@id":"https:\/\/aenverdexpress.es\/#logo","inLanguage":"es","url":"https:\/\/aenverdexpress.es\/wp-content\/uploads\/2021\/12\/A-EN-VERDE-LOGO-FONDO-1DB954-01-1024x1024-1.jpg","contentUrl":"https:\/\/aenverdexpress.es\/wp-content\/uploads\/2021\/12\/A-EN-VERDE-LOGO-FONDO-1DB954-01-1024x1024-1.jpg","width":1024,"height":1024,"caption":"AENVERDE"},"image":{"@id":"https:\/\/aenverdexpress.es\/#logo"}},{"@type":"WebSite","@id":"https:\/\/aenverdexpress.es\/#website","url":"https:\/\/aenverdexpress.es\/","name":"Aenverde Express","description":"","publisher":{"@id":"https:\/\/aenverdexpress.es\/#organization"},"potentialAction":[{"@type":"SearchAction","target":{"@type":"EntryPoint","urlTemplate":"https:\/\/aenverdexpress.es\/?s={search_term_string}"},"query-input":"required name=search_term_string"}],"inLanguage":"es"},{"@type":"ImageObject","@id":"https:\/\/aenverde-cp7041.wordpresstemporal.com\/aenverdexpress.es\/2022\/12\/05\/el-7352-del-calabacin-importado-por-espana-es-de-marruecos\/#primaryimage","inLanguage":"es","url":"https:\/\/aenverde-cp7041.wordpresstemporal.com\/aenverdexpress.es\/wp-content\/uploads\/2022\/12\/calabacin-1024x600-1.jpg","contentUrl":"https:\/\/aenverde-cp7041.wordpresstemporal.com\/aenverdexpress.es\/wp-content\/uploads\/2022\/12\/calabacin-1024x600-1.jpg","width":1024,"height":600},{"@type":"WebPage","@id":"https:\/\/aenverde-cp7041.wordpresstemporal.com\/aenverdexpress.es\/2022\/12\/05\/el-7352-del-calabacin-importado-por-espana-es-de-marruecos\/#webpage","url":"https:\/\/aenverde-cp7041.wordpresstemporal.com\/aenverdexpress.es\/2022\/12\/05\/el-7352-del-calabacin-importado-por-espana-es-de-marruecos\/","name":"El 73\u201952% del calabac\u00edn\u00a0importado por Espa\u00f1a es de\u00a0Marruecos - Aenverde Express","isPartOf":{"@id":"https:\/\/aenverdexpress.es\/#website"},"primaryImageOfPage":{"@id":"https:\/\/aenverde-cp7041.wordpresstemporal.com\/aenverdexpress.es\/2022\/12\/05\/el-7352-del-calabacin-importado-por-espana-es-de-marruecos\/#primaryimage"},"datePublished":"2022-12-05T07:01:42+00:00","dateModified":"2022-12-05T07:01:43+00:00","breadcrumb":{"@id":"https:\/\/aenverde-cp7041.wordpresstemporal.com\/aenverdexpress.es\/2022\/12\/05\/el-7352-del-calabacin-importado-por-espana-es-de-marruecos\/#breadcrumb"},"inLanguage":"es","potentialAction":[{"@type":"ReadAction","target":["https:\/\/aenverde-cp7041.wordpresstemporal.com\/aenverdexpress.es\/2022\/12\/05\/el-7352-del-calabacin-importado-por-espana-es-de-marruecos\/"]}]},{"@type":"BreadcrumbList","@id":"https:\/\/aenverde-cp7041.wordpresstemporal.com\/aenverdexpress.es\/2022\/12\/05\/el-7352-del-calabacin-importado-por-espana-es-de-marruecos\/#breadcrumb","itemListElement":[{"@type":"ListItem","position":1,"name":"Portada","item":"https:\/\/aenverdexpress.es\/"},{"@type":"ListItem","position":2,"name":"El 73\u201952% del calabac\u00edn\u00a0importado por Espa\u00f1a es de\u00a0Marruecos"}]},{"@type":"Article","@id":"https:\/\/aenverde-cp7041.wordpresstemporal.com\/aenverdexpress.es\/2022\/12\/05\/el-7352-del-calabacin-importado-por-espana-es-de-marruecos\/#article","isPartOf":{"@id":"https:\/\/aenverde-cp7041.wordpresstemporal.com\/aenverdexpress.es\/2022\/12\/05\/el-7352-del-calabacin-importado-por-espana-es-de-marruecos\/#webpage"},"author":{"@id":"https:\/\/aenverdexpress.es\/#\/schema\/person\/7220664746e3c774cb3c4e5f81fc4ba0"},"headline":"El 73\u201952% del calabac\u00edn\u00a0importado por Espa\u00f1a es de\u00a0Marruecos","datePublished":"2022-12-05T07:01:42+00:00","dateModified":"2022-12-05T07:01:43+00:00","mainEntityOfPage":{"@id":"https:\/\/aenverde-cp7041.wordpresstemporal.com\/aenverdexpress.es\/2022\/12\/05\/el-7352-del-calabacin-importado-por-espana-es-de-marruecos\/#webpage"},"wordCount":122,"commentCount":0,"publisher":{"@id":"https:\/\/aenverdexpress.es\/#organization"},"image":{"@id":"https:\/\/aenverde-cp7041.wordpresstemporal.com\/aenverdexpress.es\/2022\/12\/05\/el-7352-del-calabacin-importado-por-espana-es-de-marruecos\/#primaryimage"},"thumbnailUrl":"https:\/\/aenverde-cp7041.wordpresstemporal.com\/aenverdexpress.es\/wp-content\/uploads\/2022\/12\/calabacin-1024x600-1.jpg","keywords":["calabac\u00edn","Marruecos"],"articleSection":["Mercados"],"inLanguage":"es","potentialAction":[{"@type":"CommentAction","name":"Comment","target":["https:\/\/aenverde-cp7041.wordpresstemporal.com\/aenverdexpress.es\/2022\/12\/05\/el-7352-del-calabacin-importado-por-espana-es-de-marruecos\/#respond"]}]},{"@type":"Person","@id":"https:\/\/aenverdexpress.es\/#\/schema\/person\/7220664746e3c774cb3c4e5f81fc4ba0","name":"REDACCI\u00d3N AENVERDE","image":{"@type":"ImageObject","@id":"https:\/\/aenverdexpress.es\/#personlogo","inLanguage":"es","url":"https:\/\/secure.gravatar.com\/avatar\/82de37537a82ee30b014773728d8502cf11180bc1ea2f0a301ec70ebe59ea3e5?s=96&d=mm&r=g","contentUrl":"https:\/\/secure.gravatar.com\/avatar\/82de37537a82ee30b014773728d8502cf11180bc1ea2f0a301ec70ebe59ea3e5?s=96&d=mm&r=g","caption":"REDACCI\u00d3N AENVERDE"},"url":"https:\/\/aenverde-cp7041.wordpresstemporal.com\/aenverdexpress.es\/author\/damian\/"}]}},"builder_content":"","_links":{"self":[{"href":"https:\/\/aenverde-cp7041.wordpresstemporal.com\/aenverdexpress.es\/wp-json\/wp\/v2\/posts\/4206","targetHints":{"allow":["GET"]}}],"collection":[{"href":"https:\/\/aenverde-cp7041.wordpresstemporal.com\/aenverdexpress.es\/wp-json\/wp\/v2\/posts"}],"about":[{"href":"https:\/\/aenverde-cp7041.wordpresstemporal.com\/aenverdexpress.es\/wp-json\/wp\/v2\/types\/post"}],"author":[{"embeddable":true,"href":"https:\/\/aenverde-cp7041.wordpresstemporal.com\/aenverdexpress.es\/wp-json\/wp\/v2\/users\/2"}],"replies":[{"embeddable":true,"href":"https:\/\/aenverde-cp7041.wordpresstemporal.com\/aenverdexpress.es\/wp-json\/wp\/v2\/comments?post=4206"}],"version-history":[{"count":2,"href":"https:\/\/aenverde-cp7041.wordpresstemporal.com\/aenverdexpress.es\/wp-json\/wp\/v2\/posts\/4206\/revisions"}],"predecessor-version":[{"id":4209,"href":"https:\/\/aenverde-cp7041.wordpresstemporal.com\/aenverdexpress.es\/wp-json\/wp\/v2\/posts\/4206\/revisions\/4209"}],"wp:featuredmedia":[{"embeddable":true,"href":"https:\/\/aenverde-cp7041.wordpresstemporal.com\/aenverdexpress.es\/wp-json\/wp\/v2\/media\/4207"}],"wp:attachment":[{"href":"https:\/\/aenverde-cp7041.wordpresstemporal.com\/aenverdexpress.es\/wp-json\/wp\/v2\/media?parent=4206"}],"wp:term":[{"taxonomy":"category","embeddable":true,"href":"https:\/\/aenverde-cp7041.wordpresstemporal.com\/aenverdexpress.es\/wp-json\/wp\/v2\/categories?post=4206"},{"taxonomy":"post_tag","embeddable":true,"href":"https:\/\/aenverde-cp7041.wordpresstemporal.com\/aenverdexpress.es\/wp-json\/wp\/v2\/tags?post=4206"}],"curies":[{"name":"wp","href":"https:\/\/api.w.org\/{rel}","templated":true}]}}