{"id":4331,"date":"2022-12-21T07:20:43","date_gmt":"2022-12-21T07:20:43","guid":{"rendered":"https:\/\/aenverdexpress.es\/?p=4331"},"modified":"2022-12-21T07:20:44","modified_gmt":"2022-12-21T07:20:44","slug":"los-invernaderos-solares-del-sur-de-espana-cuna-del-tomate-gourmet","status":"publish","type":"post","link":"https:\/\/aenverde-cp7041.wordpresstemporal.com\/aenverdexpress.es\/2022\/12\/21\/los-invernaderos-solares-del-sur-de-espana-cuna-del-tomate-gourmet\/","title":{"rendered":"Los\u00a0<strong>invernaderos solares<\/strong>\u00a0del sur de Espa\u00f1a,\u00a0<em>cuna del tomate gourmet<\/em>"},"content":{"rendered":"<!--themify_builder_content-->\n<div id=\"themify_builder_content-4331\" data-postid=\"4331\" class=\"themify_builder_content themify_builder_content-4331 themify_builder tf_clear\">\n    <\/div>\n<!--\/themify_builder_content-->\n\n\n<p class=\"wp-block-paragraph\"><strong>Hace varios a\u00f1os que el sector apost\u00f3 por la diversificaci\u00f3n como f\u00f3rmula para revalorizar el tomate, lo que ha supuesto, en algunos casos, sacrificar cantidad por calidad.<\/strong>&nbsp;De este modo, los invernaderos solares del sur de Espa\u00f1a, ubicados en las provincias de Almer\u00eda y Granada, presumen de producir algunas de las variedades m\u00e1s exquisitas y valoradas no solo por los consumidores, sino tambi\u00e9n por grandes chefs como&nbsp;<strong>Ferr\u00e1n Adri\u00e1<\/strong>,&nbsp;<strong>Rodrigo de la Calle<\/strong>&nbsp;o los&nbsp;<strong>hermanos Torres<\/strong>. &nbsp;&nbsp;<\/p>\n\n\n\n<p class=\"wp-block-paragraph\"><strong>La salinidad de las aguas con las que se riega, la protecci\u00f3n que ofrecen las cubiertas para combatir las inclemencias climatol\u00f3gicas, el estr\u00e9s t\u00e9rmico producido por la diferencia entre las altas y las bajas temperaturas<\/strong>\u00a0en un mismo d\u00eda, la utilizaci\u00f3n del control biol\u00f3gico en detrimento de productos fitosanitarios para combatir las plagas y las manos experimentadas de los agricultores, han posibilitado que los tomates cultivados en los invernaderos solares del sur de Espa\u00f1a se hayan convertido en el paradigma de la agricultura\u00a0<em>premium<\/em>.<\/p>\n\n\n\n<p class=\"wp-block-paragraph\"><strong>M\u00e1s informaci\u00f3n <a href=\"https:\/\/www.aenverde.es\/los-invernaderos-solares-del-sur-de-espana-cuna-del-tomate-gourmet\/\" target=\"_blank\" rel=\"noreferrer noopener\">aqu\u00ed<\/a>.<\/strong><\/p>","protected":false},"excerpt":{"rendered":"<p>Hace varios a\u00f1os que el sector apost\u00f3 por la diversificaci\u00f3n como f\u00f3rmula para revalorizar el tomate, lo que ha supuesto, en algunos casos, sacrificar cantidad por calidad.&nbsp;De este modo, los invernaderos solares del sur de Espa\u00f1a, ubicados en las provincias de Almer\u00eda y Granada, presumen de producir algunas de las variedades m\u00e1s exquisitas y valoradas [&hellip;]<\/p>\n","protected":false},"author":2,"featured_media":4332,"comment_status":"open","ping_status":"open","sticky":false,"template":"","format":"standard","meta":{"footnotes":""},"categories":[11],"tags":[76,189],"class_list":["post-4331","post","type-post","status-publish","format-standard","has-post-thumbnail","hentry","category-actualidad","tag-tomate","tag-tomate-raf","has-post-title","has-post-date","has-post-category","has-post-tag","has-post-comment","has-post-author",""],"yoast_head":"<!-- This site is optimized with the Yoast SEO plugin v18.2 - https:\/\/yoast.com\/wordpress\/plugins\/seo\/ -->\n<title>Los\u00a0invernaderos solares\u00a0del sur de Espa\u00f1a,\u00a0cuna del tomate gourmet - Aenverde Express<\/title>\n<meta name=\"robots\" content=\"index, follow, max-snippet:-1, max-image-preview:large, max-video-preview:-1\" \/>\n<link rel=\"canonical\" href=\"https:\/\/aenverde-cp7041.wordpresstemporal.com\/aenverdexpress.es\/2022\/12\/21\/los-invernaderos-solares-del-sur-de-espana-cuna-del-tomate-gourmet\/\" \/>\n<meta property=\"og:locale\" content=\"es_ES\" \/>\n<meta property=\"og:type\" content=\"article\" \/>\n<meta property=\"og:title\" content=\"Los\u00a0invernaderos solares\u00a0del sur de Espa\u00f1a,\u00a0cuna del tomate gourmet - Aenverde Express\" \/>\n<meta property=\"og:description\" content=\"Hace varios a\u00f1os que el sector apost\u00f3 por la diversificaci\u00f3n como f\u00f3rmula para revalorizar el tomate, lo que ha supuesto, en algunos casos, sacrificar cantidad por calidad.&nbsp;De este modo, los invernaderos solares del sur de Espa\u00f1a, ubicados en las provincias de Almer\u00eda y Granada, presumen de producir algunas de las variedades m\u00e1s exquisitas y valoradas [&hellip;]\" \/>\n<meta property=\"og:url\" content=\"https:\/\/aenverde-cp7041.wordpresstemporal.com\/aenverdexpress.es\/2022\/12\/21\/los-invernaderos-solares-del-sur-de-espana-cuna-del-tomate-gourmet\/\" \/>\n<meta property=\"og:site_name\" content=\"Aenverde Express\" \/>\n<meta property=\"article:published_time\" content=\"2022-12-21T07:20:43+00:00\" \/>\n<meta property=\"article:modified_time\" content=\"2022-12-21T07:20:44+00:00\" \/>\n<meta property=\"og:image\" content=\"https:\/\/aenverde-cp7041.wordpresstemporal.com\/aenverdexpress.es\/wp-content\/uploads\/2022\/12\/Tomate-Raf-e1671556892554.jpg\" \/>\n\t<meta property=\"og:image:width\" content=\"1019\" \/>\n\t<meta property=\"og:image:height\" content=\"655\" \/>\n\t<meta property=\"og:image:type\" content=\"image\/jpeg\" \/>\n<meta name=\"twitter:card\" content=\"summary_large_image\" \/>\n<meta name=\"twitter:label1\" content=\"Escrito por\" \/>\n\t<meta name=\"twitter:data1\" content=\"REDACCI\u00d3N AENVERDE\" \/>\n\t<meta name=\"twitter:label2\" content=\"Tiempo de lectura\" \/>\n\t<meta name=\"twitter:data2\" content=\"1 minuto\" \/>\n<script type=\"application\/ld+json\" class=\"yoast-schema-graph\">{\"@context\":\"https:\/\/schema.org\",\"@graph\":[{\"@type\":\"Organization\",\"@id\":\"https:\/\/aenverdexpress.es\/#organization\",\"name\":\"AENVERDE\",\"url\":\"https:\/\/aenverdexpress.es\/\",\"sameAs\":[],\"logo\":{\"@type\":\"ImageObject\",\"@id\":\"https:\/\/aenverdexpress.es\/#logo\",\"inLanguage\":\"es\",\"url\":\"https:\/\/aenverdexpress.es\/wp-content\/uploads\/2021\/12\/A-EN-VERDE-LOGO-FONDO-1DB954-01-1024x1024-1.jpg\",\"contentUrl\":\"https:\/\/aenverdexpress.es\/wp-content\/uploads\/2021\/12\/A-EN-VERDE-LOGO-FONDO-1DB954-01-1024x1024-1.jpg\",\"width\":1024,\"height\":1024,\"caption\":\"AENVERDE\"},\"image\":{\"@id\":\"https:\/\/aenverdexpress.es\/#logo\"}},{\"@type\":\"WebSite\",\"@id\":\"https:\/\/aenverdexpress.es\/#website\",\"url\":\"https:\/\/aenverdexpress.es\/\",\"name\":\"Aenverde Express\",\"description\":\"\",\"publisher\":{\"@id\":\"https:\/\/aenverdexpress.es\/#organization\"},\"potentialAction\":[{\"@type\":\"SearchAction\",\"target\":{\"@type\":\"EntryPoint\",\"urlTemplate\":\"https:\/\/aenverdexpress.es\/?s={search_term_string}\"},\"query-input\":\"required name=search_term_string\"}],\"inLanguage\":\"es\"},{\"@type\":\"ImageObject\",\"@id\":\"https:\/\/aenverde-cp7041.wordpresstemporal.com\/aenverdexpress.es\/2022\/12\/21\/los-invernaderos-solares-del-sur-de-espana-cuna-del-tomate-gourmet\/#primaryimage\",\"inLanguage\":\"es\",\"url\":\"https:\/\/aenverde-cp7041.wordpresstemporal.com\/aenverdexpress.es\/wp-content\/uploads\/2022\/12\/Tomate-Raf-e1671556892554.jpg\",\"contentUrl\":\"https:\/\/aenverde-cp7041.wordpresstemporal.com\/aenverdexpress.es\/wp-content\/uploads\/2022\/12\/Tomate-Raf-e1671556892554.jpg\",\"width\":1019,\"height\":655},{\"@type\":\"WebPage\",\"@id\":\"https:\/\/aenverde-cp7041.wordpresstemporal.com\/aenverdexpress.es\/2022\/12\/21\/los-invernaderos-solares-del-sur-de-espana-cuna-del-tomate-gourmet\/#webpage\",\"url\":\"https:\/\/aenverde-cp7041.wordpresstemporal.com\/aenverdexpress.es\/2022\/12\/21\/los-invernaderos-solares-del-sur-de-espana-cuna-del-tomate-gourmet\/\",\"name\":\"Los\u00a0invernaderos solares\u00a0del sur de Espa\u00f1a,\u00a0cuna del tomate gourmet - Aenverde Express\",\"isPartOf\":{\"@id\":\"https:\/\/aenverdexpress.es\/#website\"},\"primaryImageOfPage\":{\"@id\":\"https:\/\/aenverde-cp7041.wordpresstemporal.com\/aenverdexpress.es\/2022\/12\/21\/los-invernaderos-solares-del-sur-de-espana-cuna-del-tomate-gourmet\/#primaryimage\"},\"datePublished\":\"2022-12-21T07:20:43+00:00\",\"dateModified\":\"2022-12-21T07:20:44+00:00\",\"breadcrumb\":{\"@id\":\"https:\/\/aenverde-cp7041.wordpresstemporal.com\/aenverdexpress.es\/2022\/12\/21\/los-invernaderos-solares-del-sur-de-espana-cuna-del-tomate-gourmet\/#breadcrumb\"},\"inLanguage\":\"es\",\"potentialAction\":[{\"@type\":\"ReadAction\",\"target\":[\"https:\/\/aenverde-cp7041.wordpresstemporal.com\/aenverdexpress.es\/2022\/12\/21\/los-invernaderos-solares-del-sur-de-espana-cuna-del-tomate-gourmet\/\"]}]},{\"@type\":\"BreadcrumbList\",\"@id\":\"https:\/\/aenverde-cp7041.wordpresstemporal.com\/aenverdexpress.es\/2022\/12\/21\/los-invernaderos-solares-del-sur-de-espana-cuna-del-tomate-gourmet\/#breadcrumb\",\"itemListElement\":[{\"@type\":\"ListItem\",\"position\":1,\"name\":\"Portada\",\"item\":\"https:\/\/aenverdexpress.es\/\"},{\"@type\":\"ListItem\",\"position\":2,\"name\":\"Los\u00a0invernaderos solares\u00a0del sur de Espa\u00f1a,\u00a0cuna del tomate gourmet\"}]},{\"@type\":\"Article\",\"@id\":\"https:\/\/aenverde-cp7041.wordpresstemporal.com\/aenverdexpress.es\/2022\/12\/21\/los-invernaderos-solares-del-sur-de-espana-cuna-del-tomate-gourmet\/#article\",\"isPartOf\":{\"@id\":\"https:\/\/aenverde-cp7041.wordpresstemporal.com\/aenverdexpress.es\/2022\/12\/21\/los-invernaderos-solares-del-sur-de-espana-cuna-del-tomate-gourmet\/#webpage\"},\"author\":{\"@id\":\"https:\/\/aenverdexpress.es\/#\/schema\/person\/7220664746e3c774cb3c4e5f81fc4ba0\"},\"headline\":\"Los\u00a0invernaderos solares\u00a0del sur de Espa\u00f1a,\u00a0cuna del tomate gourmet\",\"datePublished\":\"2022-12-21T07:20:43+00:00\",\"dateModified\":\"2022-12-21T07:20:44+00:00\",\"mainEntityOfPage\":{\"@id\":\"https:\/\/aenverde-cp7041.wordpresstemporal.com\/aenverdexpress.es\/2022\/12\/21\/los-invernaderos-solares-del-sur-de-espana-cuna-del-tomate-gourmet\/#webpage\"},\"wordCount\":201,\"commentCount\":0,\"publisher\":{\"@id\":\"https:\/\/aenverdexpress.es\/#organization\"},\"image\":{\"@id\":\"https:\/\/aenverde-cp7041.wordpresstemporal.com\/aenverdexpress.es\/2022\/12\/21\/los-invernaderos-solares-del-sur-de-espana-cuna-del-tomate-gourmet\/#primaryimage\"},\"thumbnailUrl\":\"https:\/\/aenverde-cp7041.wordpresstemporal.com\/aenverdexpress.es\/wp-content\/uploads\/2022\/12\/Tomate-Raf-e1671556892554.jpg\",\"keywords\":[\"tomate\",\"tomate raf\"],\"articleSection\":[\"Actualidad\"],\"inLanguage\":\"es\",\"potentialAction\":[{\"@type\":\"CommentAction\",\"name\":\"Comment\",\"target\":[\"https:\/\/aenverde-cp7041.wordpresstemporal.com\/aenverdexpress.es\/2022\/12\/21\/los-invernaderos-solares-del-sur-de-espana-cuna-del-tomate-gourmet\/#respond\"]}]},{\"@type\":\"Person\",\"@id\":\"https:\/\/aenverdexpress.es\/#\/schema\/person\/7220664746e3c774cb3c4e5f81fc4ba0\",\"name\":\"REDACCI\u00d3N AENVERDE\",\"image\":{\"@type\":\"ImageObject\",\"@id\":\"https:\/\/aenverdexpress.es\/#personlogo\",\"inLanguage\":\"es\",\"url\":\"https:\/\/secure.gravatar.com\/avatar\/82de37537a82ee30b014773728d8502cf11180bc1ea2f0a301ec70ebe59ea3e5?s=96&d=mm&r=g\",\"contentUrl\":\"https:\/\/secure.gravatar.com\/avatar\/82de37537a82ee30b014773728d8502cf11180bc1ea2f0a301ec70ebe59ea3e5?s=96&d=mm&r=g\",\"caption\":\"REDACCI\u00d3N AENVERDE\"},\"url\":\"https:\/\/aenverde-cp7041.wordpresstemporal.com\/aenverdexpress.es\/author\/damian\/\"}]}<\/script>\n<!-- \/ Yoast SEO plugin. -->","yoast_head_json":{"title":"Los\u00a0invernaderos solares\u00a0del sur de Espa\u00f1a,\u00a0cuna del tomate gourmet - Aenverde Express","robots":{"index":"index","follow":"follow","max-snippet":"max-snippet:-1","max-image-preview":"max-image-preview:large","max-video-preview":"max-video-preview:-1"},"canonical":"https:\/\/aenverde-cp7041.wordpresstemporal.com\/aenverdexpress.es\/2022\/12\/21\/los-invernaderos-solares-del-sur-de-espana-cuna-del-tomate-gourmet\/","og_locale":"es_ES","og_type":"article","og_title":"Los\u00a0invernaderos solares\u00a0del sur de Espa\u00f1a,\u00a0cuna del tomate gourmet - Aenverde Express","og_description":"Hace varios a\u00f1os que el sector apost\u00f3 por la diversificaci\u00f3n como f\u00f3rmula para revalorizar el tomate, lo que ha supuesto, en algunos casos, sacrificar cantidad por calidad.&nbsp;De este modo, los invernaderos solares del sur de Espa\u00f1a, ubicados en las provincias de Almer\u00eda y Granada, presumen de producir algunas de las variedades m\u00e1s exquisitas y valoradas [&hellip;]","og_url":"https:\/\/aenverde-cp7041.wordpresstemporal.com\/aenverdexpress.es\/2022\/12\/21\/los-invernaderos-solares-del-sur-de-espana-cuna-del-tomate-gourmet\/","og_site_name":"Aenverde Express","article_published_time":"2022-12-21T07:20:43+00:00","article_modified_time":"2022-12-21T07:20:44+00:00","og_image":[{"width":1019,"height":655,"url":"https:\/\/aenverde-cp7041.wordpresstemporal.com\/aenverdexpress.es\/wp-content\/uploads\/2022\/12\/Tomate-Raf-e1671556892554.jpg","type":"image\/jpeg"}],"twitter_card":"summary_large_image","twitter_misc":{"Escrito por":"REDACCI\u00d3N AENVERDE","Tiempo de lectura":"1 minuto"},"schema":{"@context":"https:\/\/schema.org","@graph":[{"@type":"Organization","@id":"https:\/\/aenverdexpress.es\/#organization","name":"AENVERDE","url":"https:\/\/aenverdexpress.es\/","sameAs":[],"logo":{"@type":"ImageObject","@id":"https:\/\/aenverdexpress.es\/#logo","inLanguage":"es","url":"https:\/\/aenverdexpress.es\/wp-content\/uploads\/2021\/12\/A-EN-VERDE-LOGO-FONDO-1DB954-01-1024x1024-1.jpg","contentUrl":"https:\/\/aenverdexpress.es\/wp-content\/uploads\/2021\/12\/A-EN-VERDE-LOGO-FONDO-1DB954-01-1024x1024-1.jpg","width":1024,"height":1024,"caption":"AENVERDE"},"image":{"@id":"https:\/\/aenverdexpress.es\/#logo"}},{"@type":"WebSite","@id":"https:\/\/aenverdexpress.es\/#website","url":"https:\/\/aenverdexpress.es\/","name":"Aenverde Express","description":"","publisher":{"@id":"https:\/\/aenverdexpress.es\/#organization"},"potentialAction":[{"@type":"SearchAction","target":{"@type":"EntryPoint","urlTemplate":"https:\/\/aenverdexpress.es\/?s={search_term_string}"},"query-input":"required name=search_term_string"}],"inLanguage":"es"},{"@type":"ImageObject","@id":"https:\/\/aenverde-cp7041.wordpresstemporal.com\/aenverdexpress.es\/2022\/12\/21\/los-invernaderos-solares-del-sur-de-espana-cuna-del-tomate-gourmet\/#primaryimage","inLanguage":"es","url":"https:\/\/aenverde-cp7041.wordpresstemporal.com\/aenverdexpress.es\/wp-content\/uploads\/2022\/12\/Tomate-Raf-e1671556892554.jpg","contentUrl":"https:\/\/aenverde-cp7041.wordpresstemporal.com\/aenverdexpress.es\/wp-content\/uploads\/2022\/12\/Tomate-Raf-e1671556892554.jpg","width":1019,"height":655},{"@type":"WebPage","@id":"https:\/\/aenverde-cp7041.wordpresstemporal.com\/aenverdexpress.es\/2022\/12\/21\/los-invernaderos-solares-del-sur-de-espana-cuna-del-tomate-gourmet\/#webpage","url":"https:\/\/aenverde-cp7041.wordpresstemporal.com\/aenverdexpress.es\/2022\/12\/21\/los-invernaderos-solares-del-sur-de-espana-cuna-del-tomate-gourmet\/","name":"Los\u00a0invernaderos solares\u00a0del sur de Espa\u00f1a,\u00a0cuna del tomate gourmet - Aenverde Express","isPartOf":{"@id":"https:\/\/aenverdexpress.es\/#website"},"primaryImageOfPage":{"@id":"https:\/\/aenverde-cp7041.wordpresstemporal.com\/aenverdexpress.es\/2022\/12\/21\/los-invernaderos-solares-del-sur-de-espana-cuna-del-tomate-gourmet\/#primaryimage"},"datePublished":"2022-12-21T07:20:43+00:00","dateModified":"2022-12-21T07:20:44+00:00","breadcrumb":{"@id":"https:\/\/aenverde-cp7041.wordpresstemporal.com\/aenverdexpress.es\/2022\/12\/21\/los-invernaderos-solares-del-sur-de-espana-cuna-del-tomate-gourmet\/#breadcrumb"},"inLanguage":"es","potentialAction":[{"@type":"ReadAction","target":["https:\/\/aenverde-cp7041.wordpresstemporal.com\/aenverdexpress.es\/2022\/12\/21\/los-invernaderos-solares-del-sur-de-espana-cuna-del-tomate-gourmet\/"]}]},{"@type":"BreadcrumbList","@id":"https:\/\/aenverde-cp7041.wordpresstemporal.com\/aenverdexpress.es\/2022\/12\/21\/los-invernaderos-solares-del-sur-de-espana-cuna-del-tomate-gourmet\/#breadcrumb","itemListElement":[{"@type":"ListItem","position":1,"name":"Portada","item":"https:\/\/aenverdexpress.es\/"},{"@type":"ListItem","position":2,"name":"Los\u00a0invernaderos solares\u00a0del sur de Espa\u00f1a,\u00a0cuna del tomate gourmet"}]},{"@type":"Article","@id":"https:\/\/aenverde-cp7041.wordpresstemporal.com\/aenverdexpress.es\/2022\/12\/21\/los-invernaderos-solares-del-sur-de-espana-cuna-del-tomate-gourmet\/#article","isPartOf":{"@id":"https:\/\/aenverde-cp7041.wordpresstemporal.com\/aenverdexpress.es\/2022\/12\/21\/los-invernaderos-solares-del-sur-de-espana-cuna-del-tomate-gourmet\/#webpage"},"author":{"@id":"https:\/\/aenverdexpress.es\/#\/schema\/person\/7220664746e3c774cb3c4e5f81fc4ba0"},"headline":"Los\u00a0invernaderos solares\u00a0del sur de Espa\u00f1a,\u00a0cuna del tomate gourmet","datePublished":"2022-12-21T07:20:43+00:00","dateModified":"2022-12-21T07:20:44+00:00","mainEntityOfPage":{"@id":"https:\/\/aenverde-cp7041.wordpresstemporal.com\/aenverdexpress.es\/2022\/12\/21\/los-invernaderos-solares-del-sur-de-espana-cuna-del-tomate-gourmet\/#webpage"},"wordCount":201,"commentCount":0,"publisher":{"@id":"https:\/\/aenverdexpress.es\/#organization"},"image":{"@id":"https:\/\/aenverde-cp7041.wordpresstemporal.com\/aenverdexpress.es\/2022\/12\/21\/los-invernaderos-solares-del-sur-de-espana-cuna-del-tomate-gourmet\/#primaryimage"},"thumbnailUrl":"https:\/\/aenverde-cp7041.wordpresstemporal.com\/aenverdexpress.es\/wp-content\/uploads\/2022\/12\/Tomate-Raf-e1671556892554.jpg","keywords":["tomate","tomate raf"],"articleSection":["Actualidad"],"inLanguage":"es","potentialAction":[{"@type":"CommentAction","name":"Comment","target":["https:\/\/aenverde-cp7041.wordpresstemporal.com\/aenverdexpress.es\/2022\/12\/21\/los-invernaderos-solares-del-sur-de-espana-cuna-del-tomate-gourmet\/#respond"]}]},{"@type":"Person","@id":"https:\/\/aenverdexpress.es\/#\/schema\/person\/7220664746e3c774cb3c4e5f81fc4ba0","name":"REDACCI\u00d3N AENVERDE","image":{"@type":"ImageObject","@id":"https:\/\/aenverdexpress.es\/#personlogo","inLanguage":"es","url":"https:\/\/secure.gravatar.com\/avatar\/82de37537a82ee30b014773728d8502cf11180bc1ea2f0a301ec70ebe59ea3e5?s=96&d=mm&r=g","contentUrl":"https:\/\/secure.gravatar.com\/avatar\/82de37537a82ee30b014773728d8502cf11180bc1ea2f0a301ec70ebe59ea3e5?s=96&d=mm&r=g","caption":"REDACCI\u00d3N AENVERDE"},"url":"https:\/\/aenverde-cp7041.wordpresstemporal.com\/aenverdexpress.es\/author\/damian\/"}]}},"builder_content":"","_links":{"self":[{"href":"https:\/\/aenverde-cp7041.wordpresstemporal.com\/aenverdexpress.es\/wp-json\/wp\/v2\/posts\/4331","targetHints":{"allow":["GET"]}}],"collection":[{"href":"https:\/\/aenverde-cp7041.wordpresstemporal.com\/aenverdexpress.es\/wp-json\/wp\/v2\/posts"}],"about":[{"href":"https:\/\/aenverde-cp7041.wordpresstemporal.com\/aenverdexpress.es\/wp-json\/wp\/v2\/types\/post"}],"author":[{"embeddable":true,"href":"https:\/\/aenverde-cp7041.wordpresstemporal.com\/aenverdexpress.es\/wp-json\/wp\/v2\/users\/2"}],"replies":[{"embeddable":true,"href":"https:\/\/aenverde-cp7041.wordpresstemporal.com\/aenverdexpress.es\/wp-json\/wp\/v2\/comments?post=4331"}],"version-history":[{"count":2,"href":"https:\/\/aenverde-cp7041.wordpresstemporal.com\/aenverdexpress.es\/wp-json\/wp\/v2\/posts\/4331\/revisions"}],"predecessor-version":[{"id":4334,"href":"https:\/\/aenverde-cp7041.wordpresstemporal.com\/aenverdexpress.es\/wp-json\/wp\/v2\/posts\/4331\/revisions\/4334"}],"wp:featuredmedia":[{"embeddable":true,"href":"https:\/\/aenverde-cp7041.wordpresstemporal.com\/aenverdexpress.es\/wp-json\/wp\/v2\/media\/4332"}],"wp:attachment":[{"href":"https:\/\/aenverde-cp7041.wordpresstemporal.com\/aenverdexpress.es\/wp-json\/wp\/v2\/media?parent=4331"}],"wp:term":[{"taxonomy":"category","embeddable":true,"href":"https:\/\/aenverde-cp7041.wordpresstemporal.com\/aenverdexpress.es\/wp-json\/wp\/v2\/categories?post=4331"},{"taxonomy":"post_tag","embeddable":true,"href":"https:\/\/aenverde-cp7041.wordpresstemporal.com\/aenverdexpress.es\/wp-json\/wp\/v2\/tags?post=4331"}],"curies":[{"name":"wp","href":"https:\/\/api.w.org\/{rel}","templated":true}]}}