{"id":4521,"date":"2023-01-17T07:21:52","date_gmt":"2023-01-17T07:21:52","guid":{"rendered":"https:\/\/aenverdexpress.es\/?p=4521"},"modified":"2023-01-17T07:21:53","modified_gmt":"2023-01-17T07:21:53","slug":"a-mi-abuelo-juan-antonio-petit-eternamente-excepcional","status":"publish","type":"post","link":"https:\/\/aenverde-cp7041.wordpresstemporal.com\/aenverdexpress.es\/2023\/01\/17\/a-mi-abuelo-juan-antonio-petit-eternamente-excepcional\/","title":{"rendered":"<strong>A mi abuelo<\/strong>\u00a0Juan Antonio Petit,\u00a0<em>eternamente excepcional<\/em>"},"content":{"rendered":"<!--themify_builder_content-->\n<div id=\"themify_builder_content-4521\" data-postid=\"4521\" class=\"themify_builder_content themify_builder_content-4521 themify_builder tf_clear\">\n    <\/div>\n<!--\/themify_builder_content-->\n\n\n<p class=\"wp-block-paragraph\">Ser\u00eda imprudente tratar resumir en unas l\u00edneas la ejemplaridad de un hombre como t\u00fa, pero como nieto tuyo, te debo estas palabras.<\/p>\n\n\n\n<p class=\"wp-block-paragraph\">Los que te hemos conocido, somos testigos de lo que has logrado profesionalmente y todo lo que has entregado a esta provincia.<\/p>\n\n\n\n<p class=\"wp-block-paragraph\">Como siempre dice la abuela Constanza:\u00a0<em>\u201cse iba a las 7 de la ma\u00f1ana y no volv\u00eda hasta las 11 de la noche\u201d<\/em>. Esta dedicaci\u00f3n te ven\u00eda de familia posiblemente, de los tiempos duros de verdad o simplemente de tu naturaleza, no lo s\u00e9. Lo que s\u00ed s\u00e9, es la devoci\u00f3n que sentiste por todas las personas con las que trabajaste al lado, porque para qui\u00e9n estaba enfrente deb\u00eda ser una presi\u00f3n y un martirio saber que mi abuelo era inquebrantable y honesto.<\/p>\n\n\n\n<p class=\"wp-block-paragraph\"><strong>Continuar leyendo el obituario de su nieto, Juan Antonio Petit Zamora, en <a href=\"https:\/\/www.aenverde.es\/a-mi-abuelo-juan-antonio-petit-eternamente-excepcional\/\" target=\"_blank\" rel=\"noreferrer noopener\">este enlace.<\/a><\/strong><\/p>","protected":false},"excerpt":{"rendered":"<p>Ser\u00eda imprudente tratar resumir en unas l\u00edneas la ejemplaridad de un hombre como t\u00fa, pero como nieto tuyo, te debo estas palabras. Los que te hemos conocido, somos testigos de lo que has logrado profesionalmente y todo lo que has entregado a esta provincia. Como siempre dice la abuela Constanza:\u00a0\u201cse iba a las 7 de [&hellip;]<\/p>\n","protected":false},"author":2,"featured_media":4522,"comment_status":"open","ping_status":"open","sticky":false,"template":"","format":"standard","meta":{"footnotes":""},"categories":[11],"tags":[17,675,676],"class_list":["post-4521","post","type-post","status-publish","format-standard","has-post-thumbnail","hentry","category-actualidad","tag-frutas-y-hortalizas","tag-juan-antonio-petit","tag-obituario","has-post-title","has-post-date","has-post-category","has-post-tag","has-post-comment","has-post-author",""],"yoast_head":"<!-- This site is optimized with the Yoast SEO plugin v18.2 - https:\/\/yoast.com\/wordpress\/plugins\/seo\/ -->\n<title>A mi abuelo\u00a0Juan Antonio Petit,\u00a0eternamente excepcional - Aenverde Express<\/title>\n<meta name=\"robots\" content=\"index, follow, max-snippet:-1, max-image-preview:large, max-video-preview:-1\" \/>\n<link rel=\"canonical\" href=\"https:\/\/aenverde-cp7041.wordpresstemporal.com\/aenverdexpress.es\/2023\/01\/17\/a-mi-abuelo-juan-antonio-petit-eternamente-excepcional\/\" \/>\n<meta property=\"og:locale\" content=\"es_ES\" \/>\n<meta property=\"og:type\" content=\"article\" \/>\n<meta property=\"og:title\" content=\"A mi abuelo\u00a0Juan Antonio Petit,\u00a0eternamente excepcional - Aenverde Express\" \/>\n<meta property=\"og:description\" content=\"Ser\u00eda imprudente tratar resumir en unas l\u00edneas la ejemplaridad de un hombre como t\u00fa, pero como nieto tuyo, te debo estas palabras. Los que te hemos conocido, somos testigos de lo que has logrado profesionalmente y todo lo que has entregado a esta provincia. Como siempre dice la abuela Constanza:\u00a0\u201cse iba a las 7 de [&hellip;]\" \/>\n<meta property=\"og:url\" content=\"https:\/\/aenverde-cp7041.wordpresstemporal.com\/aenverdexpress.es\/2023\/01\/17\/a-mi-abuelo-juan-antonio-petit-eternamente-excepcional\/\" \/>\n<meta property=\"og:site_name\" content=\"Aenverde Express\" \/>\n<meta property=\"article:published_time\" content=\"2023-01-17T07:21:52+00:00\" \/>\n<meta property=\"article:modified_time\" content=\"2023-01-17T07:21:53+00:00\" \/>\n<meta property=\"og:image\" content=\"https:\/\/aenverde-cp7041.wordpresstemporal.com\/aenverdexpress.es\/wp-content\/uploads\/2023\/01\/juan-antonio-petit-moya-e1673890666638.jpg\" \/>\n\t<meta property=\"og:image:width\" content=\"1019\" \/>\n\t<meta property=\"og:image:height\" content=\"619\" \/>\n\t<meta property=\"og:image:type\" content=\"image\/jpeg\" \/>\n<meta name=\"twitter:card\" content=\"summary_large_image\" \/>\n<meta name=\"twitter:label1\" content=\"Escrito por\" \/>\n\t<meta name=\"twitter:data1\" content=\"REDACCI\u00d3N AENVERDE\" \/>\n\t<meta name=\"twitter:label2\" content=\"Tiempo de lectura\" \/>\n\t<meta name=\"twitter:data2\" content=\"1 minuto\" \/>\n<script type=\"application\/ld+json\" class=\"yoast-schema-graph\">{\"@context\":\"https:\/\/schema.org\",\"@graph\":[{\"@type\":\"Organization\",\"@id\":\"https:\/\/aenverdexpress.es\/#organization\",\"name\":\"AENVERDE\",\"url\":\"https:\/\/aenverdexpress.es\/\",\"sameAs\":[],\"logo\":{\"@type\":\"ImageObject\",\"@id\":\"https:\/\/aenverdexpress.es\/#logo\",\"inLanguage\":\"es\",\"url\":\"https:\/\/aenverdexpress.es\/wp-content\/uploads\/2021\/12\/A-EN-VERDE-LOGO-FONDO-1DB954-01-1024x1024-1.jpg\",\"contentUrl\":\"https:\/\/aenverdexpress.es\/wp-content\/uploads\/2021\/12\/A-EN-VERDE-LOGO-FONDO-1DB954-01-1024x1024-1.jpg\",\"width\":1024,\"height\":1024,\"caption\":\"AENVERDE\"},\"image\":{\"@id\":\"https:\/\/aenverdexpress.es\/#logo\"}},{\"@type\":\"WebSite\",\"@id\":\"https:\/\/aenverdexpress.es\/#website\",\"url\":\"https:\/\/aenverdexpress.es\/\",\"name\":\"Aenverde Express\",\"description\":\"\",\"publisher\":{\"@id\":\"https:\/\/aenverdexpress.es\/#organization\"},\"potentialAction\":[{\"@type\":\"SearchAction\",\"target\":{\"@type\":\"EntryPoint\",\"urlTemplate\":\"https:\/\/aenverdexpress.es\/?s={search_term_string}\"},\"query-input\":\"required name=search_term_string\"}],\"inLanguage\":\"es\"},{\"@type\":\"ImageObject\",\"@id\":\"https:\/\/aenverde-cp7041.wordpresstemporal.com\/aenverdexpress.es\/2023\/01\/17\/a-mi-abuelo-juan-antonio-petit-eternamente-excepcional\/#primaryimage\",\"inLanguage\":\"es\",\"url\":\"https:\/\/aenverde-cp7041.wordpresstemporal.com\/aenverdexpress.es\/wp-content\/uploads\/2023\/01\/juan-antonio-petit-moya-e1673890666638.jpg\",\"contentUrl\":\"https:\/\/aenverde-cp7041.wordpresstemporal.com\/aenverdexpress.es\/wp-content\/uploads\/2023\/01\/juan-antonio-petit-moya-e1673890666638.jpg\",\"width\":1019,\"height\":619},{\"@type\":\"WebPage\",\"@id\":\"https:\/\/aenverde-cp7041.wordpresstemporal.com\/aenverdexpress.es\/2023\/01\/17\/a-mi-abuelo-juan-antonio-petit-eternamente-excepcional\/#webpage\",\"url\":\"https:\/\/aenverde-cp7041.wordpresstemporal.com\/aenverdexpress.es\/2023\/01\/17\/a-mi-abuelo-juan-antonio-petit-eternamente-excepcional\/\",\"name\":\"A mi abuelo\u00a0Juan Antonio Petit,\u00a0eternamente excepcional - Aenverde Express\",\"isPartOf\":{\"@id\":\"https:\/\/aenverdexpress.es\/#website\"},\"primaryImageOfPage\":{\"@id\":\"https:\/\/aenverde-cp7041.wordpresstemporal.com\/aenverdexpress.es\/2023\/01\/17\/a-mi-abuelo-juan-antonio-petit-eternamente-excepcional\/#primaryimage\"},\"datePublished\":\"2023-01-17T07:21:52+00:00\",\"dateModified\":\"2023-01-17T07:21:53+00:00\",\"breadcrumb\":{\"@id\":\"https:\/\/aenverde-cp7041.wordpresstemporal.com\/aenverdexpress.es\/2023\/01\/17\/a-mi-abuelo-juan-antonio-petit-eternamente-excepcional\/#breadcrumb\"},\"inLanguage\":\"es\",\"potentialAction\":[{\"@type\":\"ReadAction\",\"target\":[\"https:\/\/aenverde-cp7041.wordpresstemporal.com\/aenverdexpress.es\/2023\/01\/17\/a-mi-abuelo-juan-antonio-petit-eternamente-excepcional\/\"]}]},{\"@type\":\"BreadcrumbList\",\"@id\":\"https:\/\/aenverde-cp7041.wordpresstemporal.com\/aenverdexpress.es\/2023\/01\/17\/a-mi-abuelo-juan-antonio-petit-eternamente-excepcional\/#breadcrumb\",\"itemListElement\":[{\"@type\":\"ListItem\",\"position\":1,\"name\":\"Portada\",\"item\":\"https:\/\/aenverdexpress.es\/\"},{\"@type\":\"ListItem\",\"position\":2,\"name\":\"A mi abuelo\u00a0Juan Antonio Petit,\u00a0eternamente excepcional\"}]},{\"@type\":\"Article\",\"@id\":\"https:\/\/aenverde-cp7041.wordpresstemporal.com\/aenverdexpress.es\/2023\/01\/17\/a-mi-abuelo-juan-antonio-petit-eternamente-excepcional\/#article\",\"isPartOf\":{\"@id\":\"https:\/\/aenverde-cp7041.wordpresstemporal.com\/aenverdexpress.es\/2023\/01\/17\/a-mi-abuelo-juan-antonio-petit-eternamente-excepcional\/#webpage\"},\"author\":{\"@id\":\"https:\/\/aenverdexpress.es\/#\/schema\/person\/7220664746e3c774cb3c4e5f81fc4ba0\"},\"headline\":\"A mi abuelo\u00a0Juan Antonio Petit,\u00a0eternamente excepcional\",\"datePublished\":\"2023-01-17T07:21:52+00:00\",\"dateModified\":\"2023-01-17T07:21:53+00:00\",\"mainEntityOfPage\":{\"@id\":\"https:\/\/aenverde-cp7041.wordpresstemporal.com\/aenverdexpress.es\/2023\/01\/17\/a-mi-abuelo-juan-antonio-petit-eternamente-excepcional\/#webpage\"},\"wordCount\":157,\"commentCount\":0,\"publisher\":{\"@id\":\"https:\/\/aenverdexpress.es\/#organization\"},\"image\":{\"@id\":\"https:\/\/aenverde-cp7041.wordpresstemporal.com\/aenverdexpress.es\/2023\/01\/17\/a-mi-abuelo-juan-antonio-petit-eternamente-excepcional\/#primaryimage\"},\"thumbnailUrl\":\"https:\/\/aenverde-cp7041.wordpresstemporal.com\/aenverdexpress.es\/wp-content\/uploads\/2023\/01\/juan-antonio-petit-moya-e1673890666638.jpg\",\"keywords\":[\"frutas y hortalizas\",\"Juan Antonio Petit\",\"obituario\"],\"articleSection\":[\"Actualidad\"],\"inLanguage\":\"es\",\"potentialAction\":[{\"@type\":\"CommentAction\",\"name\":\"Comment\",\"target\":[\"https:\/\/aenverde-cp7041.wordpresstemporal.com\/aenverdexpress.es\/2023\/01\/17\/a-mi-abuelo-juan-antonio-petit-eternamente-excepcional\/#respond\"]}]},{\"@type\":\"Person\",\"@id\":\"https:\/\/aenverdexpress.es\/#\/schema\/person\/7220664746e3c774cb3c4e5f81fc4ba0\",\"name\":\"REDACCI\u00d3N AENVERDE\",\"image\":{\"@type\":\"ImageObject\",\"@id\":\"https:\/\/aenverdexpress.es\/#personlogo\",\"inLanguage\":\"es\",\"url\":\"https:\/\/secure.gravatar.com\/avatar\/82de37537a82ee30b014773728d8502cf11180bc1ea2f0a301ec70ebe59ea3e5?s=96&d=mm&r=g\",\"contentUrl\":\"https:\/\/secure.gravatar.com\/avatar\/82de37537a82ee30b014773728d8502cf11180bc1ea2f0a301ec70ebe59ea3e5?s=96&d=mm&r=g\",\"caption\":\"REDACCI\u00d3N AENVERDE\"},\"url\":\"https:\/\/aenverde-cp7041.wordpresstemporal.com\/aenverdexpress.es\/author\/damian\/\"}]}<\/script>\n<!-- \/ Yoast SEO plugin. -->","yoast_head_json":{"title":"A mi abuelo\u00a0Juan Antonio Petit,\u00a0eternamente excepcional - Aenverde Express","robots":{"index":"index","follow":"follow","max-snippet":"max-snippet:-1","max-image-preview":"max-image-preview:large","max-video-preview":"max-video-preview:-1"},"canonical":"https:\/\/aenverde-cp7041.wordpresstemporal.com\/aenverdexpress.es\/2023\/01\/17\/a-mi-abuelo-juan-antonio-petit-eternamente-excepcional\/","og_locale":"es_ES","og_type":"article","og_title":"A mi abuelo\u00a0Juan Antonio Petit,\u00a0eternamente excepcional - Aenverde Express","og_description":"Ser\u00eda imprudente tratar resumir en unas l\u00edneas la ejemplaridad de un hombre como t\u00fa, pero como nieto tuyo, te debo estas palabras. Los que te hemos conocido, somos testigos de lo que has logrado profesionalmente y todo lo que has entregado a esta provincia. Como siempre dice la abuela Constanza:\u00a0\u201cse iba a las 7 de [&hellip;]","og_url":"https:\/\/aenverde-cp7041.wordpresstemporal.com\/aenverdexpress.es\/2023\/01\/17\/a-mi-abuelo-juan-antonio-petit-eternamente-excepcional\/","og_site_name":"Aenverde Express","article_published_time":"2023-01-17T07:21:52+00:00","article_modified_time":"2023-01-17T07:21:53+00:00","og_image":[{"width":1019,"height":619,"url":"https:\/\/aenverde-cp7041.wordpresstemporal.com\/aenverdexpress.es\/wp-content\/uploads\/2023\/01\/juan-antonio-petit-moya-e1673890666638.jpg","type":"image\/jpeg"}],"twitter_card":"summary_large_image","twitter_misc":{"Escrito por":"REDACCI\u00d3N AENVERDE","Tiempo de lectura":"1 minuto"},"schema":{"@context":"https:\/\/schema.org","@graph":[{"@type":"Organization","@id":"https:\/\/aenverdexpress.es\/#organization","name":"AENVERDE","url":"https:\/\/aenverdexpress.es\/","sameAs":[],"logo":{"@type":"ImageObject","@id":"https:\/\/aenverdexpress.es\/#logo","inLanguage":"es","url":"https:\/\/aenverdexpress.es\/wp-content\/uploads\/2021\/12\/A-EN-VERDE-LOGO-FONDO-1DB954-01-1024x1024-1.jpg","contentUrl":"https:\/\/aenverdexpress.es\/wp-content\/uploads\/2021\/12\/A-EN-VERDE-LOGO-FONDO-1DB954-01-1024x1024-1.jpg","width":1024,"height":1024,"caption":"AENVERDE"},"image":{"@id":"https:\/\/aenverdexpress.es\/#logo"}},{"@type":"WebSite","@id":"https:\/\/aenverdexpress.es\/#website","url":"https:\/\/aenverdexpress.es\/","name":"Aenverde Express","description":"","publisher":{"@id":"https:\/\/aenverdexpress.es\/#organization"},"potentialAction":[{"@type":"SearchAction","target":{"@type":"EntryPoint","urlTemplate":"https:\/\/aenverdexpress.es\/?s={search_term_string}"},"query-input":"required name=search_term_string"}],"inLanguage":"es"},{"@type":"ImageObject","@id":"https:\/\/aenverde-cp7041.wordpresstemporal.com\/aenverdexpress.es\/2023\/01\/17\/a-mi-abuelo-juan-antonio-petit-eternamente-excepcional\/#primaryimage","inLanguage":"es","url":"https:\/\/aenverde-cp7041.wordpresstemporal.com\/aenverdexpress.es\/wp-content\/uploads\/2023\/01\/juan-antonio-petit-moya-e1673890666638.jpg","contentUrl":"https:\/\/aenverde-cp7041.wordpresstemporal.com\/aenverdexpress.es\/wp-content\/uploads\/2023\/01\/juan-antonio-petit-moya-e1673890666638.jpg","width":1019,"height":619},{"@type":"WebPage","@id":"https:\/\/aenverde-cp7041.wordpresstemporal.com\/aenverdexpress.es\/2023\/01\/17\/a-mi-abuelo-juan-antonio-petit-eternamente-excepcional\/#webpage","url":"https:\/\/aenverde-cp7041.wordpresstemporal.com\/aenverdexpress.es\/2023\/01\/17\/a-mi-abuelo-juan-antonio-petit-eternamente-excepcional\/","name":"A mi abuelo\u00a0Juan Antonio Petit,\u00a0eternamente excepcional - Aenverde Express","isPartOf":{"@id":"https:\/\/aenverdexpress.es\/#website"},"primaryImageOfPage":{"@id":"https:\/\/aenverde-cp7041.wordpresstemporal.com\/aenverdexpress.es\/2023\/01\/17\/a-mi-abuelo-juan-antonio-petit-eternamente-excepcional\/#primaryimage"},"datePublished":"2023-01-17T07:21:52+00:00","dateModified":"2023-01-17T07:21:53+00:00","breadcrumb":{"@id":"https:\/\/aenverde-cp7041.wordpresstemporal.com\/aenverdexpress.es\/2023\/01\/17\/a-mi-abuelo-juan-antonio-petit-eternamente-excepcional\/#breadcrumb"},"inLanguage":"es","potentialAction":[{"@type":"ReadAction","target":["https:\/\/aenverde-cp7041.wordpresstemporal.com\/aenverdexpress.es\/2023\/01\/17\/a-mi-abuelo-juan-antonio-petit-eternamente-excepcional\/"]}]},{"@type":"BreadcrumbList","@id":"https:\/\/aenverde-cp7041.wordpresstemporal.com\/aenverdexpress.es\/2023\/01\/17\/a-mi-abuelo-juan-antonio-petit-eternamente-excepcional\/#breadcrumb","itemListElement":[{"@type":"ListItem","position":1,"name":"Portada","item":"https:\/\/aenverdexpress.es\/"},{"@type":"ListItem","position":2,"name":"A mi abuelo\u00a0Juan Antonio Petit,\u00a0eternamente excepcional"}]},{"@type":"Article","@id":"https:\/\/aenverde-cp7041.wordpresstemporal.com\/aenverdexpress.es\/2023\/01\/17\/a-mi-abuelo-juan-antonio-petit-eternamente-excepcional\/#article","isPartOf":{"@id":"https:\/\/aenverde-cp7041.wordpresstemporal.com\/aenverdexpress.es\/2023\/01\/17\/a-mi-abuelo-juan-antonio-petit-eternamente-excepcional\/#webpage"},"author":{"@id":"https:\/\/aenverdexpress.es\/#\/schema\/person\/7220664746e3c774cb3c4e5f81fc4ba0"},"headline":"A mi abuelo\u00a0Juan Antonio Petit,\u00a0eternamente excepcional","datePublished":"2023-01-17T07:21:52+00:00","dateModified":"2023-01-17T07:21:53+00:00","mainEntityOfPage":{"@id":"https:\/\/aenverde-cp7041.wordpresstemporal.com\/aenverdexpress.es\/2023\/01\/17\/a-mi-abuelo-juan-antonio-petit-eternamente-excepcional\/#webpage"},"wordCount":157,"commentCount":0,"publisher":{"@id":"https:\/\/aenverdexpress.es\/#organization"},"image":{"@id":"https:\/\/aenverde-cp7041.wordpresstemporal.com\/aenverdexpress.es\/2023\/01\/17\/a-mi-abuelo-juan-antonio-petit-eternamente-excepcional\/#primaryimage"},"thumbnailUrl":"https:\/\/aenverde-cp7041.wordpresstemporal.com\/aenverdexpress.es\/wp-content\/uploads\/2023\/01\/juan-antonio-petit-moya-e1673890666638.jpg","keywords":["frutas y hortalizas","Juan Antonio Petit","obituario"],"articleSection":["Actualidad"],"inLanguage":"es","potentialAction":[{"@type":"CommentAction","name":"Comment","target":["https:\/\/aenverde-cp7041.wordpresstemporal.com\/aenverdexpress.es\/2023\/01\/17\/a-mi-abuelo-juan-antonio-petit-eternamente-excepcional\/#respond"]}]},{"@type":"Person","@id":"https:\/\/aenverdexpress.es\/#\/schema\/person\/7220664746e3c774cb3c4e5f81fc4ba0","name":"REDACCI\u00d3N AENVERDE","image":{"@type":"ImageObject","@id":"https:\/\/aenverdexpress.es\/#personlogo","inLanguage":"es","url":"https:\/\/secure.gravatar.com\/avatar\/82de37537a82ee30b014773728d8502cf11180bc1ea2f0a301ec70ebe59ea3e5?s=96&d=mm&r=g","contentUrl":"https:\/\/secure.gravatar.com\/avatar\/82de37537a82ee30b014773728d8502cf11180bc1ea2f0a301ec70ebe59ea3e5?s=96&d=mm&r=g","caption":"REDACCI\u00d3N AENVERDE"},"url":"https:\/\/aenverde-cp7041.wordpresstemporal.com\/aenverdexpress.es\/author\/damian\/"}]}},"builder_content":"","_links":{"self":[{"href":"https:\/\/aenverde-cp7041.wordpresstemporal.com\/aenverdexpress.es\/wp-json\/wp\/v2\/posts\/4521","targetHints":{"allow":["GET"]}}],"collection":[{"href":"https:\/\/aenverde-cp7041.wordpresstemporal.com\/aenverdexpress.es\/wp-json\/wp\/v2\/posts"}],"about":[{"href":"https:\/\/aenverde-cp7041.wordpresstemporal.com\/aenverdexpress.es\/wp-json\/wp\/v2\/types\/post"}],"author":[{"embeddable":true,"href":"https:\/\/aenverde-cp7041.wordpresstemporal.com\/aenverdexpress.es\/wp-json\/wp\/v2\/users\/2"}],"replies":[{"embeddable":true,"href":"https:\/\/aenverde-cp7041.wordpresstemporal.com\/aenverdexpress.es\/wp-json\/wp\/v2\/comments?post=4521"}],"version-history":[{"count":2,"href":"https:\/\/aenverde-cp7041.wordpresstemporal.com\/aenverdexpress.es\/wp-json\/wp\/v2\/posts\/4521\/revisions"}],"predecessor-version":[{"id":4524,"href":"https:\/\/aenverde-cp7041.wordpresstemporal.com\/aenverdexpress.es\/wp-json\/wp\/v2\/posts\/4521\/revisions\/4524"}],"wp:featuredmedia":[{"embeddable":true,"href":"https:\/\/aenverde-cp7041.wordpresstemporal.com\/aenverdexpress.es\/wp-json\/wp\/v2\/media\/4522"}],"wp:attachment":[{"href":"https:\/\/aenverde-cp7041.wordpresstemporal.com\/aenverdexpress.es\/wp-json\/wp\/v2\/media?parent=4521"}],"wp:term":[{"taxonomy":"category","embeddable":true,"href":"https:\/\/aenverde-cp7041.wordpresstemporal.com\/aenverdexpress.es\/wp-json\/wp\/v2\/categories?post=4521"},{"taxonomy":"post_tag","embeddable":true,"href":"https:\/\/aenverde-cp7041.wordpresstemporal.com\/aenverdexpress.es\/wp-json\/wp\/v2\/tags?post=4521"}],"curies":[{"name":"wp","href":"https:\/\/api.w.org\/{rel}","templated":true}]}}