{"id":4581,"date":"2023-01-24T07:07:54","date_gmt":"2023-01-24T07:07:54","guid":{"rendered":"https:\/\/aenverdexpress.es\/?p=4581"},"modified":"2023-01-24T07:07:55","modified_gmt":"2023-01-24T07:07:55","slug":"marruecos-muy-cerca-de-alcanzar-a-espana-en-la-venta-de-tomate-a-la-union-europea","status":"publish","type":"post","link":"https:\/\/aenverde-cp7041.wordpresstemporal.com\/aenverdexpress.es\/2023\/01\/24\/marruecos-muy-cerca-de-alcanzar-a-espana-en-la-venta-de-tomate-a-la-union-europea\/","title":{"rendered":"<strong>Marruecos<\/strong>, muy cerca de alcanzar a Espa\u00f1a en la\u00a0<em>venta de tomate a la Uni\u00f3n Europea<\/em>"},"content":{"rendered":"<!--themify_builder_content-->\n<div id=\"themify_builder_content-4581\" data-postid=\"4581\" class=\"themify_builder_content themify_builder_content-4581 themify_builder tf_clear\">\n    <\/div>\n<!--\/themify_builder_content-->\n\n\n<p class=\"wp-block-paragraph\"><strong>Marruecos ya casi iguala a Espa\u00f1a en el volumen de tomate vendido a los Estados miembro de la Uni\u00f3n Europea (UE)<\/strong>, seg\u00fan se desprende del informe realizado por&nbsp;<a href=\"https:\/\/hortoinfo.es\/comparativa-venta-tomate-ue-marruecos-espana\/\" target=\"_blank\" rel=\"noreferrer noopener\">Hortoinfo<\/a>, utilizando datos procedentes del servicio estad\u00edstico&nbsp;<a href=\"https:\/\/www.icex.es\/es\/todos-nuestros-servicios\/informacion-de-mercados\/estadisticas\/sus-estadisticas-a-medida-estadisticas-espanolas-europeas-y-mundiales-de-comercio-exterior-de-bienes\/estadisticas-europeas-de-comercio-exterior\" target=\"_blank\" rel=\"noreferrer noopener\">Euroestacom (Icex-Eurostat)<\/a>, con c\u00f3digos del Arancel Integrado de las Comunidades Europeas \u2013 TARIC.<\/p>\n\n\n\n<p class=\"wp-block-paragraph\"><strong>En los \u00faltimos cinco a\u00f1os, teniendo en cuenta el periodo enero \u2013 octubre, Marruecos ha aumentado sus ventas de tomate en un 38\u201905%<\/strong>, en detrimento de las exportaciones espa\u00f1olas de esa hortaliza a sus socios europeos.<\/p>\n\n\n\n<p class=\"wp-block-paragraph\"><strong>M\u00e1s informaci\u00f3n <a href=\"https:\/\/www.aenverde.es\/marruecos-muy-cerca-de-alcanzar-a-espana-en-la-venta-de-tomate-a-la-union-europea\/\" target=\"_blank\" rel=\"noreferrer noopener\">aqu\u00ed<\/a>.<\/strong><\/p>","protected":false},"excerpt":{"rendered":"<p>Marruecos ya casi iguala a Espa\u00f1a en el volumen de tomate vendido a los Estados miembro de la Uni\u00f3n Europea (UE), seg\u00fan se desprende del informe realizado por&nbsp;Hortoinfo, utilizando datos procedentes del servicio estad\u00edstico&nbsp;Euroestacom (Icex-Eurostat), con c\u00f3digos del Arancel Integrado de las Comunidades Europeas \u2013 TARIC. En los \u00faltimos cinco a\u00f1os, teniendo en cuenta el [&hellip;]<\/p>\n","protected":false},"author":2,"featured_media":4582,"comment_status":"open","ping_status":"open","sticky":false,"template":"","format":"standard","meta":{"footnotes":""},"categories":[13],"tags":[15,76],"class_list":["post-4581","post","type-post","status-publish","format-standard","has-post-thumbnail","hentry","category-mercados","tag-marruecos","tag-tomate","has-post-title","has-post-date","has-post-category","has-post-tag","has-post-comment","has-post-author",""],"yoast_head":"<!-- This site is optimized with the Yoast SEO plugin v18.2 - https:\/\/yoast.com\/wordpress\/plugins\/seo\/ -->\n<title>Marruecos, muy cerca de alcanzar a Espa\u00f1a en la\u00a0venta de tomate a la Uni\u00f3n Europea - Aenverde Express<\/title>\n<meta name=\"robots\" content=\"index, follow, max-snippet:-1, max-image-preview:large, max-video-preview:-1\" \/>\n<link rel=\"canonical\" href=\"https:\/\/aenverde-cp7041.wordpresstemporal.com\/aenverdexpress.es\/2023\/01\/24\/marruecos-muy-cerca-de-alcanzar-a-espana-en-la-venta-de-tomate-a-la-union-europea\/\" \/>\n<meta property=\"og:locale\" content=\"es_ES\" \/>\n<meta property=\"og:type\" content=\"article\" \/>\n<meta property=\"og:title\" content=\"Marruecos, muy cerca de alcanzar a Espa\u00f1a en la\u00a0venta de tomate a la Uni\u00f3n Europea - Aenverde Express\" \/>\n<meta property=\"og:description\" content=\"Marruecos ya casi iguala a Espa\u00f1a en el volumen de tomate vendido a los Estados miembro de la Uni\u00f3n Europea (UE), seg\u00fan se desprende del informe realizado por&nbsp;Hortoinfo, utilizando datos procedentes del servicio estad\u00edstico&nbsp;Euroestacom (Icex-Eurostat), con c\u00f3digos del Arancel Integrado de las Comunidades Europeas \u2013 TARIC. En los \u00faltimos cinco a\u00f1os, teniendo en cuenta el [&hellip;]\" \/>\n<meta property=\"og:url\" content=\"https:\/\/aenverde-cp7041.wordpresstemporal.com\/aenverdexpress.es\/2023\/01\/24\/marruecos-muy-cerca-de-alcanzar-a-espana-en-la-venta-de-tomate-a-la-union-europea\/\" \/>\n<meta property=\"og:site_name\" content=\"Aenverde Express\" \/>\n<meta property=\"article:published_time\" content=\"2023-01-24T07:07:54+00:00\" \/>\n<meta property=\"article:modified_time\" content=\"2023-01-24T07:07:55+00:00\" \/>\n<meta property=\"og:image\" content=\"https:\/\/aenverde-cp7041.wordpresstemporal.com\/aenverdexpress.es\/wp-content\/uploads\/2023\/01\/Tomate-en-cajaI.jpg\" \/>\n\t<meta property=\"og:image:width\" content=\"800\" \/>\n\t<meta property=\"og:image:height\" content=\"450\" \/>\n\t<meta property=\"og:image:type\" content=\"image\/jpeg\" \/>\n<meta name=\"twitter:card\" content=\"summary_large_image\" \/>\n<meta name=\"twitter:label1\" content=\"Escrito por\" \/>\n\t<meta name=\"twitter:data1\" content=\"REDACCI\u00d3N AENVERDE\" \/>\n\t<meta name=\"twitter:label2\" content=\"Tiempo de lectura\" \/>\n\t<meta name=\"twitter:data2\" content=\"1 minuto\" \/>\n<script type=\"application\/ld+json\" class=\"yoast-schema-graph\">{\"@context\":\"https:\/\/schema.org\",\"@graph\":[{\"@type\":\"Organization\",\"@id\":\"https:\/\/aenverdexpress.es\/#organization\",\"name\":\"AENVERDE\",\"url\":\"https:\/\/aenverdexpress.es\/\",\"sameAs\":[],\"logo\":{\"@type\":\"ImageObject\",\"@id\":\"https:\/\/aenverdexpress.es\/#logo\",\"inLanguage\":\"es\",\"url\":\"https:\/\/aenverdexpress.es\/wp-content\/uploads\/2021\/12\/A-EN-VERDE-LOGO-FONDO-1DB954-01-1024x1024-1.jpg\",\"contentUrl\":\"https:\/\/aenverdexpress.es\/wp-content\/uploads\/2021\/12\/A-EN-VERDE-LOGO-FONDO-1DB954-01-1024x1024-1.jpg\",\"width\":1024,\"height\":1024,\"caption\":\"AENVERDE\"},\"image\":{\"@id\":\"https:\/\/aenverdexpress.es\/#logo\"}},{\"@type\":\"WebSite\",\"@id\":\"https:\/\/aenverdexpress.es\/#website\",\"url\":\"https:\/\/aenverdexpress.es\/\",\"name\":\"Aenverde Express\",\"description\":\"\",\"publisher\":{\"@id\":\"https:\/\/aenverdexpress.es\/#organization\"},\"potentialAction\":[{\"@type\":\"SearchAction\",\"target\":{\"@type\":\"EntryPoint\",\"urlTemplate\":\"https:\/\/aenverdexpress.es\/?s={search_term_string}\"},\"query-input\":\"required name=search_term_string\"}],\"inLanguage\":\"es\"},{\"@type\":\"ImageObject\",\"@id\":\"https:\/\/aenverde-cp7041.wordpresstemporal.com\/aenverdexpress.es\/2023\/01\/24\/marruecos-muy-cerca-de-alcanzar-a-espana-en-la-venta-de-tomate-a-la-union-europea\/#primaryimage\",\"inLanguage\":\"es\",\"url\":\"https:\/\/aenverde-cp7041.wordpresstemporal.com\/aenverdexpress.es\/wp-content\/uploads\/2023\/01\/Tomate-en-cajaI.jpg\",\"contentUrl\":\"https:\/\/aenverde-cp7041.wordpresstemporal.com\/aenverdexpress.es\/wp-content\/uploads\/2023\/01\/Tomate-en-cajaI.jpg\",\"width\":800,\"height\":450},{\"@type\":\"WebPage\",\"@id\":\"https:\/\/aenverde-cp7041.wordpresstemporal.com\/aenverdexpress.es\/2023\/01\/24\/marruecos-muy-cerca-de-alcanzar-a-espana-en-la-venta-de-tomate-a-la-union-europea\/#webpage\",\"url\":\"https:\/\/aenverde-cp7041.wordpresstemporal.com\/aenverdexpress.es\/2023\/01\/24\/marruecos-muy-cerca-de-alcanzar-a-espana-en-la-venta-de-tomate-a-la-union-europea\/\",\"name\":\"Marruecos, muy cerca de alcanzar a Espa\u00f1a en la\u00a0venta de tomate a la Uni\u00f3n Europea - Aenverde Express\",\"isPartOf\":{\"@id\":\"https:\/\/aenverdexpress.es\/#website\"},\"primaryImageOfPage\":{\"@id\":\"https:\/\/aenverde-cp7041.wordpresstemporal.com\/aenverdexpress.es\/2023\/01\/24\/marruecos-muy-cerca-de-alcanzar-a-espana-en-la-venta-de-tomate-a-la-union-europea\/#primaryimage\"},\"datePublished\":\"2023-01-24T07:07:54+00:00\",\"dateModified\":\"2023-01-24T07:07:55+00:00\",\"breadcrumb\":{\"@id\":\"https:\/\/aenverde-cp7041.wordpresstemporal.com\/aenverdexpress.es\/2023\/01\/24\/marruecos-muy-cerca-de-alcanzar-a-espana-en-la-venta-de-tomate-a-la-union-europea\/#breadcrumb\"},\"inLanguage\":\"es\",\"potentialAction\":[{\"@type\":\"ReadAction\",\"target\":[\"https:\/\/aenverde-cp7041.wordpresstemporal.com\/aenverdexpress.es\/2023\/01\/24\/marruecos-muy-cerca-de-alcanzar-a-espana-en-la-venta-de-tomate-a-la-union-europea\/\"]}]},{\"@type\":\"BreadcrumbList\",\"@id\":\"https:\/\/aenverde-cp7041.wordpresstemporal.com\/aenverdexpress.es\/2023\/01\/24\/marruecos-muy-cerca-de-alcanzar-a-espana-en-la-venta-de-tomate-a-la-union-europea\/#breadcrumb\",\"itemListElement\":[{\"@type\":\"ListItem\",\"position\":1,\"name\":\"Portada\",\"item\":\"https:\/\/aenverdexpress.es\/\"},{\"@type\":\"ListItem\",\"position\":2,\"name\":\"Marruecos, muy cerca de alcanzar a Espa\u00f1a en la\u00a0venta de tomate a la Uni\u00f3n Europea\"}]},{\"@type\":\"Article\",\"@id\":\"https:\/\/aenverde-cp7041.wordpresstemporal.com\/aenverdexpress.es\/2023\/01\/24\/marruecos-muy-cerca-de-alcanzar-a-espana-en-la-venta-de-tomate-a-la-union-europea\/#article\",\"isPartOf\":{\"@id\":\"https:\/\/aenverde-cp7041.wordpresstemporal.com\/aenverdexpress.es\/2023\/01\/24\/marruecos-muy-cerca-de-alcanzar-a-espana-en-la-venta-de-tomate-a-la-union-europea\/#webpage\"},\"author\":{\"@id\":\"https:\/\/aenverdexpress.es\/#\/schema\/person\/7220664746e3c774cb3c4e5f81fc4ba0\"},\"headline\":\"Marruecos, muy cerca de alcanzar a Espa\u00f1a en la\u00a0venta de tomate a la Uni\u00f3n Europea\",\"datePublished\":\"2023-01-24T07:07:54+00:00\",\"dateModified\":\"2023-01-24T07:07:55+00:00\",\"mainEntityOfPage\":{\"@id\":\"https:\/\/aenverde-cp7041.wordpresstemporal.com\/aenverdexpress.es\/2023\/01\/24\/marruecos-muy-cerca-de-alcanzar-a-espana-en-la-venta-de-tomate-a-la-union-europea\/#webpage\"},\"wordCount\":113,\"commentCount\":0,\"publisher\":{\"@id\":\"https:\/\/aenverdexpress.es\/#organization\"},\"image\":{\"@id\":\"https:\/\/aenverde-cp7041.wordpresstemporal.com\/aenverdexpress.es\/2023\/01\/24\/marruecos-muy-cerca-de-alcanzar-a-espana-en-la-venta-de-tomate-a-la-union-europea\/#primaryimage\"},\"thumbnailUrl\":\"https:\/\/aenverde-cp7041.wordpresstemporal.com\/aenverdexpress.es\/wp-content\/uploads\/2023\/01\/Tomate-en-cajaI.jpg\",\"keywords\":[\"Marruecos\",\"tomate\"],\"articleSection\":[\"Mercados\"],\"inLanguage\":\"es\",\"potentialAction\":[{\"@type\":\"CommentAction\",\"name\":\"Comment\",\"target\":[\"https:\/\/aenverde-cp7041.wordpresstemporal.com\/aenverdexpress.es\/2023\/01\/24\/marruecos-muy-cerca-de-alcanzar-a-espana-en-la-venta-de-tomate-a-la-union-europea\/#respond\"]}]},{\"@type\":\"Person\",\"@id\":\"https:\/\/aenverdexpress.es\/#\/schema\/person\/7220664746e3c774cb3c4e5f81fc4ba0\",\"name\":\"REDACCI\u00d3N AENVERDE\",\"image\":{\"@type\":\"ImageObject\",\"@id\":\"https:\/\/aenverdexpress.es\/#personlogo\",\"inLanguage\":\"es\",\"url\":\"https:\/\/secure.gravatar.com\/avatar\/82de37537a82ee30b014773728d8502cf11180bc1ea2f0a301ec70ebe59ea3e5?s=96&d=mm&r=g\",\"contentUrl\":\"https:\/\/secure.gravatar.com\/avatar\/82de37537a82ee30b014773728d8502cf11180bc1ea2f0a301ec70ebe59ea3e5?s=96&d=mm&r=g\",\"caption\":\"REDACCI\u00d3N AENVERDE\"},\"url\":\"https:\/\/aenverde-cp7041.wordpresstemporal.com\/aenverdexpress.es\/author\/damian\/\"}]}<\/script>\n<!-- \/ Yoast SEO plugin. -->","yoast_head_json":{"title":"Marruecos, muy cerca de alcanzar a Espa\u00f1a en la\u00a0venta de tomate a la Uni\u00f3n Europea - Aenverde Express","robots":{"index":"index","follow":"follow","max-snippet":"max-snippet:-1","max-image-preview":"max-image-preview:large","max-video-preview":"max-video-preview:-1"},"canonical":"https:\/\/aenverde-cp7041.wordpresstemporal.com\/aenverdexpress.es\/2023\/01\/24\/marruecos-muy-cerca-de-alcanzar-a-espana-en-la-venta-de-tomate-a-la-union-europea\/","og_locale":"es_ES","og_type":"article","og_title":"Marruecos, muy cerca de alcanzar a Espa\u00f1a en la\u00a0venta de tomate a la Uni\u00f3n Europea - Aenverde Express","og_description":"Marruecos ya casi iguala a Espa\u00f1a en el volumen de tomate vendido a los Estados miembro de la Uni\u00f3n Europea (UE), seg\u00fan se desprende del informe realizado por&nbsp;Hortoinfo, utilizando datos procedentes del servicio estad\u00edstico&nbsp;Euroestacom (Icex-Eurostat), con c\u00f3digos del Arancel Integrado de las Comunidades Europeas \u2013 TARIC. En los \u00faltimos cinco a\u00f1os, teniendo en cuenta el [&hellip;]","og_url":"https:\/\/aenverde-cp7041.wordpresstemporal.com\/aenverdexpress.es\/2023\/01\/24\/marruecos-muy-cerca-de-alcanzar-a-espana-en-la-venta-de-tomate-a-la-union-europea\/","og_site_name":"Aenverde Express","article_published_time":"2023-01-24T07:07:54+00:00","article_modified_time":"2023-01-24T07:07:55+00:00","og_image":[{"width":800,"height":450,"url":"https:\/\/aenverde-cp7041.wordpresstemporal.com\/aenverdexpress.es\/wp-content\/uploads\/2023\/01\/Tomate-en-cajaI.jpg","type":"image\/jpeg"}],"twitter_card":"summary_large_image","twitter_misc":{"Escrito por":"REDACCI\u00d3N AENVERDE","Tiempo de lectura":"1 minuto"},"schema":{"@context":"https:\/\/schema.org","@graph":[{"@type":"Organization","@id":"https:\/\/aenverdexpress.es\/#organization","name":"AENVERDE","url":"https:\/\/aenverdexpress.es\/","sameAs":[],"logo":{"@type":"ImageObject","@id":"https:\/\/aenverdexpress.es\/#logo","inLanguage":"es","url":"https:\/\/aenverdexpress.es\/wp-content\/uploads\/2021\/12\/A-EN-VERDE-LOGO-FONDO-1DB954-01-1024x1024-1.jpg","contentUrl":"https:\/\/aenverdexpress.es\/wp-content\/uploads\/2021\/12\/A-EN-VERDE-LOGO-FONDO-1DB954-01-1024x1024-1.jpg","width":1024,"height":1024,"caption":"AENVERDE"},"image":{"@id":"https:\/\/aenverdexpress.es\/#logo"}},{"@type":"WebSite","@id":"https:\/\/aenverdexpress.es\/#website","url":"https:\/\/aenverdexpress.es\/","name":"Aenverde Express","description":"","publisher":{"@id":"https:\/\/aenverdexpress.es\/#organization"},"potentialAction":[{"@type":"SearchAction","target":{"@type":"EntryPoint","urlTemplate":"https:\/\/aenverdexpress.es\/?s={search_term_string}"},"query-input":"required name=search_term_string"}],"inLanguage":"es"},{"@type":"ImageObject","@id":"https:\/\/aenverde-cp7041.wordpresstemporal.com\/aenverdexpress.es\/2023\/01\/24\/marruecos-muy-cerca-de-alcanzar-a-espana-en-la-venta-de-tomate-a-la-union-europea\/#primaryimage","inLanguage":"es","url":"https:\/\/aenverde-cp7041.wordpresstemporal.com\/aenverdexpress.es\/wp-content\/uploads\/2023\/01\/Tomate-en-cajaI.jpg","contentUrl":"https:\/\/aenverde-cp7041.wordpresstemporal.com\/aenverdexpress.es\/wp-content\/uploads\/2023\/01\/Tomate-en-cajaI.jpg","width":800,"height":450},{"@type":"WebPage","@id":"https:\/\/aenverde-cp7041.wordpresstemporal.com\/aenverdexpress.es\/2023\/01\/24\/marruecos-muy-cerca-de-alcanzar-a-espana-en-la-venta-de-tomate-a-la-union-europea\/#webpage","url":"https:\/\/aenverde-cp7041.wordpresstemporal.com\/aenverdexpress.es\/2023\/01\/24\/marruecos-muy-cerca-de-alcanzar-a-espana-en-la-venta-de-tomate-a-la-union-europea\/","name":"Marruecos, muy cerca de alcanzar a Espa\u00f1a en la\u00a0venta de tomate a la Uni\u00f3n Europea - Aenverde Express","isPartOf":{"@id":"https:\/\/aenverdexpress.es\/#website"},"primaryImageOfPage":{"@id":"https:\/\/aenverde-cp7041.wordpresstemporal.com\/aenverdexpress.es\/2023\/01\/24\/marruecos-muy-cerca-de-alcanzar-a-espana-en-la-venta-de-tomate-a-la-union-europea\/#primaryimage"},"datePublished":"2023-01-24T07:07:54+00:00","dateModified":"2023-01-24T07:07:55+00:00","breadcrumb":{"@id":"https:\/\/aenverde-cp7041.wordpresstemporal.com\/aenverdexpress.es\/2023\/01\/24\/marruecos-muy-cerca-de-alcanzar-a-espana-en-la-venta-de-tomate-a-la-union-europea\/#breadcrumb"},"inLanguage":"es","potentialAction":[{"@type":"ReadAction","target":["https:\/\/aenverde-cp7041.wordpresstemporal.com\/aenverdexpress.es\/2023\/01\/24\/marruecos-muy-cerca-de-alcanzar-a-espana-en-la-venta-de-tomate-a-la-union-europea\/"]}]},{"@type":"BreadcrumbList","@id":"https:\/\/aenverde-cp7041.wordpresstemporal.com\/aenverdexpress.es\/2023\/01\/24\/marruecos-muy-cerca-de-alcanzar-a-espana-en-la-venta-de-tomate-a-la-union-europea\/#breadcrumb","itemListElement":[{"@type":"ListItem","position":1,"name":"Portada","item":"https:\/\/aenverdexpress.es\/"},{"@type":"ListItem","position":2,"name":"Marruecos, muy cerca de alcanzar a Espa\u00f1a en la\u00a0venta de tomate a la Uni\u00f3n Europea"}]},{"@type":"Article","@id":"https:\/\/aenverde-cp7041.wordpresstemporal.com\/aenverdexpress.es\/2023\/01\/24\/marruecos-muy-cerca-de-alcanzar-a-espana-en-la-venta-de-tomate-a-la-union-europea\/#article","isPartOf":{"@id":"https:\/\/aenverde-cp7041.wordpresstemporal.com\/aenverdexpress.es\/2023\/01\/24\/marruecos-muy-cerca-de-alcanzar-a-espana-en-la-venta-de-tomate-a-la-union-europea\/#webpage"},"author":{"@id":"https:\/\/aenverdexpress.es\/#\/schema\/person\/7220664746e3c774cb3c4e5f81fc4ba0"},"headline":"Marruecos, muy cerca de alcanzar a Espa\u00f1a en la\u00a0venta de tomate a la Uni\u00f3n Europea","datePublished":"2023-01-24T07:07:54+00:00","dateModified":"2023-01-24T07:07:55+00:00","mainEntityOfPage":{"@id":"https:\/\/aenverde-cp7041.wordpresstemporal.com\/aenverdexpress.es\/2023\/01\/24\/marruecos-muy-cerca-de-alcanzar-a-espana-en-la-venta-de-tomate-a-la-union-europea\/#webpage"},"wordCount":113,"commentCount":0,"publisher":{"@id":"https:\/\/aenverdexpress.es\/#organization"},"image":{"@id":"https:\/\/aenverde-cp7041.wordpresstemporal.com\/aenverdexpress.es\/2023\/01\/24\/marruecos-muy-cerca-de-alcanzar-a-espana-en-la-venta-de-tomate-a-la-union-europea\/#primaryimage"},"thumbnailUrl":"https:\/\/aenverde-cp7041.wordpresstemporal.com\/aenverdexpress.es\/wp-content\/uploads\/2023\/01\/Tomate-en-cajaI.jpg","keywords":["Marruecos","tomate"],"articleSection":["Mercados"],"inLanguage":"es","potentialAction":[{"@type":"CommentAction","name":"Comment","target":["https:\/\/aenverde-cp7041.wordpresstemporal.com\/aenverdexpress.es\/2023\/01\/24\/marruecos-muy-cerca-de-alcanzar-a-espana-en-la-venta-de-tomate-a-la-union-europea\/#respond"]}]},{"@type":"Person","@id":"https:\/\/aenverdexpress.es\/#\/schema\/person\/7220664746e3c774cb3c4e5f81fc4ba0","name":"REDACCI\u00d3N AENVERDE","image":{"@type":"ImageObject","@id":"https:\/\/aenverdexpress.es\/#personlogo","inLanguage":"es","url":"https:\/\/secure.gravatar.com\/avatar\/82de37537a82ee30b014773728d8502cf11180bc1ea2f0a301ec70ebe59ea3e5?s=96&d=mm&r=g","contentUrl":"https:\/\/secure.gravatar.com\/avatar\/82de37537a82ee30b014773728d8502cf11180bc1ea2f0a301ec70ebe59ea3e5?s=96&d=mm&r=g","caption":"REDACCI\u00d3N AENVERDE"},"url":"https:\/\/aenverde-cp7041.wordpresstemporal.com\/aenverdexpress.es\/author\/damian\/"}]}},"builder_content":"","_links":{"self":[{"href":"https:\/\/aenverde-cp7041.wordpresstemporal.com\/aenverdexpress.es\/wp-json\/wp\/v2\/posts\/4581","targetHints":{"allow":["GET"]}}],"collection":[{"href":"https:\/\/aenverde-cp7041.wordpresstemporal.com\/aenverdexpress.es\/wp-json\/wp\/v2\/posts"}],"about":[{"href":"https:\/\/aenverde-cp7041.wordpresstemporal.com\/aenverdexpress.es\/wp-json\/wp\/v2\/types\/post"}],"author":[{"embeddable":true,"href":"https:\/\/aenverde-cp7041.wordpresstemporal.com\/aenverdexpress.es\/wp-json\/wp\/v2\/users\/2"}],"replies":[{"embeddable":true,"href":"https:\/\/aenverde-cp7041.wordpresstemporal.com\/aenverdexpress.es\/wp-json\/wp\/v2\/comments?post=4581"}],"version-history":[{"count":2,"href":"https:\/\/aenverde-cp7041.wordpresstemporal.com\/aenverdexpress.es\/wp-json\/wp\/v2\/posts\/4581\/revisions"}],"predecessor-version":[{"id":4584,"href":"https:\/\/aenverde-cp7041.wordpresstemporal.com\/aenverdexpress.es\/wp-json\/wp\/v2\/posts\/4581\/revisions\/4584"}],"wp:featuredmedia":[{"embeddable":true,"href":"https:\/\/aenverde-cp7041.wordpresstemporal.com\/aenverdexpress.es\/wp-json\/wp\/v2\/media\/4582"}],"wp:attachment":[{"href":"https:\/\/aenverde-cp7041.wordpresstemporal.com\/aenverdexpress.es\/wp-json\/wp\/v2\/media?parent=4581"}],"wp:term":[{"taxonomy":"category","embeddable":true,"href":"https:\/\/aenverde-cp7041.wordpresstemporal.com\/aenverdexpress.es\/wp-json\/wp\/v2\/categories?post=4581"},{"taxonomy":"post_tag","embeddable":true,"href":"https:\/\/aenverde-cp7041.wordpresstemporal.com\/aenverdexpress.es\/wp-json\/wp\/v2\/tags?post=4581"}],"curies":[{"name":"wp","href":"https:\/\/api.w.org\/{rel}","templated":true}]}}