{"id":4985,"date":"2023-03-09T07:33:01","date_gmt":"2023-03-09T07:33:01","guid":{"rendered":"https:\/\/aenverdexpress.es\/?p=4985"},"modified":"2023-03-09T07:33:01","modified_gmt":"2023-03-09T07:33:01","slug":"los-cultivos-de-invernadero-en-andalucia-a-primeros-de-marzo","status":"publish","type":"post","link":"https:\/\/aenverde-cp7041.wordpresstemporal.com\/aenverdexpress.es\/2023\/03\/09\/los-cultivos-de-invernadero-en-andalucia-a-primeros-de-marzo\/","title":{"rendered":"<strong>Los cultivos de invernadero<\/strong>\u00a0en Andaluc\u00eda a\u00a0<em>primeros de marzo<\/em>"},"content":{"rendered":"<!--themify_builder_content-->\n<div id=\"themify_builder_content-4985\" data-postid=\"4985\" class=\"themify_builder_content themify_builder_content-4985 themify_builder tf_clear\">\n    <\/div>\n<!--\/themify_builder_content-->\n\n\n<p class=\"wp-block-paragraph\"><strong>El departamento de Informaci\u00f3n Agraria y Pesquera de Andaluc\u00eda elabora cada semana un informe sobre el estado fenol\u00f3gico de los cultivos de invernadero<\/strong>. As\u00ed era su situaci\u00f3n desde el 27 de febrero al 5 de marzo.<\/p>\n\n\n\n<p class=\"wp-block-paragraph\">En los cultivos hort\u00edcolas protegidos del Poniente Almeriense, la campa\u00f1a del\u00a0<strong>pimiento<\/strong>\u00a0California rojo y amarillo estaba muy avanzada, llegando al 80-90% en las zonas m\u00e1s tempranas como Adra, Dalias y Berja. Hab\u00eda poco g\u00e9nero y ten\u00eda buenas cotizaciones.<\/p>\n\n\n\n<p class=\"wp-block-paragraph\"><strong>M\u00e1s informaci\u00f3n <a href=\"https:\/\/www.aenverde.es\/los-cultivos-de-invernadero-en-andalucia-a-primeros-de-marzo\/\" target=\"_blank\" rel=\"noreferrer noopener\">aqu\u00ed<\/a>.<\/strong><\/p>","protected":false},"excerpt":{"rendered":"<p>El departamento de Informaci\u00f3n Agraria y Pesquera de Andaluc\u00eda elabora cada semana un informe sobre el estado fenol\u00f3gico de los cultivos de invernadero. As\u00ed era su situaci\u00f3n desde el 27 de febrero al 5 de marzo. En los cultivos hort\u00edcolas protegidos del Poniente Almeriense, la campa\u00f1a del\u00a0pimiento\u00a0California rojo y amarillo estaba muy avanzada, llegando al [&hellip;]<\/p>\n","protected":false},"author":2,"featured_media":4986,"comment_status":"open","ping_status":"open","sticky":false,"template":"","format":"standard","meta":{"footnotes":""},"categories":[11],"tags":[24],"class_list":["post-4985","post","type-post","status-publish","format-standard","has-post-thumbnail","hentry","category-actualidad","tag-cultivos-de-invernadero","has-post-title","has-post-date","has-post-category","has-post-tag","has-post-comment","has-post-author",""],"yoast_head":"<!-- This site is optimized with the Yoast SEO plugin v18.2 - https:\/\/yoast.com\/wordpress\/plugins\/seo\/ -->\n<title>Los cultivos de invernadero\u00a0en Andaluc\u00eda a\u00a0primeros de marzo - Aenverde Express<\/title>\n<meta name=\"robots\" content=\"index, follow, max-snippet:-1, max-image-preview:large, max-video-preview:-1\" \/>\n<link rel=\"canonical\" href=\"https:\/\/aenverde-cp7041.wordpresstemporal.com\/aenverdexpress.es\/2023\/03\/09\/los-cultivos-de-invernadero-en-andalucia-a-primeros-de-marzo\/\" \/>\n<meta property=\"og:locale\" content=\"es_ES\" \/>\n<meta property=\"og:type\" content=\"article\" \/>\n<meta property=\"og:title\" content=\"Los cultivos de invernadero\u00a0en Andaluc\u00eda a\u00a0primeros de marzo - Aenverde Express\" \/>\n<meta property=\"og:description\" content=\"El departamento de Informaci\u00f3n Agraria y Pesquera de Andaluc\u00eda elabora cada semana un informe sobre el estado fenol\u00f3gico de los cultivos de invernadero. As\u00ed era su situaci\u00f3n desde el 27 de febrero al 5 de marzo. En los cultivos hort\u00edcolas protegidos del Poniente Almeriense, la campa\u00f1a del\u00a0pimiento\u00a0California rojo y amarillo estaba muy avanzada, llegando al [&hellip;]\" \/>\n<meta property=\"og:url\" content=\"https:\/\/aenverde-cp7041.wordpresstemporal.com\/aenverdexpress.es\/2023\/03\/09\/los-cultivos-de-invernadero-en-andalucia-a-primeros-de-marzo\/\" \/>\n<meta property=\"og:site_name\" content=\"Aenverde Express\" \/>\n<meta property=\"article:published_time\" content=\"2023-03-09T07:33:01+00:00\" \/>\n<meta name=\"twitter:card\" content=\"summary_large_image\" \/>\n<meta name=\"twitter:image\" content=\"https:\/\/aenverde-cp7041.wordpresstemporal.com\/aenverdexpress.es\/wp-content\/uploads\/2023\/03\/Tomates.webp\" \/>\n<meta name=\"twitter:label1\" content=\"Escrito por\" \/>\n\t<meta name=\"twitter:data1\" content=\"REDACCI\u00d3N AENVERDE\" \/>\n\t<meta name=\"twitter:label2\" content=\"Tiempo de lectura\" \/>\n\t<meta name=\"twitter:data2\" content=\"1 minuto\" \/>\n<script type=\"application\/ld+json\" class=\"yoast-schema-graph\">{\"@context\":\"https:\/\/schema.org\",\"@graph\":[{\"@type\":\"Organization\",\"@id\":\"https:\/\/aenverdexpress.es\/#organization\",\"name\":\"AENVERDE\",\"url\":\"https:\/\/aenverdexpress.es\/\",\"sameAs\":[],\"logo\":{\"@type\":\"ImageObject\",\"@id\":\"https:\/\/aenverdexpress.es\/#logo\",\"inLanguage\":\"es\",\"url\":\"https:\/\/aenverdexpress.es\/wp-content\/uploads\/2021\/12\/A-EN-VERDE-LOGO-FONDO-1DB954-01-1024x1024-1.jpg\",\"contentUrl\":\"https:\/\/aenverdexpress.es\/wp-content\/uploads\/2021\/12\/A-EN-VERDE-LOGO-FONDO-1DB954-01-1024x1024-1.jpg\",\"width\":1024,\"height\":1024,\"caption\":\"AENVERDE\"},\"image\":{\"@id\":\"https:\/\/aenverdexpress.es\/#logo\"}},{\"@type\":\"WebSite\",\"@id\":\"https:\/\/aenverdexpress.es\/#website\",\"url\":\"https:\/\/aenverdexpress.es\/\",\"name\":\"Aenverde Express\",\"description\":\"\",\"publisher\":{\"@id\":\"https:\/\/aenverdexpress.es\/#organization\"},\"potentialAction\":[{\"@type\":\"SearchAction\",\"target\":{\"@type\":\"EntryPoint\",\"urlTemplate\":\"https:\/\/aenverdexpress.es\/?s={search_term_string}\"},\"query-input\":\"required name=search_term_string\"}],\"inLanguage\":\"es\"},{\"@type\":\"ImageObject\",\"@id\":\"https:\/\/aenverde-cp7041.wordpresstemporal.com\/aenverdexpress.es\/2023\/03\/09\/los-cultivos-de-invernadero-en-andalucia-a-primeros-de-marzo\/#primaryimage\",\"inLanguage\":\"es\",\"url\":\"https:\/\/aenverde-cp7041.wordpresstemporal.com\/aenverdexpress.es\/wp-content\/uploads\/2023\/03\/Tomates.webp\",\"contentUrl\":\"https:\/\/aenverde-cp7041.wordpresstemporal.com\/aenverdexpress.es\/wp-content\/uploads\/2023\/03\/Tomates.webp\",\"width\":1024,\"height\":564,\"caption\":\"Tomates\"},{\"@type\":\"WebPage\",\"@id\":\"https:\/\/aenverde-cp7041.wordpresstemporal.com\/aenverdexpress.es\/2023\/03\/09\/los-cultivos-de-invernadero-en-andalucia-a-primeros-de-marzo\/#webpage\",\"url\":\"https:\/\/aenverde-cp7041.wordpresstemporal.com\/aenverdexpress.es\/2023\/03\/09\/los-cultivos-de-invernadero-en-andalucia-a-primeros-de-marzo\/\",\"name\":\"Los cultivos de invernadero\u00a0en Andaluc\u00eda a\u00a0primeros de marzo - Aenverde Express\",\"isPartOf\":{\"@id\":\"https:\/\/aenverdexpress.es\/#website\"},\"primaryImageOfPage\":{\"@id\":\"https:\/\/aenverde-cp7041.wordpresstemporal.com\/aenverdexpress.es\/2023\/03\/09\/los-cultivos-de-invernadero-en-andalucia-a-primeros-de-marzo\/#primaryimage\"},\"datePublished\":\"2023-03-09T07:33:01+00:00\",\"dateModified\":\"2023-03-09T07:33:01+00:00\",\"breadcrumb\":{\"@id\":\"https:\/\/aenverde-cp7041.wordpresstemporal.com\/aenverdexpress.es\/2023\/03\/09\/los-cultivos-de-invernadero-en-andalucia-a-primeros-de-marzo\/#breadcrumb\"},\"inLanguage\":\"es\",\"potentialAction\":[{\"@type\":\"ReadAction\",\"target\":[\"https:\/\/aenverde-cp7041.wordpresstemporal.com\/aenverdexpress.es\/2023\/03\/09\/los-cultivos-de-invernadero-en-andalucia-a-primeros-de-marzo\/\"]}]},{\"@type\":\"BreadcrumbList\",\"@id\":\"https:\/\/aenverde-cp7041.wordpresstemporal.com\/aenverdexpress.es\/2023\/03\/09\/los-cultivos-de-invernadero-en-andalucia-a-primeros-de-marzo\/#breadcrumb\",\"itemListElement\":[{\"@type\":\"ListItem\",\"position\":1,\"name\":\"Portada\",\"item\":\"https:\/\/aenverdexpress.es\/\"},{\"@type\":\"ListItem\",\"position\":2,\"name\":\"Los cultivos de invernadero\u00a0en Andaluc\u00eda a\u00a0primeros de marzo\"}]},{\"@type\":\"Article\",\"@id\":\"https:\/\/aenverde-cp7041.wordpresstemporal.com\/aenverdexpress.es\/2023\/03\/09\/los-cultivos-de-invernadero-en-andalucia-a-primeros-de-marzo\/#article\",\"isPartOf\":{\"@id\":\"https:\/\/aenverde-cp7041.wordpresstemporal.com\/aenverdexpress.es\/2023\/03\/09\/los-cultivos-de-invernadero-en-andalucia-a-primeros-de-marzo\/#webpage\"},\"author\":{\"@id\":\"https:\/\/aenverdexpress.es\/#\/schema\/person\/7220664746e3c774cb3c4e5f81fc4ba0\"},\"headline\":\"Los cultivos de invernadero\u00a0en Andaluc\u00eda a\u00a0primeros de marzo\",\"datePublished\":\"2023-03-09T07:33:01+00:00\",\"dateModified\":\"2023-03-09T07:33:01+00:00\",\"mainEntityOfPage\":{\"@id\":\"https:\/\/aenverde-cp7041.wordpresstemporal.com\/aenverdexpress.es\/2023\/03\/09\/los-cultivos-de-invernadero-en-andalucia-a-primeros-de-marzo\/#webpage\"},\"wordCount\":99,\"commentCount\":0,\"publisher\":{\"@id\":\"https:\/\/aenverdexpress.es\/#organization\"},\"image\":{\"@id\":\"https:\/\/aenverde-cp7041.wordpresstemporal.com\/aenverdexpress.es\/2023\/03\/09\/los-cultivos-de-invernadero-en-andalucia-a-primeros-de-marzo\/#primaryimage\"},\"thumbnailUrl\":\"https:\/\/aenverde-cp7041.wordpresstemporal.com\/aenverdexpress.es\/wp-content\/uploads\/2023\/03\/Tomates.webp\",\"keywords\":[\"cultivos de invernadero\"],\"articleSection\":[\"Actualidad\"],\"inLanguage\":\"es\",\"potentialAction\":[{\"@type\":\"CommentAction\",\"name\":\"Comment\",\"target\":[\"https:\/\/aenverde-cp7041.wordpresstemporal.com\/aenverdexpress.es\/2023\/03\/09\/los-cultivos-de-invernadero-en-andalucia-a-primeros-de-marzo\/#respond\"]}]},{\"@type\":\"Person\",\"@id\":\"https:\/\/aenverdexpress.es\/#\/schema\/person\/7220664746e3c774cb3c4e5f81fc4ba0\",\"name\":\"REDACCI\u00d3N AENVERDE\",\"image\":{\"@type\":\"ImageObject\",\"@id\":\"https:\/\/aenverdexpress.es\/#personlogo\",\"inLanguage\":\"es\",\"url\":\"https:\/\/secure.gravatar.com\/avatar\/82de37537a82ee30b014773728d8502cf11180bc1ea2f0a301ec70ebe59ea3e5?s=96&d=mm&r=g\",\"contentUrl\":\"https:\/\/secure.gravatar.com\/avatar\/82de37537a82ee30b014773728d8502cf11180bc1ea2f0a301ec70ebe59ea3e5?s=96&d=mm&r=g\",\"caption\":\"REDACCI\u00d3N AENVERDE\"},\"url\":\"https:\/\/aenverde-cp7041.wordpresstemporal.com\/aenverdexpress.es\/author\/damian\/\"}]}<\/script>\n<!-- \/ Yoast SEO plugin. -->","yoast_head_json":{"title":"Los cultivos de invernadero\u00a0en Andaluc\u00eda a\u00a0primeros de marzo - Aenverde Express","robots":{"index":"index","follow":"follow","max-snippet":"max-snippet:-1","max-image-preview":"max-image-preview:large","max-video-preview":"max-video-preview:-1"},"canonical":"https:\/\/aenverde-cp7041.wordpresstemporal.com\/aenverdexpress.es\/2023\/03\/09\/los-cultivos-de-invernadero-en-andalucia-a-primeros-de-marzo\/","og_locale":"es_ES","og_type":"article","og_title":"Los cultivos de invernadero\u00a0en Andaluc\u00eda a\u00a0primeros de marzo - Aenverde Express","og_description":"El departamento de Informaci\u00f3n Agraria y Pesquera de Andaluc\u00eda elabora cada semana un informe sobre el estado fenol\u00f3gico de los cultivos de invernadero. As\u00ed era su situaci\u00f3n desde el 27 de febrero al 5 de marzo. En los cultivos hort\u00edcolas protegidos del Poniente Almeriense, la campa\u00f1a del\u00a0pimiento\u00a0California rojo y amarillo estaba muy avanzada, llegando al [&hellip;]","og_url":"https:\/\/aenverde-cp7041.wordpresstemporal.com\/aenverdexpress.es\/2023\/03\/09\/los-cultivos-de-invernadero-en-andalucia-a-primeros-de-marzo\/","og_site_name":"Aenverde Express","article_published_time":"2023-03-09T07:33:01+00:00","twitter_card":"summary_large_image","twitter_image":"https:\/\/aenverde-cp7041.wordpresstemporal.com\/aenverdexpress.es\/wp-content\/uploads\/2023\/03\/Tomates.webp","twitter_misc":{"Escrito por":"REDACCI\u00d3N AENVERDE","Tiempo de lectura":"1 minuto"},"schema":{"@context":"https:\/\/schema.org","@graph":[{"@type":"Organization","@id":"https:\/\/aenverdexpress.es\/#organization","name":"AENVERDE","url":"https:\/\/aenverdexpress.es\/","sameAs":[],"logo":{"@type":"ImageObject","@id":"https:\/\/aenverdexpress.es\/#logo","inLanguage":"es","url":"https:\/\/aenverdexpress.es\/wp-content\/uploads\/2021\/12\/A-EN-VERDE-LOGO-FONDO-1DB954-01-1024x1024-1.jpg","contentUrl":"https:\/\/aenverdexpress.es\/wp-content\/uploads\/2021\/12\/A-EN-VERDE-LOGO-FONDO-1DB954-01-1024x1024-1.jpg","width":1024,"height":1024,"caption":"AENVERDE"},"image":{"@id":"https:\/\/aenverdexpress.es\/#logo"}},{"@type":"WebSite","@id":"https:\/\/aenverdexpress.es\/#website","url":"https:\/\/aenverdexpress.es\/","name":"Aenverde Express","description":"","publisher":{"@id":"https:\/\/aenverdexpress.es\/#organization"},"potentialAction":[{"@type":"SearchAction","target":{"@type":"EntryPoint","urlTemplate":"https:\/\/aenverdexpress.es\/?s={search_term_string}"},"query-input":"required name=search_term_string"}],"inLanguage":"es"},{"@type":"ImageObject","@id":"https:\/\/aenverde-cp7041.wordpresstemporal.com\/aenverdexpress.es\/2023\/03\/09\/los-cultivos-de-invernadero-en-andalucia-a-primeros-de-marzo\/#primaryimage","inLanguage":"es","url":"https:\/\/aenverde-cp7041.wordpresstemporal.com\/aenverdexpress.es\/wp-content\/uploads\/2023\/03\/Tomates.webp","contentUrl":"https:\/\/aenverde-cp7041.wordpresstemporal.com\/aenverdexpress.es\/wp-content\/uploads\/2023\/03\/Tomates.webp","width":1024,"height":564,"caption":"Tomates"},{"@type":"WebPage","@id":"https:\/\/aenverde-cp7041.wordpresstemporal.com\/aenverdexpress.es\/2023\/03\/09\/los-cultivos-de-invernadero-en-andalucia-a-primeros-de-marzo\/#webpage","url":"https:\/\/aenverde-cp7041.wordpresstemporal.com\/aenverdexpress.es\/2023\/03\/09\/los-cultivos-de-invernadero-en-andalucia-a-primeros-de-marzo\/","name":"Los cultivos de invernadero\u00a0en Andaluc\u00eda a\u00a0primeros de marzo - Aenverde Express","isPartOf":{"@id":"https:\/\/aenverdexpress.es\/#website"},"primaryImageOfPage":{"@id":"https:\/\/aenverde-cp7041.wordpresstemporal.com\/aenverdexpress.es\/2023\/03\/09\/los-cultivos-de-invernadero-en-andalucia-a-primeros-de-marzo\/#primaryimage"},"datePublished":"2023-03-09T07:33:01+00:00","dateModified":"2023-03-09T07:33:01+00:00","breadcrumb":{"@id":"https:\/\/aenverde-cp7041.wordpresstemporal.com\/aenverdexpress.es\/2023\/03\/09\/los-cultivos-de-invernadero-en-andalucia-a-primeros-de-marzo\/#breadcrumb"},"inLanguage":"es","potentialAction":[{"@type":"ReadAction","target":["https:\/\/aenverde-cp7041.wordpresstemporal.com\/aenverdexpress.es\/2023\/03\/09\/los-cultivos-de-invernadero-en-andalucia-a-primeros-de-marzo\/"]}]},{"@type":"BreadcrumbList","@id":"https:\/\/aenverde-cp7041.wordpresstemporal.com\/aenverdexpress.es\/2023\/03\/09\/los-cultivos-de-invernadero-en-andalucia-a-primeros-de-marzo\/#breadcrumb","itemListElement":[{"@type":"ListItem","position":1,"name":"Portada","item":"https:\/\/aenverdexpress.es\/"},{"@type":"ListItem","position":2,"name":"Los cultivos de invernadero\u00a0en Andaluc\u00eda a\u00a0primeros de marzo"}]},{"@type":"Article","@id":"https:\/\/aenverde-cp7041.wordpresstemporal.com\/aenverdexpress.es\/2023\/03\/09\/los-cultivos-de-invernadero-en-andalucia-a-primeros-de-marzo\/#article","isPartOf":{"@id":"https:\/\/aenverde-cp7041.wordpresstemporal.com\/aenverdexpress.es\/2023\/03\/09\/los-cultivos-de-invernadero-en-andalucia-a-primeros-de-marzo\/#webpage"},"author":{"@id":"https:\/\/aenverdexpress.es\/#\/schema\/person\/7220664746e3c774cb3c4e5f81fc4ba0"},"headline":"Los cultivos de invernadero\u00a0en Andaluc\u00eda a\u00a0primeros de marzo","datePublished":"2023-03-09T07:33:01+00:00","dateModified":"2023-03-09T07:33:01+00:00","mainEntityOfPage":{"@id":"https:\/\/aenverde-cp7041.wordpresstemporal.com\/aenverdexpress.es\/2023\/03\/09\/los-cultivos-de-invernadero-en-andalucia-a-primeros-de-marzo\/#webpage"},"wordCount":99,"commentCount":0,"publisher":{"@id":"https:\/\/aenverdexpress.es\/#organization"},"image":{"@id":"https:\/\/aenverde-cp7041.wordpresstemporal.com\/aenverdexpress.es\/2023\/03\/09\/los-cultivos-de-invernadero-en-andalucia-a-primeros-de-marzo\/#primaryimage"},"thumbnailUrl":"https:\/\/aenverde-cp7041.wordpresstemporal.com\/aenverdexpress.es\/wp-content\/uploads\/2023\/03\/Tomates.webp","keywords":["cultivos de invernadero"],"articleSection":["Actualidad"],"inLanguage":"es","potentialAction":[{"@type":"CommentAction","name":"Comment","target":["https:\/\/aenverde-cp7041.wordpresstemporal.com\/aenverdexpress.es\/2023\/03\/09\/los-cultivos-de-invernadero-en-andalucia-a-primeros-de-marzo\/#respond"]}]},{"@type":"Person","@id":"https:\/\/aenverdexpress.es\/#\/schema\/person\/7220664746e3c774cb3c4e5f81fc4ba0","name":"REDACCI\u00d3N AENVERDE","image":{"@type":"ImageObject","@id":"https:\/\/aenverdexpress.es\/#personlogo","inLanguage":"es","url":"https:\/\/secure.gravatar.com\/avatar\/82de37537a82ee30b014773728d8502cf11180bc1ea2f0a301ec70ebe59ea3e5?s=96&d=mm&r=g","contentUrl":"https:\/\/secure.gravatar.com\/avatar\/82de37537a82ee30b014773728d8502cf11180bc1ea2f0a301ec70ebe59ea3e5?s=96&d=mm&r=g","caption":"REDACCI\u00d3N AENVERDE"},"url":"https:\/\/aenverde-cp7041.wordpresstemporal.com\/aenverdexpress.es\/author\/damian\/"}]}},"builder_content":"","_links":{"self":[{"href":"https:\/\/aenverde-cp7041.wordpresstemporal.com\/aenverdexpress.es\/wp-json\/wp\/v2\/posts\/4985","targetHints":{"allow":["GET"]}}],"collection":[{"href":"https:\/\/aenverde-cp7041.wordpresstemporal.com\/aenverdexpress.es\/wp-json\/wp\/v2\/posts"}],"about":[{"href":"https:\/\/aenverde-cp7041.wordpresstemporal.com\/aenverdexpress.es\/wp-json\/wp\/v2\/types\/post"}],"author":[{"embeddable":true,"href":"https:\/\/aenverde-cp7041.wordpresstemporal.com\/aenverdexpress.es\/wp-json\/wp\/v2\/users\/2"}],"replies":[{"embeddable":true,"href":"https:\/\/aenverde-cp7041.wordpresstemporal.com\/aenverdexpress.es\/wp-json\/wp\/v2\/comments?post=4985"}],"version-history":[{"count":2,"href":"https:\/\/aenverde-cp7041.wordpresstemporal.com\/aenverdexpress.es\/wp-json\/wp\/v2\/posts\/4985\/revisions"}],"predecessor-version":[{"id":4988,"href":"https:\/\/aenverde-cp7041.wordpresstemporal.com\/aenverdexpress.es\/wp-json\/wp\/v2\/posts\/4985\/revisions\/4988"}],"wp:featuredmedia":[{"embeddable":true,"href":"https:\/\/aenverde-cp7041.wordpresstemporal.com\/aenverdexpress.es\/wp-json\/wp\/v2\/media\/4986"}],"wp:attachment":[{"href":"https:\/\/aenverde-cp7041.wordpresstemporal.com\/aenverdexpress.es\/wp-json\/wp\/v2\/media?parent=4985"}],"wp:term":[{"taxonomy":"category","embeddable":true,"href":"https:\/\/aenverde-cp7041.wordpresstemporal.com\/aenverdexpress.es\/wp-json\/wp\/v2\/categories?post=4985"},{"taxonomy":"post_tag","embeddable":true,"href":"https:\/\/aenverde-cp7041.wordpresstemporal.com\/aenverdexpress.es\/wp-json\/wp\/v2\/tags?post=4985"}],"curies":[{"name":"wp","href":"https:\/\/api.w.org\/{rel}","templated":true}]}}