{"id":5461,"date":"2023-05-08T06:41:37","date_gmt":"2023-05-08T06:41:37","guid":{"rendered":"https:\/\/aenverdexpress.es\/?p=5461"},"modified":"2023-05-08T06:41:38","modified_gmt":"2023-05-08T06:41:38","slug":"gran-variedad-en-la-exportacion-hortofruticola-del-mes-de-mayo","status":"publish","type":"post","link":"https:\/\/aenverde-cp7041.wordpresstemporal.com\/aenverdexpress.es\/2023\/05\/08\/gran-variedad-en-la-exportacion-hortofruticola-del-mes-de-mayo\/","title":{"rendered":"Gran variedad\u00a0en la\u00a0exportaci\u00f3n hortofrut\u00edcola\u00a0del mes de mayo"},"content":{"rendered":"<!--themify_builder_content-->\n<div id=\"themify_builder_content-5461\" data-postid=\"5461\" class=\"themify_builder_content themify_builder_content-5461 themify_builder tf_clear\">\n    <\/div>\n<!--\/themify_builder_content-->\n\n\n<p class=\"wp-block-paragraph\">El mes de mayo supone para Espa\u00f1a una gran variedad de frutas y hortalizas en exportaci\u00f3n.&nbsp;<strong>M\u00e1s de un mill\u00f3n de toneladas por un valor de 1.563 millones de euros<\/strong>&nbsp;se exportaron en mayo del a\u00f1o pasado, mostrando una tendencia estable en los \u00faltimos cinco a\u00f1os.<\/p>\n\n\n\n<p class=\"wp-block-paragraph\"><strong>El volumen exportado de frutas y hortalizas frescas en los meses de mayo de los \u00faltimos cinco a\u00f1os ha sido bastante estable<\/strong>, situ\u00e1ndose en 2022 en 1,09 millones de toneladas; en 1,1 millones de toneladas en 2021; en 1,06 millones de toneladas en 2020; en 1,2 millones de toneladas en 2019 y en 1,1 millones de toneladas en 2018, seg\u00fan datos del Departamento de Aduanas e Impuestos Especiales, procesados por\u00a0<a href=\"https:\/\/www.fepex.es\/inicio.aspx\" target=\"_blank\" rel=\"noreferrer noopener\">FEPEX<\/a>.<\/p>\n\n\n\n<p class=\"wp-block-paragraph\"><strong>M\u00e1s informaci\u00f3n <a href=\"https:\/\/www.aenverde.es\/gran-variedad-en-la-exportacion-hortofruticola-del-mes-de-mayo\/\" target=\"_blank\" rel=\"noreferrer noopener\">aqu\u00ed<\/a>.<\/strong><\/p>","protected":false},"excerpt":{"rendered":"<p>El mes de mayo supone para Espa\u00f1a una gran variedad de frutas y hortalizas en exportaci\u00f3n.&nbsp;M\u00e1s de un mill\u00f3n de toneladas por un valor de 1.563 millones de euros&nbsp;se exportaron en mayo del a\u00f1o pasado, mostrando una tendencia estable en los \u00faltimos cinco a\u00f1os. El volumen exportado de frutas y hortalizas frescas en los meses [&hellip;]<\/p>\n","protected":false},"author":2,"featured_media":5462,"comment_status":"open","ping_status":"open","sticky":false,"template":"","format":"standard","meta":{"footnotes":""},"categories":[13],"tags":[55],"class_list":["post-5461","post","type-post","status-publish","format-standard","has-post-thumbnail","hentry","category-mercados","tag-exportacion","has-post-title","has-post-date","has-post-category","has-post-tag","has-post-comment","has-post-author",""],"yoast_head":"<!-- This site is optimized with the Yoast SEO plugin v18.2 - https:\/\/yoast.com\/wordpress\/plugins\/seo\/ -->\n<title>Gran variedad\u00a0en la\u00a0exportaci\u00f3n hortofrut\u00edcola\u00a0del mes de mayo - Aenverde Express<\/title>\n<meta name=\"robots\" content=\"index, follow, max-snippet:-1, max-image-preview:large, max-video-preview:-1\" \/>\n<link rel=\"canonical\" href=\"https:\/\/aenverdexpress.es\/2023\/05\/08\/gran-variedad-en-la-exportacion-hortofruticola-del-mes-de-mayo\/\" \/>\n<meta property=\"og:locale\" content=\"es_ES\" \/>\n<meta property=\"og:type\" content=\"article\" \/>\n<meta property=\"og:title\" content=\"Gran variedad\u00a0en la\u00a0exportaci\u00f3n hortofrut\u00edcola\u00a0del mes de mayo - Aenverde Express\" \/>\n<meta property=\"og:description\" content=\"El mes de mayo supone para Espa\u00f1a una gran variedad de frutas y hortalizas en exportaci\u00f3n.&nbsp;M\u00e1s de un mill\u00f3n de toneladas por un valor de 1.563 millones de euros&nbsp;se exportaron en mayo del a\u00f1o pasado, mostrando una tendencia estable en los \u00faltimos cinco a\u00f1os. El volumen exportado de frutas y hortalizas frescas en los meses [&hellip;]\" \/>\n<meta property=\"og:url\" content=\"https:\/\/aenverdexpress.es\/2023\/05\/08\/gran-variedad-en-la-exportacion-hortofruticola-del-mes-de-mayo\/\" \/>\n<meta property=\"og:site_name\" content=\"Aenverde Express\" \/>\n<meta property=\"article:published_time\" content=\"2023-05-08T06:41:37+00:00\" \/>\n<meta property=\"article:modified_time\" content=\"2023-05-08T06:41:38+00:00\" \/>\n<meta property=\"og:image\" content=\"https:\/\/aenverdexpress.es\/wp-content\/uploads\/2023\/05\/Frutas-y-hortalizas_Mercado.jpg\" \/>\n\t<meta property=\"og:image:width\" content=\"1020\" \/>\n\t<meta property=\"og:image:height\" content=\"681\" \/>\n\t<meta property=\"og:image:type\" content=\"image\/jpeg\" \/>\n<meta name=\"twitter:card\" content=\"summary_large_image\" \/>\n<meta name=\"twitter:label1\" content=\"Escrito por\" \/>\n\t<meta name=\"twitter:data1\" content=\"REDACCI\u00d3N AENVERDE\" \/>\n\t<meta name=\"twitter:label2\" content=\"Tiempo de lectura\" \/>\n\t<meta name=\"twitter:data2\" content=\"1 minuto\" \/>\n<script type=\"application\/ld+json\" class=\"yoast-schema-graph\">{\"@context\":\"https:\/\/schema.org\",\"@graph\":[{\"@type\":\"Organization\",\"@id\":\"https:\/\/aenverdexpress.es\/#organization\",\"name\":\"AENVERDE\",\"url\":\"https:\/\/aenverdexpress.es\/\",\"sameAs\":[],\"logo\":{\"@type\":\"ImageObject\",\"@id\":\"https:\/\/aenverdexpress.es\/#logo\",\"inLanguage\":\"es\",\"url\":\"https:\/\/aenverdexpress.es\/wp-content\/uploads\/2021\/12\/A-EN-VERDE-LOGO-FONDO-1DB954-01-1024x1024-1.jpg\",\"contentUrl\":\"https:\/\/aenverdexpress.es\/wp-content\/uploads\/2021\/12\/A-EN-VERDE-LOGO-FONDO-1DB954-01-1024x1024-1.jpg\",\"width\":1024,\"height\":1024,\"caption\":\"AENVERDE\"},\"image\":{\"@id\":\"https:\/\/aenverdexpress.es\/#logo\"}},{\"@type\":\"WebSite\",\"@id\":\"https:\/\/aenverdexpress.es\/#website\",\"url\":\"https:\/\/aenverdexpress.es\/\",\"name\":\"Aenverde Express\",\"description\":\"\",\"publisher\":{\"@id\":\"https:\/\/aenverdexpress.es\/#organization\"},\"potentialAction\":[{\"@type\":\"SearchAction\",\"target\":{\"@type\":\"EntryPoint\",\"urlTemplate\":\"https:\/\/aenverdexpress.es\/?s={search_term_string}\"},\"query-input\":\"required name=search_term_string\"}],\"inLanguage\":\"es\"},{\"@type\":\"ImageObject\",\"@id\":\"https:\/\/aenverdexpress.es\/2023\/05\/08\/gran-variedad-en-la-exportacion-hortofruticola-del-mes-de-mayo\/#primaryimage\",\"inLanguage\":\"es\",\"url\":\"https:\/\/aenverde-cp7041.wordpresstemporal.com\/aenverdexpress.es\/wp-content\/uploads\/2023\/05\/Frutas-y-hortalizas_Mercado.jpg\",\"contentUrl\":\"https:\/\/aenverde-cp7041.wordpresstemporal.com\/aenverdexpress.es\/wp-content\/uploads\/2023\/05\/Frutas-y-hortalizas_Mercado.jpg\",\"width\":1020,\"height\":681},{\"@type\":\"WebPage\",\"@id\":\"https:\/\/aenverdexpress.es\/2023\/05\/08\/gran-variedad-en-la-exportacion-hortofruticola-del-mes-de-mayo\/#webpage\",\"url\":\"https:\/\/aenverdexpress.es\/2023\/05\/08\/gran-variedad-en-la-exportacion-hortofruticola-del-mes-de-mayo\/\",\"name\":\"Gran variedad\u00a0en la\u00a0exportaci\u00f3n hortofrut\u00edcola\u00a0del mes de mayo - Aenverde Express\",\"isPartOf\":{\"@id\":\"https:\/\/aenverdexpress.es\/#website\"},\"primaryImageOfPage\":{\"@id\":\"https:\/\/aenverdexpress.es\/2023\/05\/08\/gran-variedad-en-la-exportacion-hortofruticola-del-mes-de-mayo\/#primaryimage\"},\"datePublished\":\"2023-05-08T06:41:37+00:00\",\"dateModified\":\"2023-05-08T06:41:38+00:00\",\"breadcrumb\":{\"@id\":\"https:\/\/aenverdexpress.es\/2023\/05\/08\/gran-variedad-en-la-exportacion-hortofruticola-del-mes-de-mayo\/#breadcrumb\"},\"inLanguage\":\"es\",\"potentialAction\":[{\"@type\":\"ReadAction\",\"target\":[\"https:\/\/aenverdexpress.es\/2023\/05\/08\/gran-variedad-en-la-exportacion-hortofruticola-del-mes-de-mayo\/\"]}]},{\"@type\":\"BreadcrumbList\",\"@id\":\"https:\/\/aenverdexpress.es\/2023\/05\/08\/gran-variedad-en-la-exportacion-hortofruticola-del-mes-de-mayo\/#breadcrumb\",\"itemListElement\":[{\"@type\":\"ListItem\",\"position\":1,\"name\":\"Portada\",\"item\":\"https:\/\/aenverdexpress.es\/\"},{\"@type\":\"ListItem\",\"position\":2,\"name\":\"Gran variedad\u00a0en la\u00a0exportaci\u00f3n hortofrut\u00edcola\u00a0del mes de mayo\"}]},{\"@type\":\"Article\",\"@id\":\"https:\/\/aenverdexpress.es\/2023\/05\/08\/gran-variedad-en-la-exportacion-hortofruticola-del-mes-de-mayo\/#article\",\"isPartOf\":{\"@id\":\"https:\/\/aenverdexpress.es\/2023\/05\/08\/gran-variedad-en-la-exportacion-hortofruticola-del-mes-de-mayo\/#webpage\"},\"author\":{\"@id\":\"https:\/\/aenverdexpress.es\/#\/schema\/person\/7220664746e3c774cb3c4e5f81fc4ba0\"},\"headline\":\"Gran variedad\u00a0en la\u00a0exportaci\u00f3n hortofrut\u00edcola\u00a0del mes de mayo\",\"datePublished\":\"2023-05-08T06:41:37+00:00\",\"dateModified\":\"2023-05-08T06:41:38+00:00\",\"mainEntityOfPage\":{\"@id\":\"https:\/\/aenverdexpress.es\/2023\/05\/08\/gran-variedad-en-la-exportacion-hortofruticola-del-mes-de-mayo\/#webpage\"},\"wordCount\":134,\"commentCount\":0,\"publisher\":{\"@id\":\"https:\/\/aenverdexpress.es\/#organization\"},\"image\":{\"@id\":\"https:\/\/aenverdexpress.es\/2023\/05\/08\/gran-variedad-en-la-exportacion-hortofruticola-del-mes-de-mayo\/#primaryimage\"},\"thumbnailUrl\":\"https:\/\/aenverde-cp7041.wordpresstemporal.com\/aenverdexpress.es\/wp-content\/uploads\/2023\/05\/Frutas-y-hortalizas_Mercado.jpg\",\"keywords\":[\"exportaci\u00f3n\"],\"articleSection\":[\"Mercados\"],\"inLanguage\":\"es\",\"potentialAction\":[{\"@type\":\"CommentAction\",\"name\":\"Comment\",\"target\":[\"https:\/\/aenverdexpress.es\/2023\/05\/08\/gran-variedad-en-la-exportacion-hortofruticola-del-mes-de-mayo\/#respond\"]}]},{\"@type\":\"Person\",\"@id\":\"https:\/\/aenverdexpress.es\/#\/schema\/person\/7220664746e3c774cb3c4e5f81fc4ba0\",\"name\":\"REDACCI\u00d3N AENVERDE\",\"image\":{\"@type\":\"ImageObject\",\"@id\":\"https:\/\/aenverdexpress.es\/#personlogo\",\"inLanguage\":\"es\",\"url\":\"https:\/\/secure.gravatar.com\/avatar\/82de37537a82ee30b014773728d8502cf11180bc1ea2f0a301ec70ebe59ea3e5?s=96&d=mm&r=g\",\"contentUrl\":\"https:\/\/secure.gravatar.com\/avatar\/82de37537a82ee30b014773728d8502cf11180bc1ea2f0a301ec70ebe59ea3e5?s=96&d=mm&r=g\",\"caption\":\"REDACCI\u00d3N AENVERDE\"},\"url\":\"https:\/\/aenverde-cp7041.wordpresstemporal.com\/aenverdexpress.es\/author\/damian\/\"}]}<\/script>\n<!-- \/ Yoast SEO plugin. -->","yoast_head_json":{"title":"Gran variedad\u00a0en la\u00a0exportaci\u00f3n hortofrut\u00edcola\u00a0del mes de mayo - Aenverde Express","robots":{"index":"index","follow":"follow","max-snippet":"max-snippet:-1","max-image-preview":"max-image-preview:large","max-video-preview":"max-video-preview:-1"},"canonical":"https:\/\/aenverdexpress.es\/2023\/05\/08\/gran-variedad-en-la-exportacion-hortofruticola-del-mes-de-mayo\/","og_locale":"es_ES","og_type":"article","og_title":"Gran variedad\u00a0en la\u00a0exportaci\u00f3n hortofrut\u00edcola\u00a0del mes de mayo - Aenverde Express","og_description":"El mes de mayo supone para Espa\u00f1a una gran variedad de frutas y hortalizas en exportaci\u00f3n.&nbsp;M\u00e1s de un mill\u00f3n de toneladas por un valor de 1.563 millones de euros&nbsp;se exportaron en mayo del a\u00f1o pasado, mostrando una tendencia estable en los \u00faltimos cinco a\u00f1os. El volumen exportado de frutas y hortalizas frescas en los meses [&hellip;]","og_url":"https:\/\/aenverdexpress.es\/2023\/05\/08\/gran-variedad-en-la-exportacion-hortofruticola-del-mes-de-mayo\/","og_site_name":"Aenverde Express","article_published_time":"2023-05-08T06:41:37+00:00","article_modified_time":"2023-05-08T06:41:38+00:00","og_image":[{"width":1020,"height":681,"url":"https:\/\/aenverdexpress.es\/wp-content\/uploads\/2023\/05\/Frutas-y-hortalizas_Mercado.jpg","type":"image\/jpeg"}],"twitter_card":"summary_large_image","twitter_misc":{"Escrito por":"REDACCI\u00d3N AENVERDE","Tiempo de lectura":"1 minuto"},"schema":{"@context":"https:\/\/schema.org","@graph":[{"@type":"Organization","@id":"https:\/\/aenverdexpress.es\/#organization","name":"AENVERDE","url":"https:\/\/aenverdexpress.es\/","sameAs":[],"logo":{"@type":"ImageObject","@id":"https:\/\/aenverdexpress.es\/#logo","inLanguage":"es","url":"https:\/\/aenverdexpress.es\/wp-content\/uploads\/2021\/12\/A-EN-VERDE-LOGO-FONDO-1DB954-01-1024x1024-1.jpg","contentUrl":"https:\/\/aenverdexpress.es\/wp-content\/uploads\/2021\/12\/A-EN-VERDE-LOGO-FONDO-1DB954-01-1024x1024-1.jpg","width":1024,"height":1024,"caption":"AENVERDE"},"image":{"@id":"https:\/\/aenverdexpress.es\/#logo"}},{"@type":"WebSite","@id":"https:\/\/aenverdexpress.es\/#website","url":"https:\/\/aenverdexpress.es\/","name":"Aenverde Express","description":"","publisher":{"@id":"https:\/\/aenverdexpress.es\/#organization"},"potentialAction":[{"@type":"SearchAction","target":{"@type":"EntryPoint","urlTemplate":"https:\/\/aenverdexpress.es\/?s={search_term_string}"},"query-input":"required name=search_term_string"}],"inLanguage":"es"},{"@type":"ImageObject","@id":"https:\/\/aenverdexpress.es\/2023\/05\/08\/gran-variedad-en-la-exportacion-hortofruticola-del-mes-de-mayo\/#primaryimage","inLanguage":"es","url":"https:\/\/aenverde-cp7041.wordpresstemporal.com\/aenverdexpress.es\/wp-content\/uploads\/2023\/05\/Frutas-y-hortalizas_Mercado.jpg","contentUrl":"https:\/\/aenverde-cp7041.wordpresstemporal.com\/aenverdexpress.es\/wp-content\/uploads\/2023\/05\/Frutas-y-hortalizas_Mercado.jpg","width":1020,"height":681},{"@type":"WebPage","@id":"https:\/\/aenverdexpress.es\/2023\/05\/08\/gran-variedad-en-la-exportacion-hortofruticola-del-mes-de-mayo\/#webpage","url":"https:\/\/aenverdexpress.es\/2023\/05\/08\/gran-variedad-en-la-exportacion-hortofruticola-del-mes-de-mayo\/","name":"Gran variedad\u00a0en la\u00a0exportaci\u00f3n hortofrut\u00edcola\u00a0del mes de mayo - Aenverde Express","isPartOf":{"@id":"https:\/\/aenverdexpress.es\/#website"},"primaryImageOfPage":{"@id":"https:\/\/aenverdexpress.es\/2023\/05\/08\/gran-variedad-en-la-exportacion-hortofruticola-del-mes-de-mayo\/#primaryimage"},"datePublished":"2023-05-08T06:41:37+00:00","dateModified":"2023-05-08T06:41:38+00:00","breadcrumb":{"@id":"https:\/\/aenverdexpress.es\/2023\/05\/08\/gran-variedad-en-la-exportacion-hortofruticola-del-mes-de-mayo\/#breadcrumb"},"inLanguage":"es","potentialAction":[{"@type":"ReadAction","target":["https:\/\/aenverdexpress.es\/2023\/05\/08\/gran-variedad-en-la-exportacion-hortofruticola-del-mes-de-mayo\/"]}]},{"@type":"BreadcrumbList","@id":"https:\/\/aenverdexpress.es\/2023\/05\/08\/gran-variedad-en-la-exportacion-hortofruticola-del-mes-de-mayo\/#breadcrumb","itemListElement":[{"@type":"ListItem","position":1,"name":"Portada","item":"https:\/\/aenverdexpress.es\/"},{"@type":"ListItem","position":2,"name":"Gran variedad\u00a0en la\u00a0exportaci\u00f3n hortofrut\u00edcola\u00a0del mes de mayo"}]},{"@type":"Article","@id":"https:\/\/aenverdexpress.es\/2023\/05\/08\/gran-variedad-en-la-exportacion-hortofruticola-del-mes-de-mayo\/#article","isPartOf":{"@id":"https:\/\/aenverdexpress.es\/2023\/05\/08\/gran-variedad-en-la-exportacion-hortofruticola-del-mes-de-mayo\/#webpage"},"author":{"@id":"https:\/\/aenverdexpress.es\/#\/schema\/person\/7220664746e3c774cb3c4e5f81fc4ba0"},"headline":"Gran variedad\u00a0en la\u00a0exportaci\u00f3n hortofrut\u00edcola\u00a0del mes de mayo","datePublished":"2023-05-08T06:41:37+00:00","dateModified":"2023-05-08T06:41:38+00:00","mainEntityOfPage":{"@id":"https:\/\/aenverdexpress.es\/2023\/05\/08\/gran-variedad-en-la-exportacion-hortofruticola-del-mes-de-mayo\/#webpage"},"wordCount":134,"commentCount":0,"publisher":{"@id":"https:\/\/aenverdexpress.es\/#organization"},"image":{"@id":"https:\/\/aenverdexpress.es\/2023\/05\/08\/gran-variedad-en-la-exportacion-hortofruticola-del-mes-de-mayo\/#primaryimage"},"thumbnailUrl":"https:\/\/aenverde-cp7041.wordpresstemporal.com\/aenverdexpress.es\/wp-content\/uploads\/2023\/05\/Frutas-y-hortalizas_Mercado.jpg","keywords":["exportaci\u00f3n"],"articleSection":["Mercados"],"inLanguage":"es","potentialAction":[{"@type":"CommentAction","name":"Comment","target":["https:\/\/aenverdexpress.es\/2023\/05\/08\/gran-variedad-en-la-exportacion-hortofruticola-del-mes-de-mayo\/#respond"]}]},{"@type":"Person","@id":"https:\/\/aenverdexpress.es\/#\/schema\/person\/7220664746e3c774cb3c4e5f81fc4ba0","name":"REDACCI\u00d3N AENVERDE","image":{"@type":"ImageObject","@id":"https:\/\/aenverdexpress.es\/#personlogo","inLanguage":"es","url":"https:\/\/secure.gravatar.com\/avatar\/82de37537a82ee30b014773728d8502cf11180bc1ea2f0a301ec70ebe59ea3e5?s=96&d=mm&r=g","contentUrl":"https:\/\/secure.gravatar.com\/avatar\/82de37537a82ee30b014773728d8502cf11180bc1ea2f0a301ec70ebe59ea3e5?s=96&d=mm&r=g","caption":"REDACCI\u00d3N AENVERDE"},"url":"https:\/\/aenverde-cp7041.wordpresstemporal.com\/aenverdexpress.es\/author\/damian\/"}]}},"builder_content":"","_links":{"self":[{"href":"https:\/\/aenverde-cp7041.wordpresstemporal.com\/aenverdexpress.es\/wp-json\/wp\/v2\/posts\/5461","targetHints":{"allow":["GET"]}}],"collection":[{"href":"https:\/\/aenverde-cp7041.wordpresstemporal.com\/aenverdexpress.es\/wp-json\/wp\/v2\/posts"}],"about":[{"href":"https:\/\/aenverde-cp7041.wordpresstemporal.com\/aenverdexpress.es\/wp-json\/wp\/v2\/types\/post"}],"author":[{"embeddable":true,"href":"https:\/\/aenverde-cp7041.wordpresstemporal.com\/aenverdexpress.es\/wp-json\/wp\/v2\/users\/2"}],"replies":[{"embeddable":true,"href":"https:\/\/aenverde-cp7041.wordpresstemporal.com\/aenverdexpress.es\/wp-json\/wp\/v2\/comments?post=5461"}],"version-history":[{"count":2,"href":"https:\/\/aenverde-cp7041.wordpresstemporal.com\/aenverdexpress.es\/wp-json\/wp\/v2\/posts\/5461\/revisions"}],"predecessor-version":[{"id":5464,"href":"https:\/\/aenverde-cp7041.wordpresstemporal.com\/aenverdexpress.es\/wp-json\/wp\/v2\/posts\/5461\/revisions\/5464"}],"wp:featuredmedia":[{"embeddable":true,"href":"https:\/\/aenverde-cp7041.wordpresstemporal.com\/aenverdexpress.es\/wp-json\/wp\/v2\/media\/5462"}],"wp:attachment":[{"href":"https:\/\/aenverde-cp7041.wordpresstemporal.com\/aenverdexpress.es\/wp-json\/wp\/v2\/media?parent=5461"}],"wp:term":[{"taxonomy":"category","embeddable":true,"href":"https:\/\/aenverde-cp7041.wordpresstemporal.com\/aenverdexpress.es\/wp-json\/wp\/v2\/categories?post=5461"},{"taxonomy":"post_tag","embeddable":true,"href":"https:\/\/aenverde-cp7041.wordpresstemporal.com\/aenverdexpress.es\/wp-json\/wp\/v2\/tags?post=5461"}],"curies":[{"name":"wp","href":"https:\/\/api.w.org\/{rel}","templated":true}]}}