{"id":5481,"date":"2023-05-10T06:23:01","date_gmt":"2023-05-10T06:23:01","guid":{"rendered":"https:\/\/aenverdexpress.es\/?p=5481"},"modified":"2023-05-10T06:23:02","modified_gmt":"2023-05-10T06:23:02","slug":"coexphal-presentara-la-campana-la-primera-sandia-europea-es-de-espana-es-nuestra-en-infoagro-exhibition","status":"publish","type":"post","link":"https:\/\/aenverde-cp7041.wordpresstemporal.com\/aenverdexpress.es\/2023\/05\/10\/coexphal-presentara-la-campana-la-primera-sandia-europea-es-de-espana-es-nuestra-en-infoagro-exhibition\/","title":{"rendered":"COEXPHAL\u00a0presentar\u00e1 la campa\u00f1a\u00a0\u2018La Primera Sand\u00eda Europea es de Espa\u00f1a,\u00a0es nuestra\u2019 en Infoagro Exhibition"},"content":{"rendered":"<!--themify_builder_content-->\n<div id=\"themify_builder_content-5481\" data-postid=\"5481\" class=\"themify_builder_content themify_builder_content-5481 themify_builder tf_clear\">\n    <\/div>\n<!--\/themify_builder_content-->\n\n\n<p class=\"wp-block-paragraph\"><strong>La Asociaci\u00f3n de Organizaciones de Productores de Frutas y Hortalizas de Almer\u00eda<\/strong>,\u00a0<a href=\"https:\/\/www.coexphal.es\/\" target=\"_blank\" rel=\"noreferrer noopener\">COEXPHAL<\/a>, tiene todo listo para asistir a\u00a0<a href=\"https:\/\/www.infoagroexhibition.com\/es\/\" target=\"_blank\" rel=\"noreferrer noopener\">Infoagro Exhibition 2023<\/a>, que tendr\u00e1 lugar los d\u00edas 10, 11 y 12 de mayo en el Palacio de Congresos de Aguadulce (Almer\u00eda), donde el productor agr\u00edcola y la industria auxiliar de la agricultura intensiva son los protagonistas del evento. COEXPHAL ha ideado en esta edici\u00f3n un espacio de 48 metros cuadrados compartidos con su laboratorio\u00a0<a href=\"https:\/\/www.labcolor-coex.es\/\" target=\"_blank\" rel=\"noreferrer noopener\">LABCOLOR<\/a>, que mostrar\u00e1 los avances de sus nuevas instalaciones a punto de estrenar; la certificadora\u00a0<a href=\"https:\/\/www.agrocolor.es\/\" target=\"_blank\" rel=\"noreferrer noopener\">AGROCOLOR<\/a>, que contin\u00faa su a\u00f1o de celebraci\u00f3n; y el Servicio de Prevenci\u00f3n Ajeno de Prevenci\u00f3n de Riesgos Laborales\u00a0<a href=\"https:\/\/www.colorsalud.es\/\" target=\"_blank\" rel=\"noreferrer noopener\">COLORSALUD, S.L.<\/a>\u00a0que este a\u00f1o cumple su quinto aniversario. Cada entidad tendr\u00e1 su espacio diferenciado para fortalecer la relaci\u00f3n con todos sus clientes actuales y potenciales.<\/p>\n\n\n\n<p class=\"wp-block-paragraph\"><strong>M\u00e1s informaci\u00f3n en<a href=\"https:\/\/www.aenverde.es\/coexphal-presentara-la-campana-la-primera-sandia-europea-es-de-espana-es-nuestra-en-infoagro-exhibition\/\" target=\"_blank\" rel=\"noreferrer noopener\"> este enlace.<\/a><\/strong><\/p>","protected":false},"excerpt":{"rendered":"<p>La Asociaci\u00f3n de Organizaciones de Productores de Frutas y Hortalizas de Almer\u00eda,\u00a0COEXPHAL, tiene todo listo para asistir a\u00a0Infoagro Exhibition 2023, que tendr\u00e1 lugar los d\u00edas 10, 11 y 12 de mayo en el Palacio de Congresos de Aguadulce (Almer\u00eda), donde el productor agr\u00edcola y la industria auxiliar de la agricultura intensiva son los protagonistas del [&hellip;]<\/p>\n","protected":false},"author":2,"featured_media":5482,"comment_status":"open","ping_status":"open","sticky":false,"template":"","format":"standard","meta":{"footnotes":""},"categories":[11],"tags":[19],"class_list":["post-5481","post","type-post","status-publish","format-standard","has-post-thumbnail","hentry","category-actualidad","tag-coexphal","has-post-title","has-post-date","has-post-category","has-post-tag","has-post-comment","has-post-author",""],"yoast_head":"<!-- This site is optimized with the Yoast SEO plugin v18.2 - https:\/\/yoast.com\/wordpress\/plugins\/seo\/ -->\n<title>COEXPHAL\u00a0presentar\u00e1 la campa\u00f1a\u00a0\u2018La Primera Sand\u00eda Europea es de Espa\u00f1a,\u00a0es nuestra\u2019 en Infoagro Exhibition - Aenverde Express<\/title>\n<meta name=\"robots\" content=\"index, follow, max-snippet:-1, max-image-preview:large, max-video-preview:-1\" \/>\n<link rel=\"canonical\" href=\"https:\/\/aenverde-cp7041.wordpresstemporal.com\/aenverdexpress.es\/2023\/05\/10\/coexphal-presentara-la-campana-la-primera-sandia-europea-es-de-espana-es-nuestra-en-infoagro-exhibition\/\" \/>\n<meta property=\"og:locale\" content=\"es_ES\" \/>\n<meta property=\"og:type\" content=\"article\" \/>\n<meta property=\"og:title\" content=\"COEXPHAL\u00a0presentar\u00e1 la campa\u00f1a\u00a0\u2018La Primera Sand\u00eda Europea es de Espa\u00f1a,\u00a0es nuestra\u2019 en Infoagro Exhibition - Aenverde Express\" \/>\n<meta property=\"og:description\" content=\"La Asociaci\u00f3n de Organizaciones de Productores de Frutas y Hortalizas de Almer\u00eda,\u00a0COEXPHAL, tiene todo listo para asistir a\u00a0Infoagro Exhibition 2023, que tendr\u00e1 lugar los d\u00edas 10, 11 y 12 de mayo en el Palacio de Congresos de Aguadulce (Almer\u00eda), donde el productor agr\u00edcola y la industria auxiliar de la agricultura intensiva son los protagonistas del [&hellip;]\" \/>\n<meta property=\"og:url\" content=\"https:\/\/aenverde-cp7041.wordpresstemporal.com\/aenverdexpress.es\/2023\/05\/10\/coexphal-presentara-la-campana-la-primera-sandia-europea-es-de-espana-es-nuestra-en-infoagro-exhibition\/\" \/>\n<meta property=\"og:site_name\" content=\"Aenverde Express\" \/>\n<meta property=\"article:published_time\" content=\"2023-05-10T06:23:01+00:00\" \/>\n<meta property=\"article:modified_time\" content=\"2023-05-10T06:23:02+00:00\" \/>\n<meta property=\"og:image\" content=\"https:\/\/aenverde-cp7041.wordpresstemporal.com\/aenverdexpress.es\/wp-content\/uploads\/2023\/05\/STAND-INFOAGRO-EXHIBITION.jpg\" \/>\n\t<meta property=\"og:image:width\" content=\"1020\" \/>\n\t<meta property=\"og:image:height\" content=\"568\" \/>\n\t<meta property=\"og:image:type\" content=\"image\/jpeg\" \/>\n<meta name=\"twitter:card\" content=\"summary_large_image\" \/>\n<meta name=\"twitter:label1\" content=\"Escrito por\" \/>\n\t<meta name=\"twitter:data1\" content=\"REDACCI\u00d3N AENVERDE\" \/>\n\t<meta name=\"twitter:label2\" content=\"Tiempo de lectura\" \/>\n\t<meta name=\"twitter:data2\" content=\"1 minuto\" \/>\n<script type=\"application\/ld+json\" class=\"yoast-schema-graph\">{\"@context\":\"https:\/\/schema.org\",\"@graph\":[{\"@type\":\"Organization\",\"@id\":\"https:\/\/aenverdexpress.es\/#organization\",\"name\":\"AENVERDE\",\"url\":\"https:\/\/aenverdexpress.es\/\",\"sameAs\":[],\"logo\":{\"@type\":\"ImageObject\",\"@id\":\"https:\/\/aenverdexpress.es\/#logo\",\"inLanguage\":\"es\",\"url\":\"https:\/\/aenverdexpress.es\/wp-content\/uploads\/2021\/12\/A-EN-VERDE-LOGO-FONDO-1DB954-01-1024x1024-1.jpg\",\"contentUrl\":\"https:\/\/aenverdexpress.es\/wp-content\/uploads\/2021\/12\/A-EN-VERDE-LOGO-FONDO-1DB954-01-1024x1024-1.jpg\",\"width\":1024,\"height\":1024,\"caption\":\"AENVERDE\"},\"image\":{\"@id\":\"https:\/\/aenverdexpress.es\/#logo\"}},{\"@type\":\"WebSite\",\"@id\":\"https:\/\/aenverdexpress.es\/#website\",\"url\":\"https:\/\/aenverdexpress.es\/\",\"name\":\"Aenverde Express\",\"description\":\"\",\"publisher\":{\"@id\":\"https:\/\/aenverdexpress.es\/#organization\"},\"potentialAction\":[{\"@type\":\"SearchAction\",\"target\":{\"@type\":\"EntryPoint\",\"urlTemplate\":\"https:\/\/aenverdexpress.es\/?s={search_term_string}\"},\"query-input\":\"required name=search_term_string\"}],\"inLanguage\":\"es\"},{\"@type\":\"ImageObject\",\"@id\":\"https:\/\/aenverde-cp7041.wordpresstemporal.com\/aenverdexpress.es\/2023\/05\/10\/coexphal-presentara-la-campana-la-primera-sandia-europea-es-de-espana-es-nuestra-en-infoagro-exhibition\/#primaryimage\",\"inLanguage\":\"es\",\"url\":\"https:\/\/aenverde-cp7041.wordpresstemporal.com\/aenverdexpress.es\/wp-content\/uploads\/2023\/05\/STAND-INFOAGRO-EXHIBITION.jpg\",\"contentUrl\":\"https:\/\/aenverde-cp7041.wordpresstemporal.com\/aenverdexpress.es\/wp-content\/uploads\/2023\/05\/STAND-INFOAGRO-EXHIBITION.jpg\",\"width\":1020,\"height\":568},{\"@type\":\"WebPage\",\"@id\":\"https:\/\/aenverde-cp7041.wordpresstemporal.com\/aenverdexpress.es\/2023\/05\/10\/coexphal-presentara-la-campana-la-primera-sandia-europea-es-de-espana-es-nuestra-en-infoagro-exhibition\/#webpage\",\"url\":\"https:\/\/aenverde-cp7041.wordpresstemporal.com\/aenverdexpress.es\/2023\/05\/10\/coexphal-presentara-la-campana-la-primera-sandia-europea-es-de-espana-es-nuestra-en-infoagro-exhibition\/\",\"name\":\"COEXPHAL\u00a0presentar\u00e1 la campa\u00f1a\u00a0\u2018La Primera Sand\u00eda Europea es de Espa\u00f1a,\u00a0es nuestra\u2019 en Infoagro Exhibition - Aenverde Express\",\"isPartOf\":{\"@id\":\"https:\/\/aenverdexpress.es\/#website\"},\"primaryImageOfPage\":{\"@id\":\"https:\/\/aenverde-cp7041.wordpresstemporal.com\/aenverdexpress.es\/2023\/05\/10\/coexphal-presentara-la-campana-la-primera-sandia-europea-es-de-espana-es-nuestra-en-infoagro-exhibition\/#primaryimage\"},\"datePublished\":\"2023-05-10T06:23:01+00:00\",\"dateModified\":\"2023-05-10T06:23:02+00:00\",\"breadcrumb\":{\"@id\":\"https:\/\/aenverde-cp7041.wordpresstemporal.com\/aenverdexpress.es\/2023\/05\/10\/coexphal-presentara-la-campana-la-primera-sandia-europea-es-de-espana-es-nuestra-en-infoagro-exhibition\/#breadcrumb\"},\"inLanguage\":\"es\",\"potentialAction\":[{\"@type\":\"ReadAction\",\"target\":[\"https:\/\/aenverde-cp7041.wordpresstemporal.com\/aenverdexpress.es\/2023\/05\/10\/coexphal-presentara-la-campana-la-primera-sandia-europea-es-de-espana-es-nuestra-en-infoagro-exhibition\/\"]}]},{\"@type\":\"BreadcrumbList\",\"@id\":\"https:\/\/aenverde-cp7041.wordpresstemporal.com\/aenverdexpress.es\/2023\/05\/10\/coexphal-presentara-la-campana-la-primera-sandia-europea-es-de-espana-es-nuestra-en-infoagro-exhibition\/#breadcrumb\",\"itemListElement\":[{\"@type\":\"ListItem\",\"position\":1,\"name\":\"Portada\",\"item\":\"https:\/\/aenverdexpress.es\/\"},{\"@type\":\"ListItem\",\"position\":2,\"name\":\"COEXPHAL\u00a0presentar\u00e1 la campa\u00f1a\u00a0\u2018La Primera Sand\u00eda Europea es de Espa\u00f1a,\u00a0es nuestra\u2019 en Infoagro Exhibition\"}]},{\"@type\":\"Article\",\"@id\":\"https:\/\/aenverde-cp7041.wordpresstemporal.com\/aenverdexpress.es\/2023\/05\/10\/coexphal-presentara-la-campana-la-primera-sandia-europea-es-de-espana-es-nuestra-en-infoagro-exhibition\/#article\",\"isPartOf\":{\"@id\":\"https:\/\/aenverde-cp7041.wordpresstemporal.com\/aenverdexpress.es\/2023\/05\/10\/coexphal-presentara-la-campana-la-primera-sandia-europea-es-de-espana-es-nuestra-en-infoagro-exhibition\/#webpage\"},\"author\":{\"@id\":\"https:\/\/aenverdexpress.es\/#\/schema\/person\/7220664746e3c774cb3c4e5f81fc4ba0\"},\"headline\":\"COEXPHAL\u00a0presentar\u00e1 la campa\u00f1a\u00a0\u2018La Primera Sand\u00eda Europea es de Espa\u00f1a,\u00a0es nuestra\u2019 en Infoagro Exhibition\",\"datePublished\":\"2023-05-10T06:23:01+00:00\",\"dateModified\":\"2023-05-10T06:23:02+00:00\",\"mainEntityOfPage\":{\"@id\":\"https:\/\/aenverde-cp7041.wordpresstemporal.com\/aenverdexpress.es\/2023\/05\/10\/coexphal-presentara-la-campana-la-primera-sandia-europea-es-de-espana-es-nuestra-en-infoagro-exhibition\/#webpage\"},\"wordCount\":168,\"commentCount\":0,\"publisher\":{\"@id\":\"https:\/\/aenverdexpress.es\/#organization\"},\"image\":{\"@id\":\"https:\/\/aenverde-cp7041.wordpresstemporal.com\/aenverdexpress.es\/2023\/05\/10\/coexphal-presentara-la-campana-la-primera-sandia-europea-es-de-espana-es-nuestra-en-infoagro-exhibition\/#primaryimage\"},\"thumbnailUrl\":\"https:\/\/aenverde-cp7041.wordpresstemporal.com\/aenverdexpress.es\/wp-content\/uploads\/2023\/05\/STAND-INFOAGRO-EXHIBITION.jpg\",\"keywords\":[\"COEXPHAL\"],\"articleSection\":[\"Actualidad\"],\"inLanguage\":\"es\",\"potentialAction\":[{\"@type\":\"CommentAction\",\"name\":\"Comment\",\"target\":[\"https:\/\/aenverde-cp7041.wordpresstemporal.com\/aenverdexpress.es\/2023\/05\/10\/coexphal-presentara-la-campana-la-primera-sandia-europea-es-de-espana-es-nuestra-en-infoagro-exhibition\/#respond\"]}]},{\"@type\":\"Person\",\"@id\":\"https:\/\/aenverdexpress.es\/#\/schema\/person\/7220664746e3c774cb3c4e5f81fc4ba0\",\"name\":\"REDACCI\u00d3N AENVERDE\",\"image\":{\"@type\":\"ImageObject\",\"@id\":\"https:\/\/aenverdexpress.es\/#personlogo\",\"inLanguage\":\"es\",\"url\":\"https:\/\/secure.gravatar.com\/avatar\/82de37537a82ee30b014773728d8502cf11180bc1ea2f0a301ec70ebe59ea3e5?s=96&d=mm&r=g\",\"contentUrl\":\"https:\/\/secure.gravatar.com\/avatar\/82de37537a82ee30b014773728d8502cf11180bc1ea2f0a301ec70ebe59ea3e5?s=96&d=mm&r=g\",\"caption\":\"REDACCI\u00d3N AENVERDE\"},\"url\":\"https:\/\/aenverde-cp7041.wordpresstemporal.com\/aenverdexpress.es\/author\/damian\/\"}]}<\/script>\n<!-- \/ Yoast SEO plugin. -->","yoast_head_json":{"title":"COEXPHAL\u00a0presentar\u00e1 la campa\u00f1a\u00a0\u2018La Primera Sand\u00eda Europea es de Espa\u00f1a,\u00a0es nuestra\u2019 en Infoagro Exhibition - Aenverde Express","robots":{"index":"index","follow":"follow","max-snippet":"max-snippet:-1","max-image-preview":"max-image-preview:large","max-video-preview":"max-video-preview:-1"},"canonical":"https:\/\/aenverde-cp7041.wordpresstemporal.com\/aenverdexpress.es\/2023\/05\/10\/coexphal-presentara-la-campana-la-primera-sandia-europea-es-de-espana-es-nuestra-en-infoagro-exhibition\/","og_locale":"es_ES","og_type":"article","og_title":"COEXPHAL\u00a0presentar\u00e1 la campa\u00f1a\u00a0\u2018La Primera Sand\u00eda Europea es de Espa\u00f1a,\u00a0es nuestra\u2019 en Infoagro Exhibition - Aenverde Express","og_description":"La Asociaci\u00f3n de Organizaciones de Productores de Frutas y Hortalizas de Almer\u00eda,\u00a0COEXPHAL, tiene todo listo para asistir a\u00a0Infoagro Exhibition 2023, que tendr\u00e1 lugar los d\u00edas 10, 11 y 12 de mayo en el Palacio de Congresos de Aguadulce (Almer\u00eda), donde el productor agr\u00edcola y la industria auxiliar de la agricultura intensiva son los protagonistas del [&hellip;]","og_url":"https:\/\/aenverde-cp7041.wordpresstemporal.com\/aenverdexpress.es\/2023\/05\/10\/coexphal-presentara-la-campana-la-primera-sandia-europea-es-de-espana-es-nuestra-en-infoagro-exhibition\/","og_site_name":"Aenverde Express","article_published_time":"2023-05-10T06:23:01+00:00","article_modified_time":"2023-05-10T06:23:02+00:00","og_image":[{"width":1020,"height":568,"url":"https:\/\/aenverde-cp7041.wordpresstemporal.com\/aenverdexpress.es\/wp-content\/uploads\/2023\/05\/STAND-INFOAGRO-EXHIBITION.jpg","type":"image\/jpeg"}],"twitter_card":"summary_large_image","twitter_misc":{"Escrito por":"REDACCI\u00d3N AENVERDE","Tiempo de lectura":"1 minuto"},"schema":{"@context":"https:\/\/schema.org","@graph":[{"@type":"Organization","@id":"https:\/\/aenverdexpress.es\/#organization","name":"AENVERDE","url":"https:\/\/aenverdexpress.es\/","sameAs":[],"logo":{"@type":"ImageObject","@id":"https:\/\/aenverdexpress.es\/#logo","inLanguage":"es","url":"https:\/\/aenverdexpress.es\/wp-content\/uploads\/2021\/12\/A-EN-VERDE-LOGO-FONDO-1DB954-01-1024x1024-1.jpg","contentUrl":"https:\/\/aenverdexpress.es\/wp-content\/uploads\/2021\/12\/A-EN-VERDE-LOGO-FONDO-1DB954-01-1024x1024-1.jpg","width":1024,"height":1024,"caption":"AENVERDE"},"image":{"@id":"https:\/\/aenverdexpress.es\/#logo"}},{"@type":"WebSite","@id":"https:\/\/aenverdexpress.es\/#website","url":"https:\/\/aenverdexpress.es\/","name":"Aenverde Express","description":"","publisher":{"@id":"https:\/\/aenverdexpress.es\/#organization"},"potentialAction":[{"@type":"SearchAction","target":{"@type":"EntryPoint","urlTemplate":"https:\/\/aenverdexpress.es\/?s={search_term_string}"},"query-input":"required name=search_term_string"}],"inLanguage":"es"},{"@type":"ImageObject","@id":"https:\/\/aenverde-cp7041.wordpresstemporal.com\/aenverdexpress.es\/2023\/05\/10\/coexphal-presentara-la-campana-la-primera-sandia-europea-es-de-espana-es-nuestra-en-infoagro-exhibition\/#primaryimage","inLanguage":"es","url":"https:\/\/aenverde-cp7041.wordpresstemporal.com\/aenverdexpress.es\/wp-content\/uploads\/2023\/05\/STAND-INFOAGRO-EXHIBITION.jpg","contentUrl":"https:\/\/aenverde-cp7041.wordpresstemporal.com\/aenverdexpress.es\/wp-content\/uploads\/2023\/05\/STAND-INFOAGRO-EXHIBITION.jpg","width":1020,"height":568},{"@type":"WebPage","@id":"https:\/\/aenverde-cp7041.wordpresstemporal.com\/aenverdexpress.es\/2023\/05\/10\/coexphal-presentara-la-campana-la-primera-sandia-europea-es-de-espana-es-nuestra-en-infoagro-exhibition\/#webpage","url":"https:\/\/aenverde-cp7041.wordpresstemporal.com\/aenverdexpress.es\/2023\/05\/10\/coexphal-presentara-la-campana-la-primera-sandia-europea-es-de-espana-es-nuestra-en-infoagro-exhibition\/","name":"COEXPHAL\u00a0presentar\u00e1 la campa\u00f1a\u00a0\u2018La Primera Sand\u00eda Europea es de Espa\u00f1a,\u00a0es nuestra\u2019 en Infoagro Exhibition - Aenverde Express","isPartOf":{"@id":"https:\/\/aenverdexpress.es\/#website"},"primaryImageOfPage":{"@id":"https:\/\/aenverde-cp7041.wordpresstemporal.com\/aenverdexpress.es\/2023\/05\/10\/coexphal-presentara-la-campana-la-primera-sandia-europea-es-de-espana-es-nuestra-en-infoagro-exhibition\/#primaryimage"},"datePublished":"2023-05-10T06:23:01+00:00","dateModified":"2023-05-10T06:23:02+00:00","breadcrumb":{"@id":"https:\/\/aenverde-cp7041.wordpresstemporal.com\/aenverdexpress.es\/2023\/05\/10\/coexphal-presentara-la-campana-la-primera-sandia-europea-es-de-espana-es-nuestra-en-infoagro-exhibition\/#breadcrumb"},"inLanguage":"es","potentialAction":[{"@type":"ReadAction","target":["https:\/\/aenverde-cp7041.wordpresstemporal.com\/aenverdexpress.es\/2023\/05\/10\/coexphal-presentara-la-campana-la-primera-sandia-europea-es-de-espana-es-nuestra-en-infoagro-exhibition\/"]}]},{"@type":"BreadcrumbList","@id":"https:\/\/aenverde-cp7041.wordpresstemporal.com\/aenverdexpress.es\/2023\/05\/10\/coexphal-presentara-la-campana-la-primera-sandia-europea-es-de-espana-es-nuestra-en-infoagro-exhibition\/#breadcrumb","itemListElement":[{"@type":"ListItem","position":1,"name":"Portada","item":"https:\/\/aenverdexpress.es\/"},{"@type":"ListItem","position":2,"name":"COEXPHAL\u00a0presentar\u00e1 la campa\u00f1a\u00a0\u2018La Primera Sand\u00eda Europea es de Espa\u00f1a,\u00a0es nuestra\u2019 en Infoagro Exhibition"}]},{"@type":"Article","@id":"https:\/\/aenverde-cp7041.wordpresstemporal.com\/aenverdexpress.es\/2023\/05\/10\/coexphal-presentara-la-campana-la-primera-sandia-europea-es-de-espana-es-nuestra-en-infoagro-exhibition\/#article","isPartOf":{"@id":"https:\/\/aenverde-cp7041.wordpresstemporal.com\/aenverdexpress.es\/2023\/05\/10\/coexphal-presentara-la-campana-la-primera-sandia-europea-es-de-espana-es-nuestra-en-infoagro-exhibition\/#webpage"},"author":{"@id":"https:\/\/aenverdexpress.es\/#\/schema\/person\/7220664746e3c774cb3c4e5f81fc4ba0"},"headline":"COEXPHAL\u00a0presentar\u00e1 la campa\u00f1a\u00a0\u2018La Primera Sand\u00eda Europea es de Espa\u00f1a,\u00a0es nuestra\u2019 en Infoagro Exhibition","datePublished":"2023-05-10T06:23:01+00:00","dateModified":"2023-05-10T06:23:02+00:00","mainEntityOfPage":{"@id":"https:\/\/aenverde-cp7041.wordpresstemporal.com\/aenverdexpress.es\/2023\/05\/10\/coexphal-presentara-la-campana-la-primera-sandia-europea-es-de-espana-es-nuestra-en-infoagro-exhibition\/#webpage"},"wordCount":168,"commentCount":0,"publisher":{"@id":"https:\/\/aenverdexpress.es\/#organization"},"image":{"@id":"https:\/\/aenverde-cp7041.wordpresstemporal.com\/aenverdexpress.es\/2023\/05\/10\/coexphal-presentara-la-campana-la-primera-sandia-europea-es-de-espana-es-nuestra-en-infoagro-exhibition\/#primaryimage"},"thumbnailUrl":"https:\/\/aenverde-cp7041.wordpresstemporal.com\/aenverdexpress.es\/wp-content\/uploads\/2023\/05\/STAND-INFOAGRO-EXHIBITION.jpg","keywords":["COEXPHAL"],"articleSection":["Actualidad"],"inLanguage":"es","potentialAction":[{"@type":"CommentAction","name":"Comment","target":["https:\/\/aenverde-cp7041.wordpresstemporal.com\/aenverdexpress.es\/2023\/05\/10\/coexphal-presentara-la-campana-la-primera-sandia-europea-es-de-espana-es-nuestra-en-infoagro-exhibition\/#respond"]}]},{"@type":"Person","@id":"https:\/\/aenverdexpress.es\/#\/schema\/person\/7220664746e3c774cb3c4e5f81fc4ba0","name":"REDACCI\u00d3N AENVERDE","image":{"@type":"ImageObject","@id":"https:\/\/aenverdexpress.es\/#personlogo","inLanguage":"es","url":"https:\/\/secure.gravatar.com\/avatar\/82de37537a82ee30b014773728d8502cf11180bc1ea2f0a301ec70ebe59ea3e5?s=96&d=mm&r=g","contentUrl":"https:\/\/secure.gravatar.com\/avatar\/82de37537a82ee30b014773728d8502cf11180bc1ea2f0a301ec70ebe59ea3e5?s=96&d=mm&r=g","caption":"REDACCI\u00d3N AENVERDE"},"url":"https:\/\/aenverde-cp7041.wordpresstemporal.com\/aenverdexpress.es\/author\/damian\/"}]}},"builder_content":"","_links":{"self":[{"href":"https:\/\/aenverde-cp7041.wordpresstemporal.com\/aenverdexpress.es\/wp-json\/wp\/v2\/posts\/5481","targetHints":{"allow":["GET"]}}],"collection":[{"href":"https:\/\/aenverde-cp7041.wordpresstemporal.com\/aenverdexpress.es\/wp-json\/wp\/v2\/posts"}],"about":[{"href":"https:\/\/aenverde-cp7041.wordpresstemporal.com\/aenverdexpress.es\/wp-json\/wp\/v2\/types\/post"}],"author":[{"embeddable":true,"href":"https:\/\/aenverde-cp7041.wordpresstemporal.com\/aenverdexpress.es\/wp-json\/wp\/v2\/users\/2"}],"replies":[{"embeddable":true,"href":"https:\/\/aenverde-cp7041.wordpresstemporal.com\/aenverdexpress.es\/wp-json\/wp\/v2\/comments?post=5481"}],"version-history":[{"count":2,"href":"https:\/\/aenverde-cp7041.wordpresstemporal.com\/aenverdexpress.es\/wp-json\/wp\/v2\/posts\/5481\/revisions"}],"predecessor-version":[{"id":5484,"href":"https:\/\/aenverde-cp7041.wordpresstemporal.com\/aenverdexpress.es\/wp-json\/wp\/v2\/posts\/5481\/revisions\/5484"}],"wp:featuredmedia":[{"embeddable":true,"href":"https:\/\/aenverde-cp7041.wordpresstemporal.com\/aenverdexpress.es\/wp-json\/wp\/v2\/media\/5482"}],"wp:attachment":[{"href":"https:\/\/aenverde-cp7041.wordpresstemporal.com\/aenverdexpress.es\/wp-json\/wp\/v2\/media?parent=5481"}],"wp:term":[{"taxonomy":"category","embeddable":true,"href":"https:\/\/aenverde-cp7041.wordpresstemporal.com\/aenverdexpress.es\/wp-json\/wp\/v2\/categories?post=5481"},{"taxonomy":"post_tag","embeddable":true,"href":"https:\/\/aenverde-cp7041.wordpresstemporal.com\/aenverdexpress.es\/wp-json\/wp\/v2\/tags?post=5481"}],"curies":[{"name":"wp","href":"https:\/\/api.w.org\/{rel}","templated":true}]}}