{"id":580,"date":"2021-10-11T09:50:18","date_gmt":"2021-10-11T09:50:18","guid":{"rendered":"https:\/\/aenverdexpress.es\/?p=580"},"modified":"2021-10-11T09:50:19","modified_gmt":"2021-10-11T09:50:19","slug":"vicasol-presenta-en-fruit-attraction-equilibrio-su-programa-de-responsabilidad-social-corporativa","status":"publish","type":"post","link":"https:\/\/aenverde-cp7041.wordpresstemporal.com\/aenverdexpress.es\/2021\/10\/11\/vicasol-presenta-en-fruit-attraction-equilibrio-su-programa-de-responsabilidad-social-corporativa\/","title":{"rendered":"Vicasol presenta en Fruit Attraction \u2018Equilibrio\u2019 su programa de responsabilidad social corporativa"},"content":{"rendered":"<!--themify_builder_content-->\n<div id=\"themify_builder_content-580\" data-postid=\"580\" class=\"themify_builder_content themify_builder_content-580 themify_builder tf_clear\">\n    <\/div>\n<!--\/themify_builder_content-->\n\n\n<p class=\"wp-block-paragraph\">La cooperativa almeriense de primer grado,\u00a0<a rel=\"noreferrer noopener\" href=\"http:\/\/vicasol.es\/\" target=\"_blank\">Vicasol<\/a>, llega a\u00a0<a rel=\"noreferrer noopener\" href=\"https:\/\/www.ifema.es\/fruit-attraction\" target=\"_blank\">Fruit Attraction<\/a>\u00a0con novedades que dar\u00e1 a conocer en Ifema, desde hoy hasta el 7 de octubre<strong>. Por un lado, presentar\u00e1:\u00a0<em>Equilibrio<\/em>. Su programa de Responsabilidad Social Corporativa, centrado en las personas,<\/strong>\u00a0con la mirada puesta en los ODS, Objetivos de Desarrollo Sostenible. Y por otro, las \u00faltimas incorporaciones de nuevas referencias a su cat\u00e1logo de productos.<\/p>\n\n\n\n<p class=\"wp-block-paragraph\"><strong><a href=\"https:\/\/www.aenverde.es\/vicasol-presenta-en-fruit-attraction-equilibrio-su-programa-de-responsabilidad-social-corporativa\/\" data-type=\"URL\" data-id=\"https:\/\/www.aenverde.es\/vicasol-presenta-en-fruit-attraction-equilibrio-su-programa-de-responsabilidad-social-corporativa\/\" target=\"_blank\" rel=\"noreferrer noopener\">M\u00e1s informaci\u00f3n aqu\u00ed.<\/a><\/strong><\/p>","protected":false},"excerpt":{"rendered":"<p>La cooperativa almeriense de primer grado,\u00a0Vicasol, llega a\u00a0Fruit Attraction\u00a0con novedades que dar\u00e1 a conocer en Ifema, desde hoy hasta el 7 de octubre. Por un lado, presentar\u00e1:\u00a0Equilibrio. Su programa de Responsabilidad Social Corporativa, centrado en las personas,\u00a0con la mirada puesta en los ODS, Objetivos de Desarrollo Sostenible. Y por otro, las \u00faltimas incorporaciones de nuevas [&hellip;]<\/p>\n","protected":false},"author":2,"featured_media":581,"comment_status":"open","ping_status":"open","sticky":false,"template":"","format":"standard","meta":{"footnotes":""},"categories":[11],"tags":[32,84,118,117],"class_list":["post-580","post","type-post","status-publish","format-standard","has-post-thumbnail","hentry","category-actualidad","tag-cooperativas","tag-fruit-attraction","tag-responsabilidad-social-corporativa","tag-vicasol","has-post-title","has-post-date","has-post-category","has-post-tag","has-post-comment","has-post-author",""],"yoast_head":"<!-- This site is optimized with the Yoast SEO plugin v18.2 - https:\/\/yoast.com\/wordpress\/plugins\/seo\/ -->\n<title>Vicasol presenta en Fruit Attraction \u2018Equilibrio\u2019 su programa de responsabilidad social corporativa - Aenverde Express<\/title>\n<meta name=\"robots\" content=\"index, follow, max-snippet:-1, max-image-preview:large, max-video-preview:-1\" \/>\n<link rel=\"canonical\" href=\"https:\/\/aenverde-cp7041.wordpresstemporal.com\/aenverdexpress.es\/2021\/10\/11\/vicasol-presenta-en-fruit-attraction-equilibrio-su-programa-de-responsabilidad-social-corporativa\/\" \/>\n<meta property=\"og:locale\" content=\"es_ES\" \/>\n<meta property=\"og:type\" content=\"article\" \/>\n<meta property=\"og:title\" content=\"Vicasol presenta en Fruit Attraction \u2018Equilibrio\u2019 su programa de responsabilidad social corporativa - Aenverde Express\" \/>\n<meta property=\"og:description\" content=\"La cooperativa almeriense de primer grado,\u00a0Vicasol, llega a\u00a0Fruit Attraction\u00a0con novedades que dar\u00e1 a conocer en Ifema, desde hoy hasta el 7 de octubre. Por un lado, presentar\u00e1:\u00a0Equilibrio. Su programa de Responsabilidad Social Corporativa, centrado en las personas,\u00a0con la mirada puesta en los ODS, Objetivos de Desarrollo Sostenible. Y por otro, las \u00faltimas incorporaciones de nuevas [&hellip;]\" \/>\n<meta property=\"og:url\" content=\"https:\/\/aenverde-cp7041.wordpresstemporal.com\/aenverdexpress.es\/2021\/10\/11\/vicasol-presenta-en-fruit-attraction-equilibrio-su-programa-de-responsabilidad-social-corporativa\/\" \/>\n<meta property=\"og:site_name\" content=\"Aenverde Express\" \/>\n<meta property=\"article:published_time\" content=\"2021-10-11T09:50:18+00:00\" \/>\n<meta property=\"article:modified_time\" content=\"2021-10-11T09:50:19+00:00\" \/>\n<meta property=\"og:image\" content=\"https:\/\/aenverde-cp7041.wordpresstemporal.com\/aenverdexpress.es\/wp-content\/uploads\/2021\/10\/vicasol-grupo-ok.jpg\" \/>\n\t<meta property=\"og:image:width\" content=\"600\" \/>\n\t<meta property=\"og:image:height\" content=\"338\" \/>\n\t<meta property=\"og:image:type\" content=\"image\/jpeg\" \/>\n<meta name=\"twitter:card\" content=\"summary_large_image\" \/>\n<meta name=\"twitter:label1\" content=\"Escrito por\" \/>\n\t<meta name=\"twitter:data1\" content=\"REDACCI\u00d3N AENVERDE\" \/>\n<script type=\"application\/ld+json\" class=\"yoast-schema-graph\">{\"@context\":\"https:\/\/schema.org\",\"@graph\":[{\"@type\":\"Organization\",\"@id\":\"https:\/\/aenverdexpress.es\/#organization\",\"name\":\"AENVERDE\",\"url\":\"https:\/\/aenverdexpress.es\/\",\"sameAs\":[],\"logo\":{\"@type\":\"ImageObject\",\"@id\":\"https:\/\/aenverdexpress.es\/#logo\",\"inLanguage\":\"es\",\"url\":\"https:\/\/aenverdexpress.es\/wp-content\/uploads\/2021\/12\/A-EN-VERDE-LOGO-FONDO-1DB954-01-1024x1024-1.jpg\",\"contentUrl\":\"https:\/\/aenverdexpress.es\/wp-content\/uploads\/2021\/12\/A-EN-VERDE-LOGO-FONDO-1DB954-01-1024x1024-1.jpg\",\"width\":1024,\"height\":1024,\"caption\":\"AENVERDE\"},\"image\":{\"@id\":\"https:\/\/aenverdexpress.es\/#logo\"}},{\"@type\":\"WebSite\",\"@id\":\"https:\/\/aenverdexpress.es\/#website\",\"url\":\"https:\/\/aenverdexpress.es\/\",\"name\":\"Aenverde Express\",\"description\":\"\",\"publisher\":{\"@id\":\"https:\/\/aenverdexpress.es\/#organization\"},\"potentialAction\":[{\"@type\":\"SearchAction\",\"target\":{\"@type\":\"EntryPoint\",\"urlTemplate\":\"https:\/\/aenverdexpress.es\/?s={search_term_string}\"},\"query-input\":\"required name=search_term_string\"}],\"inLanguage\":\"es\"},{\"@type\":\"ImageObject\",\"@id\":\"https:\/\/aenverde-cp7041.wordpresstemporal.com\/aenverdexpress.es\/2021\/10\/11\/vicasol-presenta-en-fruit-attraction-equilibrio-su-programa-de-responsabilidad-social-corporativa\/#primaryimage\",\"inLanguage\":\"es\",\"url\":\"https:\/\/aenverde-cp7041.wordpresstemporal.com\/aenverdexpress.es\/wp-content\/uploads\/2021\/10\/vicasol-grupo-ok.jpg\",\"contentUrl\":\"https:\/\/aenverde-cp7041.wordpresstemporal.com\/aenverdexpress.es\/wp-content\/uploads\/2021\/10\/vicasol-grupo-ok.jpg\",\"width\":600,\"height\":338,\"caption\":\"vicasol\"},{\"@type\":\"WebPage\",\"@id\":\"https:\/\/aenverde-cp7041.wordpresstemporal.com\/aenverdexpress.es\/2021\/10\/11\/vicasol-presenta-en-fruit-attraction-equilibrio-su-programa-de-responsabilidad-social-corporativa\/#webpage\",\"url\":\"https:\/\/aenverde-cp7041.wordpresstemporal.com\/aenverdexpress.es\/2021\/10\/11\/vicasol-presenta-en-fruit-attraction-equilibrio-su-programa-de-responsabilidad-social-corporativa\/\",\"name\":\"Vicasol presenta en Fruit Attraction \u2018Equilibrio\u2019 su programa de responsabilidad social corporativa - Aenverde Express\",\"isPartOf\":{\"@id\":\"https:\/\/aenverdexpress.es\/#website\"},\"primaryImageOfPage\":{\"@id\":\"https:\/\/aenverde-cp7041.wordpresstemporal.com\/aenverdexpress.es\/2021\/10\/11\/vicasol-presenta-en-fruit-attraction-equilibrio-su-programa-de-responsabilidad-social-corporativa\/#primaryimage\"},\"datePublished\":\"2021-10-11T09:50:18+00:00\",\"dateModified\":\"2021-10-11T09:50:19+00:00\",\"breadcrumb\":{\"@id\":\"https:\/\/aenverde-cp7041.wordpresstemporal.com\/aenverdexpress.es\/2021\/10\/11\/vicasol-presenta-en-fruit-attraction-equilibrio-su-programa-de-responsabilidad-social-corporativa\/#breadcrumb\"},\"inLanguage\":\"es\",\"potentialAction\":[{\"@type\":\"ReadAction\",\"target\":[\"https:\/\/aenverde-cp7041.wordpresstemporal.com\/aenverdexpress.es\/2021\/10\/11\/vicasol-presenta-en-fruit-attraction-equilibrio-su-programa-de-responsabilidad-social-corporativa\/\"]}]},{\"@type\":\"BreadcrumbList\",\"@id\":\"https:\/\/aenverde-cp7041.wordpresstemporal.com\/aenverdexpress.es\/2021\/10\/11\/vicasol-presenta-en-fruit-attraction-equilibrio-su-programa-de-responsabilidad-social-corporativa\/#breadcrumb\",\"itemListElement\":[{\"@type\":\"ListItem\",\"position\":1,\"name\":\"Portada\",\"item\":\"https:\/\/aenverdexpress.es\/\"},{\"@type\":\"ListItem\",\"position\":2,\"name\":\"Vicasol presenta en Fruit Attraction \u2018Equilibrio\u2019 su programa de responsabilidad social corporativa\"}]},{\"@type\":\"Article\",\"@id\":\"https:\/\/aenverde-cp7041.wordpresstemporal.com\/aenverdexpress.es\/2021\/10\/11\/vicasol-presenta-en-fruit-attraction-equilibrio-su-programa-de-responsabilidad-social-corporativa\/#article\",\"isPartOf\":{\"@id\":\"https:\/\/aenverde-cp7041.wordpresstemporal.com\/aenverdexpress.es\/2021\/10\/11\/vicasol-presenta-en-fruit-attraction-equilibrio-su-programa-de-responsabilidad-social-corporativa\/#webpage\"},\"author\":{\"@id\":\"https:\/\/aenverdexpress.es\/#\/schema\/person\/7220664746e3c774cb3c4e5f81fc4ba0\"},\"headline\":\"Vicasol presenta en Fruit Attraction \u2018Equilibrio\u2019 su programa de responsabilidad social corporativa\",\"datePublished\":\"2021-10-11T09:50:18+00:00\",\"dateModified\":\"2021-10-11T09:50:19+00:00\",\"mainEntityOfPage\":{\"@id\":\"https:\/\/aenverde-cp7041.wordpresstemporal.com\/aenverdexpress.es\/2021\/10\/11\/vicasol-presenta-en-fruit-attraction-equilibrio-su-programa-de-responsabilidad-social-corporativa\/#webpage\"},\"wordCount\":83,\"commentCount\":0,\"publisher\":{\"@id\":\"https:\/\/aenverdexpress.es\/#organization\"},\"image\":{\"@id\":\"https:\/\/aenverde-cp7041.wordpresstemporal.com\/aenverdexpress.es\/2021\/10\/11\/vicasol-presenta-en-fruit-attraction-equilibrio-su-programa-de-responsabilidad-social-corporativa\/#primaryimage\"},\"thumbnailUrl\":\"https:\/\/aenverde-cp7041.wordpresstemporal.com\/aenverdexpress.es\/wp-content\/uploads\/2021\/10\/vicasol-grupo-ok.jpg\",\"keywords\":[\"Cooperativas\",\"fruit attraction\",\"Responsabilidad social corporativa\",\"Vicasol\"],\"articleSection\":[\"Actualidad\"],\"inLanguage\":\"es\",\"potentialAction\":[{\"@type\":\"CommentAction\",\"name\":\"Comment\",\"target\":[\"https:\/\/aenverde-cp7041.wordpresstemporal.com\/aenverdexpress.es\/2021\/10\/11\/vicasol-presenta-en-fruit-attraction-equilibrio-su-programa-de-responsabilidad-social-corporativa\/#respond\"]}]},{\"@type\":\"Person\",\"@id\":\"https:\/\/aenverdexpress.es\/#\/schema\/person\/7220664746e3c774cb3c4e5f81fc4ba0\",\"name\":\"REDACCI\u00d3N AENVERDE\",\"image\":{\"@type\":\"ImageObject\",\"@id\":\"https:\/\/aenverdexpress.es\/#personlogo\",\"inLanguage\":\"es\",\"url\":\"https:\/\/secure.gravatar.com\/avatar\/82de37537a82ee30b014773728d8502cf11180bc1ea2f0a301ec70ebe59ea3e5?s=96&d=mm&r=g\",\"contentUrl\":\"https:\/\/secure.gravatar.com\/avatar\/82de37537a82ee30b014773728d8502cf11180bc1ea2f0a301ec70ebe59ea3e5?s=96&d=mm&r=g\",\"caption\":\"REDACCI\u00d3N AENVERDE\"},\"url\":\"https:\/\/aenverde-cp7041.wordpresstemporal.com\/aenverdexpress.es\/author\/damian\/\"}]}<\/script>\n<!-- \/ Yoast SEO plugin. -->","yoast_head_json":{"title":"Vicasol presenta en Fruit Attraction \u2018Equilibrio\u2019 su programa de responsabilidad social corporativa - Aenverde Express","robots":{"index":"index","follow":"follow","max-snippet":"max-snippet:-1","max-image-preview":"max-image-preview:large","max-video-preview":"max-video-preview:-1"},"canonical":"https:\/\/aenverde-cp7041.wordpresstemporal.com\/aenverdexpress.es\/2021\/10\/11\/vicasol-presenta-en-fruit-attraction-equilibrio-su-programa-de-responsabilidad-social-corporativa\/","og_locale":"es_ES","og_type":"article","og_title":"Vicasol presenta en Fruit Attraction \u2018Equilibrio\u2019 su programa de responsabilidad social corporativa - Aenverde Express","og_description":"La cooperativa almeriense de primer grado,\u00a0Vicasol, llega a\u00a0Fruit Attraction\u00a0con novedades que dar\u00e1 a conocer en Ifema, desde hoy hasta el 7 de octubre. Por un lado, presentar\u00e1:\u00a0Equilibrio. Su programa de Responsabilidad Social Corporativa, centrado en las personas,\u00a0con la mirada puesta en los ODS, Objetivos de Desarrollo Sostenible. Y por otro, las \u00faltimas incorporaciones de nuevas [&hellip;]","og_url":"https:\/\/aenverde-cp7041.wordpresstemporal.com\/aenverdexpress.es\/2021\/10\/11\/vicasol-presenta-en-fruit-attraction-equilibrio-su-programa-de-responsabilidad-social-corporativa\/","og_site_name":"Aenverde Express","article_published_time":"2021-10-11T09:50:18+00:00","article_modified_time":"2021-10-11T09:50:19+00:00","og_image":[{"width":600,"height":338,"url":"https:\/\/aenverde-cp7041.wordpresstemporal.com\/aenverdexpress.es\/wp-content\/uploads\/2021\/10\/vicasol-grupo-ok.jpg","type":"image\/jpeg"}],"twitter_card":"summary_large_image","twitter_misc":{"Escrito por":"REDACCI\u00d3N AENVERDE"},"schema":{"@context":"https:\/\/schema.org","@graph":[{"@type":"Organization","@id":"https:\/\/aenverdexpress.es\/#organization","name":"AENVERDE","url":"https:\/\/aenverdexpress.es\/","sameAs":[],"logo":{"@type":"ImageObject","@id":"https:\/\/aenverdexpress.es\/#logo","inLanguage":"es","url":"https:\/\/aenverdexpress.es\/wp-content\/uploads\/2021\/12\/A-EN-VERDE-LOGO-FONDO-1DB954-01-1024x1024-1.jpg","contentUrl":"https:\/\/aenverdexpress.es\/wp-content\/uploads\/2021\/12\/A-EN-VERDE-LOGO-FONDO-1DB954-01-1024x1024-1.jpg","width":1024,"height":1024,"caption":"AENVERDE"},"image":{"@id":"https:\/\/aenverdexpress.es\/#logo"}},{"@type":"WebSite","@id":"https:\/\/aenverdexpress.es\/#website","url":"https:\/\/aenverdexpress.es\/","name":"Aenverde Express","description":"","publisher":{"@id":"https:\/\/aenverdexpress.es\/#organization"},"potentialAction":[{"@type":"SearchAction","target":{"@type":"EntryPoint","urlTemplate":"https:\/\/aenverdexpress.es\/?s={search_term_string}"},"query-input":"required name=search_term_string"}],"inLanguage":"es"},{"@type":"ImageObject","@id":"https:\/\/aenverde-cp7041.wordpresstemporal.com\/aenverdexpress.es\/2021\/10\/11\/vicasol-presenta-en-fruit-attraction-equilibrio-su-programa-de-responsabilidad-social-corporativa\/#primaryimage","inLanguage":"es","url":"https:\/\/aenverde-cp7041.wordpresstemporal.com\/aenverdexpress.es\/wp-content\/uploads\/2021\/10\/vicasol-grupo-ok.jpg","contentUrl":"https:\/\/aenverde-cp7041.wordpresstemporal.com\/aenverdexpress.es\/wp-content\/uploads\/2021\/10\/vicasol-grupo-ok.jpg","width":600,"height":338,"caption":"vicasol"},{"@type":"WebPage","@id":"https:\/\/aenverde-cp7041.wordpresstemporal.com\/aenverdexpress.es\/2021\/10\/11\/vicasol-presenta-en-fruit-attraction-equilibrio-su-programa-de-responsabilidad-social-corporativa\/#webpage","url":"https:\/\/aenverde-cp7041.wordpresstemporal.com\/aenverdexpress.es\/2021\/10\/11\/vicasol-presenta-en-fruit-attraction-equilibrio-su-programa-de-responsabilidad-social-corporativa\/","name":"Vicasol presenta en Fruit Attraction \u2018Equilibrio\u2019 su programa de responsabilidad social corporativa - Aenverde Express","isPartOf":{"@id":"https:\/\/aenverdexpress.es\/#website"},"primaryImageOfPage":{"@id":"https:\/\/aenverde-cp7041.wordpresstemporal.com\/aenverdexpress.es\/2021\/10\/11\/vicasol-presenta-en-fruit-attraction-equilibrio-su-programa-de-responsabilidad-social-corporativa\/#primaryimage"},"datePublished":"2021-10-11T09:50:18+00:00","dateModified":"2021-10-11T09:50:19+00:00","breadcrumb":{"@id":"https:\/\/aenverde-cp7041.wordpresstemporal.com\/aenverdexpress.es\/2021\/10\/11\/vicasol-presenta-en-fruit-attraction-equilibrio-su-programa-de-responsabilidad-social-corporativa\/#breadcrumb"},"inLanguage":"es","potentialAction":[{"@type":"ReadAction","target":["https:\/\/aenverde-cp7041.wordpresstemporal.com\/aenverdexpress.es\/2021\/10\/11\/vicasol-presenta-en-fruit-attraction-equilibrio-su-programa-de-responsabilidad-social-corporativa\/"]}]},{"@type":"BreadcrumbList","@id":"https:\/\/aenverde-cp7041.wordpresstemporal.com\/aenverdexpress.es\/2021\/10\/11\/vicasol-presenta-en-fruit-attraction-equilibrio-su-programa-de-responsabilidad-social-corporativa\/#breadcrumb","itemListElement":[{"@type":"ListItem","position":1,"name":"Portada","item":"https:\/\/aenverdexpress.es\/"},{"@type":"ListItem","position":2,"name":"Vicasol presenta en Fruit Attraction \u2018Equilibrio\u2019 su programa de responsabilidad social corporativa"}]},{"@type":"Article","@id":"https:\/\/aenverde-cp7041.wordpresstemporal.com\/aenverdexpress.es\/2021\/10\/11\/vicasol-presenta-en-fruit-attraction-equilibrio-su-programa-de-responsabilidad-social-corporativa\/#article","isPartOf":{"@id":"https:\/\/aenverde-cp7041.wordpresstemporal.com\/aenverdexpress.es\/2021\/10\/11\/vicasol-presenta-en-fruit-attraction-equilibrio-su-programa-de-responsabilidad-social-corporativa\/#webpage"},"author":{"@id":"https:\/\/aenverdexpress.es\/#\/schema\/person\/7220664746e3c774cb3c4e5f81fc4ba0"},"headline":"Vicasol presenta en Fruit Attraction \u2018Equilibrio\u2019 su programa de responsabilidad social corporativa","datePublished":"2021-10-11T09:50:18+00:00","dateModified":"2021-10-11T09:50:19+00:00","mainEntityOfPage":{"@id":"https:\/\/aenverde-cp7041.wordpresstemporal.com\/aenverdexpress.es\/2021\/10\/11\/vicasol-presenta-en-fruit-attraction-equilibrio-su-programa-de-responsabilidad-social-corporativa\/#webpage"},"wordCount":83,"commentCount":0,"publisher":{"@id":"https:\/\/aenverdexpress.es\/#organization"},"image":{"@id":"https:\/\/aenverde-cp7041.wordpresstemporal.com\/aenverdexpress.es\/2021\/10\/11\/vicasol-presenta-en-fruit-attraction-equilibrio-su-programa-de-responsabilidad-social-corporativa\/#primaryimage"},"thumbnailUrl":"https:\/\/aenverde-cp7041.wordpresstemporal.com\/aenverdexpress.es\/wp-content\/uploads\/2021\/10\/vicasol-grupo-ok.jpg","keywords":["Cooperativas","fruit attraction","Responsabilidad social corporativa","Vicasol"],"articleSection":["Actualidad"],"inLanguage":"es","potentialAction":[{"@type":"CommentAction","name":"Comment","target":["https:\/\/aenverde-cp7041.wordpresstemporal.com\/aenverdexpress.es\/2021\/10\/11\/vicasol-presenta-en-fruit-attraction-equilibrio-su-programa-de-responsabilidad-social-corporativa\/#respond"]}]},{"@type":"Person","@id":"https:\/\/aenverdexpress.es\/#\/schema\/person\/7220664746e3c774cb3c4e5f81fc4ba0","name":"REDACCI\u00d3N AENVERDE","image":{"@type":"ImageObject","@id":"https:\/\/aenverdexpress.es\/#personlogo","inLanguage":"es","url":"https:\/\/secure.gravatar.com\/avatar\/82de37537a82ee30b014773728d8502cf11180bc1ea2f0a301ec70ebe59ea3e5?s=96&d=mm&r=g","contentUrl":"https:\/\/secure.gravatar.com\/avatar\/82de37537a82ee30b014773728d8502cf11180bc1ea2f0a301ec70ebe59ea3e5?s=96&d=mm&r=g","caption":"REDACCI\u00d3N AENVERDE"},"url":"https:\/\/aenverde-cp7041.wordpresstemporal.com\/aenverdexpress.es\/author\/damian\/"}]}},"builder_content":"","_links":{"self":[{"href":"https:\/\/aenverde-cp7041.wordpresstemporal.com\/aenverdexpress.es\/wp-json\/wp\/v2\/posts\/580","targetHints":{"allow":["GET"]}}],"collection":[{"href":"https:\/\/aenverde-cp7041.wordpresstemporal.com\/aenverdexpress.es\/wp-json\/wp\/v2\/posts"}],"about":[{"href":"https:\/\/aenverde-cp7041.wordpresstemporal.com\/aenverdexpress.es\/wp-json\/wp\/v2\/types\/post"}],"author":[{"embeddable":true,"href":"https:\/\/aenverde-cp7041.wordpresstemporal.com\/aenverdexpress.es\/wp-json\/wp\/v2\/users\/2"}],"replies":[{"embeddable":true,"href":"https:\/\/aenverde-cp7041.wordpresstemporal.com\/aenverdexpress.es\/wp-json\/wp\/v2\/comments?post=580"}],"version-history":[{"count":1,"href":"https:\/\/aenverde-cp7041.wordpresstemporal.com\/aenverdexpress.es\/wp-json\/wp\/v2\/posts\/580\/revisions"}],"predecessor-version":[{"id":582,"href":"https:\/\/aenverde-cp7041.wordpresstemporal.com\/aenverdexpress.es\/wp-json\/wp\/v2\/posts\/580\/revisions\/582"}],"wp:featuredmedia":[{"embeddable":true,"href":"https:\/\/aenverde-cp7041.wordpresstemporal.com\/aenverdexpress.es\/wp-json\/wp\/v2\/media\/581"}],"wp:attachment":[{"href":"https:\/\/aenverde-cp7041.wordpresstemporal.com\/aenverdexpress.es\/wp-json\/wp\/v2\/media?parent=580"}],"wp:term":[{"taxonomy":"category","embeddable":true,"href":"https:\/\/aenverde-cp7041.wordpresstemporal.com\/aenverdexpress.es\/wp-json\/wp\/v2\/categories?post=580"},{"taxonomy":"post_tag","embeddable":true,"href":"https:\/\/aenverde-cp7041.wordpresstemporal.com\/aenverdexpress.es\/wp-json\/wp\/v2\/tags?post=580"}],"curies":[{"name":"wp","href":"https:\/\/api.w.org\/{rel}","templated":true}]}}