{"id":6315,"date":"2023-08-16T07:29:09","date_gmt":"2023-08-16T07:29:09","guid":{"rendered":"https:\/\/aenverdexpress.es\/?p=6315"},"modified":"2023-08-18T06:08:48","modified_gmt":"2023-08-18T06:08:48","slug":"naranjas-importadas-de-egipto-con-mancha-negra","status":"publish","type":"post","link":"https:\/\/aenverde-cp7041.wordpresstemporal.com\/aenverdexpress.es\/2023\/08\/16\/naranjas-importadas-de-egipto-con-mancha-negra\/","title":{"rendered":"Naranjas, importadas de Egipto, con\u00a0mancha negra"},"content":{"rendered":"<!--themify_builder_content-->\n<div id=\"themify_builder_content-6315\" data-postid=\"6315\" class=\"themify_builder_content themify_builder_content-6315 themify_builder tf_clear\">\n    <\/div>\n<!--\/themify_builder_content-->\n\n\n<p class=\"wp-block-paragraph\">Hace unos d\u00edas la\u00a0<a href=\"http:\/\/www.avaasaja.org\/\">Asociaci\u00f3n Valenciana de Agricultores (AVA-ASAJA)<\/a>\u00a0informaba de que Sud\u00e1frica encabeza el ranking en n\u00famero de interceptaciones de plagas y enfermedades citr\u00edcolas (22 detecciones de mancha negra y 2 de falsa polilla, entre otras), ahora la organizaci\u00f3n presidida por Crist\u00f3bal Aguado\u00a0<strong>alerta de que la Uni\u00f3n Europea (UE) ha detectado, por primera vez, la mancha negra de los c\u00edtricos (<em>Phyllosticta citricarpa<\/em>) en una importaci\u00f3n de naranjas procedentes de Egipto.<\/strong><\/p>\n\n\n\n<p class=\"wp-block-paragraph\">M\u00e1s informaci\u00f3n <a href=\"https:\/\/www.aenverde.es\/europa-importa-naranjas-de-egipto-con-mancha-negra\/\">aqu\u00ed<\/a>. <\/p>\n\n\n\n<p class=\"wp-block-paragraph\"><\/p>","protected":false},"excerpt":{"rendered":"<p>Hace unos d\u00edas la\u00a0Asociaci\u00f3n Valenciana de Agricultores (AVA-ASAJA)\u00a0informaba de que Sud\u00e1frica encabeza el ranking en n\u00famero de interceptaciones de plagas y enfermedades citr\u00edcolas (22 detecciones de mancha negra y 2 de falsa polilla, entre otras), ahora la organizaci\u00f3n presidida por Crist\u00f3bal Aguado\u00a0alerta de que la Uni\u00f3n Europea (UE) ha detectado, por primera vez, la mancha [&hellip;]<\/p>\n","protected":false},"author":2,"featured_media":6316,"comment_status":"open","ping_status":"open","sticky":false,"template":"","format":"standard","meta":{"footnotes":""},"categories":[11],"tags":[811,79,100,810,809,812,77,272,268,195,94,93],"class_list":["post-6315","post","type-post","status-publish","format-standard","has-post-thumbnail","hentry","category-actualidad","tag-acuerdos","tag-alerta-sanitaria","tag-citricos","tag-falsa-polilla","tag-mancha-negra","tag-pacto","tag-plagas","tag-sanidad-vegetal","tag-seguridad-alimentaria","tag-sudafrica","tag-ue","tag-union-europea","has-post-title","has-post-date","has-post-category","has-post-tag","has-post-comment","has-post-author",""],"yoast_head":"<!-- This site is optimized with the Yoast SEO plugin v18.2 - https:\/\/yoast.com\/wordpress\/plugins\/seo\/ -->\n<title>Naranjas, importadas de Egipto, con\u00a0mancha negra - Aenverde Express<\/title>\n<meta name=\"robots\" content=\"index, follow, max-snippet:-1, max-image-preview:large, max-video-preview:-1\" \/>\n<link rel=\"canonical\" href=\"https:\/\/aenverde-cp7041.wordpresstemporal.com\/aenverdexpress.es\/2023\/08\/16\/naranjas-importadas-de-egipto-con-mancha-negra\/\" \/>\n<meta property=\"og:locale\" content=\"es_ES\" \/>\n<meta property=\"og:type\" content=\"article\" \/>\n<meta property=\"og:title\" content=\"Naranjas, importadas de Egipto, con\u00a0mancha negra - Aenverde Express\" \/>\n<meta property=\"og:description\" content=\"Hace unos d\u00edas la\u00a0Asociaci\u00f3n Valenciana de Agricultores (AVA-ASAJA)\u00a0informaba de que Sud\u00e1frica encabeza el ranking en n\u00famero de interceptaciones de plagas y enfermedades citr\u00edcolas (22 detecciones de mancha negra y 2 de falsa polilla, entre otras), ahora la organizaci\u00f3n presidida por Crist\u00f3bal Aguado\u00a0alerta de que la Uni\u00f3n Europea (UE) ha detectado, por primera vez, la mancha [&hellip;]\" \/>\n<meta property=\"og:url\" content=\"https:\/\/aenverde-cp7041.wordpresstemporal.com\/aenverdexpress.es\/2023\/08\/16\/naranjas-importadas-de-egipto-con-mancha-negra\/\" \/>\n<meta property=\"og:site_name\" content=\"Aenverde Express\" \/>\n<meta property=\"article:published_time\" content=\"2023-08-16T07:29:09+00:00\" \/>\n<meta property=\"article:modified_time\" content=\"2023-08-18T06:08:48+00:00\" \/>\n<meta property=\"og:image\" content=\"https:\/\/aenverde-cp7041.wordpresstemporal.com\/aenverdexpress.es\/wp-content\/uploads\/2023\/08\/naranja-mancha-citricos.jpeg\" \/>\n\t<meta property=\"og:image:width\" content=\"1020\" \/>\n\t<meta property=\"og:image:height\" content=\"622\" \/>\n\t<meta property=\"og:image:type\" content=\"image\/jpeg\" \/>\n<meta name=\"twitter:card\" content=\"summary_large_image\" \/>\n<meta name=\"twitter:label1\" content=\"Escrito por\" \/>\n\t<meta name=\"twitter:data1\" content=\"REDACCI\u00d3N AENVERDE\" \/>\n<script type=\"application\/ld+json\" class=\"yoast-schema-graph\">{\"@context\":\"https:\/\/schema.org\",\"@graph\":[{\"@type\":\"Organization\",\"@id\":\"https:\/\/aenverdexpress.es\/#organization\",\"name\":\"AENVERDE\",\"url\":\"https:\/\/aenverdexpress.es\/\",\"sameAs\":[],\"logo\":{\"@type\":\"ImageObject\",\"@id\":\"https:\/\/aenverdexpress.es\/#logo\",\"inLanguage\":\"es\",\"url\":\"https:\/\/aenverdexpress.es\/wp-content\/uploads\/2021\/12\/A-EN-VERDE-LOGO-FONDO-1DB954-01-1024x1024-1.jpg\",\"contentUrl\":\"https:\/\/aenverdexpress.es\/wp-content\/uploads\/2021\/12\/A-EN-VERDE-LOGO-FONDO-1DB954-01-1024x1024-1.jpg\",\"width\":1024,\"height\":1024,\"caption\":\"AENVERDE\"},\"image\":{\"@id\":\"https:\/\/aenverdexpress.es\/#logo\"}},{\"@type\":\"WebSite\",\"@id\":\"https:\/\/aenverdexpress.es\/#website\",\"url\":\"https:\/\/aenverdexpress.es\/\",\"name\":\"Aenverde Express\",\"description\":\"\",\"publisher\":{\"@id\":\"https:\/\/aenverdexpress.es\/#organization\"},\"potentialAction\":[{\"@type\":\"SearchAction\",\"target\":{\"@type\":\"EntryPoint\",\"urlTemplate\":\"https:\/\/aenverdexpress.es\/?s={search_term_string}\"},\"query-input\":\"required name=search_term_string\"}],\"inLanguage\":\"es\"},{\"@type\":\"ImageObject\",\"@id\":\"https:\/\/aenverde-cp7041.wordpresstemporal.com\/aenverdexpress.es\/2023\/08\/16\/naranjas-importadas-de-egipto-con-mancha-negra\/#primaryimage\",\"inLanguage\":\"es\",\"url\":\"https:\/\/aenverde-cp7041.wordpresstemporal.com\/aenverdexpress.es\/wp-content\/uploads\/2023\/08\/naranja-mancha-citricos.jpeg\",\"contentUrl\":\"https:\/\/aenverde-cp7041.wordpresstemporal.com\/aenverdexpress.es\/wp-content\/uploads\/2023\/08\/naranja-mancha-citricos.jpeg\",\"width\":1020,\"height\":622},{\"@type\":\"WebPage\",\"@id\":\"https:\/\/aenverde-cp7041.wordpresstemporal.com\/aenverdexpress.es\/2023\/08\/16\/naranjas-importadas-de-egipto-con-mancha-negra\/#webpage\",\"url\":\"https:\/\/aenverde-cp7041.wordpresstemporal.com\/aenverdexpress.es\/2023\/08\/16\/naranjas-importadas-de-egipto-con-mancha-negra\/\",\"name\":\"Naranjas, importadas de Egipto, con\u00a0mancha negra - Aenverde Express\",\"isPartOf\":{\"@id\":\"https:\/\/aenverdexpress.es\/#website\"},\"primaryImageOfPage\":{\"@id\":\"https:\/\/aenverde-cp7041.wordpresstemporal.com\/aenverdexpress.es\/2023\/08\/16\/naranjas-importadas-de-egipto-con-mancha-negra\/#primaryimage\"},\"datePublished\":\"2023-08-16T07:29:09+00:00\",\"dateModified\":\"2023-08-18T06:08:48+00:00\",\"breadcrumb\":{\"@id\":\"https:\/\/aenverde-cp7041.wordpresstemporal.com\/aenverdexpress.es\/2023\/08\/16\/naranjas-importadas-de-egipto-con-mancha-negra\/#breadcrumb\"},\"inLanguage\":\"es\",\"potentialAction\":[{\"@type\":\"ReadAction\",\"target\":[\"https:\/\/aenverde-cp7041.wordpresstemporal.com\/aenverdexpress.es\/2023\/08\/16\/naranjas-importadas-de-egipto-con-mancha-negra\/\"]}]},{\"@type\":\"BreadcrumbList\",\"@id\":\"https:\/\/aenverde-cp7041.wordpresstemporal.com\/aenverdexpress.es\/2023\/08\/16\/naranjas-importadas-de-egipto-con-mancha-negra\/#breadcrumb\",\"itemListElement\":[{\"@type\":\"ListItem\",\"position\":1,\"name\":\"Portada\",\"item\":\"https:\/\/aenverdexpress.es\/\"},{\"@type\":\"ListItem\",\"position\":2,\"name\":\"Naranjas, importadas de Egipto, con\u00a0mancha negra\"}]},{\"@type\":\"Article\",\"@id\":\"https:\/\/aenverde-cp7041.wordpresstemporal.com\/aenverdexpress.es\/2023\/08\/16\/naranjas-importadas-de-egipto-con-mancha-negra\/#article\",\"isPartOf\":{\"@id\":\"https:\/\/aenverde-cp7041.wordpresstemporal.com\/aenverdexpress.es\/2023\/08\/16\/naranjas-importadas-de-egipto-con-mancha-negra\/#webpage\"},\"author\":{\"@id\":\"https:\/\/aenverdexpress.es\/#\/schema\/person\/7220664746e3c774cb3c4e5f81fc4ba0\"},\"headline\":\"Naranjas, importadas de Egipto, con\u00a0mancha negra\",\"datePublished\":\"2023-08-16T07:29:09+00:00\",\"dateModified\":\"2023-08-18T06:08:48+00:00\",\"mainEntityOfPage\":{\"@id\":\"https:\/\/aenverde-cp7041.wordpresstemporal.com\/aenverdexpress.es\/2023\/08\/16\/naranjas-importadas-de-egipto-con-mancha-negra\/#webpage\"},\"wordCount\":92,\"commentCount\":0,\"publisher\":{\"@id\":\"https:\/\/aenverdexpress.es\/#organization\"},\"image\":{\"@id\":\"https:\/\/aenverde-cp7041.wordpresstemporal.com\/aenverdexpress.es\/2023\/08\/16\/naranjas-importadas-de-egipto-con-mancha-negra\/#primaryimage\"},\"thumbnailUrl\":\"https:\/\/aenverde-cp7041.wordpresstemporal.com\/aenverdexpress.es\/wp-content\/uploads\/2023\/08\/naranja-mancha-citricos.jpeg\",\"keywords\":[\"acuerdos\",\"alerta sanitaria\",\"c\u00edtricos\",\"falsa polilla\",\"mancha negra\",\"pacto\",\"plagas\",\"sanidad vegetal\",\"seguridad alimentaria\",\"Sud\u00e1frica\",\"UE\",\"Uni\u00f3n Europea\"],\"articleSection\":[\"Actualidad\"],\"inLanguage\":\"es\",\"potentialAction\":[{\"@type\":\"CommentAction\",\"name\":\"Comment\",\"target\":[\"https:\/\/aenverde-cp7041.wordpresstemporal.com\/aenverdexpress.es\/2023\/08\/16\/naranjas-importadas-de-egipto-con-mancha-negra\/#respond\"]}]},{\"@type\":\"Person\",\"@id\":\"https:\/\/aenverdexpress.es\/#\/schema\/person\/7220664746e3c774cb3c4e5f81fc4ba0\",\"name\":\"REDACCI\u00d3N AENVERDE\",\"image\":{\"@type\":\"ImageObject\",\"@id\":\"https:\/\/aenverdexpress.es\/#personlogo\",\"inLanguage\":\"es\",\"url\":\"https:\/\/secure.gravatar.com\/avatar\/82de37537a82ee30b014773728d8502cf11180bc1ea2f0a301ec70ebe59ea3e5?s=96&d=mm&r=g\",\"contentUrl\":\"https:\/\/secure.gravatar.com\/avatar\/82de37537a82ee30b014773728d8502cf11180bc1ea2f0a301ec70ebe59ea3e5?s=96&d=mm&r=g\",\"caption\":\"REDACCI\u00d3N AENVERDE\"},\"url\":\"https:\/\/aenverde-cp7041.wordpresstemporal.com\/aenverdexpress.es\/author\/damian\/\"}]}<\/script>\n<!-- \/ Yoast SEO plugin. -->","yoast_head_json":{"title":"Naranjas, importadas de Egipto, con\u00a0mancha negra - Aenverde Express","robots":{"index":"index","follow":"follow","max-snippet":"max-snippet:-1","max-image-preview":"max-image-preview:large","max-video-preview":"max-video-preview:-1"},"canonical":"https:\/\/aenverde-cp7041.wordpresstemporal.com\/aenverdexpress.es\/2023\/08\/16\/naranjas-importadas-de-egipto-con-mancha-negra\/","og_locale":"es_ES","og_type":"article","og_title":"Naranjas, importadas de Egipto, con\u00a0mancha negra - Aenverde Express","og_description":"Hace unos d\u00edas la\u00a0Asociaci\u00f3n Valenciana de Agricultores (AVA-ASAJA)\u00a0informaba de que Sud\u00e1frica encabeza el ranking en n\u00famero de interceptaciones de plagas y enfermedades citr\u00edcolas (22 detecciones de mancha negra y 2 de falsa polilla, entre otras), ahora la organizaci\u00f3n presidida por Crist\u00f3bal Aguado\u00a0alerta de que la Uni\u00f3n Europea (UE) ha detectado, por primera vez, la mancha [&hellip;]","og_url":"https:\/\/aenverde-cp7041.wordpresstemporal.com\/aenverdexpress.es\/2023\/08\/16\/naranjas-importadas-de-egipto-con-mancha-negra\/","og_site_name":"Aenverde Express","article_published_time":"2023-08-16T07:29:09+00:00","article_modified_time":"2023-08-18T06:08:48+00:00","og_image":[{"width":1020,"height":622,"url":"https:\/\/aenverde-cp7041.wordpresstemporal.com\/aenverdexpress.es\/wp-content\/uploads\/2023\/08\/naranja-mancha-citricos.jpeg","type":"image\/jpeg"}],"twitter_card":"summary_large_image","twitter_misc":{"Escrito por":"REDACCI\u00d3N AENVERDE"},"schema":{"@context":"https:\/\/schema.org","@graph":[{"@type":"Organization","@id":"https:\/\/aenverdexpress.es\/#organization","name":"AENVERDE","url":"https:\/\/aenverdexpress.es\/","sameAs":[],"logo":{"@type":"ImageObject","@id":"https:\/\/aenverdexpress.es\/#logo","inLanguage":"es","url":"https:\/\/aenverdexpress.es\/wp-content\/uploads\/2021\/12\/A-EN-VERDE-LOGO-FONDO-1DB954-01-1024x1024-1.jpg","contentUrl":"https:\/\/aenverdexpress.es\/wp-content\/uploads\/2021\/12\/A-EN-VERDE-LOGO-FONDO-1DB954-01-1024x1024-1.jpg","width":1024,"height":1024,"caption":"AENVERDE"},"image":{"@id":"https:\/\/aenverdexpress.es\/#logo"}},{"@type":"WebSite","@id":"https:\/\/aenverdexpress.es\/#website","url":"https:\/\/aenverdexpress.es\/","name":"Aenverde Express","description":"","publisher":{"@id":"https:\/\/aenverdexpress.es\/#organization"},"potentialAction":[{"@type":"SearchAction","target":{"@type":"EntryPoint","urlTemplate":"https:\/\/aenverdexpress.es\/?s={search_term_string}"},"query-input":"required name=search_term_string"}],"inLanguage":"es"},{"@type":"ImageObject","@id":"https:\/\/aenverde-cp7041.wordpresstemporal.com\/aenverdexpress.es\/2023\/08\/16\/naranjas-importadas-de-egipto-con-mancha-negra\/#primaryimage","inLanguage":"es","url":"https:\/\/aenverde-cp7041.wordpresstemporal.com\/aenverdexpress.es\/wp-content\/uploads\/2023\/08\/naranja-mancha-citricos.jpeg","contentUrl":"https:\/\/aenverde-cp7041.wordpresstemporal.com\/aenverdexpress.es\/wp-content\/uploads\/2023\/08\/naranja-mancha-citricos.jpeg","width":1020,"height":622},{"@type":"WebPage","@id":"https:\/\/aenverde-cp7041.wordpresstemporal.com\/aenverdexpress.es\/2023\/08\/16\/naranjas-importadas-de-egipto-con-mancha-negra\/#webpage","url":"https:\/\/aenverde-cp7041.wordpresstemporal.com\/aenverdexpress.es\/2023\/08\/16\/naranjas-importadas-de-egipto-con-mancha-negra\/","name":"Naranjas, importadas de Egipto, con\u00a0mancha negra - Aenverde Express","isPartOf":{"@id":"https:\/\/aenverdexpress.es\/#website"},"primaryImageOfPage":{"@id":"https:\/\/aenverde-cp7041.wordpresstemporal.com\/aenverdexpress.es\/2023\/08\/16\/naranjas-importadas-de-egipto-con-mancha-negra\/#primaryimage"},"datePublished":"2023-08-16T07:29:09+00:00","dateModified":"2023-08-18T06:08:48+00:00","breadcrumb":{"@id":"https:\/\/aenverde-cp7041.wordpresstemporal.com\/aenverdexpress.es\/2023\/08\/16\/naranjas-importadas-de-egipto-con-mancha-negra\/#breadcrumb"},"inLanguage":"es","potentialAction":[{"@type":"ReadAction","target":["https:\/\/aenverde-cp7041.wordpresstemporal.com\/aenverdexpress.es\/2023\/08\/16\/naranjas-importadas-de-egipto-con-mancha-negra\/"]}]},{"@type":"BreadcrumbList","@id":"https:\/\/aenverde-cp7041.wordpresstemporal.com\/aenverdexpress.es\/2023\/08\/16\/naranjas-importadas-de-egipto-con-mancha-negra\/#breadcrumb","itemListElement":[{"@type":"ListItem","position":1,"name":"Portada","item":"https:\/\/aenverdexpress.es\/"},{"@type":"ListItem","position":2,"name":"Naranjas, importadas de Egipto, con\u00a0mancha negra"}]},{"@type":"Article","@id":"https:\/\/aenverde-cp7041.wordpresstemporal.com\/aenverdexpress.es\/2023\/08\/16\/naranjas-importadas-de-egipto-con-mancha-negra\/#article","isPartOf":{"@id":"https:\/\/aenverde-cp7041.wordpresstemporal.com\/aenverdexpress.es\/2023\/08\/16\/naranjas-importadas-de-egipto-con-mancha-negra\/#webpage"},"author":{"@id":"https:\/\/aenverdexpress.es\/#\/schema\/person\/7220664746e3c774cb3c4e5f81fc4ba0"},"headline":"Naranjas, importadas de Egipto, con\u00a0mancha negra","datePublished":"2023-08-16T07:29:09+00:00","dateModified":"2023-08-18T06:08:48+00:00","mainEntityOfPage":{"@id":"https:\/\/aenverde-cp7041.wordpresstemporal.com\/aenverdexpress.es\/2023\/08\/16\/naranjas-importadas-de-egipto-con-mancha-negra\/#webpage"},"wordCount":92,"commentCount":0,"publisher":{"@id":"https:\/\/aenverdexpress.es\/#organization"},"image":{"@id":"https:\/\/aenverde-cp7041.wordpresstemporal.com\/aenverdexpress.es\/2023\/08\/16\/naranjas-importadas-de-egipto-con-mancha-negra\/#primaryimage"},"thumbnailUrl":"https:\/\/aenverde-cp7041.wordpresstemporal.com\/aenverdexpress.es\/wp-content\/uploads\/2023\/08\/naranja-mancha-citricos.jpeg","keywords":["acuerdos","alerta sanitaria","c\u00edtricos","falsa polilla","mancha negra","pacto","plagas","sanidad vegetal","seguridad alimentaria","Sud\u00e1frica","UE","Uni\u00f3n Europea"],"articleSection":["Actualidad"],"inLanguage":"es","potentialAction":[{"@type":"CommentAction","name":"Comment","target":["https:\/\/aenverde-cp7041.wordpresstemporal.com\/aenverdexpress.es\/2023\/08\/16\/naranjas-importadas-de-egipto-con-mancha-negra\/#respond"]}]},{"@type":"Person","@id":"https:\/\/aenverdexpress.es\/#\/schema\/person\/7220664746e3c774cb3c4e5f81fc4ba0","name":"REDACCI\u00d3N AENVERDE","image":{"@type":"ImageObject","@id":"https:\/\/aenverdexpress.es\/#personlogo","inLanguage":"es","url":"https:\/\/secure.gravatar.com\/avatar\/82de37537a82ee30b014773728d8502cf11180bc1ea2f0a301ec70ebe59ea3e5?s=96&d=mm&r=g","contentUrl":"https:\/\/secure.gravatar.com\/avatar\/82de37537a82ee30b014773728d8502cf11180bc1ea2f0a301ec70ebe59ea3e5?s=96&d=mm&r=g","caption":"REDACCI\u00d3N AENVERDE"},"url":"https:\/\/aenverde-cp7041.wordpresstemporal.com\/aenverdexpress.es\/author\/damian\/"}]}},"builder_content":"","_links":{"self":[{"href":"https:\/\/aenverde-cp7041.wordpresstemporal.com\/aenverdexpress.es\/wp-json\/wp\/v2\/posts\/6315","targetHints":{"allow":["GET"]}}],"collection":[{"href":"https:\/\/aenverde-cp7041.wordpresstemporal.com\/aenverdexpress.es\/wp-json\/wp\/v2\/posts"}],"about":[{"href":"https:\/\/aenverde-cp7041.wordpresstemporal.com\/aenverdexpress.es\/wp-json\/wp\/v2\/types\/post"}],"author":[{"embeddable":true,"href":"https:\/\/aenverde-cp7041.wordpresstemporal.com\/aenverdexpress.es\/wp-json\/wp\/v2\/users\/2"}],"replies":[{"embeddable":true,"href":"https:\/\/aenverde-cp7041.wordpresstemporal.com\/aenverdexpress.es\/wp-json\/wp\/v2\/comments?post=6315"}],"version-history":[{"count":2,"href":"https:\/\/aenverde-cp7041.wordpresstemporal.com\/aenverdexpress.es\/wp-json\/wp\/v2\/posts\/6315\/revisions"}],"predecessor-version":[{"id":6318,"href":"https:\/\/aenverde-cp7041.wordpresstemporal.com\/aenverdexpress.es\/wp-json\/wp\/v2\/posts\/6315\/revisions\/6318"}],"wp:featuredmedia":[{"embeddable":true,"href":"https:\/\/aenverde-cp7041.wordpresstemporal.com\/aenverdexpress.es\/wp-json\/wp\/v2\/media\/6316"}],"wp:attachment":[{"href":"https:\/\/aenverde-cp7041.wordpresstemporal.com\/aenverdexpress.es\/wp-json\/wp\/v2\/media?parent=6315"}],"wp:term":[{"taxonomy":"category","embeddable":true,"href":"https:\/\/aenverde-cp7041.wordpresstemporal.com\/aenverdexpress.es\/wp-json\/wp\/v2\/categories?post=6315"},{"taxonomy":"post_tag","embeddable":true,"href":"https:\/\/aenverde-cp7041.wordpresstemporal.com\/aenverdexpress.es\/wp-json\/wp\/v2\/tags?post=6315"}],"curies":[{"name":"wp","href":"https:\/\/api.w.org\/{rel}","templated":true}]}}