{"id":6350,"date":"2023-08-22T07:44:38","date_gmt":"2023-08-22T07:44:38","guid":{"rendered":"https:\/\/aenverdexpress.es\/?p=6350"},"modified":"2023-08-22T07:44:38","modified_gmt":"2023-08-22T07:44:38","slug":"alerta-sanitaria-para-los-consumidores-en-cerezas-procedentes-de-turquia","status":"publish","type":"post","link":"https:\/\/aenverde-cp7041.wordpresstemporal.com\/aenverdexpress.es\/2023\/08\/22\/alerta-sanitaria-para-los-consumidores-en-cerezas-procedentes-de-turquia\/","title":{"rendered":"Alerta sanitaria\u00a0para los consumidores en\u00a0cerezas procedentes de Turqu\u00eda"},"content":{"rendered":"<!--themify_builder_content-->\n<div id=\"themify_builder_content-6350\" data-postid=\"6350\" class=\"themify_builder_content themify_builder_content-6350 themify_builder tf_clear\">\n    <\/div>\n<!--\/themify_builder_content-->\n\n\n<p class=\"wp-block-paragraph\">El Sistema de Alerta R\u00e1pida para Alimentos y Piensos (Rapid Alert System for Food and Feed, RASFF) ha notificado la emisi\u00f3n de una alerta a los consumidores por parte de las autoridades de Alemania, tras la detecci\u00f3n de un alto contenido de tres pesticidas en cerezas importadas de Turqu\u00eda, seg\u00fan ha podido saber Hortoinfo tras consultar la notificaci\u00f3n n\u00famero 2023.5584 del RASFF de fecha 17 de agosto. <\/p>\n\n\n\n<p class=\"wp-block-paragraph\">En un control oficial de mercado realizado el pasado 19 de julio se detect\u00f3 una excesiva presencia de los pesticidas Clorpirifos, Dimetoato y Ometoato, excediendo en todos los casos su L\u00edmite M\u00e1ximo de Residuos (LMR).<\/p>\n\n\n\n<p class=\"wp-block-paragraph\">La alerta para la informaci\u00f3n de los consumidores ha sido emitida por las autoridades alemanas al considerar que ya no quedan existencias de ese producto en los lineales de los supermercados, un hecho calificado por el RASFF como potencialmente grave.<\/p>\n\n\n\n<p class=\"wp-block-paragraph\">M\u00e1s informaci\u00f3n <a href=\"https:\/\/www.aenverde.es\/alerta-sanitaria-para-los-consumidores-en-cerezas-procedentes-de-turquia\/\">aqu\u00ed<\/a>. <\/p>","protected":false},"excerpt":{"rendered":"<p>El Sistema de Alerta R\u00e1pida para Alimentos y Piensos (Rapid Alert System for Food and Feed, RASFF) ha notificado la emisi\u00f3n de una alerta a los consumidores por parte de las autoridades de Alemania, tras la detecci\u00f3n de un alto contenido de tres pesticidas en cerezas importadas de Turqu\u00eda, seg\u00fan ha podido saber Hortoinfo tras [&hellip;]<\/p>\n","protected":false},"author":2,"featured_media":6351,"comment_status":"open","ping_status":"open","sticky":false,"template":"","format":"standard","meta":{"footnotes":""},"categories":[11],"tags":[555,79,825,826,55,17,18,824],"class_list":["post-6350","post","type-post","status-publish","format-standard","has-post-thumbnail","hentry","category-actualidad","tag-alerta","tag-alerta-sanitaria","tag-cereza","tag-cerezas","tag-exportacion","tag-frutas-y-hortalizas","tag-mercados","tag-truquia","has-post-title","has-post-date","has-post-category","has-post-tag","has-post-comment","has-post-author",""],"yoast_head":"<!-- This site is optimized with the Yoast SEO plugin v18.2 - https:\/\/yoast.com\/wordpress\/plugins\/seo\/ -->\n<title>Alerta sanitaria\u00a0para los consumidores en\u00a0cerezas procedentes de Turqu\u00eda - Aenverde Express<\/title>\n<meta name=\"robots\" content=\"index, follow, max-snippet:-1, max-image-preview:large, max-video-preview:-1\" \/>\n<link rel=\"canonical\" href=\"https:\/\/aenverde-cp7041.wordpresstemporal.com\/aenverdexpress.es\/2023\/08\/22\/alerta-sanitaria-para-los-consumidores-en-cerezas-procedentes-de-turquia\/\" \/>\n<meta property=\"og:locale\" content=\"es_ES\" \/>\n<meta property=\"og:type\" content=\"article\" \/>\n<meta property=\"og:title\" content=\"Alerta sanitaria\u00a0para los consumidores en\u00a0cerezas procedentes de Turqu\u00eda - Aenverde Express\" \/>\n<meta property=\"og:description\" content=\"El Sistema de Alerta R\u00e1pida para Alimentos y Piensos (Rapid Alert System for Food and Feed, RASFF) ha notificado la emisi\u00f3n de una alerta a los consumidores por parte de las autoridades de Alemania, tras la detecci\u00f3n de un alto contenido de tres pesticidas en cerezas importadas de Turqu\u00eda, seg\u00fan ha podido saber Hortoinfo tras [&hellip;]\" \/>\n<meta property=\"og:url\" content=\"https:\/\/aenverde-cp7041.wordpresstemporal.com\/aenverdexpress.es\/2023\/08\/22\/alerta-sanitaria-para-los-consumidores-en-cerezas-procedentes-de-turquia\/\" \/>\n<meta property=\"og:site_name\" content=\"Aenverde Express\" \/>\n<meta property=\"article:published_time\" content=\"2023-08-22T07:44:38+00:00\" \/>\n<meta property=\"og:image\" content=\"https:\/\/aenverde-cp7041.wordpresstemporal.com\/aenverdexpress.es\/wp-content\/uploads\/2023\/08\/Cerezas.jpg\" \/>\n\t<meta property=\"og:image:width\" content=\"1020\" \/>\n\t<meta property=\"og:image:height\" content=\"680\" \/>\n\t<meta property=\"og:image:type\" content=\"image\/jpeg\" \/>\n<meta name=\"twitter:card\" content=\"summary_large_image\" \/>\n<meta name=\"twitter:label1\" content=\"Escrito por\" \/>\n\t<meta name=\"twitter:data1\" content=\"REDACCI\u00d3N AENVERDE\" \/>\n\t<meta name=\"twitter:label2\" content=\"Tiempo de lectura\" \/>\n\t<meta name=\"twitter:data2\" content=\"1 minuto\" \/>\n<script type=\"application\/ld+json\" class=\"yoast-schema-graph\">{\"@context\":\"https:\/\/schema.org\",\"@graph\":[{\"@type\":\"Organization\",\"@id\":\"https:\/\/aenverdexpress.es\/#organization\",\"name\":\"AENVERDE\",\"url\":\"https:\/\/aenverdexpress.es\/\",\"sameAs\":[],\"logo\":{\"@type\":\"ImageObject\",\"@id\":\"https:\/\/aenverdexpress.es\/#logo\",\"inLanguage\":\"es\",\"url\":\"https:\/\/aenverdexpress.es\/wp-content\/uploads\/2021\/12\/A-EN-VERDE-LOGO-FONDO-1DB954-01-1024x1024-1.jpg\",\"contentUrl\":\"https:\/\/aenverdexpress.es\/wp-content\/uploads\/2021\/12\/A-EN-VERDE-LOGO-FONDO-1DB954-01-1024x1024-1.jpg\",\"width\":1024,\"height\":1024,\"caption\":\"AENVERDE\"},\"image\":{\"@id\":\"https:\/\/aenverdexpress.es\/#logo\"}},{\"@type\":\"WebSite\",\"@id\":\"https:\/\/aenverdexpress.es\/#website\",\"url\":\"https:\/\/aenverdexpress.es\/\",\"name\":\"Aenverde Express\",\"description\":\"\",\"publisher\":{\"@id\":\"https:\/\/aenverdexpress.es\/#organization\"},\"potentialAction\":[{\"@type\":\"SearchAction\",\"target\":{\"@type\":\"EntryPoint\",\"urlTemplate\":\"https:\/\/aenverdexpress.es\/?s={search_term_string}\"},\"query-input\":\"required name=search_term_string\"}],\"inLanguage\":\"es\"},{\"@type\":\"ImageObject\",\"@id\":\"https:\/\/aenverde-cp7041.wordpresstemporal.com\/aenverdexpress.es\/2023\/08\/22\/alerta-sanitaria-para-los-consumidores-en-cerezas-procedentes-de-turquia\/#primaryimage\",\"inLanguage\":\"es\",\"url\":\"https:\/\/aenverde-cp7041.wordpresstemporal.com\/aenverdexpress.es\/wp-content\/uploads\/2023\/08\/Cerezas.jpg\",\"contentUrl\":\"https:\/\/aenverde-cp7041.wordpresstemporal.com\/aenverdexpress.es\/wp-content\/uploads\/2023\/08\/Cerezas.jpg\",\"width\":1020,\"height\":680},{\"@type\":\"WebPage\",\"@id\":\"https:\/\/aenverde-cp7041.wordpresstemporal.com\/aenverdexpress.es\/2023\/08\/22\/alerta-sanitaria-para-los-consumidores-en-cerezas-procedentes-de-turquia\/#webpage\",\"url\":\"https:\/\/aenverde-cp7041.wordpresstemporal.com\/aenverdexpress.es\/2023\/08\/22\/alerta-sanitaria-para-los-consumidores-en-cerezas-procedentes-de-turquia\/\",\"name\":\"Alerta sanitaria\u00a0para los consumidores en\u00a0cerezas procedentes de Turqu\u00eda - Aenverde Express\",\"isPartOf\":{\"@id\":\"https:\/\/aenverdexpress.es\/#website\"},\"primaryImageOfPage\":{\"@id\":\"https:\/\/aenverde-cp7041.wordpresstemporal.com\/aenverdexpress.es\/2023\/08\/22\/alerta-sanitaria-para-los-consumidores-en-cerezas-procedentes-de-turquia\/#primaryimage\"},\"datePublished\":\"2023-08-22T07:44:38+00:00\",\"dateModified\":\"2023-08-22T07:44:38+00:00\",\"breadcrumb\":{\"@id\":\"https:\/\/aenverde-cp7041.wordpresstemporal.com\/aenverdexpress.es\/2023\/08\/22\/alerta-sanitaria-para-los-consumidores-en-cerezas-procedentes-de-turquia\/#breadcrumb\"},\"inLanguage\":\"es\",\"potentialAction\":[{\"@type\":\"ReadAction\",\"target\":[\"https:\/\/aenverde-cp7041.wordpresstemporal.com\/aenverdexpress.es\/2023\/08\/22\/alerta-sanitaria-para-los-consumidores-en-cerezas-procedentes-de-turquia\/\"]}]},{\"@type\":\"BreadcrumbList\",\"@id\":\"https:\/\/aenverde-cp7041.wordpresstemporal.com\/aenverdexpress.es\/2023\/08\/22\/alerta-sanitaria-para-los-consumidores-en-cerezas-procedentes-de-turquia\/#breadcrumb\",\"itemListElement\":[{\"@type\":\"ListItem\",\"position\":1,\"name\":\"Portada\",\"item\":\"https:\/\/aenverdexpress.es\/\"},{\"@type\":\"ListItem\",\"position\":2,\"name\":\"Alerta sanitaria\u00a0para los consumidores en\u00a0cerezas procedentes de Turqu\u00eda\"}]},{\"@type\":\"Article\",\"@id\":\"https:\/\/aenverde-cp7041.wordpresstemporal.com\/aenverdexpress.es\/2023\/08\/22\/alerta-sanitaria-para-los-consumidores-en-cerezas-procedentes-de-turquia\/#article\",\"isPartOf\":{\"@id\":\"https:\/\/aenverde-cp7041.wordpresstemporal.com\/aenverdexpress.es\/2023\/08\/22\/alerta-sanitaria-para-los-consumidores-en-cerezas-procedentes-de-turquia\/#webpage\"},\"author\":{\"@id\":\"https:\/\/aenverdexpress.es\/#\/schema\/person\/7220664746e3c774cb3c4e5f81fc4ba0\"},\"headline\":\"Alerta sanitaria\u00a0para los consumidores en\u00a0cerezas procedentes de Turqu\u00eda\",\"datePublished\":\"2023-08-22T07:44:38+00:00\",\"dateModified\":\"2023-08-22T07:44:38+00:00\",\"mainEntityOfPage\":{\"@id\":\"https:\/\/aenverde-cp7041.wordpresstemporal.com\/aenverdexpress.es\/2023\/08\/22\/alerta-sanitaria-para-los-consumidores-en-cerezas-procedentes-de-turquia\/#webpage\"},\"wordCount\":165,\"commentCount\":0,\"publisher\":{\"@id\":\"https:\/\/aenverdexpress.es\/#organization\"},\"image\":{\"@id\":\"https:\/\/aenverde-cp7041.wordpresstemporal.com\/aenverdexpress.es\/2023\/08\/22\/alerta-sanitaria-para-los-consumidores-en-cerezas-procedentes-de-turquia\/#primaryimage\"},\"thumbnailUrl\":\"https:\/\/aenverde-cp7041.wordpresstemporal.com\/aenverdexpress.es\/wp-content\/uploads\/2023\/08\/Cerezas.jpg\",\"keywords\":[\"Alerta\",\"alerta sanitaria\",\"cereza\",\"cerezas\",\"exportaci\u00f3n\",\"frutas y hortalizas\",\"mercados\",\"Truquia\"],\"articleSection\":[\"Actualidad\"],\"inLanguage\":\"es\",\"potentialAction\":[{\"@type\":\"CommentAction\",\"name\":\"Comment\",\"target\":[\"https:\/\/aenverde-cp7041.wordpresstemporal.com\/aenverdexpress.es\/2023\/08\/22\/alerta-sanitaria-para-los-consumidores-en-cerezas-procedentes-de-turquia\/#respond\"]}]},{\"@type\":\"Person\",\"@id\":\"https:\/\/aenverdexpress.es\/#\/schema\/person\/7220664746e3c774cb3c4e5f81fc4ba0\",\"name\":\"REDACCI\u00d3N AENVERDE\",\"image\":{\"@type\":\"ImageObject\",\"@id\":\"https:\/\/aenverdexpress.es\/#personlogo\",\"inLanguage\":\"es\",\"url\":\"https:\/\/secure.gravatar.com\/avatar\/82de37537a82ee30b014773728d8502cf11180bc1ea2f0a301ec70ebe59ea3e5?s=96&d=mm&r=g\",\"contentUrl\":\"https:\/\/secure.gravatar.com\/avatar\/82de37537a82ee30b014773728d8502cf11180bc1ea2f0a301ec70ebe59ea3e5?s=96&d=mm&r=g\",\"caption\":\"REDACCI\u00d3N AENVERDE\"},\"url\":\"https:\/\/aenverde-cp7041.wordpresstemporal.com\/aenverdexpress.es\/author\/damian\/\"}]}<\/script>\n<!-- \/ Yoast SEO plugin. -->","yoast_head_json":{"title":"Alerta sanitaria\u00a0para los consumidores en\u00a0cerezas procedentes de Turqu\u00eda - Aenverde Express","robots":{"index":"index","follow":"follow","max-snippet":"max-snippet:-1","max-image-preview":"max-image-preview:large","max-video-preview":"max-video-preview:-1"},"canonical":"https:\/\/aenverde-cp7041.wordpresstemporal.com\/aenverdexpress.es\/2023\/08\/22\/alerta-sanitaria-para-los-consumidores-en-cerezas-procedentes-de-turquia\/","og_locale":"es_ES","og_type":"article","og_title":"Alerta sanitaria\u00a0para los consumidores en\u00a0cerezas procedentes de Turqu\u00eda - Aenverde Express","og_description":"El Sistema de Alerta R\u00e1pida para Alimentos y Piensos (Rapid Alert System for Food and Feed, RASFF) ha notificado la emisi\u00f3n de una alerta a los consumidores por parte de las autoridades de Alemania, tras la detecci\u00f3n de un alto contenido de tres pesticidas en cerezas importadas de Turqu\u00eda, seg\u00fan ha podido saber Hortoinfo tras [&hellip;]","og_url":"https:\/\/aenverde-cp7041.wordpresstemporal.com\/aenverdexpress.es\/2023\/08\/22\/alerta-sanitaria-para-los-consumidores-en-cerezas-procedentes-de-turquia\/","og_site_name":"Aenverde Express","article_published_time":"2023-08-22T07:44:38+00:00","og_image":[{"width":1020,"height":680,"url":"https:\/\/aenverde-cp7041.wordpresstemporal.com\/aenverdexpress.es\/wp-content\/uploads\/2023\/08\/Cerezas.jpg","type":"image\/jpeg"}],"twitter_card":"summary_large_image","twitter_misc":{"Escrito por":"REDACCI\u00d3N AENVERDE","Tiempo de lectura":"1 minuto"},"schema":{"@context":"https:\/\/schema.org","@graph":[{"@type":"Organization","@id":"https:\/\/aenverdexpress.es\/#organization","name":"AENVERDE","url":"https:\/\/aenverdexpress.es\/","sameAs":[],"logo":{"@type":"ImageObject","@id":"https:\/\/aenverdexpress.es\/#logo","inLanguage":"es","url":"https:\/\/aenverdexpress.es\/wp-content\/uploads\/2021\/12\/A-EN-VERDE-LOGO-FONDO-1DB954-01-1024x1024-1.jpg","contentUrl":"https:\/\/aenverdexpress.es\/wp-content\/uploads\/2021\/12\/A-EN-VERDE-LOGO-FONDO-1DB954-01-1024x1024-1.jpg","width":1024,"height":1024,"caption":"AENVERDE"},"image":{"@id":"https:\/\/aenverdexpress.es\/#logo"}},{"@type":"WebSite","@id":"https:\/\/aenverdexpress.es\/#website","url":"https:\/\/aenverdexpress.es\/","name":"Aenverde Express","description":"","publisher":{"@id":"https:\/\/aenverdexpress.es\/#organization"},"potentialAction":[{"@type":"SearchAction","target":{"@type":"EntryPoint","urlTemplate":"https:\/\/aenverdexpress.es\/?s={search_term_string}"},"query-input":"required name=search_term_string"}],"inLanguage":"es"},{"@type":"ImageObject","@id":"https:\/\/aenverde-cp7041.wordpresstemporal.com\/aenverdexpress.es\/2023\/08\/22\/alerta-sanitaria-para-los-consumidores-en-cerezas-procedentes-de-turquia\/#primaryimage","inLanguage":"es","url":"https:\/\/aenverde-cp7041.wordpresstemporal.com\/aenverdexpress.es\/wp-content\/uploads\/2023\/08\/Cerezas.jpg","contentUrl":"https:\/\/aenverde-cp7041.wordpresstemporal.com\/aenverdexpress.es\/wp-content\/uploads\/2023\/08\/Cerezas.jpg","width":1020,"height":680},{"@type":"WebPage","@id":"https:\/\/aenverde-cp7041.wordpresstemporal.com\/aenverdexpress.es\/2023\/08\/22\/alerta-sanitaria-para-los-consumidores-en-cerezas-procedentes-de-turquia\/#webpage","url":"https:\/\/aenverde-cp7041.wordpresstemporal.com\/aenverdexpress.es\/2023\/08\/22\/alerta-sanitaria-para-los-consumidores-en-cerezas-procedentes-de-turquia\/","name":"Alerta sanitaria\u00a0para los consumidores en\u00a0cerezas procedentes de Turqu\u00eda - Aenverde Express","isPartOf":{"@id":"https:\/\/aenverdexpress.es\/#website"},"primaryImageOfPage":{"@id":"https:\/\/aenverde-cp7041.wordpresstemporal.com\/aenverdexpress.es\/2023\/08\/22\/alerta-sanitaria-para-los-consumidores-en-cerezas-procedentes-de-turquia\/#primaryimage"},"datePublished":"2023-08-22T07:44:38+00:00","dateModified":"2023-08-22T07:44:38+00:00","breadcrumb":{"@id":"https:\/\/aenverde-cp7041.wordpresstemporal.com\/aenverdexpress.es\/2023\/08\/22\/alerta-sanitaria-para-los-consumidores-en-cerezas-procedentes-de-turquia\/#breadcrumb"},"inLanguage":"es","potentialAction":[{"@type":"ReadAction","target":["https:\/\/aenverde-cp7041.wordpresstemporal.com\/aenverdexpress.es\/2023\/08\/22\/alerta-sanitaria-para-los-consumidores-en-cerezas-procedentes-de-turquia\/"]}]},{"@type":"BreadcrumbList","@id":"https:\/\/aenverde-cp7041.wordpresstemporal.com\/aenverdexpress.es\/2023\/08\/22\/alerta-sanitaria-para-los-consumidores-en-cerezas-procedentes-de-turquia\/#breadcrumb","itemListElement":[{"@type":"ListItem","position":1,"name":"Portada","item":"https:\/\/aenverdexpress.es\/"},{"@type":"ListItem","position":2,"name":"Alerta sanitaria\u00a0para los consumidores en\u00a0cerezas procedentes de Turqu\u00eda"}]},{"@type":"Article","@id":"https:\/\/aenverde-cp7041.wordpresstemporal.com\/aenverdexpress.es\/2023\/08\/22\/alerta-sanitaria-para-los-consumidores-en-cerezas-procedentes-de-turquia\/#article","isPartOf":{"@id":"https:\/\/aenverde-cp7041.wordpresstemporal.com\/aenverdexpress.es\/2023\/08\/22\/alerta-sanitaria-para-los-consumidores-en-cerezas-procedentes-de-turquia\/#webpage"},"author":{"@id":"https:\/\/aenverdexpress.es\/#\/schema\/person\/7220664746e3c774cb3c4e5f81fc4ba0"},"headline":"Alerta sanitaria\u00a0para los consumidores en\u00a0cerezas procedentes de Turqu\u00eda","datePublished":"2023-08-22T07:44:38+00:00","dateModified":"2023-08-22T07:44:38+00:00","mainEntityOfPage":{"@id":"https:\/\/aenverde-cp7041.wordpresstemporal.com\/aenverdexpress.es\/2023\/08\/22\/alerta-sanitaria-para-los-consumidores-en-cerezas-procedentes-de-turquia\/#webpage"},"wordCount":165,"commentCount":0,"publisher":{"@id":"https:\/\/aenverdexpress.es\/#organization"},"image":{"@id":"https:\/\/aenverde-cp7041.wordpresstemporal.com\/aenverdexpress.es\/2023\/08\/22\/alerta-sanitaria-para-los-consumidores-en-cerezas-procedentes-de-turquia\/#primaryimage"},"thumbnailUrl":"https:\/\/aenverde-cp7041.wordpresstemporal.com\/aenverdexpress.es\/wp-content\/uploads\/2023\/08\/Cerezas.jpg","keywords":["Alerta","alerta sanitaria","cereza","cerezas","exportaci\u00f3n","frutas y hortalizas","mercados","Truquia"],"articleSection":["Actualidad"],"inLanguage":"es","potentialAction":[{"@type":"CommentAction","name":"Comment","target":["https:\/\/aenverde-cp7041.wordpresstemporal.com\/aenverdexpress.es\/2023\/08\/22\/alerta-sanitaria-para-los-consumidores-en-cerezas-procedentes-de-turquia\/#respond"]}]},{"@type":"Person","@id":"https:\/\/aenverdexpress.es\/#\/schema\/person\/7220664746e3c774cb3c4e5f81fc4ba0","name":"REDACCI\u00d3N AENVERDE","image":{"@type":"ImageObject","@id":"https:\/\/aenverdexpress.es\/#personlogo","inLanguage":"es","url":"https:\/\/secure.gravatar.com\/avatar\/82de37537a82ee30b014773728d8502cf11180bc1ea2f0a301ec70ebe59ea3e5?s=96&d=mm&r=g","contentUrl":"https:\/\/secure.gravatar.com\/avatar\/82de37537a82ee30b014773728d8502cf11180bc1ea2f0a301ec70ebe59ea3e5?s=96&d=mm&r=g","caption":"REDACCI\u00d3N AENVERDE"},"url":"https:\/\/aenverde-cp7041.wordpresstemporal.com\/aenverdexpress.es\/author\/damian\/"}]}},"builder_content":"","_links":{"self":[{"href":"https:\/\/aenverde-cp7041.wordpresstemporal.com\/aenverdexpress.es\/wp-json\/wp\/v2\/posts\/6350","targetHints":{"allow":["GET"]}}],"collection":[{"href":"https:\/\/aenverde-cp7041.wordpresstemporal.com\/aenverdexpress.es\/wp-json\/wp\/v2\/posts"}],"about":[{"href":"https:\/\/aenverde-cp7041.wordpresstemporal.com\/aenverdexpress.es\/wp-json\/wp\/v2\/types\/post"}],"author":[{"embeddable":true,"href":"https:\/\/aenverde-cp7041.wordpresstemporal.com\/aenverdexpress.es\/wp-json\/wp\/v2\/users\/2"}],"replies":[{"embeddable":true,"href":"https:\/\/aenverde-cp7041.wordpresstemporal.com\/aenverdexpress.es\/wp-json\/wp\/v2\/comments?post=6350"}],"version-history":[{"count":2,"href":"https:\/\/aenverde-cp7041.wordpresstemporal.com\/aenverdexpress.es\/wp-json\/wp\/v2\/posts\/6350\/revisions"}],"predecessor-version":[{"id":6353,"href":"https:\/\/aenverde-cp7041.wordpresstemporal.com\/aenverdexpress.es\/wp-json\/wp\/v2\/posts\/6350\/revisions\/6353"}],"wp:featuredmedia":[{"embeddable":true,"href":"https:\/\/aenverde-cp7041.wordpresstemporal.com\/aenverdexpress.es\/wp-json\/wp\/v2\/media\/6351"}],"wp:attachment":[{"href":"https:\/\/aenverde-cp7041.wordpresstemporal.com\/aenverdexpress.es\/wp-json\/wp\/v2\/media?parent=6350"}],"wp:term":[{"taxonomy":"category","embeddable":true,"href":"https:\/\/aenverde-cp7041.wordpresstemporal.com\/aenverdexpress.es\/wp-json\/wp\/v2\/categories?post=6350"},{"taxonomy":"post_tag","embeddable":true,"href":"https:\/\/aenverde-cp7041.wordpresstemporal.com\/aenverdexpress.es\/wp-json\/wp\/v2\/tags?post=6350"}],"curies":[{"name":"wp","href":"https:\/\/api.w.org\/{rel}","templated":true}]}}