{"id":7313,"date":"2023-12-18T09:54:08","date_gmt":"2023-12-18T09:54:08","guid":{"rendered":"https:\/\/aenverdexpress.es\/?p=7313"},"modified":"2023-12-18T09:54:09","modified_gmt":"2023-12-18T09:54:09","slug":"la-frambuesa-de-marruecos-gana-terreno-en-francia","status":"publish","type":"post","link":"https:\/\/aenverde-cp7041.wordpresstemporal.com\/aenverdexpress.es\/2023\/12\/18\/la-frambuesa-de-marruecos-gana-terreno-en-francia\/","title":{"rendered":"La frambuesa\u00a0de Marruecos gana terreno en\u00a0Francia"},"content":{"rendered":"<!--themify_builder_content-->\n<div id=\"themify_builder_content-7313\" data-postid=\"7313\" class=\"themify_builder_content themify_builder_content-7313 themify_builder tf_clear\">\n    <\/div>\n<!--\/themify_builder_content-->\n\n\n<p class=\"wp-block-paragraph\">Seg\u00fan publica&nbsp;<a href=\"https:\/\/east-fruit.com\/\" target=\"_blank\" rel=\"noreferrer noopener\">EastFruit<\/a>, Marruecos marc\u00f3 un nuevo r\u00e9cord de exportaci\u00f3n de frambuesas frescas a Francia en la temporada 2022\/23. Adem\u00e1s, los productores marroqu\u00edes fueron los que m\u00e1s contribuyeron al crecimiento general de las importaciones de frambuesa fresca en Francia.<\/p>\n\n\n\n<p class=\"wp-block-paragraph\"><strong>Durante la campa\u00f1a 2022\/23 (julio-junio), los exportadores marroqu\u00edes vendieron m\u00e1s de 6.000 toneladas de frambuesas frescas a importadores franceses<\/strong>, un aumento del 20% con respecto a la temporada anterior.\u00a0<strong>En comparaci\u00f3n con la temporada 2020\/21, las exportaciones de frambuesas de Marruecos casi se han triplicado.<\/strong><\/p>\n\n\n\n<p class=\"wp-block-paragraph\"><strong>M\u00e1s informaci\u00f3n <a href=\"https:\/\/www.aenverde.es\/la-frambuesa-de-marruecos-gana-terreno-en-francia\/\">aqu\u00ed<\/a>.<\/strong><\/p>","protected":false},"excerpt":{"rendered":"<p>Seg\u00fan publica&nbsp;EastFruit, Marruecos marc\u00f3 un nuevo r\u00e9cord de exportaci\u00f3n de frambuesas frescas a Francia en la temporada 2022\/23. Adem\u00e1s, los productores marroqu\u00edes fueron los que m\u00e1s contribuyeron al crecimiento general de las importaciones de frambuesa fresca en Francia. Durante la campa\u00f1a 2022\/23 (julio-junio), los exportadores marroqu\u00edes vendieron m\u00e1s de 6.000 toneladas de frambuesas frescas a [&hellip;]<\/p>\n","protected":false},"author":2,"featured_media":7314,"comment_status":"open","ping_status":"open","sticky":false,"template":"","format":"standard","meta":{"footnotes":""},"categories":[13],"tags":[879,461,15],"class_list":["post-7313","post","type-post","status-publish","format-standard","has-post-thumbnail","hentry","category-mercados","tag-frambuesa","tag-frutos-rojos","tag-marruecos","has-post-title","has-post-date","has-post-category","has-post-tag","has-post-comment","has-post-author",""],"yoast_head":"<!-- This site is optimized with the Yoast SEO plugin v18.2 - https:\/\/yoast.com\/wordpress\/plugins\/seo\/ -->\n<title>La frambuesa\u00a0de Marruecos gana terreno en\u00a0Francia - Aenverde Express<\/title>\n<meta name=\"robots\" content=\"index, follow, max-snippet:-1, max-image-preview:large, max-video-preview:-1\" \/>\n<link rel=\"canonical\" href=\"https:\/\/aenverde-cp7041.wordpresstemporal.com\/aenverdexpress.es\/2023\/12\/18\/la-frambuesa-de-marruecos-gana-terreno-en-francia\/\" \/>\n<meta property=\"og:locale\" content=\"es_ES\" \/>\n<meta property=\"og:type\" content=\"article\" \/>\n<meta property=\"og:title\" content=\"La frambuesa\u00a0de Marruecos gana terreno en\u00a0Francia - Aenverde Express\" \/>\n<meta property=\"og:description\" content=\"Seg\u00fan publica&nbsp;EastFruit, Marruecos marc\u00f3 un nuevo r\u00e9cord de exportaci\u00f3n de frambuesas frescas a Francia en la temporada 2022\/23. Adem\u00e1s, los productores marroqu\u00edes fueron los que m\u00e1s contribuyeron al crecimiento general de las importaciones de frambuesa fresca en Francia. Durante la campa\u00f1a 2022\/23 (julio-junio), los exportadores marroqu\u00edes vendieron m\u00e1s de 6.000 toneladas de frambuesas frescas a [&hellip;]\" \/>\n<meta property=\"og:url\" content=\"https:\/\/aenverde-cp7041.wordpresstemporal.com\/aenverdexpress.es\/2023\/12\/18\/la-frambuesa-de-marruecos-gana-terreno-en-francia\/\" \/>\n<meta property=\"og:site_name\" content=\"Aenverde Express\" \/>\n<meta property=\"article:published_time\" content=\"2023-12-18T09:54:08+00:00\" \/>\n<meta property=\"article:modified_time\" content=\"2023-12-18T09:54:09+00:00\" \/>\n<meta property=\"og:image\" content=\"https:\/\/aenverde-cp7041.wordpresstemporal.com\/aenverdexpress.es\/wp-content\/uploads\/2023\/12\/Frambuesas.jpg\" \/>\n\t<meta property=\"og:image:width\" content=\"1020\" \/>\n\t<meta property=\"og:image:height\" content=\"680\" \/>\n\t<meta property=\"og:image:type\" content=\"image\/jpeg\" \/>\n<meta name=\"twitter:card\" content=\"summary_large_image\" \/>\n<meta name=\"twitter:label1\" content=\"Escrito por\" \/>\n\t<meta name=\"twitter:data1\" content=\"REDACCI\u00d3N AENVERDE\" \/>\n<script type=\"application\/ld+json\" class=\"yoast-schema-graph\">{\"@context\":\"https:\/\/schema.org\",\"@graph\":[{\"@type\":\"Organization\",\"@id\":\"https:\/\/aenverdexpress.es\/#organization\",\"name\":\"AENVERDE\",\"url\":\"https:\/\/aenverdexpress.es\/\",\"sameAs\":[],\"logo\":{\"@type\":\"ImageObject\",\"@id\":\"https:\/\/aenverdexpress.es\/#logo\",\"inLanguage\":\"es\",\"url\":\"https:\/\/aenverdexpress.es\/wp-content\/uploads\/2021\/12\/A-EN-VERDE-LOGO-FONDO-1DB954-01-1024x1024-1.jpg\",\"contentUrl\":\"https:\/\/aenverdexpress.es\/wp-content\/uploads\/2021\/12\/A-EN-VERDE-LOGO-FONDO-1DB954-01-1024x1024-1.jpg\",\"width\":1024,\"height\":1024,\"caption\":\"AENVERDE\"},\"image\":{\"@id\":\"https:\/\/aenverdexpress.es\/#logo\"}},{\"@type\":\"WebSite\",\"@id\":\"https:\/\/aenverdexpress.es\/#website\",\"url\":\"https:\/\/aenverdexpress.es\/\",\"name\":\"Aenverde Express\",\"description\":\"\",\"publisher\":{\"@id\":\"https:\/\/aenverdexpress.es\/#organization\"},\"potentialAction\":[{\"@type\":\"SearchAction\",\"target\":{\"@type\":\"EntryPoint\",\"urlTemplate\":\"https:\/\/aenverdexpress.es\/?s={search_term_string}\"},\"query-input\":\"required name=search_term_string\"}],\"inLanguage\":\"es\"},{\"@type\":\"ImageObject\",\"@id\":\"https:\/\/aenverde-cp7041.wordpresstemporal.com\/aenverdexpress.es\/2023\/12\/18\/la-frambuesa-de-marruecos-gana-terreno-en-francia\/#primaryimage\",\"inLanguage\":\"es\",\"url\":\"https:\/\/aenverde-cp7041.wordpresstemporal.com\/aenverdexpress.es\/wp-content\/uploads\/2023\/12\/Frambuesas.jpg\",\"contentUrl\":\"https:\/\/aenverde-cp7041.wordpresstemporal.com\/aenverdexpress.es\/wp-content\/uploads\/2023\/12\/Frambuesas.jpg\",\"width\":1020,\"height\":680,\"caption\":\"Frambuesas\"},{\"@type\":\"WebPage\",\"@id\":\"https:\/\/aenverde-cp7041.wordpresstemporal.com\/aenverdexpress.es\/2023\/12\/18\/la-frambuesa-de-marruecos-gana-terreno-en-francia\/#webpage\",\"url\":\"https:\/\/aenverde-cp7041.wordpresstemporal.com\/aenverdexpress.es\/2023\/12\/18\/la-frambuesa-de-marruecos-gana-terreno-en-francia\/\",\"name\":\"La frambuesa\u00a0de Marruecos gana terreno en\u00a0Francia - Aenverde Express\",\"isPartOf\":{\"@id\":\"https:\/\/aenverdexpress.es\/#website\"},\"primaryImageOfPage\":{\"@id\":\"https:\/\/aenverde-cp7041.wordpresstemporal.com\/aenverdexpress.es\/2023\/12\/18\/la-frambuesa-de-marruecos-gana-terreno-en-francia\/#primaryimage\"},\"datePublished\":\"2023-12-18T09:54:08+00:00\",\"dateModified\":\"2023-12-18T09:54:09+00:00\",\"breadcrumb\":{\"@id\":\"https:\/\/aenverde-cp7041.wordpresstemporal.com\/aenverdexpress.es\/2023\/12\/18\/la-frambuesa-de-marruecos-gana-terreno-en-francia\/#breadcrumb\"},\"inLanguage\":\"es\",\"potentialAction\":[{\"@type\":\"ReadAction\",\"target\":[\"https:\/\/aenverde-cp7041.wordpresstemporal.com\/aenverdexpress.es\/2023\/12\/18\/la-frambuesa-de-marruecos-gana-terreno-en-francia\/\"]}]},{\"@type\":\"BreadcrumbList\",\"@id\":\"https:\/\/aenverde-cp7041.wordpresstemporal.com\/aenverdexpress.es\/2023\/12\/18\/la-frambuesa-de-marruecos-gana-terreno-en-francia\/#breadcrumb\",\"itemListElement\":[{\"@type\":\"ListItem\",\"position\":1,\"name\":\"Portada\",\"item\":\"https:\/\/aenverdexpress.es\/\"},{\"@type\":\"ListItem\",\"position\":2,\"name\":\"La frambuesa\u00a0de Marruecos gana terreno en\u00a0Francia\"}]},{\"@type\":\"Article\",\"@id\":\"https:\/\/aenverde-cp7041.wordpresstemporal.com\/aenverdexpress.es\/2023\/12\/18\/la-frambuesa-de-marruecos-gana-terreno-en-francia\/#article\",\"isPartOf\":{\"@id\":\"https:\/\/aenverde-cp7041.wordpresstemporal.com\/aenverdexpress.es\/2023\/12\/18\/la-frambuesa-de-marruecos-gana-terreno-en-francia\/#webpage\"},\"author\":{\"@id\":\"https:\/\/aenverdexpress.es\/#\/schema\/person\/7220664746e3c774cb3c4e5f81fc4ba0\"},\"headline\":\"La frambuesa\u00a0de Marruecos gana terreno en\u00a0Francia\",\"datePublished\":\"2023-12-18T09:54:08+00:00\",\"dateModified\":\"2023-12-18T09:54:09+00:00\",\"mainEntityOfPage\":{\"@id\":\"https:\/\/aenverde-cp7041.wordpresstemporal.com\/aenverdexpress.es\/2023\/12\/18\/la-frambuesa-de-marruecos-gana-terreno-en-francia\/#webpage\"},\"wordCount\":103,\"commentCount\":0,\"publisher\":{\"@id\":\"https:\/\/aenverdexpress.es\/#organization\"},\"image\":{\"@id\":\"https:\/\/aenverde-cp7041.wordpresstemporal.com\/aenverdexpress.es\/2023\/12\/18\/la-frambuesa-de-marruecos-gana-terreno-en-francia\/#primaryimage\"},\"thumbnailUrl\":\"https:\/\/aenverde-cp7041.wordpresstemporal.com\/aenverdexpress.es\/wp-content\/uploads\/2023\/12\/Frambuesas.jpg\",\"keywords\":[\"frambuesa\",\"Frutos rojos\",\"Marruecos\"],\"articleSection\":[\"Mercados\"],\"inLanguage\":\"es\",\"potentialAction\":[{\"@type\":\"CommentAction\",\"name\":\"Comment\",\"target\":[\"https:\/\/aenverde-cp7041.wordpresstemporal.com\/aenverdexpress.es\/2023\/12\/18\/la-frambuesa-de-marruecos-gana-terreno-en-francia\/#respond\"]}]},{\"@type\":\"Person\",\"@id\":\"https:\/\/aenverdexpress.es\/#\/schema\/person\/7220664746e3c774cb3c4e5f81fc4ba0\",\"name\":\"REDACCI\u00d3N AENVERDE\",\"image\":{\"@type\":\"ImageObject\",\"@id\":\"https:\/\/aenverdexpress.es\/#personlogo\",\"inLanguage\":\"es\",\"url\":\"https:\/\/secure.gravatar.com\/avatar\/82de37537a82ee30b014773728d8502cf11180bc1ea2f0a301ec70ebe59ea3e5?s=96&d=mm&r=g\",\"contentUrl\":\"https:\/\/secure.gravatar.com\/avatar\/82de37537a82ee30b014773728d8502cf11180bc1ea2f0a301ec70ebe59ea3e5?s=96&d=mm&r=g\",\"caption\":\"REDACCI\u00d3N AENVERDE\"},\"url\":\"https:\/\/aenverde-cp7041.wordpresstemporal.com\/aenverdexpress.es\/author\/damian\/\"}]}<\/script>\n<!-- \/ Yoast SEO plugin. -->","yoast_head_json":{"title":"La frambuesa\u00a0de Marruecos gana terreno en\u00a0Francia - Aenverde Express","robots":{"index":"index","follow":"follow","max-snippet":"max-snippet:-1","max-image-preview":"max-image-preview:large","max-video-preview":"max-video-preview:-1"},"canonical":"https:\/\/aenverde-cp7041.wordpresstemporal.com\/aenverdexpress.es\/2023\/12\/18\/la-frambuesa-de-marruecos-gana-terreno-en-francia\/","og_locale":"es_ES","og_type":"article","og_title":"La frambuesa\u00a0de Marruecos gana terreno en\u00a0Francia - Aenverde Express","og_description":"Seg\u00fan publica&nbsp;EastFruit, Marruecos marc\u00f3 un nuevo r\u00e9cord de exportaci\u00f3n de frambuesas frescas a Francia en la temporada 2022\/23. Adem\u00e1s, los productores marroqu\u00edes fueron los que m\u00e1s contribuyeron al crecimiento general de las importaciones de frambuesa fresca en Francia. Durante la campa\u00f1a 2022\/23 (julio-junio), los exportadores marroqu\u00edes vendieron m\u00e1s de 6.000 toneladas de frambuesas frescas a [&hellip;]","og_url":"https:\/\/aenverde-cp7041.wordpresstemporal.com\/aenverdexpress.es\/2023\/12\/18\/la-frambuesa-de-marruecos-gana-terreno-en-francia\/","og_site_name":"Aenverde Express","article_published_time":"2023-12-18T09:54:08+00:00","article_modified_time":"2023-12-18T09:54:09+00:00","og_image":[{"width":1020,"height":680,"url":"https:\/\/aenverde-cp7041.wordpresstemporal.com\/aenverdexpress.es\/wp-content\/uploads\/2023\/12\/Frambuesas.jpg","type":"image\/jpeg"}],"twitter_card":"summary_large_image","twitter_misc":{"Escrito por":"REDACCI\u00d3N AENVERDE"},"schema":{"@context":"https:\/\/schema.org","@graph":[{"@type":"Organization","@id":"https:\/\/aenverdexpress.es\/#organization","name":"AENVERDE","url":"https:\/\/aenverdexpress.es\/","sameAs":[],"logo":{"@type":"ImageObject","@id":"https:\/\/aenverdexpress.es\/#logo","inLanguage":"es","url":"https:\/\/aenverdexpress.es\/wp-content\/uploads\/2021\/12\/A-EN-VERDE-LOGO-FONDO-1DB954-01-1024x1024-1.jpg","contentUrl":"https:\/\/aenverdexpress.es\/wp-content\/uploads\/2021\/12\/A-EN-VERDE-LOGO-FONDO-1DB954-01-1024x1024-1.jpg","width":1024,"height":1024,"caption":"AENVERDE"},"image":{"@id":"https:\/\/aenverdexpress.es\/#logo"}},{"@type":"WebSite","@id":"https:\/\/aenverdexpress.es\/#website","url":"https:\/\/aenverdexpress.es\/","name":"Aenverde Express","description":"","publisher":{"@id":"https:\/\/aenverdexpress.es\/#organization"},"potentialAction":[{"@type":"SearchAction","target":{"@type":"EntryPoint","urlTemplate":"https:\/\/aenverdexpress.es\/?s={search_term_string}"},"query-input":"required name=search_term_string"}],"inLanguage":"es"},{"@type":"ImageObject","@id":"https:\/\/aenverde-cp7041.wordpresstemporal.com\/aenverdexpress.es\/2023\/12\/18\/la-frambuesa-de-marruecos-gana-terreno-en-francia\/#primaryimage","inLanguage":"es","url":"https:\/\/aenverde-cp7041.wordpresstemporal.com\/aenverdexpress.es\/wp-content\/uploads\/2023\/12\/Frambuesas.jpg","contentUrl":"https:\/\/aenverde-cp7041.wordpresstemporal.com\/aenverdexpress.es\/wp-content\/uploads\/2023\/12\/Frambuesas.jpg","width":1020,"height":680,"caption":"Frambuesas"},{"@type":"WebPage","@id":"https:\/\/aenverde-cp7041.wordpresstemporal.com\/aenverdexpress.es\/2023\/12\/18\/la-frambuesa-de-marruecos-gana-terreno-en-francia\/#webpage","url":"https:\/\/aenverde-cp7041.wordpresstemporal.com\/aenverdexpress.es\/2023\/12\/18\/la-frambuesa-de-marruecos-gana-terreno-en-francia\/","name":"La frambuesa\u00a0de Marruecos gana terreno en\u00a0Francia - Aenverde Express","isPartOf":{"@id":"https:\/\/aenverdexpress.es\/#website"},"primaryImageOfPage":{"@id":"https:\/\/aenverde-cp7041.wordpresstemporal.com\/aenverdexpress.es\/2023\/12\/18\/la-frambuesa-de-marruecos-gana-terreno-en-francia\/#primaryimage"},"datePublished":"2023-12-18T09:54:08+00:00","dateModified":"2023-12-18T09:54:09+00:00","breadcrumb":{"@id":"https:\/\/aenverde-cp7041.wordpresstemporal.com\/aenverdexpress.es\/2023\/12\/18\/la-frambuesa-de-marruecos-gana-terreno-en-francia\/#breadcrumb"},"inLanguage":"es","potentialAction":[{"@type":"ReadAction","target":["https:\/\/aenverde-cp7041.wordpresstemporal.com\/aenverdexpress.es\/2023\/12\/18\/la-frambuesa-de-marruecos-gana-terreno-en-francia\/"]}]},{"@type":"BreadcrumbList","@id":"https:\/\/aenverde-cp7041.wordpresstemporal.com\/aenverdexpress.es\/2023\/12\/18\/la-frambuesa-de-marruecos-gana-terreno-en-francia\/#breadcrumb","itemListElement":[{"@type":"ListItem","position":1,"name":"Portada","item":"https:\/\/aenverdexpress.es\/"},{"@type":"ListItem","position":2,"name":"La frambuesa\u00a0de Marruecos gana terreno en\u00a0Francia"}]},{"@type":"Article","@id":"https:\/\/aenverde-cp7041.wordpresstemporal.com\/aenverdexpress.es\/2023\/12\/18\/la-frambuesa-de-marruecos-gana-terreno-en-francia\/#article","isPartOf":{"@id":"https:\/\/aenverde-cp7041.wordpresstemporal.com\/aenverdexpress.es\/2023\/12\/18\/la-frambuesa-de-marruecos-gana-terreno-en-francia\/#webpage"},"author":{"@id":"https:\/\/aenverdexpress.es\/#\/schema\/person\/7220664746e3c774cb3c4e5f81fc4ba0"},"headline":"La frambuesa\u00a0de Marruecos gana terreno en\u00a0Francia","datePublished":"2023-12-18T09:54:08+00:00","dateModified":"2023-12-18T09:54:09+00:00","mainEntityOfPage":{"@id":"https:\/\/aenverde-cp7041.wordpresstemporal.com\/aenverdexpress.es\/2023\/12\/18\/la-frambuesa-de-marruecos-gana-terreno-en-francia\/#webpage"},"wordCount":103,"commentCount":0,"publisher":{"@id":"https:\/\/aenverdexpress.es\/#organization"},"image":{"@id":"https:\/\/aenverde-cp7041.wordpresstemporal.com\/aenverdexpress.es\/2023\/12\/18\/la-frambuesa-de-marruecos-gana-terreno-en-francia\/#primaryimage"},"thumbnailUrl":"https:\/\/aenverde-cp7041.wordpresstemporal.com\/aenverdexpress.es\/wp-content\/uploads\/2023\/12\/Frambuesas.jpg","keywords":["frambuesa","Frutos rojos","Marruecos"],"articleSection":["Mercados"],"inLanguage":"es","potentialAction":[{"@type":"CommentAction","name":"Comment","target":["https:\/\/aenverde-cp7041.wordpresstemporal.com\/aenverdexpress.es\/2023\/12\/18\/la-frambuesa-de-marruecos-gana-terreno-en-francia\/#respond"]}]},{"@type":"Person","@id":"https:\/\/aenverdexpress.es\/#\/schema\/person\/7220664746e3c774cb3c4e5f81fc4ba0","name":"REDACCI\u00d3N AENVERDE","image":{"@type":"ImageObject","@id":"https:\/\/aenverdexpress.es\/#personlogo","inLanguage":"es","url":"https:\/\/secure.gravatar.com\/avatar\/82de37537a82ee30b014773728d8502cf11180bc1ea2f0a301ec70ebe59ea3e5?s=96&d=mm&r=g","contentUrl":"https:\/\/secure.gravatar.com\/avatar\/82de37537a82ee30b014773728d8502cf11180bc1ea2f0a301ec70ebe59ea3e5?s=96&d=mm&r=g","caption":"REDACCI\u00d3N AENVERDE"},"url":"https:\/\/aenverde-cp7041.wordpresstemporal.com\/aenverdexpress.es\/author\/damian\/"}]}},"builder_content":"","_links":{"self":[{"href":"https:\/\/aenverde-cp7041.wordpresstemporal.com\/aenverdexpress.es\/wp-json\/wp\/v2\/posts\/7313","targetHints":{"allow":["GET"]}}],"collection":[{"href":"https:\/\/aenverde-cp7041.wordpresstemporal.com\/aenverdexpress.es\/wp-json\/wp\/v2\/posts"}],"about":[{"href":"https:\/\/aenverde-cp7041.wordpresstemporal.com\/aenverdexpress.es\/wp-json\/wp\/v2\/types\/post"}],"author":[{"embeddable":true,"href":"https:\/\/aenverde-cp7041.wordpresstemporal.com\/aenverdexpress.es\/wp-json\/wp\/v2\/users\/2"}],"replies":[{"embeddable":true,"href":"https:\/\/aenverde-cp7041.wordpresstemporal.com\/aenverdexpress.es\/wp-json\/wp\/v2\/comments?post=7313"}],"version-history":[{"count":2,"href":"https:\/\/aenverde-cp7041.wordpresstemporal.com\/aenverdexpress.es\/wp-json\/wp\/v2\/posts\/7313\/revisions"}],"predecessor-version":[{"id":7316,"href":"https:\/\/aenverde-cp7041.wordpresstemporal.com\/aenverdexpress.es\/wp-json\/wp\/v2\/posts\/7313\/revisions\/7316"}],"wp:featuredmedia":[{"embeddable":true,"href":"https:\/\/aenverde-cp7041.wordpresstemporal.com\/aenverdexpress.es\/wp-json\/wp\/v2\/media\/7314"}],"wp:attachment":[{"href":"https:\/\/aenverde-cp7041.wordpresstemporal.com\/aenverdexpress.es\/wp-json\/wp\/v2\/media?parent=7313"}],"wp:term":[{"taxonomy":"category","embeddable":true,"href":"https:\/\/aenverde-cp7041.wordpresstemporal.com\/aenverdexpress.es\/wp-json\/wp\/v2\/categories?post=7313"},{"taxonomy":"post_tag","embeddable":true,"href":"https:\/\/aenverde-cp7041.wordpresstemporal.com\/aenverdexpress.es\/wp-json\/wp\/v2\/tags?post=7313"}],"curies":[{"name":"wp","href":"https:\/\/api.w.org\/{rel}","templated":true}]}}