{"id":7435,"date":"2024-01-09T07:42:15","date_gmt":"2024-01-09T07:42:15","guid":{"rendered":"https:\/\/aenverdexpress.es\/?p=7435"},"modified":"2024-01-09T07:42:16","modified_gmt":"2024-01-09T07:42:16","slug":"tomate-cherry-pera-lobello-sabor-del-ano-por-sexta-vez-consecutiva","status":"publish","type":"post","link":"https:\/\/aenverde-cp7041.wordpresstemporal.com\/aenverdexpress.es\/2024\/01\/09\/tomate-cherry-pera-lobello-sabor-del-ano-por-sexta-vez-consecutiva\/","title":{"rendered":"Tomate cherry pera \u2018Lobello\u2019,\u00a0Sabor del A\u00f1o\u00a0por sexta vez consecutiva"},"content":{"rendered":"<!--themify_builder_content-->\n<div id=\"themify_builder_content-7435\" data-postid=\"7435\" class=\"themify_builder_content themify_builder_content-7435 themify_builder tf_clear\">\n    <\/div>\n<!--\/themify_builder_content-->\n\n\n<p class=\"wp-block-paragraph\"><strong>El tomate Cherry pera Lobello de Caparr\u00f3s ha logrado hacerse un a\u00f1o m\u00e1s, y ya son seis a\u00f1os consecutivos<\/strong>, con el sello Sabor del A\u00f1o 2024, confirmando de este modo el esfuerzo y la apuesta que la empresa almeriense\u00a0<a href=\"https:\/\/caparrosnature.com\/\" target=\"_blank\" rel=\"noreferrer noopener\">Caparr\u00f3s<\/a>\u00a0est\u00e1 llevando a cabo por posicionar este tomate como un referente de sabor entre los consumidores espa\u00f1oles.<\/p>\n\n\n\n<p class=\"wp-block-paragraph\">P<strong>ara Caparr\u00f3s este reconocimiento tiene un doble valor: por estar otorgada por los consumidores m\u00e1s exigentes y porque mantener este sello<\/strong>\u00a0durante seis a\u00f1os consecutivos ante ellos.<\/p>\n\n\n\n<p class=\"wp-block-paragraph\"><strong>M\u00e1s informaci\u00f3n <a href=\"https:\/\/www.aenverde.es\/tomate-cherry-pera-lobello-sabor-del-ano-por-sexta-vez-consecutiva\/\">aqu\u00ed<\/a>.<\/strong><\/p>\n\n\n\n<p class=\"wp-block-paragraph\"><\/p>","protected":false},"excerpt":{"rendered":"<p>El tomate Cherry pera Lobello de Caparr\u00f3s ha logrado hacerse un a\u00f1o m\u00e1s, y ya son seis a\u00f1os consecutivos, con el sello Sabor del A\u00f1o 2024, confirmando de este modo el esfuerzo y la apuesta que la empresa almeriense\u00a0Caparr\u00f3s\u00a0est\u00e1 llevando a cabo por posicionar este tomate como un referente de sabor entre los consumidores espa\u00f1oles. [&hellip;]<\/p>\n","protected":false},"author":2,"featured_media":7436,"comment_status":"open","ping_status":"open","sticky":false,"template":"","format":"standard","meta":{"footnotes":""},"categories":[11],"tags":[217,897,898],"class_list":["post-7435","post","type-post","status-publish","format-standard","has-post-thumbnail","hentry","category-actualidad","tag-caparros","tag-lobello","tag-sabor-del-ano","has-post-title","has-post-date","has-post-category","has-post-tag","has-post-comment","has-post-author",""],"yoast_head":"<!-- This site is optimized with the Yoast SEO plugin v18.2 - https:\/\/yoast.com\/wordpress\/plugins\/seo\/ -->\n<title>Tomate cherry pera \u2018Lobello\u2019,\u00a0Sabor del A\u00f1o\u00a0por sexta vez consecutiva - Aenverde Express<\/title>\n<meta name=\"robots\" content=\"index, follow, max-snippet:-1, max-image-preview:large, max-video-preview:-1\" \/>\n<link rel=\"canonical\" href=\"https:\/\/aenverde-cp7041.wordpresstemporal.com\/aenverdexpress.es\/2024\/01\/09\/tomate-cherry-pera-lobello-sabor-del-ano-por-sexta-vez-consecutiva\/\" \/>\n<meta property=\"og:locale\" content=\"es_ES\" \/>\n<meta property=\"og:type\" content=\"article\" \/>\n<meta property=\"og:title\" content=\"Tomate cherry pera \u2018Lobello\u2019,\u00a0Sabor del A\u00f1o\u00a0por sexta vez consecutiva - Aenverde Express\" \/>\n<meta property=\"og:description\" content=\"El tomate Cherry pera Lobello de Caparr\u00f3s ha logrado hacerse un a\u00f1o m\u00e1s, y ya son seis a\u00f1os consecutivos, con el sello Sabor del A\u00f1o 2024, confirmando de este modo el esfuerzo y la apuesta que la empresa almeriense\u00a0Caparr\u00f3s\u00a0est\u00e1 llevando a cabo por posicionar este tomate como un referente de sabor entre los consumidores espa\u00f1oles. [&hellip;]\" \/>\n<meta property=\"og:url\" content=\"https:\/\/aenverde-cp7041.wordpresstemporal.com\/aenverdexpress.es\/2024\/01\/09\/tomate-cherry-pera-lobello-sabor-del-ano-por-sexta-vez-consecutiva\/\" \/>\n<meta property=\"og:site_name\" content=\"Aenverde Express\" \/>\n<meta property=\"article:published_time\" content=\"2024-01-09T07:42:15+00:00\" \/>\n<meta property=\"article:modified_time\" content=\"2024-01-09T07:42:16+00:00\" \/>\n<meta property=\"og:image\" content=\"https:\/\/aenverde-cp7041.wordpresstemporal.com\/aenverdexpress.es\/wp-content\/uploads\/2024\/01\/lobello-768x512-1.jpg\" \/>\n\t<meta property=\"og:image:width\" content=\"768\" \/>\n\t<meta property=\"og:image:height\" content=\"512\" \/>\n\t<meta property=\"og:image:type\" content=\"image\/jpeg\" \/>\n<meta name=\"twitter:card\" content=\"summary_large_image\" \/>\n<meta name=\"twitter:label1\" content=\"Escrito por\" \/>\n\t<meta name=\"twitter:data1\" content=\"REDACCI\u00d3N AENVERDE\" \/>\n<script type=\"application\/ld+json\" class=\"yoast-schema-graph\">{\"@context\":\"https:\/\/schema.org\",\"@graph\":[{\"@type\":\"Organization\",\"@id\":\"https:\/\/aenverdexpress.es\/#organization\",\"name\":\"AENVERDE\",\"url\":\"https:\/\/aenverdexpress.es\/\",\"sameAs\":[],\"logo\":{\"@type\":\"ImageObject\",\"@id\":\"https:\/\/aenverdexpress.es\/#logo\",\"inLanguage\":\"es\",\"url\":\"https:\/\/aenverdexpress.es\/wp-content\/uploads\/2021\/12\/A-EN-VERDE-LOGO-FONDO-1DB954-01-1024x1024-1.jpg\",\"contentUrl\":\"https:\/\/aenverdexpress.es\/wp-content\/uploads\/2021\/12\/A-EN-VERDE-LOGO-FONDO-1DB954-01-1024x1024-1.jpg\",\"width\":1024,\"height\":1024,\"caption\":\"AENVERDE\"},\"image\":{\"@id\":\"https:\/\/aenverdexpress.es\/#logo\"}},{\"@type\":\"WebSite\",\"@id\":\"https:\/\/aenverdexpress.es\/#website\",\"url\":\"https:\/\/aenverdexpress.es\/\",\"name\":\"Aenverde Express\",\"description\":\"\",\"publisher\":{\"@id\":\"https:\/\/aenverdexpress.es\/#organization\"},\"potentialAction\":[{\"@type\":\"SearchAction\",\"target\":{\"@type\":\"EntryPoint\",\"urlTemplate\":\"https:\/\/aenverdexpress.es\/?s={search_term_string}\"},\"query-input\":\"required name=search_term_string\"}],\"inLanguage\":\"es\"},{\"@type\":\"ImageObject\",\"@id\":\"https:\/\/aenverde-cp7041.wordpresstemporal.com\/aenverdexpress.es\/2024\/01\/09\/tomate-cherry-pera-lobello-sabor-del-ano-por-sexta-vez-consecutiva\/#primaryimage\",\"inLanguage\":\"es\",\"url\":\"https:\/\/aenverde-cp7041.wordpresstemporal.com\/aenverdexpress.es\/wp-content\/uploads\/2024\/01\/lobello-768x512-1.jpg\",\"contentUrl\":\"https:\/\/aenverde-cp7041.wordpresstemporal.com\/aenverdexpress.es\/wp-content\/uploads\/2024\/01\/lobello-768x512-1.jpg\",\"width\":768,\"height\":512},{\"@type\":\"WebPage\",\"@id\":\"https:\/\/aenverde-cp7041.wordpresstemporal.com\/aenverdexpress.es\/2024\/01\/09\/tomate-cherry-pera-lobello-sabor-del-ano-por-sexta-vez-consecutiva\/#webpage\",\"url\":\"https:\/\/aenverde-cp7041.wordpresstemporal.com\/aenverdexpress.es\/2024\/01\/09\/tomate-cherry-pera-lobello-sabor-del-ano-por-sexta-vez-consecutiva\/\",\"name\":\"Tomate cherry pera \u2018Lobello\u2019,\u00a0Sabor del A\u00f1o\u00a0por sexta vez consecutiva - Aenverde Express\",\"isPartOf\":{\"@id\":\"https:\/\/aenverdexpress.es\/#website\"},\"primaryImageOfPage\":{\"@id\":\"https:\/\/aenverde-cp7041.wordpresstemporal.com\/aenverdexpress.es\/2024\/01\/09\/tomate-cherry-pera-lobello-sabor-del-ano-por-sexta-vez-consecutiva\/#primaryimage\"},\"datePublished\":\"2024-01-09T07:42:15+00:00\",\"dateModified\":\"2024-01-09T07:42:16+00:00\",\"breadcrumb\":{\"@id\":\"https:\/\/aenverde-cp7041.wordpresstemporal.com\/aenverdexpress.es\/2024\/01\/09\/tomate-cherry-pera-lobello-sabor-del-ano-por-sexta-vez-consecutiva\/#breadcrumb\"},\"inLanguage\":\"es\",\"potentialAction\":[{\"@type\":\"ReadAction\",\"target\":[\"https:\/\/aenverde-cp7041.wordpresstemporal.com\/aenverdexpress.es\/2024\/01\/09\/tomate-cherry-pera-lobello-sabor-del-ano-por-sexta-vez-consecutiva\/\"]}]},{\"@type\":\"BreadcrumbList\",\"@id\":\"https:\/\/aenverde-cp7041.wordpresstemporal.com\/aenverdexpress.es\/2024\/01\/09\/tomate-cherry-pera-lobello-sabor-del-ano-por-sexta-vez-consecutiva\/#breadcrumb\",\"itemListElement\":[{\"@type\":\"ListItem\",\"position\":1,\"name\":\"Portada\",\"item\":\"https:\/\/aenverdexpress.es\/\"},{\"@type\":\"ListItem\",\"position\":2,\"name\":\"Tomate cherry pera \u2018Lobello\u2019,\u00a0Sabor del A\u00f1o\u00a0por sexta vez consecutiva\"}]},{\"@type\":\"Article\",\"@id\":\"https:\/\/aenverde-cp7041.wordpresstemporal.com\/aenverdexpress.es\/2024\/01\/09\/tomate-cherry-pera-lobello-sabor-del-ano-por-sexta-vez-consecutiva\/#article\",\"isPartOf\":{\"@id\":\"https:\/\/aenverde-cp7041.wordpresstemporal.com\/aenverdexpress.es\/2024\/01\/09\/tomate-cherry-pera-lobello-sabor-del-ano-por-sexta-vez-consecutiva\/#webpage\"},\"author\":{\"@id\":\"https:\/\/aenverdexpress.es\/#\/schema\/person\/7220664746e3c774cb3c4e5f81fc4ba0\"},\"headline\":\"Tomate cherry pera \u2018Lobello\u2019,\u00a0Sabor del A\u00f1o\u00a0por sexta vez consecutiva\",\"datePublished\":\"2024-01-09T07:42:15+00:00\",\"dateModified\":\"2024-01-09T07:42:16+00:00\",\"mainEntityOfPage\":{\"@id\":\"https:\/\/aenverde-cp7041.wordpresstemporal.com\/aenverdexpress.es\/2024\/01\/09\/tomate-cherry-pera-lobello-sabor-del-ano-por-sexta-vez-consecutiva\/#webpage\"},\"wordCount\":110,\"commentCount\":0,\"publisher\":{\"@id\":\"https:\/\/aenverdexpress.es\/#organization\"},\"image\":{\"@id\":\"https:\/\/aenverde-cp7041.wordpresstemporal.com\/aenverdexpress.es\/2024\/01\/09\/tomate-cherry-pera-lobello-sabor-del-ano-por-sexta-vez-consecutiva\/#primaryimage\"},\"thumbnailUrl\":\"https:\/\/aenverde-cp7041.wordpresstemporal.com\/aenverdexpress.es\/wp-content\/uploads\/2024\/01\/lobello-768x512-1.jpg\",\"keywords\":[\"Caparr\u00f3s\",\"lobello\",\"sabor del a\u00f1o\"],\"articleSection\":[\"Actualidad\"],\"inLanguage\":\"es\",\"potentialAction\":[{\"@type\":\"CommentAction\",\"name\":\"Comment\",\"target\":[\"https:\/\/aenverde-cp7041.wordpresstemporal.com\/aenverdexpress.es\/2024\/01\/09\/tomate-cherry-pera-lobello-sabor-del-ano-por-sexta-vez-consecutiva\/#respond\"]}]},{\"@type\":\"Person\",\"@id\":\"https:\/\/aenverdexpress.es\/#\/schema\/person\/7220664746e3c774cb3c4e5f81fc4ba0\",\"name\":\"REDACCI\u00d3N AENVERDE\",\"image\":{\"@type\":\"ImageObject\",\"@id\":\"https:\/\/aenverdexpress.es\/#personlogo\",\"inLanguage\":\"es\",\"url\":\"https:\/\/secure.gravatar.com\/avatar\/82de37537a82ee30b014773728d8502cf11180bc1ea2f0a301ec70ebe59ea3e5?s=96&d=mm&r=g\",\"contentUrl\":\"https:\/\/secure.gravatar.com\/avatar\/82de37537a82ee30b014773728d8502cf11180bc1ea2f0a301ec70ebe59ea3e5?s=96&d=mm&r=g\",\"caption\":\"REDACCI\u00d3N AENVERDE\"},\"url\":\"https:\/\/aenverde-cp7041.wordpresstemporal.com\/aenverdexpress.es\/author\/damian\/\"}]}<\/script>\n<!-- \/ Yoast SEO plugin. -->","yoast_head_json":{"title":"Tomate cherry pera \u2018Lobello\u2019,\u00a0Sabor del A\u00f1o\u00a0por sexta vez consecutiva - Aenverde Express","robots":{"index":"index","follow":"follow","max-snippet":"max-snippet:-1","max-image-preview":"max-image-preview:large","max-video-preview":"max-video-preview:-1"},"canonical":"https:\/\/aenverde-cp7041.wordpresstemporal.com\/aenverdexpress.es\/2024\/01\/09\/tomate-cherry-pera-lobello-sabor-del-ano-por-sexta-vez-consecutiva\/","og_locale":"es_ES","og_type":"article","og_title":"Tomate cherry pera \u2018Lobello\u2019,\u00a0Sabor del A\u00f1o\u00a0por sexta vez consecutiva - Aenverde Express","og_description":"El tomate Cherry pera Lobello de Caparr\u00f3s ha logrado hacerse un a\u00f1o m\u00e1s, y ya son seis a\u00f1os consecutivos, con el sello Sabor del A\u00f1o 2024, confirmando de este modo el esfuerzo y la apuesta que la empresa almeriense\u00a0Caparr\u00f3s\u00a0est\u00e1 llevando a cabo por posicionar este tomate como un referente de sabor entre los consumidores espa\u00f1oles. [&hellip;]","og_url":"https:\/\/aenverde-cp7041.wordpresstemporal.com\/aenverdexpress.es\/2024\/01\/09\/tomate-cherry-pera-lobello-sabor-del-ano-por-sexta-vez-consecutiva\/","og_site_name":"Aenverde Express","article_published_time":"2024-01-09T07:42:15+00:00","article_modified_time":"2024-01-09T07:42:16+00:00","og_image":[{"width":768,"height":512,"url":"https:\/\/aenverde-cp7041.wordpresstemporal.com\/aenverdexpress.es\/wp-content\/uploads\/2024\/01\/lobello-768x512-1.jpg","type":"image\/jpeg"}],"twitter_card":"summary_large_image","twitter_misc":{"Escrito por":"REDACCI\u00d3N AENVERDE"},"schema":{"@context":"https:\/\/schema.org","@graph":[{"@type":"Organization","@id":"https:\/\/aenverdexpress.es\/#organization","name":"AENVERDE","url":"https:\/\/aenverdexpress.es\/","sameAs":[],"logo":{"@type":"ImageObject","@id":"https:\/\/aenverdexpress.es\/#logo","inLanguage":"es","url":"https:\/\/aenverdexpress.es\/wp-content\/uploads\/2021\/12\/A-EN-VERDE-LOGO-FONDO-1DB954-01-1024x1024-1.jpg","contentUrl":"https:\/\/aenverdexpress.es\/wp-content\/uploads\/2021\/12\/A-EN-VERDE-LOGO-FONDO-1DB954-01-1024x1024-1.jpg","width":1024,"height":1024,"caption":"AENVERDE"},"image":{"@id":"https:\/\/aenverdexpress.es\/#logo"}},{"@type":"WebSite","@id":"https:\/\/aenverdexpress.es\/#website","url":"https:\/\/aenverdexpress.es\/","name":"Aenverde Express","description":"","publisher":{"@id":"https:\/\/aenverdexpress.es\/#organization"},"potentialAction":[{"@type":"SearchAction","target":{"@type":"EntryPoint","urlTemplate":"https:\/\/aenverdexpress.es\/?s={search_term_string}"},"query-input":"required name=search_term_string"}],"inLanguage":"es"},{"@type":"ImageObject","@id":"https:\/\/aenverde-cp7041.wordpresstemporal.com\/aenverdexpress.es\/2024\/01\/09\/tomate-cherry-pera-lobello-sabor-del-ano-por-sexta-vez-consecutiva\/#primaryimage","inLanguage":"es","url":"https:\/\/aenverde-cp7041.wordpresstemporal.com\/aenverdexpress.es\/wp-content\/uploads\/2024\/01\/lobello-768x512-1.jpg","contentUrl":"https:\/\/aenverde-cp7041.wordpresstemporal.com\/aenverdexpress.es\/wp-content\/uploads\/2024\/01\/lobello-768x512-1.jpg","width":768,"height":512},{"@type":"WebPage","@id":"https:\/\/aenverde-cp7041.wordpresstemporal.com\/aenverdexpress.es\/2024\/01\/09\/tomate-cherry-pera-lobello-sabor-del-ano-por-sexta-vez-consecutiva\/#webpage","url":"https:\/\/aenverde-cp7041.wordpresstemporal.com\/aenverdexpress.es\/2024\/01\/09\/tomate-cherry-pera-lobello-sabor-del-ano-por-sexta-vez-consecutiva\/","name":"Tomate cherry pera \u2018Lobello\u2019,\u00a0Sabor del A\u00f1o\u00a0por sexta vez consecutiva - Aenverde Express","isPartOf":{"@id":"https:\/\/aenverdexpress.es\/#website"},"primaryImageOfPage":{"@id":"https:\/\/aenverde-cp7041.wordpresstemporal.com\/aenverdexpress.es\/2024\/01\/09\/tomate-cherry-pera-lobello-sabor-del-ano-por-sexta-vez-consecutiva\/#primaryimage"},"datePublished":"2024-01-09T07:42:15+00:00","dateModified":"2024-01-09T07:42:16+00:00","breadcrumb":{"@id":"https:\/\/aenverde-cp7041.wordpresstemporal.com\/aenverdexpress.es\/2024\/01\/09\/tomate-cherry-pera-lobello-sabor-del-ano-por-sexta-vez-consecutiva\/#breadcrumb"},"inLanguage":"es","potentialAction":[{"@type":"ReadAction","target":["https:\/\/aenverde-cp7041.wordpresstemporal.com\/aenverdexpress.es\/2024\/01\/09\/tomate-cherry-pera-lobello-sabor-del-ano-por-sexta-vez-consecutiva\/"]}]},{"@type":"BreadcrumbList","@id":"https:\/\/aenverde-cp7041.wordpresstemporal.com\/aenverdexpress.es\/2024\/01\/09\/tomate-cherry-pera-lobello-sabor-del-ano-por-sexta-vez-consecutiva\/#breadcrumb","itemListElement":[{"@type":"ListItem","position":1,"name":"Portada","item":"https:\/\/aenverdexpress.es\/"},{"@type":"ListItem","position":2,"name":"Tomate cherry pera \u2018Lobello\u2019,\u00a0Sabor del A\u00f1o\u00a0por sexta vez consecutiva"}]},{"@type":"Article","@id":"https:\/\/aenverde-cp7041.wordpresstemporal.com\/aenverdexpress.es\/2024\/01\/09\/tomate-cherry-pera-lobello-sabor-del-ano-por-sexta-vez-consecutiva\/#article","isPartOf":{"@id":"https:\/\/aenverde-cp7041.wordpresstemporal.com\/aenverdexpress.es\/2024\/01\/09\/tomate-cherry-pera-lobello-sabor-del-ano-por-sexta-vez-consecutiva\/#webpage"},"author":{"@id":"https:\/\/aenverdexpress.es\/#\/schema\/person\/7220664746e3c774cb3c4e5f81fc4ba0"},"headline":"Tomate cherry pera \u2018Lobello\u2019,\u00a0Sabor del A\u00f1o\u00a0por sexta vez consecutiva","datePublished":"2024-01-09T07:42:15+00:00","dateModified":"2024-01-09T07:42:16+00:00","mainEntityOfPage":{"@id":"https:\/\/aenverde-cp7041.wordpresstemporal.com\/aenverdexpress.es\/2024\/01\/09\/tomate-cherry-pera-lobello-sabor-del-ano-por-sexta-vez-consecutiva\/#webpage"},"wordCount":110,"commentCount":0,"publisher":{"@id":"https:\/\/aenverdexpress.es\/#organization"},"image":{"@id":"https:\/\/aenverde-cp7041.wordpresstemporal.com\/aenverdexpress.es\/2024\/01\/09\/tomate-cherry-pera-lobello-sabor-del-ano-por-sexta-vez-consecutiva\/#primaryimage"},"thumbnailUrl":"https:\/\/aenverde-cp7041.wordpresstemporal.com\/aenverdexpress.es\/wp-content\/uploads\/2024\/01\/lobello-768x512-1.jpg","keywords":["Caparr\u00f3s","lobello","sabor del a\u00f1o"],"articleSection":["Actualidad"],"inLanguage":"es","potentialAction":[{"@type":"CommentAction","name":"Comment","target":["https:\/\/aenverde-cp7041.wordpresstemporal.com\/aenverdexpress.es\/2024\/01\/09\/tomate-cherry-pera-lobello-sabor-del-ano-por-sexta-vez-consecutiva\/#respond"]}]},{"@type":"Person","@id":"https:\/\/aenverdexpress.es\/#\/schema\/person\/7220664746e3c774cb3c4e5f81fc4ba0","name":"REDACCI\u00d3N AENVERDE","image":{"@type":"ImageObject","@id":"https:\/\/aenverdexpress.es\/#personlogo","inLanguage":"es","url":"https:\/\/secure.gravatar.com\/avatar\/82de37537a82ee30b014773728d8502cf11180bc1ea2f0a301ec70ebe59ea3e5?s=96&d=mm&r=g","contentUrl":"https:\/\/secure.gravatar.com\/avatar\/82de37537a82ee30b014773728d8502cf11180bc1ea2f0a301ec70ebe59ea3e5?s=96&d=mm&r=g","caption":"REDACCI\u00d3N AENVERDE"},"url":"https:\/\/aenverde-cp7041.wordpresstemporal.com\/aenverdexpress.es\/author\/damian\/"}]}},"builder_content":"","_links":{"self":[{"href":"https:\/\/aenverde-cp7041.wordpresstemporal.com\/aenverdexpress.es\/wp-json\/wp\/v2\/posts\/7435","targetHints":{"allow":["GET"]}}],"collection":[{"href":"https:\/\/aenverde-cp7041.wordpresstemporal.com\/aenverdexpress.es\/wp-json\/wp\/v2\/posts"}],"about":[{"href":"https:\/\/aenverde-cp7041.wordpresstemporal.com\/aenverdexpress.es\/wp-json\/wp\/v2\/types\/post"}],"author":[{"embeddable":true,"href":"https:\/\/aenverde-cp7041.wordpresstemporal.com\/aenverdexpress.es\/wp-json\/wp\/v2\/users\/2"}],"replies":[{"embeddable":true,"href":"https:\/\/aenverde-cp7041.wordpresstemporal.com\/aenverdexpress.es\/wp-json\/wp\/v2\/comments?post=7435"}],"version-history":[{"count":2,"href":"https:\/\/aenverde-cp7041.wordpresstemporal.com\/aenverdexpress.es\/wp-json\/wp\/v2\/posts\/7435\/revisions"}],"predecessor-version":[{"id":7438,"href":"https:\/\/aenverde-cp7041.wordpresstemporal.com\/aenverdexpress.es\/wp-json\/wp\/v2\/posts\/7435\/revisions\/7438"}],"wp:featuredmedia":[{"embeddable":true,"href":"https:\/\/aenverde-cp7041.wordpresstemporal.com\/aenverdexpress.es\/wp-json\/wp\/v2\/media\/7436"}],"wp:attachment":[{"href":"https:\/\/aenverde-cp7041.wordpresstemporal.com\/aenverdexpress.es\/wp-json\/wp\/v2\/media?parent=7435"}],"wp:term":[{"taxonomy":"category","embeddable":true,"href":"https:\/\/aenverde-cp7041.wordpresstemporal.com\/aenverdexpress.es\/wp-json\/wp\/v2\/categories?post=7435"},{"taxonomy":"post_tag","embeddable":true,"href":"https:\/\/aenverde-cp7041.wordpresstemporal.com\/aenverdexpress.es\/wp-json\/wp\/v2\/tags?post=7435"}],"curies":[{"name":"wp","href":"https:\/\/api.w.org\/{rel}","templated":true}]}}