{"id":752,"date":"2021-10-22T15:50:26","date_gmt":"2021-10-22T15:50:26","guid":{"rendered":"https:\/\/aenverdexpress.es\/?p=752"},"modified":"2021-10-22T15:50:27","modified_gmt":"2021-10-22T15:50:27","slug":"la-exportacion-de-flor-cortada-espanola-crece-un-49-en-el-ultimo-lustro","status":"publish","type":"post","link":"https:\/\/aenverde-cp7041.wordpresstemporal.com\/aenverdexpress.es\/2021\/10\/22\/la-exportacion-de-flor-cortada-espanola-crece-un-49-en-el-ultimo-lustro\/","title":{"rendered":"La exportaci\u00f3n de flor cortada espa\u00f1ola crece un 49% en el \u00faltimo lustro"},"content":{"rendered":"<!--themify_builder_content-->\n<div id=\"themify_builder_content-752\" data-postid=\"752\" class=\"themify_builder_content themify_builder_content-752 themify_builder tf_clear\">\n    <\/div>\n<!--\/themify_builder_content-->\n\n\n<p class=\"wp-block-paragraph\"><strong>La exportaci\u00f3n espa\u00f1ola de flor cortada aument\u00f3 en el \u00faltimo lustro un 49%, al pasar de los 38 millones de euros en 2016 a superar los 58 millones en 2020<\/strong>, siendo la rosa y el clavel las especies a de referencia, con 16 y 13 millones de euros respectivamente, seg\u00fan datos de FEPEX para la campa\u00f1a Europa Florece. Este a\u00f1o y con cifras correspondientes al primer semestre se mantiene la evoluci\u00f3n positiva con 39 millones de euros, un 20% m\u00e1s que en el mismo periodo de 2020.<\/p>\n\n\n\n<p class=\"wp-block-paragraph\"><strong>M\u00e1s informaci\u00f3n <a href=\"https:\/\/www.aenverde.es\/la-exportacion-de-flor-cortada-espanola-crece-un-49-en-el-ultimo-lustro\/\" data-type=\"URL\" data-id=\"https:\/\/www.aenverde.es\/la-exportacion-de-flor-cortada-espanola-crece-un-49-en-el-ultimo-lustro\/\" target=\"_blank\" rel=\"noreferrer noopener\">aqu\u00ed<\/a>.<\/strong><\/p>","protected":false},"excerpt":{"rendered":"<p>La exportaci\u00f3n espa\u00f1ola de flor cortada aument\u00f3 en el \u00faltimo lustro un 49%, al pasar de los 38 millones de euros en 2016 a superar los 58 millones en 2020, siendo la rosa y el clavel las especies a de referencia, con 16 y 13 millones de euros respectivamente, seg\u00fan datos de FEPEX para la [&hellip;]<\/p>\n","protected":false},"author":2,"featured_media":753,"comment_status":"open","ping_status":"open","sticky":false,"template":"","format":"standard","meta":{"footnotes":""},"categories":[11],"tags":[55,184],"class_list":["post-752","post","type-post","status-publish","format-standard","has-post-thumbnail","hentry","category-actualidad","tag-exportacion","tag-flor-cortada","has-post-title","has-post-date","has-post-category","has-post-tag","has-post-comment","has-post-author",""],"yoast_head":"<!-- This site is optimized with the Yoast SEO plugin v18.2 - https:\/\/yoast.com\/wordpress\/plugins\/seo\/ -->\n<title>La exportaci\u00f3n de flor cortada espa\u00f1ola crece un 49% en el \u00faltimo lustro - Aenverde Express<\/title>\n<meta name=\"robots\" content=\"index, follow, max-snippet:-1, max-image-preview:large, max-video-preview:-1\" \/>\n<link rel=\"canonical\" href=\"https:\/\/aenverde-cp7041.wordpresstemporal.com\/aenverdexpress.es\/2021\/10\/22\/la-exportacion-de-flor-cortada-espanola-crece-un-49-en-el-ultimo-lustro\/\" \/>\n<meta property=\"og:locale\" content=\"es_ES\" \/>\n<meta property=\"og:type\" content=\"article\" \/>\n<meta property=\"og:title\" content=\"La exportaci\u00f3n de flor cortada espa\u00f1ola crece un 49% en el \u00faltimo lustro - Aenverde Express\" \/>\n<meta property=\"og:description\" content=\"La exportaci\u00f3n espa\u00f1ola de flor cortada aument\u00f3 en el \u00faltimo lustro un 49%, al pasar de los 38 millones de euros en 2016 a superar los 58 millones en 2020, siendo la rosa y el clavel las especies a de referencia, con 16 y 13 millones de euros respectivamente, seg\u00fan datos de FEPEX para la [&hellip;]\" \/>\n<meta property=\"og:url\" content=\"https:\/\/aenverde-cp7041.wordpresstemporal.com\/aenverdexpress.es\/2021\/10\/22\/la-exportacion-de-flor-cortada-espanola-crece-un-49-en-el-ultimo-lustro\/\" \/>\n<meta property=\"og:site_name\" content=\"Aenverde Express\" \/>\n<meta property=\"article:published_time\" content=\"2021-10-22T15:50:26+00:00\" \/>\n<meta property=\"article:modified_time\" content=\"2021-10-22T15:50:27+00:00\" \/>\n<meta property=\"og:image\" content=\"https:\/\/aenverde-cp7041.wordpresstemporal.com\/aenverdexpress.es\/wp-content\/uploads\/2021\/10\/flor-cortada-ok.jpg\" \/>\n\t<meta property=\"og:image:width\" content=\"799\" \/>\n\t<meta property=\"og:image:height\" content=\"579\" \/>\n\t<meta property=\"og:image:type\" content=\"image\/jpeg\" \/>\n<meta name=\"twitter:card\" content=\"summary_large_image\" \/>\n<meta name=\"twitter:label1\" content=\"Escrito por\" \/>\n\t<meta name=\"twitter:data1\" content=\"REDACCI\u00d3N AENVERDE\" \/>\n<script type=\"application\/ld+json\" class=\"yoast-schema-graph\">{\"@context\":\"https:\/\/schema.org\",\"@graph\":[{\"@type\":\"Organization\",\"@id\":\"https:\/\/aenverdexpress.es\/#organization\",\"name\":\"AENVERDE\",\"url\":\"https:\/\/aenverdexpress.es\/\",\"sameAs\":[],\"logo\":{\"@type\":\"ImageObject\",\"@id\":\"https:\/\/aenverdexpress.es\/#logo\",\"inLanguage\":\"es\",\"url\":\"https:\/\/aenverdexpress.es\/wp-content\/uploads\/2021\/12\/A-EN-VERDE-LOGO-FONDO-1DB954-01-1024x1024-1.jpg\",\"contentUrl\":\"https:\/\/aenverdexpress.es\/wp-content\/uploads\/2021\/12\/A-EN-VERDE-LOGO-FONDO-1DB954-01-1024x1024-1.jpg\",\"width\":1024,\"height\":1024,\"caption\":\"AENVERDE\"},\"image\":{\"@id\":\"https:\/\/aenverdexpress.es\/#logo\"}},{\"@type\":\"WebSite\",\"@id\":\"https:\/\/aenverdexpress.es\/#website\",\"url\":\"https:\/\/aenverdexpress.es\/\",\"name\":\"Aenverde Express\",\"description\":\"\",\"publisher\":{\"@id\":\"https:\/\/aenverdexpress.es\/#organization\"},\"potentialAction\":[{\"@type\":\"SearchAction\",\"target\":{\"@type\":\"EntryPoint\",\"urlTemplate\":\"https:\/\/aenverdexpress.es\/?s={search_term_string}\"},\"query-input\":\"required name=search_term_string\"}],\"inLanguage\":\"es\"},{\"@type\":\"ImageObject\",\"@id\":\"https:\/\/aenverde-cp7041.wordpresstemporal.com\/aenverdexpress.es\/2021\/10\/22\/la-exportacion-de-flor-cortada-espanola-crece-un-49-en-el-ultimo-lustro\/#primaryimage\",\"inLanguage\":\"es\",\"url\":\"https:\/\/aenverde-cp7041.wordpresstemporal.com\/aenverdexpress.es\/wp-content\/uploads\/2021\/10\/flor-cortada-ok.jpg\",\"contentUrl\":\"https:\/\/aenverde-cp7041.wordpresstemporal.com\/aenverdexpress.es\/wp-content\/uploads\/2021\/10\/flor-cortada-ok.jpg\",\"width\":799,\"height\":579,\"caption\":\"flor-cortada-\"},{\"@type\":\"WebPage\",\"@id\":\"https:\/\/aenverde-cp7041.wordpresstemporal.com\/aenverdexpress.es\/2021\/10\/22\/la-exportacion-de-flor-cortada-espanola-crece-un-49-en-el-ultimo-lustro\/#webpage\",\"url\":\"https:\/\/aenverde-cp7041.wordpresstemporal.com\/aenverdexpress.es\/2021\/10\/22\/la-exportacion-de-flor-cortada-espanola-crece-un-49-en-el-ultimo-lustro\/\",\"name\":\"La exportaci\u00f3n de flor cortada espa\u00f1ola crece un 49% en el \u00faltimo lustro - Aenverde Express\",\"isPartOf\":{\"@id\":\"https:\/\/aenverdexpress.es\/#website\"},\"primaryImageOfPage\":{\"@id\":\"https:\/\/aenverde-cp7041.wordpresstemporal.com\/aenverdexpress.es\/2021\/10\/22\/la-exportacion-de-flor-cortada-espanola-crece-un-49-en-el-ultimo-lustro\/#primaryimage\"},\"datePublished\":\"2021-10-22T15:50:26+00:00\",\"dateModified\":\"2021-10-22T15:50:27+00:00\",\"breadcrumb\":{\"@id\":\"https:\/\/aenverde-cp7041.wordpresstemporal.com\/aenverdexpress.es\/2021\/10\/22\/la-exportacion-de-flor-cortada-espanola-crece-un-49-en-el-ultimo-lustro\/#breadcrumb\"},\"inLanguage\":\"es\",\"potentialAction\":[{\"@type\":\"ReadAction\",\"target\":[\"https:\/\/aenverde-cp7041.wordpresstemporal.com\/aenverdexpress.es\/2021\/10\/22\/la-exportacion-de-flor-cortada-espanola-crece-un-49-en-el-ultimo-lustro\/\"]}]},{\"@type\":\"BreadcrumbList\",\"@id\":\"https:\/\/aenverde-cp7041.wordpresstemporal.com\/aenverdexpress.es\/2021\/10\/22\/la-exportacion-de-flor-cortada-espanola-crece-un-49-en-el-ultimo-lustro\/#breadcrumb\",\"itemListElement\":[{\"@type\":\"ListItem\",\"position\":1,\"name\":\"Portada\",\"item\":\"https:\/\/aenverdexpress.es\/\"},{\"@type\":\"ListItem\",\"position\":2,\"name\":\"La exportaci\u00f3n de flor cortada espa\u00f1ola crece un 49% en el \u00faltimo lustro\"}]},{\"@type\":\"Article\",\"@id\":\"https:\/\/aenverde-cp7041.wordpresstemporal.com\/aenverdexpress.es\/2021\/10\/22\/la-exportacion-de-flor-cortada-espanola-crece-un-49-en-el-ultimo-lustro\/#article\",\"isPartOf\":{\"@id\":\"https:\/\/aenverde-cp7041.wordpresstemporal.com\/aenverdexpress.es\/2021\/10\/22\/la-exportacion-de-flor-cortada-espanola-crece-un-49-en-el-ultimo-lustro\/#webpage\"},\"author\":{\"@id\":\"https:\/\/aenverdexpress.es\/#\/schema\/person\/7220664746e3c774cb3c4e5f81fc4ba0\"},\"headline\":\"La exportaci\u00f3n de flor cortada espa\u00f1ola crece un 49% en el \u00faltimo lustro\",\"datePublished\":\"2021-10-22T15:50:26+00:00\",\"dateModified\":\"2021-10-22T15:50:27+00:00\",\"mainEntityOfPage\":{\"@id\":\"https:\/\/aenverde-cp7041.wordpresstemporal.com\/aenverdexpress.es\/2021\/10\/22\/la-exportacion-de-flor-cortada-espanola-crece-un-49-en-el-ultimo-lustro\/#webpage\"},\"wordCount\":103,\"commentCount\":0,\"publisher\":{\"@id\":\"https:\/\/aenverdexpress.es\/#organization\"},\"image\":{\"@id\":\"https:\/\/aenverde-cp7041.wordpresstemporal.com\/aenverdexpress.es\/2021\/10\/22\/la-exportacion-de-flor-cortada-espanola-crece-un-49-en-el-ultimo-lustro\/#primaryimage\"},\"thumbnailUrl\":\"https:\/\/aenverde-cp7041.wordpresstemporal.com\/aenverdexpress.es\/wp-content\/uploads\/2021\/10\/flor-cortada-ok.jpg\",\"keywords\":[\"exportaci\u00f3n\",\"flor cortada\"],\"articleSection\":[\"Actualidad\"],\"inLanguage\":\"es\",\"potentialAction\":[{\"@type\":\"CommentAction\",\"name\":\"Comment\",\"target\":[\"https:\/\/aenverde-cp7041.wordpresstemporal.com\/aenverdexpress.es\/2021\/10\/22\/la-exportacion-de-flor-cortada-espanola-crece-un-49-en-el-ultimo-lustro\/#respond\"]}]},{\"@type\":\"Person\",\"@id\":\"https:\/\/aenverdexpress.es\/#\/schema\/person\/7220664746e3c774cb3c4e5f81fc4ba0\",\"name\":\"REDACCI\u00d3N AENVERDE\",\"image\":{\"@type\":\"ImageObject\",\"@id\":\"https:\/\/aenverdexpress.es\/#personlogo\",\"inLanguage\":\"es\",\"url\":\"https:\/\/secure.gravatar.com\/avatar\/82de37537a82ee30b014773728d8502cf11180bc1ea2f0a301ec70ebe59ea3e5?s=96&d=mm&r=g\",\"contentUrl\":\"https:\/\/secure.gravatar.com\/avatar\/82de37537a82ee30b014773728d8502cf11180bc1ea2f0a301ec70ebe59ea3e5?s=96&d=mm&r=g\",\"caption\":\"REDACCI\u00d3N AENVERDE\"},\"url\":\"https:\/\/aenverde-cp7041.wordpresstemporal.com\/aenverdexpress.es\/author\/damian\/\"}]}<\/script>\n<!-- \/ Yoast SEO plugin. -->","yoast_head_json":{"title":"La exportaci\u00f3n de flor cortada espa\u00f1ola crece un 49% en el \u00faltimo lustro - Aenverde Express","robots":{"index":"index","follow":"follow","max-snippet":"max-snippet:-1","max-image-preview":"max-image-preview:large","max-video-preview":"max-video-preview:-1"},"canonical":"https:\/\/aenverde-cp7041.wordpresstemporal.com\/aenverdexpress.es\/2021\/10\/22\/la-exportacion-de-flor-cortada-espanola-crece-un-49-en-el-ultimo-lustro\/","og_locale":"es_ES","og_type":"article","og_title":"La exportaci\u00f3n de flor cortada espa\u00f1ola crece un 49% en el \u00faltimo lustro - Aenverde Express","og_description":"La exportaci\u00f3n espa\u00f1ola de flor cortada aument\u00f3 en el \u00faltimo lustro un 49%, al pasar de los 38 millones de euros en 2016 a superar los 58 millones en 2020, siendo la rosa y el clavel las especies a de referencia, con 16 y 13 millones de euros respectivamente, seg\u00fan datos de FEPEX para la [&hellip;]","og_url":"https:\/\/aenverde-cp7041.wordpresstemporal.com\/aenverdexpress.es\/2021\/10\/22\/la-exportacion-de-flor-cortada-espanola-crece-un-49-en-el-ultimo-lustro\/","og_site_name":"Aenverde Express","article_published_time":"2021-10-22T15:50:26+00:00","article_modified_time":"2021-10-22T15:50:27+00:00","og_image":[{"width":799,"height":579,"url":"https:\/\/aenverde-cp7041.wordpresstemporal.com\/aenverdexpress.es\/wp-content\/uploads\/2021\/10\/flor-cortada-ok.jpg","type":"image\/jpeg"}],"twitter_card":"summary_large_image","twitter_misc":{"Escrito por":"REDACCI\u00d3N AENVERDE"},"schema":{"@context":"https:\/\/schema.org","@graph":[{"@type":"Organization","@id":"https:\/\/aenverdexpress.es\/#organization","name":"AENVERDE","url":"https:\/\/aenverdexpress.es\/","sameAs":[],"logo":{"@type":"ImageObject","@id":"https:\/\/aenverdexpress.es\/#logo","inLanguage":"es","url":"https:\/\/aenverdexpress.es\/wp-content\/uploads\/2021\/12\/A-EN-VERDE-LOGO-FONDO-1DB954-01-1024x1024-1.jpg","contentUrl":"https:\/\/aenverdexpress.es\/wp-content\/uploads\/2021\/12\/A-EN-VERDE-LOGO-FONDO-1DB954-01-1024x1024-1.jpg","width":1024,"height":1024,"caption":"AENVERDE"},"image":{"@id":"https:\/\/aenverdexpress.es\/#logo"}},{"@type":"WebSite","@id":"https:\/\/aenverdexpress.es\/#website","url":"https:\/\/aenverdexpress.es\/","name":"Aenverde Express","description":"","publisher":{"@id":"https:\/\/aenverdexpress.es\/#organization"},"potentialAction":[{"@type":"SearchAction","target":{"@type":"EntryPoint","urlTemplate":"https:\/\/aenverdexpress.es\/?s={search_term_string}"},"query-input":"required name=search_term_string"}],"inLanguage":"es"},{"@type":"ImageObject","@id":"https:\/\/aenverde-cp7041.wordpresstemporal.com\/aenverdexpress.es\/2021\/10\/22\/la-exportacion-de-flor-cortada-espanola-crece-un-49-en-el-ultimo-lustro\/#primaryimage","inLanguage":"es","url":"https:\/\/aenverde-cp7041.wordpresstemporal.com\/aenverdexpress.es\/wp-content\/uploads\/2021\/10\/flor-cortada-ok.jpg","contentUrl":"https:\/\/aenverde-cp7041.wordpresstemporal.com\/aenverdexpress.es\/wp-content\/uploads\/2021\/10\/flor-cortada-ok.jpg","width":799,"height":579,"caption":"flor-cortada-"},{"@type":"WebPage","@id":"https:\/\/aenverde-cp7041.wordpresstemporal.com\/aenverdexpress.es\/2021\/10\/22\/la-exportacion-de-flor-cortada-espanola-crece-un-49-en-el-ultimo-lustro\/#webpage","url":"https:\/\/aenverde-cp7041.wordpresstemporal.com\/aenverdexpress.es\/2021\/10\/22\/la-exportacion-de-flor-cortada-espanola-crece-un-49-en-el-ultimo-lustro\/","name":"La exportaci\u00f3n de flor cortada espa\u00f1ola crece un 49% en el \u00faltimo lustro - Aenverde Express","isPartOf":{"@id":"https:\/\/aenverdexpress.es\/#website"},"primaryImageOfPage":{"@id":"https:\/\/aenverde-cp7041.wordpresstemporal.com\/aenverdexpress.es\/2021\/10\/22\/la-exportacion-de-flor-cortada-espanola-crece-un-49-en-el-ultimo-lustro\/#primaryimage"},"datePublished":"2021-10-22T15:50:26+00:00","dateModified":"2021-10-22T15:50:27+00:00","breadcrumb":{"@id":"https:\/\/aenverde-cp7041.wordpresstemporal.com\/aenverdexpress.es\/2021\/10\/22\/la-exportacion-de-flor-cortada-espanola-crece-un-49-en-el-ultimo-lustro\/#breadcrumb"},"inLanguage":"es","potentialAction":[{"@type":"ReadAction","target":["https:\/\/aenverde-cp7041.wordpresstemporal.com\/aenverdexpress.es\/2021\/10\/22\/la-exportacion-de-flor-cortada-espanola-crece-un-49-en-el-ultimo-lustro\/"]}]},{"@type":"BreadcrumbList","@id":"https:\/\/aenverde-cp7041.wordpresstemporal.com\/aenverdexpress.es\/2021\/10\/22\/la-exportacion-de-flor-cortada-espanola-crece-un-49-en-el-ultimo-lustro\/#breadcrumb","itemListElement":[{"@type":"ListItem","position":1,"name":"Portada","item":"https:\/\/aenverdexpress.es\/"},{"@type":"ListItem","position":2,"name":"La exportaci\u00f3n de flor cortada espa\u00f1ola crece un 49% en el \u00faltimo lustro"}]},{"@type":"Article","@id":"https:\/\/aenverde-cp7041.wordpresstemporal.com\/aenverdexpress.es\/2021\/10\/22\/la-exportacion-de-flor-cortada-espanola-crece-un-49-en-el-ultimo-lustro\/#article","isPartOf":{"@id":"https:\/\/aenverde-cp7041.wordpresstemporal.com\/aenverdexpress.es\/2021\/10\/22\/la-exportacion-de-flor-cortada-espanola-crece-un-49-en-el-ultimo-lustro\/#webpage"},"author":{"@id":"https:\/\/aenverdexpress.es\/#\/schema\/person\/7220664746e3c774cb3c4e5f81fc4ba0"},"headline":"La exportaci\u00f3n de flor cortada espa\u00f1ola crece un 49% en el \u00faltimo lustro","datePublished":"2021-10-22T15:50:26+00:00","dateModified":"2021-10-22T15:50:27+00:00","mainEntityOfPage":{"@id":"https:\/\/aenverde-cp7041.wordpresstemporal.com\/aenverdexpress.es\/2021\/10\/22\/la-exportacion-de-flor-cortada-espanola-crece-un-49-en-el-ultimo-lustro\/#webpage"},"wordCount":103,"commentCount":0,"publisher":{"@id":"https:\/\/aenverdexpress.es\/#organization"},"image":{"@id":"https:\/\/aenverde-cp7041.wordpresstemporal.com\/aenverdexpress.es\/2021\/10\/22\/la-exportacion-de-flor-cortada-espanola-crece-un-49-en-el-ultimo-lustro\/#primaryimage"},"thumbnailUrl":"https:\/\/aenverde-cp7041.wordpresstemporal.com\/aenverdexpress.es\/wp-content\/uploads\/2021\/10\/flor-cortada-ok.jpg","keywords":["exportaci\u00f3n","flor cortada"],"articleSection":["Actualidad"],"inLanguage":"es","potentialAction":[{"@type":"CommentAction","name":"Comment","target":["https:\/\/aenverde-cp7041.wordpresstemporal.com\/aenverdexpress.es\/2021\/10\/22\/la-exportacion-de-flor-cortada-espanola-crece-un-49-en-el-ultimo-lustro\/#respond"]}]},{"@type":"Person","@id":"https:\/\/aenverdexpress.es\/#\/schema\/person\/7220664746e3c774cb3c4e5f81fc4ba0","name":"REDACCI\u00d3N AENVERDE","image":{"@type":"ImageObject","@id":"https:\/\/aenverdexpress.es\/#personlogo","inLanguage":"es","url":"https:\/\/secure.gravatar.com\/avatar\/82de37537a82ee30b014773728d8502cf11180bc1ea2f0a301ec70ebe59ea3e5?s=96&d=mm&r=g","contentUrl":"https:\/\/secure.gravatar.com\/avatar\/82de37537a82ee30b014773728d8502cf11180bc1ea2f0a301ec70ebe59ea3e5?s=96&d=mm&r=g","caption":"REDACCI\u00d3N AENVERDE"},"url":"https:\/\/aenverde-cp7041.wordpresstemporal.com\/aenverdexpress.es\/author\/damian\/"}]}},"builder_content":"","_links":{"self":[{"href":"https:\/\/aenverde-cp7041.wordpresstemporal.com\/aenverdexpress.es\/wp-json\/wp\/v2\/posts\/752","targetHints":{"allow":["GET"]}}],"collection":[{"href":"https:\/\/aenverde-cp7041.wordpresstemporal.com\/aenverdexpress.es\/wp-json\/wp\/v2\/posts"}],"about":[{"href":"https:\/\/aenverde-cp7041.wordpresstemporal.com\/aenverdexpress.es\/wp-json\/wp\/v2\/types\/post"}],"author":[{"embeddable":true,"href":"https:\/\/aenverde-cp7041.wordpresstemporal.com\/aenverdexpress.es\/wp-json\/wp\/v2\/users\/2"}],"replies":[{"embeddable":true,"href":"https:\/\/aenverde-cp7041.wordpresstemporal.com\/aenverdexpress.es\/wp-json\/wp\/v2\/comments?post=752"}],"version-history":[{"count":1,"href":"https:\/\/aenverde-cp7041.wordpresstemporal.com\/aenverdexpress.es\/wp-json\/wp\/v2\/posts\/752\/revisions"}],"predecessor-version":[{"id":754,"href":"https:\/\/aenverde-cp7041.wordpresstemporal.com\/aenverdexpress.es\/wp-json\/wp\/v2\/posts\/752\/revisions\/754"}],"wp:featuredmedia":[{"embeddable":true,"href":"https:\/\/aenverde-cp7041.wordpresstemporal.com\/aenverdexpress.es\/wp-json\/wp\/v2\/media\/753"}],"wp:attachment":[{"href":"https:\/\/aenverde-cp7041.wordpresstemporal.com\/aenverdexpress.es\/wp-json\/wp\/v2\/media?parent=752"}],"wp:term":[{"taxonomy":"category","embeddable":true,"href":"https:\/\/aenverde-cp7041.wordpresstemporal.com\/aenverdexpress.es\/wp-json\/wp\/v2\/categories?post=752"},{"taxonomy":"post_tag","embeddable":true,"href":"https:\/\/aenverde-cp7041.wordpresstemporal.com\/aenverdexpress.es\/wp-json\/wp\/v2\/tags?post=752"}],"curies":[{"name":"wp","href":"https:\/\/api.w.org\/{rel}","templated":true}]}}