{"id":7778,"date":"2024-02-19T07:29:55","date_gmt":"2024-02-19T07:29:55","guid":{"rendered":"https:\/\/aenverdexpress.es\/?p=7778"},"modified":"2024-02-19T07:29:56","modified_gmt":"2024-02-19T07:29:56","slug":"hortyfruta-vuelve-a-activar-la-extension-de-norma-de-calidad-para-berenjena","status":"publish","type":"post","link":"https:\/\/aenverde-cp7041.wordpresstemporal.com\/aenverdexpress.es\/2024\/02\/19\/hortyfruta-vuelve-a-activar-la-extension-de-norma-de-calidad-para-berenjena\/","title":{"rendered":"HORTYFRUTA\u00a0vuelve a activar la Extensi\u00f3n de Norma de Calidad para\u00a0berenjena"},"content":{"rendered":"<!--themify_builder_content-->\n<div id=\"themify_builder_content-7778\" data-postid=\"7778\" class=\"themify_builder_content themify_builder_content-7778 themify_builder tf_clear\">\n    <\/div>\n<!--\/themify_builder_content-->\n\n\n<p class=\"wp-block-paragraph\"><strong>El Comit\u00e9 de Crisis de la Interprofesional de Frutas y Hortalizas de Andaluc\u00eda, HORTYFRUTA<\/strong>, ha continuado, como cada semana, estudiando detenidamente la evoluci\u00f3n de la producci\u00f3n hort\u00edcola bajo invernadero, as\u00ed como la situaci\u00f3n del mercado.<\/p>\n\n\n\n<p class=\"wp-block-paragraph\"><strong>Tras los \u00faltimos an\u00e1lisis de ayer y hoy, se declara nuevamente la \u201calerta roja\u201d de crisis para la berenjena negra en agricultura convencional.<\/strong>\u00a0Activando as\u00ed la Extensi\u00f3n de Norma en materia de calidad para\u00a0<strong>berenjena larga\/negra<\/strong>.<\/p>\n\n\n\n<p class=\"wp-block-paragraph\"><strong>M\u00e1s informaci\u00f3n <a href=\"https:\/\/www.aenverde.es\/hortyfruta-vuelve-a-activar-la-extension-de-norma-de-calidad-para-berenjena\/\">aqu\u00ed<\/a>.<\/strong><\/p>","protected":false},"excerpt":{"rendered":"<p>El Comit\u00e9 de Crisis de la Interprofesional de Frutas y Hortalizas de Andaluc\u00eda, HORTYFRUTA, ha continuado, como cada semana, estudiando detenidamente la evoluci\u00f3n de la producci\u00f3n hort\u00edcola bajo invernadero, as\u00ed como la situaci\u00f3n del mercado. Tras los \u00faltimos an\u00e1lisis de ayer y hoy, se declara nuevamente la \u201calerta roja\u201d de crisis para la berenjena negra [&hellip;]<\/p>\n","protected":false},"author":2,"featured_media":7779,"comment_status":"open","ping_status":"open","sticky":false,"template":"","format":"standard","meta":{"footnotes":""},"categories":[11],"tags":[284,109],"class_list":["post-7778","post","type-post","status-publish","format-standard","has-post-thumbnail","hentry","category-actualidad","tag-extension-de-la-norma","tag-hortyfruta","has-post-title","has-post-date","has-post-category","has-post-tag","has-post-comment","has-post-author",""],"yoast_head":"<!-- This site is optimized with the Yoast SEO plugin v18.2 - https:\/\/yoast.com\/wordpress\/plugins\/seo\/ -->\n<title>HORTYFRUTA\u00a0vuelve a activar la Extensi\u00f3n de Norma de Calidad para\u00a0berenjena - Aenverde Express<\/title>\n<meta name=\"robots\" content=\"index, follow, max-snippet:-1, max-image-preview:large, max-video-preview:-1\" \/>\n<link rel=\"canonical\" href=\"https:\/\/aenverde-cp7041.wordpresstemporal.com\/aenverdexpress.es\/2024\/02\/19\/hortyfruta-vuelve-a-activar-la-extension-de-norma-de-calidad-para-berenjena\/\" \/>\n<meta property=\"og:locale\" content=\"es_ES\" \/>\n<meta property=\"og:type\" content=\"article\" \/>\n<meta property=\"og:title\" content=\"HORTYFRUTA\u00a0vuelve a activar la Extensi\u00f3n de Norma de Calidad para\u00a0berenjena - Aenverde Express\" \/>\n<meta property=\"og:description\" content=\"El Comit\u00e9 de Crisis de la Interprofesional de Frutas y Hortalizas de Andaluc\u00eda, HORTYFRUTA, ha continuado, como cada semana, estudiando detenidamente la evoluci\u00f3n de la producci\u00f3n hort\u00edcola bajo invernadero, as\u00ed como la situaci\u00f3n del mercado. Tras los \u00faltimos an\u00e1lisis de ayer y hoy, se declara nuevamente la \u201calerta roja\u201d de crisis para la berenjena negra [&hellip;]\" \/>\n<meta property=\"og:url\" content=\"https:\/\/aenverde-cp7041.wordpresstemporal.com\/aenverdexpress.es\/2024\/02\/19\/hortyfruta-vuelve-a-activar-la-extension-de-norma-de-calidad-para-berenjena\/\" \/>\n<meta property=\"og:site_name\" content=\"Aenverde Express\" \/>\n<meta property=\"article:published_time\" content=\"2024-02-19T07:29:55+00:00\" \/>\n<meta property=\"article:modified_time\" content=\"2024-02-19T07:29:56+00:00\" \/>\n<meta property=\"og:image\" content=\"https:\/\/aenverde-cp7041.wordpresstemporal.com\/aenverdexpress.es\/wp-content\/uploads\/2024\/02\/eggplant-1659784_1280-1170x600-1.jpg\" \/>\n\t<meta property=\"og:image:width\" content=\"1170\" \/>\n\t<meta property=\"og:image:height\" content=\"600\" \/>\n\t<meta property=\"og:image:type\" content=\"image\/jpeg\" \/>\n<meta name=\"twitter:card\" content=\"summary_large_image\" \/>\n<meta name=\"twitter:label1\" content=\"Escrito por\" \/>\n\t<meta name=\"twitter:data1\" content=\"REDACCI\u00d3N AENVERDE\" \/>\n<script type=\"application\/ld+json\" class=\"yoast-schema-graph\">{\"@context\":\"https:\/\/schema.org\",\"@graph\":[{\"@type\":\"Organization\",\"@id\":\"https:\/\/aenverdexpress.es\/#organization\",\"name\":\"AENVERDE\",\"url\":\"https:\/\/aenverdexpress.es\/\",\"sameAs\":[],\"logo\":{\"@type\":\"ImageObject\",\"@id\":\"https:\/\/aenverdexpress.es\/#logo\",\"inLanguage\":\"es\",\"url\":\"https:\/\/aenverdexpress.es\/wp-content\/uploads\/2021\/12\/A-EN-VERDE-LOGO-FONDO-1DB954-01-1024x1024-1.jpg\",\"contentUrl\":\"https:\/\/aenverdexpress.es\/wp-content\/uploads\/2021\/12\/A-EN-VERDE-LOGO-FONDO-1DB954-01-1024x1024-1.jpg\",\"width\":1024,\"height\":1024,\"caption\":\"AENVERDE\"},\"image\":{\"@id\":\"https:\/\/aenverdexpress.es\/#logo\"}},{\"@type\":\"WebSite\",\"@id\":\"https:\/\/aenverdexpress.es\/#website\",\"url\":\"https:\/\/aenverdexpress.es\/\",\"name\":\"Aenverde Express\",\"description\":\"\",\"publisher\":{\"@id\":\"https:\/\/aenverdexpress.es\/#organization\"},\"potentialAction\":[{\"@type\":\"SearchAction\",\"target\":{\"@type\":\"EntryPoint\",\"urlTemplate\":\"https:\/\/aenverdexpress.es\/?s={search_term_string}\"},\"query-input\":\"required name=search_term_string\"}],\"inLanguage\":\"es\"},{\"@type\":\"ImageObject\",\"@id\":\"https:\/\/aenverde-cp7041.wordpresstemporal.com\/aenverdexpress.es\/2024\/02\/19\/hortyfruta-vuelve-a-activar-la-extension-de-norma-de-calidad-para-berenjena\/#primaryimage\",\"inLanguage\":\"es\",\"url\":\"https:\/\/aenverde-cp7041.wordpresstemporal.com\/aenverdexpress.es\/wp-content\/uploads\/2024\/02\/eggplant-1659784_1280-1170x600-1.jpg\",\"contentUrl\":\"https:\/\/aenverde-cp7041.wordpresstemporal.com\/aenverdexpress.es\/wp-content\/uploads\/2024\/02\/eggplant-1659784_1280-1170x600-1.jpg\",\"width\":1170,\"height\":600},{\"@type\":\"WebPage\",\"@id\":\"https:\/\/aenverde-cp7041.wordpresstemporal.com\/aenverdexpress.es\/2024\/02\/19\/hortyfruta-vuelve-a-activar-la-extension-de-norma-de-calidad-para-berenjena\/#webpage\",\"url\":\"https:\/\/aenverde-cp7041.wordpresstemporal.com\/aenverdexpress.es\/2024\/02\/19\/hortyfruta-vuelve-a-activar-la-extension-de-norma-de-calidad-para-berenjena\/\",\"name\":\"HORTYFRUTA\u00a0vuelve a activar la Extensi\u00f3n de Norma de Calidad para\u00a0berenjena - Aenverde Express\",\"isPartOf\":{\"@id\":\"https:\/\/aenverdexpress.es\/#website\"},\"primaryImageOfPage\":{\"@id\":\"https:\/\/aenverde-cp7041.wordpresstemporal.com\/aenverdexpress.es\/2024\/02\/19\/hortyfruta-vuelve-a-activar-la-extension-de-norma-de-calidad-para-berenjena\/#primaryimage\"},\"datePublished\":\"2024-02-19T07:29:55+00:00\",\"dateModified\":\"2024-02-19T07:29:56+00:00\",\"breadcrumb\":{\"@id\":\"https:\/\/aenverde-cp7041.wordpresstemporal.com\/aenverdexpress.es\/2024\/02\/19\/hortyfruta-vuelve-a-activar-la-extension-de-norma-de-calidad-para-berenjena\/#breadcrumb\"},\"inLanguage\":\"es\",\"potentialAction\":[{\"@type\":\"ReadAction\",\"target\":[\"https:\/\/aenverde-cp7041.wordpresstemporal.com\/aenverdexpress.es\/2024\/02\/19\/hortyfruta-vuelve-a-activar-la-extension-de-norma-de-calidad-para-berenjena\/\"]}]},{\"@type\":\"BreadcrumbList\",\"@id\":\"https:\/\/aenverde-cp7041.wordpresstemporal.com\/aenverdexpress.es\/2024\/02\/19\/hortyfruta-vuelve-a-activar-la-extension-de-norma-de-calidad-para-berenjena\/#breadcrumb\",\"itemListElement\":[{\"@type\":\"ListItem\",\"position\":1,\"name\":\"Portada\",\"item\":\"https:\/\/aenverdexpress.es\/\"},{\"@type\":\"ListItem\",\"position\":2,\"name\":\"HORTYFRUTA\u00a0vuelve a activar la Extensi\u00f3n de Norma de Calidad para\u00a0berenjena\"}]},{\"@type\":\"Article\",\"@id\":\"https:\/\/aenverde-cp7041.wordpresstemporal.com\/aenverdexpress.es\/2024\/02\/19\/hortyfruta-vuelve-a-activar-la-extension-de-norma-de-calidad-para-berenjena\/#article\",\"isPartOf\":{\"@id\":\"https:\/\/aenverde-cp7041.wordpresstemporal.com\/aenverdexpress.es\/2024\/02\/19\/hortyfruta-vuelve-a-activar-la-extension-de-norma-de-calidad-para-berenjena\/#webpage\"},\"author\":{\"@id\":\"https:\/\/aenverdexpress.es\/#\/schema\/person\/7220664746e3c774cb3c4e5f81fc4ba0\"},\"headline\":\"HORTYFRUTA\u00a0vuelve a activar la Extensi\u00f3n de Norma de Calidad para\u00a0berenjena\",\"datePublished\":\"2024-02-19T07:29:55+00:00\",\"dateModified\":\"2024-02-19T07:29:56+00:00\",\"mainEntityOfPage\":{\"@id\":\"https:\/\/aenverde-cp7041.wordpresstemporal.com\/aenverdexpress.es\/2024\/02\/19\/hortyfruta-vuelve-a-activar-la-extension-de-norma-de-calidad-para-berenjena\/#webpage\"},\"wordCount\":97,\"commentCount\":0,\"publisher\":{\"@id\":\"https:\/\/aenverdexpress.es\/#organization\"},\"image\":{\"@id\":\"https:\/\/aenverde-cp7041.wordpresstemporal.com\/aenverdexpress.es\/2024\/02\/19\/hortyfruta-vuelve-a-activar-la-extension-de-norma-de-calidad-para-berenjena\/#primaryimage\"},\"thumbnailUrl\":\"https:\/\/aenverde-cp7041.wordpresstemporal.com\/aenverdexpress.es\/wp-content\/uploads\/2024\/02\/eggplant-1659784_1280-1170x600-1.jpg\",\"keywords\":[\"extensi\u00f3n de la norma\",\"Hortyfruta\"],\"articleSection\":[\"Actualidad\"],\"inLanguage\":\"es\",\"potentialAction\":[{\"@type\":\"CommentAction\",\"name\":\"Comment\",\"target\":[\"https:\/\/aenverde-cp7041.wordpresstemporal.com\/aenverdexpress.es\/2024\/02\/19\/hortyfruta-vuelve-a-activar-la-extension-de-norma-de-calidad-para-berenjena\/#respond\"]}]},{\"@type\":\"Person\",\"@id\":\"https:\/\/aenverdexpress.es\/#\/schema\/person\/7220664746e3c774cb3c4e5f81fc4ba0\",\"name\":\"REDACCI\u00d3N AENVERDE\",\"image\":{\"@type\":\"ImageObject\",\"@id\":\"https:\/\/aenverdexpress.es\/#personlogo\",\"inLanguage\":\"es\",\"url\":\"https:\/\/secure.gravatar.com\/avatar\/82de37537a82ee30b014773728d8502cf11180bc1ea2f0a301ec70ebe59ea3e5?s=96&d=mm&r=g\",\"contentUrl\":\"https:\/\/secure.gravatar.com\/avatar\/82de37537a82ee30b014773728d8502cf11180bc1ea2f0a301ec70ebe59ea3e5?s=96&d=mm&r=g\",\"caption\":\"REDACCI\u00d3N AENVERDE\"},\"url\":\"https:\/\/aenverde-cp7041.wordpresstemporal.com\/aenverdexpress.es\/author\/damian\/\"}]}<\/script>\n<!-- \/ Yoast SEO plugin. -->","yoast_head_json":{"title":"HORTYFRUTA\u00a0vuelve a activar la Extensi\u00f3n de Norma de Calidad para\u00a0berenjena - Aenverde Express","robots":{"index":"index","follow":"follow","max-snippet":"max-snippet:-1","max-image-preview":"max-image-preview:large","max-video-preview":"max-video-preview:-1"},"canonical":"https:\/\/aenverde-cp7041.wordpresstemporal.com\/aenverdexpress.es\/2024\/02\/19\/hortyfruta-vuelve-a-activar-la-extension-de-norma-de-calidad-para-berenjena\/","og_locale":"es_ES","og_type":"article","og_title":"HORTYFRUTA\u00a0vuelve a activar la Extensi\u00f3n de Norma de Calidad para\u00a0berenjena - Aenverde Express","og_description":"El Comit\u00e9 de Crisis de la Interprofesional de Frutas y Hortalizas de Andaluc\u00eda, HORTYFRUTA, ha continuado, como cada semana, estudiando detenidamente la evoluci\u00f3n de la producci\u00f3n hort\u00edcola bajo invernadero, as\u00ed como la situaci\u00f3n del mercado. Tras los \u00faltimos an\u00e1lisis de ayer y hoy, se declara nuevamente la \u201calerta roja\u201d de crisis para la berenjena negra [&hellip;]","og_url":"https:\/\/aenverde-cp7041.wordpresstemporal.com\/aenverdexpress.es\/2024\/02\/19\/hortyfruta-vuelve-a-activar-la-extension-de-norma-de-calidad-para-berenjena\/","og_site_name":"Aenverde Express","article_published_time":"2024-02-19T07:29:55+00:00","article_modified_time":"2024-02-19T07:29:56+00:00","og_image":[{"width":1170,"height":600,"url":"https:\/\/aenverde-cp7041.wordpresstemporal.com\/aenverdexpress.es\/wp-content\/uploads\/2024\/02\/eggplant-1659784_1280-1170x600-1.jpg","type":"image\/jpeg"}],"twitter_card":"summary_large_image","twitter_misc":{"Escrito por":"REDACCI\u00d3N AENVERDE"},"schema":{"@context":"https:\/\/schema.org","@graph":[{"@type":"Organization","@id":"https:\/\/aenverdexpress.es\/#organization","name":"AENVERDE","url":"https:\/\/aenverdexpress.es\/","sameAs":[],"logo":{"@type":"ImageObject","@id":"https:\/\/aenverdexpress.es\/#logo","inLanguage":"es","url":"https:\/\/aenverdexpress.es\/wp-content\/uploads\/2021\/12\/A-EN-VERDE-LOGO-FONDO-1DB954-01-1024x1024-1.jpg","contentUrl":"https:\/\/aenverdexpress.es\/wp-content\/uploads\/2021\/12\/A-EN-VERDE-LOGO-FONDO-1DB954-01-1024x1024-1.jpg","width":1024,"height":1024,"caption":"AENVERDE"},"image":{"@id":"https:\/\/aenverdexpress.es\/#logo"}},{"@type":"WebSite","@id":"https:\/\/aenverdexpress.es\/#website","url":"https:\/\/aenverdexpress.es\/","name":"Aenverde Express","description":"","publisher":{"@id":"https:\/\/aenverdexpress.es\/#organization"},"potentialAction":[{"@type":"SearchAction","target":{"@type":"EntryPoint","urlTemplate":"https:\/\/aenverdexpress.es\/?s={search_term_string}"},"query-input":"required name=search_term_string"}],"inLanguage":"es"},{"@type":"ImageObject","@id":"https:\/\/aenverde-cp7041.wordpresstemporal.com\/aenverdexpress.es\/2024\/02\/19\/hortyfruta-vuelve-a-activar-la-extension-de-norma-de-calidad-para-berenjena\/#primaryimage","inLanguage":"es","url":"https:\/\/aenverde-cp7041.wordpresstemporal.com\/aenverdexpress.es\/wp-content\/uploads\/2024\/02\/eggplant-1659784_1280-1170x600-1.jpg","contentUrl":"https:\/\/aenverde-cp7041.wordpresstemporal.com\/aenverdexpress.es\/wp-content\/uploads\/2024\/02\/eggplant-1659784_1280-1170x600-1.jpg","width":1170,"height":600},{"@type":"WebPage","@id":"https:\/\/aenverde-cp7041.wordpresstemporal.com\/aenverdexpress.es\/2024\/02\/19\/hortyfruta-vuelve-a-activar-la-extension-de-norma-de-calidad-para-berenjena\/#webpage","url":"https:\/\/aenverde-cp7041.wordpresstemporal.com\/aenverdexpress.es\/2024\/02\/19\/hortyfruta-vuelve-a-activar-la-extension-de-norma-de-calidad-para-berenjena\/","name":"HORTYFRUTA\u00a0vuelve a activar la Extensi\u00f3n de Norma de Calidad para\u00a0berenjena - Aenverde Express","isPartOf":{"@id":"https:\/\/aenverdexpress.es\/#website"},"primaryImageOfPage":{"@id":"https:\/\/aenverde-cp7041.wordpresstemporal.com\/aenverdexpress.es\/2024\/02\/19\/hortyfruta-vuelve-a-activar-la-extension-de-norma-de-calidad-para-berenjena\/#primaryimage"},"datePublished":"2024-02-19T07:29:55+00:00","dateModified":"2024-02-19T07:29:56+00:00","breadcrumb":{"@id":"https:\/\/aenverde-cp7041.wordpresstemporal.com\/aenverdexpress.es\/2024\/02\/19\/hortyfruta-vuelve-a-activar-la-extension-de-norma-de-calidad-para-berenjena\/#breadcrumb"},"inLanguage":"es","potentialAction":[{"@type":"ReadAction","target":["https:\/\/aenverde-cp7041.wordpresstemporal.com\/aenverdexpress.es\/2024\/02\/19\/hortyfruta-vuelve-a-activar-la-extension-de-norma-de-calidad-para-berenjena\/"]}]},{"@type":"BreadcrumbList","@id":"https:\/\/aenverde-cp7041.wordpresstemporal.com\/aenverdexpress.es\/2024\/02\/19\/hortyfruta-vuelve-a-activar-la-extension-de-norma-de-calidad-para-berenjena\/#breadcrumb","itemListElement":[{"@type":"ListItem","position":1,"name":"Portada","item":"https:\/\/aenverdexpress.es\/"},{"@type":"ListItem","position":2,"name":"HORTYFRUTA\u00a0vuelve a activar la Extensi\u00f3n de Norma de Calidad para\u00a0berenjena"}]},{"@type":"Article","@id":"https:\/\/aenverde-cp7041.wordpresstemporal.com\/aenverdexpress.es\/2024\/02\/19\/hortyfruta-vuelve-a-activar-la-extension-de-norma-de-calidad-para-berenjena\/#article","isPartOf":{"@id":"https:\/\/aenverde-cp7041.wordpresstemporal.com\/aenverdexpress.es\/2024\/02\/19\/hortyfruta-vuelve-a-activar-la-extension-de-norma-de-calidad-para-berenjena\/#webpage"},"author":{"@id":"https:\/\/aenverdexpress.es\/#\/schema\/person\/7220664746e3c774cb3c4e5f81fc4ba0"},"headline":"HORTYFRUTA\u00a0vuelve a activar la Extensi\u00f3n de Norma de Calidad para\u00a0berenjena","datePublished":"2024-02-19T07:29:55+00:00","dateModified":"2024-02-19T07:29:56+00:00","mainEntityOfPage":{"@id":"https:\/\/aenverde-cp7041.wordpresstemporal.com\/aenverdexpress.es\/2024\/02\/19\/hortyfruta-vuelve-a-activar-la-extension-de-norma-de-calidad-para-berenjena\/#webpage"},"wordCount":97,"commentCount":0,"publisher":{"@id":"https:\/\/aenverdexpress.es\/#organization"},"image":{"@id":"https:\/\/aenverde-cp7041.wordpresstemporal.com\/aenverdexpress.es\/2024\/02\/19\/hortyfruta-vuelve-a-activar-la-extension-de-norma-de-calidad-para-berenjena\/#primaryimage"},"thumbnailUrl":"https:\/\/aenverde-cp7041.wordpresstemporal.com\/aenverdexpress.es\/wp-content\/uploads\/2024\/02\/eggplant-1659784_1280-1170x600-1.jpg","keywords":["extensi\u00f3n de la norma","Hortyfruta"],"articleSection":["Actualidad"],"inLanguage":"es","potentialAction":[{"@type":"CommentAction","name":"Comment","target":["https:\/\/aenverde-cp7041.wordpresstemporal.com\/aenverdexpress.es\/2024\/02\/19\/hortyfruta-vuelve-a-activar-la-extension-de-norma-de-calidad-para-berenjena\/#respond"]}]},{"@type":"Person","@id":"https:\/\/aenverdexpress.es\/#\/schema\/person\/7220664746e3c774cb3c4e5f81fc4ba0","name":"REDACCI\u00d3N AENVERDE","image":{"@type":"ImageObject","@id":"https:\/\/aenverdexpress.es\/#personlogo","inLanguage":"es","url":"https:\/\/secure.gravatar.com\/avatar\/82de37537a82ee30b014773728d8502cf11180bc1ea2f0a301ec70ebe59ea3e5?s=96&d=mm&r=g","contentUrl":"https:\/\/secure.gravatar.com\/avatar\/82de37537a82ee30b014773728d8502cf11180bc1ea2f0a301ec70ebe59ea3e5?s=96&d=mm&r=g","caption":"REDACCI\u00d3N AENVERDE"},"url":"https:\/\/aenverde-cp7041.wordpresstemporal.com\/aenverdexpress.es\/author\/damian\/"}]}},"builder_content":"","_links":{"self":[{"href":"https:\/\/aenverde-cp7041.wordpresstemporal.com\/aenverdexpress.es\/wp-json\/wp\/v2\/posts\/7778","targetHints":{"allow":["GET"]}}],"collection":[{"href":"https:\/\/aenverde-cp7041.wordpresstemporal.com\/aenverdexpress.es\/wp-json\/wp\/v2\/posts"}],"about":[{"href":"https:\/\/aenverde-cp7041.wordpresstemporal.com\/aenverdexpress.es\/wp-json\/wp\/v2\/types\/post"}],"author":[{"embeddable":true,"href":"https:\/\/aenverde-cp7041.wordpresstemporal.com\/aenverdexpress.es\/wp-json\/wp\/v2\/users\/2"}],"replies":[{"embeddable":true,"href":"https:\/\/aenverde-cp7041.wordpresstemporal.com\/aenverdexpress.es\/wp-json\/wp\/v2\/comments?post=7778"}],"version-history":[{"count":2,"href":"https:\/\/aenverde-cp7041.wordpresstemporal.com\/aenverdexpress.es\/wp-json\/wp\/v2\/posts\/7778\/revisions"}],"predecessor-version":[{"id":7781,"href":"https:\/\/aenverde-cp7041.wordpresstemporal.com\/aenverdexpress.es\/wp-json\/wp\/v2\/posts\/7778\/revisions\/7781"}],"wp:featuredmedia":[{"embeddable":true,"href":"https:\/\/aenverde-cp7041.wordpresstemporal.com\/aenverdexpress.es\/wp-json\/wp\/v2\/media\/7779"}],"wp:attachment":[{"href":"https:\/\/aenverde-cp7041.wordpresstemporal.com\/aenverdexpress.es\/wp-json\/wp\/v2\/media?parent=7778"}],"wp:term":[{"taxonomy":"category","embeddable":true,"href":"https:\/\/aenverde-cp7041.wordpresstemporal.com\/aenverdexpress.es\/wp-json\/wp\/v2\/categories?post=7778"},{"taxonomy":"post_tag","embeddable":true,"href":"https:\/\/aenverde-cp7041.wordpresstemporal.com\/aenverdexpress.es\/wp-json\/wp\/v2\/tags?post=7778"}],"curies":[{"name":"wp","href":"https:\/\/api.w.org\/{rel}","templated":true}]}}