{"id":7786,"date":"2024-02-20T07:41:30","date_gmt":"2024-02-20T07:41:30","guid":{"rendered":"https:\/\/aenverdexpress.es\/?p=7786"},"modified":"2024-02-20T07:41:31","modified_gmt":"2024-02-20T07:41:31","slug":"almeria-registra-mil-millones-de-superavit-comercial-gracias-a-las-hortalizas","status":"publish","type":"post","link":"https:\/\/aenverde-cp7041.wordpresstemporal.com\/aenverdexpress.es\/2024\/02\/20\/almeria-registra-mil-millones-de-superavit-comercial-gracias-a-las-hortalizas\/","title":{"rendered":"Almer\u00eda registra mil millones\u00a0de super\u00e1vit comercial gracias a las\u00a0hortalizas"},"content":{"rendered":"<!--themify_builder_content-->\n<div id=\"themify_builder_content-7786\" data-postid=\"7786\" class=\"themify_builder_content themify_builder_content-7786 themify_builder tf_clear\">\n    <\/div>\n<!--\/themify_builder_content-->\n\n\n<p class=\"wp-block-paragraph\"><strong>Andaluc\u00eda mantiene su solidez exportadora en el \u00e1mbito agroalimentario alcanzando su segundo mejor a\u00f1o de la historia<\/strong>, 13.707 millones de euros, s\u00f3lo un 2,5% menos que en 2022, pese a la intensa sequ\u00eda que sufre la comunidad, y que afecta especialmente a productos de gran peso como el aceite de oliva o las frutas.<\/p>\n\n\n\n<p class=\"wp-block-paragraph\"><strong>Cinco provincias andaluzas alcanzan super\u00e1vit comercial, cuatro de ellas marcan el segundo mejor a\u00f1o de su historia, y una, M\u00e1laga, alcanza el mejor resultado de su historia, 3.222 millones de euros<\/strong>, y el mayor crecimiento, un 11,8% m\u00e1s que en 2022, situ\u00e1ndose como quinta provincia exportadora, con el 8,4% del total exportado por Andaluc\u00eda, gracias al gran impulso del cap\u00edtulo de barcos, que multiplica por 23 su factura hasta los 202 millones de euros. La cuarta exportadora es Almer\u00eda, con ventas por valor de 5.664 millones, las segundas m\u00e1s elevadas de su historia, (el 14,7% del total) y con el tercer mayor super\u00e1vit entre las provincias, de 1.042 millones de euros, debido la resistencia a la sequ\u00eda del cap\u00edtulo de las hortalizas.<\/p>\n\n\n\n<p class=\"wp-block-paragraph\"><strong>M\u00e1s informaci\u00f3n <a href=\"https:\/\/www.aenverde.es\/almeria-registra-mil-millones-de-superavit-comercial-gracias-a-las-hortalizas\/\">aqu\u00ed<\/a>.<\/strong><\/p>\n\n\n\n<p class=\"wp-block-paragraph\"><\/p>","protected":false},"excerpt":{"rendered":"<p>Andaluc\u00eda mantiene su solidez exportadora en el \u00e1mbito agroalimentario alcanzando su segundo mejor a\u00f1o de la historia, 13.707 millones de euros, s\u00f3lo un 2,5% menos que en 2022, pese a la intensa sequ\u00eda que sufre la comunidad, y que afecta especialmente a productos de gran peso como el aceite de oliva o las frutas. Cinco [&hellip;]<\/p>\n","protected":false},"author":2,"featured_media":7787,"comment_status":"open","ping_status":"open","sticky":false,"template":"","format":"standard","meta":{"footnotes":""},"categories":[13],"tags":[55,17],"class_list":["post-7786","post","type-post","status-publish","format-standard","has-post-thumbnail","hentry","category-mercados","tag-exportacion","tag-frutas-y-hortalizas","has-post-title","has-post-date","has-post-category","has-post-tag","has-post-comment","has-post-author",""],"yoast_head":"<!-- This site is optimized with the Yoast SEO plugin v18.2 - https:\/\/yoast.com\/wordpress\/plugins\/seo\/ -->\n<title>Almer\u00eda registra mil millones\u00a0de super\u00e1vit comercial gracias a las\u00a0hortalizas - Aenverde Express<\/title>\n<meta name=\"robots\" content=\"index, follow, max-snippet:-1, max-image-preview:large, max-video-preview:-1\" \/>\n<link rel=\"canonical\" href=\"https:\/\/aenverde-cp7041.wordpresstemporal.com\/aenverdexpress.es\/2024\/02\/20\/almeria-registra-mil-millones-de-superavit-comercial-gracias-a-las-hortalizas\/\" \/>\n<meta property=\"og:locale\" content=\"es_ES\" \/>\n<meta property=\"og:type\" content=\"article\" \/>\n<meta property=\"og:title\" content=\"Almer\u00eda registra mil millones\u00a0de super\u00e1vit comercial gracias a las\u00a0hortalizas - Aenverde Express\" \/>\n<meta property=\"og:description\" content=\"Andaluc\u00eda mantiene su solidez exportadora en el \u00e1mbito agroalimentario alcanzando su segundo mejor a\u00f1o de la historia, 13.707 millones de euros, s\u00f3lo un 2,5% menos que en 2022, pese a la intensa sequ\u00eda que sufre la comunidad, y que afecta especialmente a productos de gran peso como el aceite de oliva o las frutas. Cinco [&hellip;]\" \/>\n<meta property=\"og:url\" content=\"https:\/\/aenverde-cp7041.wordpresstemporal.com\/aenverdexpress.es\/2024\/02\/20\/almeria-registra-mil-millones-de-superavit-comercial-gracias-a-las-hortalizas\/\" \/>\n<meta property=\"og:site_name\" content=\"Aenverde Express\" \/>\n<meta property=\"article:published_time\" content=\"2024-02-20T07:41:30+00:00\" \/>\n<meta property=\"article:modified_time\" content=\"2024-02-20T07:41:31+00:00\" \/>\n<meta property=\"og:image\" content=\"https:\/\/aenverde-cp7041.wordpresstemporal.com\/aenverdexpress.es\/wp-content\/uploads\/2024\/02\/market-3272368_1280-1020x600-1.jpg\" \/>\n\t<meta property=\"og:image:width\" content=\"1020\" \/>\n\t<meta property=\"og:image:height\" content=\"600\" \/>\n\t<meta property=\"og:image:type\" content=\"image\/jpeg\" \/>\n<meta name=\"twitter:card\" content=\"summary_large_image\" \/>\n<meta name=\"twitter:label1\" content=\"Escrito por\" \/>\n\t<meta name=\"twitter:data1\" content=\"REDACCI\u00d3N AENVERDE\" \/>\n\t<meta name=\"twitter:label2\" content=\"Tiempo de lectura\" \/>\n\t<meta name=\"twitter:data2\" content=\"1 minuto\" \/>\n<script type=\"application\/ld+json\" class=\"yoast-schema-graph\">{\"@context\":\"https:\/\/schema.org\",\"@graph\":[{\"@type\":\"Organization\",\"@id\":\"https:\/\/aenverdexpress.es\/#organization\",\"name\":\"AENVERDE\",\"url\":\"https:\/\/aenverdexpress.es\/\",\"sameAs\":[],\"logo\":{\"@type\":\"ImageObject\",\"@id\":\"https:\/\/aenverdexpress.es\/#logo\",\"inLanguage\":\"es\",\"url\":\"https:\/\/aenverdexpress.es\/wp-content\/uploads\/2021\/12\/A-EN-VERDE-LOGO-FONDO-1DB954-01-1024x1024-1.jpg\",\"contentUrl\":\"https:\/\/aenverdexpress.es\/wp-content\/uploads\/2021\/12\/A-EN-VERDE-LOGO-FONDO-1DB954-01-1024x1024-1.jpg\",\"width\":1024,\"height\":1024,\"caption\":\"AENVERDE\"},\"image\":{\"@id\":\"https:\/\/aenverdexpress.es\/#logo\"}},{\"@type\":\"WebSite\",\"@id\":\"https:\/\/aenverdexpress.es\/#website\",\"url\":\"https:\/\/aenverdexpress.es\/\",\"name\":\"Aenverde Express\",\"description\":\"\",\"publisher\":{\"@id\":\"https:\/\/aenverdexpress.es\/#organization\"},\"potentialAction\":[{\"@type\":\"SearchAction\",\"target\":{\"@type\":\"EntryPoint\",\"urlTemplate\":\"https:\/\/aenverdexpress.es\/?s={search_term_string}\"},\"query-input\":\"required name=search_term_string\"}],\"inLanguage\":\"es\"},{\"@type\":\"ImageObject\",\"@id\":\"https:\/\/aenverde-cp7041.wordpresstemporal.com\/aenverdexpress.es\/2024\/02\/20\/almeria-registra-mil-millones-de-superavit-comercial-gracias-a-las-hortalizas\/#primaryimage\",\"inLanguage\":\"es\",\"url\":\"https:\/\/aenverde-cp7041.wordpresstemporal.com\/aenverdexpress.es\/wp-content\/uploads\/2024\/02\/market-3272368_1280-1020x600-1.jpg\",\"contentUrl\":\"https:\/\/aenverde-cp7041.wordpresstemporal.com\/aenverdexpress.es\/wp-content\/uploads\/2024\/02\/market-3272368_1280-1020x600-1.jpg\",\"width\":1020,\"height\":600},{\"@type\":\"WebPage\",\"@id\":\"https:\/\/aenverde-cp7041.wordpresstemporal.com\/aenverdexpress.es\/2024\/02\/20\/almeria-registra-mil-millones-de-superavit-comercial-gracias-a-las-hortalizas\/#webpage\",\"url\":\"https:\/\/aenverde-cp7041.wordpresstemporal.com\/aenverdexpress.es\/2024\/02\/20\/almeria-registra-mil-millones-de-superavit-comercial-gracias-a-las-hortalizas\/\",\"name\":\"Almer\u00eda registra mil millones\u00a0de super\u00e1vit comercial gracias a las\u00a0hortalizas - Aenverde Express\",\"isPartOf\":{\"@id\":\"https:\/\/aenverdexpress.es\/#website\"},\"primaryImageOfPage\":{\"@id\":\"https:\/\/aenverde-cp7041.wordpresstemporal.com\/aenverdexpress.es\/2024\/02\/20\/almeria-registra-mil-millones-de-superavit-comercial-gracias-a-las-hortalizas\/#primaryimage\"},\"datePublished\":\"2024-02-20T07:41:30+00:00\",\"dateModified\":\"2024-02-20T07:41:31+00:00\",\"breadcrumb\":{\"@id\":\"https:\/\/aenverde-cp7041.wordpresstemporal.com\/aenverdexpress.es\/2024\/02\/20\/almeria-registra-mil-millones-de-superavit-comercial-gracias-a-las-hortalizas\/#breadcrumb\"},\"inLanguage\":\"es\",\"potentialAction\":[{\"@type\":\"ReadAction\",\"target\":[\"https:\/\/aenverde-cp7041.wordpresstemporal.com\/aenverdexpress.es\/2024\/02\/20\/almeria-registra-mil-millones-de-superavit-comercial-gracias-a-las-hortalizas\/\"]}]},{\"@type\":\"BreadcrumbList\",\"@id\":\"https:\/\/aenverde-cp7041.wordpresstemporal.com\/aenverdexpress.es\/2024\/02\/20\/almeria-registra-mil-millones-de-superavit-comercial-gracias-a-las-hortalizas\/#breadcrumb\",\"itemListElement\":[{\"@type\":\"ListItem\",\"position\":1,\"name\":\"Portada\",\"item\":\"https:\/\/aenverdexpress.es\/\"},{\"@type\":\"ListItem\",\"position\":2,\"name\":\"Almer\u00eda registra mil millones\u00a0de super\u00e1vit comercial gracias a las\u00a0hortalizas\"}]},{\"@type\":\"Article\",\"@id\":\"https:\/\/aenverde-cp7041.wordpresstemporal.com\/aenverdexpress.es\/2024\/02\/20\/almeria-registra-mil-millones-de-superavit-comercial-gracias-a-las-hortalizas\/#article\",\"isPartOf\":{\"@id\":\"https:\/\/aenverde-cp7041.wordpresstemporal.com\/aenverdexpress.es\/2024\/02\/20\/almeria-registra-mil-millones-de-superavit-comercial-gracias-a-las-hortalizas\/#webpage\"},\"author\":{\"@id\":\"https:\/\/aenverdexpress.es\/#\/schema\/person\/7220664746e3c774cb3c4e5f81fc4ba0\"},\"headline\":\"Almer\u00eda registra mil millones\u00a0de super\u00e1vit comercial gracias a las\u00a0hortalizas\",\"datePublished\":\"2024-02-20T07:41:30+00:00\",\"dateModified\":\"2024-02-20T07:41:31+00:00\",\"mainEntityOfPage\":{\"@id\":\"https:\/\/aenverde-cp7041.wordpresstemporal.com\/aenverdexpress.es\/2024\/02\/20\/almeria-registra-mil-millones-de-superavit-comercial-gracias-a-las-hortalizas\/#webpage\"},\"wordCount\":198,\"commentCount\":0,\"publisher\":{\"@id\":\"https:\/\/aenverdexpress.es\/#organization\"},\"image\":{\"@id\":\"https:\/\/aenverde-cp7041.wordpresstemporal.com\/aenverdexpress.es\/2024\/02\/20\/almeria-registra-mil-millones-de-superavit-comercial-gracias-a-las-hortalizas\/#primaryimage\"},\"thumbnailUrl\":\"https:\/\/aenverde-cp7041.wordpresstemporal.com\/aenverdexpress.es\/wp-content\/uploads\/2024\/02\/market-3272368_1280-1020x600-1.jpg\",\"keywords\":[\"exportaci\u00f3n\",\"frutas y hortalizas\"],\"articleSection\":[\"Mercados\"],\"inLanguage\":\"es\",\"potentialAction\":[{\"@type\":\"CommentAction\",\"name\":\"Comment\",\"target\":[\"https:\/\/aenverde-cp7041.wordpresstemporal.com\/aenverdexpress.es\/2024\/02\/20\/almeria-registra-mil-millones-de-superavit-comercial-gracias-a-las-hortalizas\/#respond\"]}]},{\"@type\":\"Person\",\"@id\":\"https:\/\/aenverdexpress.es\/#\/schema\/person\/7220664746e3c774cb3c4e5f81fc4ba0\",\"name\":\"REDACCI\u00d3N AENVERDE\",\"image\":{\"@type\":\"ImageObject\",\"@id\":\"https:\/\/aenverdexpress.es\/#personlogo\",\"inLanguage\":\"es\",\"url\":\"https:\/\/secure.gravatar.com\/avatar\/82de37537a82ee30b014773728d8502cf11180bc1ea2f0a301ec70ebe59ea3e5?s=96&d=mm&r=g\",\"contentUrl\":\"https:\/\/secure.gravatar.com\/avatar\/82de37537a82ee30b014773728d8502cf11180bc1ea2f0a301ec70ebe59ea3e5?s=96&d=mm&r=g\",\"caption\":\"REDACCI\u00d3N AENVERDE\"},\"url\":\"https:\/\/aenverde-cp7041.wordpresstemporal.com\/aenverdexpress.es\/author\/damian\/\"}]}<\/script>\n<!-- \/ Yoast SEO plugin. -->","yoast_head_json":{"title":"Almer\u00eda registra mil millones\u00a0de super\u00e1vit comercial gracias a las\u00a0hortalizas - Aenverde Express","robots":{"index":"index","follow":"follow","max-snippet":"max-snippet:-1","max-image-preview":"max-image-preview:large","max-video-preview":"max-video-preview:-1"},"canonical":"https:\/\/aenverde-cp7041.wordpresstemporal.com\/aenverdexpress.es\/2024\/02\/20\/almeria-registra-mil-millones-de-superavit-comercial-gracias-a-las-hortalizas\/","og_locale":"es_ES","og_type":"article","og_title":"Almer\u00eda registra mil millones\u00a0de super\u00e1vit comercial gracias a las\u00a0hortalizas - Aenverde Express","og_description":"Andaluc\u00eda mantiene su solidez exportadora en el \u00e1mbito agroalimentario alcanzando su segundo mejor a\u00f1o de la historia, 13.707 millones de euros, s\u00f3lo un 2,5% menos que en 2022, pese a la intensa sequ\u00eda que sufre la comunidad, y que afecta especialmente a productos de gran peso como el aceite de oliva o las frutas. Cinco [&hellip;]","og_url":"https:\/\/aenverde-cp7041.wordpresstemporal.com\/aenverdexpress.es\/2024\/02\/20\/almeria-registra-mil-millones-de-superavit-comercial-gracias-a-las-hortalizas\/","og_site_name":"Aenverde Express","article_published_time":"2024-02-20T07:41:30+00:00","article_modified_time":"2024-02-20T07:41:31+00:00","og_image":[{"width":1020,"height":600,"url":"https:\/\/aenverde-cp7041.wordpresstemporal.com\/aenverdexpress.es\/wp-content\/uploads\/2024\/02\/market-3272368_1280-1020x600-1.jpg","type":"image\/jpeg"}],"twitter_card":"summary_large_image","twitter_misc":{"Escrito por":"REDACCI\u00d3N AENVERDE","Tiempo de lectura":"1 minuto"},"schema":{"@context":"https:\/\/schema.org","@graph":[{"@type":"Organization","@id":"https:\/\/aenverdexpress.es\/#organization","name":"AENVERDE","url":"https:\/\/aenverdexpress.es\/","sameAs":[],"logo":{"@type":"ImageObject","@id":"https:\/\/aenverdexpress.es\/#logo","inLanguage":"es","url":"https:\/\/aenverdexpress.es\/wp-content\/uploads\/2021\/12\/A-EN-VERDE-LOGO-FONDO-1DB954-01-1024x1024-1.jpg","contentUrl":"https:\/\/aenverdexpress.es\/wp-content\/uploads\/2021\/12\/A-EN-VERDE-LOGO-FONDO-1DB954-01-1024x1024-1.jpg","width":1024,"height":1024,"caption":"AENVERDE"},"image":{"@id":"https:\/\/aenverdexpress.es\/#logo"}},{"@type":"WebSite","@id":"https:\/\/aenverdexpress.es\/#website","url":"https:\/\/aenverdexpress.es\/","name":"Aenverde Express","description":"","publisher":{"@id":"https:\/\/aenverdexpress.es\/#organization"},"potentialAction":[{"@type":"SearchAction","target":{"@type":"EntryPoint","urlTemplate":"https:\/\/aenverdexpress.es\/?s={search_term_string}"},"query-input":"required name=search_term_string"}],"inLanguage":"es"},{"@type":"ImageObject","@id":"https:\/\/aenverde-cp7041.wordpresstemporal.com\/aenverdexpress.es\/2024\/02\/20\/almeria-registra-mil-millones-de-superavit-comercial-gracias-a-las-hortalizas\/#primaryimage","inLanguage":"es","url":"https:\/\/aenverde-cp7041.wordpresstemporal.com\/aenverdexpress.es\/wp-content\/uploads\/2024\/02\/market-3272368_1280-1020x600-1.jpg","contentUrl":"https:\/\/aenverde-cp7041.wordpresstemporal.com\/aenverdexpress.es\/wp-content\/uploads\/2024\/02\/market-3272368_1280-1020x600-1.jpg","width":1020,"height":600},{"@type":"WebPage","@id":"https:\/\/aenverde-cp7041.wordpresstemporal.com\/aenverdexpress.es\/2024\/02\/20\/almeria-registra-mil-millones-de-superavit-comercial-gracias-a-las-hortalizas\/#webpage","url":"https:\/\/aenverde-cp7041.wordpresstemporal.com\/aenverdexpress.es\/2024\/02\/20\/almeria-registra-mil-millones-de-superavit-comercial-gracias-a-las-hortalizas\/","name":"Almer\u00eda registra mil millones\u00a0de super\u00e1vit comercial gracias a las\u00a0hortalizas - Aenverde Express","isPartOf":{"@id":"https:\/\/aenverdexpress.es\/#website"},"primaryImageOfPage":{"@id":"https:\/\/aenverde-cp7041.wordpresstemporal.com\/aenverdexpress.es\/2024\/02\/20\/almeria-registra-mil-millones-de-superavit-comercial-gracias-a-las-hortalizas\/#primaryimage"},"datePublished":"2024-02-20T07:41:30+00:00","dateModified":"2024-02-20T07:41:31+00:00","breadcrumb":{"@id":"https:\/\/aenverde-cp7041.wordpresstemporal.com\/aenverdexpress.es\/2024\/02\/20\/almeria-registra-mil-millones-de-superavit-comercial-gracias-a-las-hortalizas\/#breadcrumb"},"inLanguage":"es","potentialAction":[{"@type":"ReadAction","target":["https:\/\/aenverde-cp7041.wordpresstemporal.com\/aenverdexpress.es\/2024\/02\/20\/almeria-registra-mil-millones-de-superavit-comercial-gracias-a-las-hortalizas\/"]}]},{"@type":"BreadcrumbList","@id":"https:\/\/aenverde-cp7041.wordpresstemporal.com\/aenverdexpress.es\/2024\/02\/20\/almeria-registra-mil-millones-de-superavit-comercial-gracias-a-las-hortalizas\/#breadcrumb","itemListElement":[{"@type":"ListItem","position":1,"name":"Portada","item":"https:\/\/aenverdexpress.es\/"},{"@type":"ListItem","position":2,"name":"Almer\u00eda registra mil millones\u00a0de super\u00e1vit comercial gracias a las\u00a0hortalizas"}]},{"@type":"Article","@id":"https:\/\/aenverde-cp7041.wordpresstemporal.com\/aenverdexpress.es\/2024\/02\/20\/almeria-registra-mil-millones-de-superavit-comercial-gracias-a-las-hortalizas\/#article","isPartOf":{"@id":"https:\/\/aenverde-cp7041.wordpresstemporal.com\/aenverdexpress.es\/2024\/02\/20\/almeria-registra-mil-millones-de-superavit-comercial-gracias-a-las-hortalizas\/#webpage"},"author":{"@id":"https:\/\/aenverdexpress.es\/#\/schema\/person\/7220664746e3c774cb3c4e5f81fc4ba0"},"headline":"Almer\u00eda registra mil millones\u00a0de super\u00e1vit comercial gracias a las\u00a0hortalizas","datePublished":"2024-02-20T07:41:30+00:00","dateModified":"2024-02-20T07:41:31+00:00","mainEntityOfPage":{"@id":"https:\/\/aenverde-cp7041.wordpresstemporal.com\/aenverdexpress.es\/2024\/02\/20\/almeria-registra-mil-millones-de-superavit-comercial-gracias-a-las-hortalizas\/#webpage"},"wordCount":198,"commentCount":0,"publisher":{"@id":"https:\/\/aenverdexpress.es\/#organization"},"image":{"@id":"https:\/\/aenverde-cp7041.wordpresstemporal.com\/aenverdexpress.es\/2024\/02\/20\/almeria-registra-mil-millones-de-superavit-comercial-gracias-a-las-hortalizas\/#primaryimage"},"thumbnailUrl":"https:\/\/aenverde-cp7041.wordpresstemporal.com\/aenverdexpress.es\/wp-content\/uploads\/2024\/02\/market-3272368_1280-1020x600-1.jpg","keywords":["exportaci\u00f3n","frutas y hortalizas"],"articleSection":["Mercados"],"inLanguage":"es","potentialAction":[{"@type":"CommentAction","name":"Comment","target":["https:\/\/aenverde-cp7041.wordpresstemporal.com\/aenverdexpress.es\/2024\/02\/20\/almeria-registra-mil-millones-de-superavit-comercial-gracias-a-las-hortalizas\/#respond"]}]},{"@type":"Person","@id":"https:\/\/aenverdexpress.es\/#\/schema\/person\/7220664746e3c774cb3c4e5f81fc4ba0","name":"REDACCI\u00d3N AENVERDE","image":{"@type":"ImageObject","@id":"https:\/\/aenverdexpress.es\/#personlogo","inLanguage":"es","url":"https:\/\/secure.gravatar.com\/avatar\/82de37537a82ee30b014773728d8502cf11180bc1ea2f0a301ec70ebe59ea3e5?s=96&d=mm&r=g","contentUrl":"https:\/\/secure.gravatar.com\/avatar\/82de37537a82ee30b014773728d8502cf11180bc1ea2f0a301ec70ebe59ea3e5?s=96&d=mm&r=g","caption":"REDACCI\u00d3N AENVERDE"},"url":"https:\/\/aenverde-cp7041.wordpresstemporal.com\/aenverdexpress.es\/author\/damian\/"}]}},"builder_content":"","_links":{"self":[{"href":"https:\/\/aenverde-cp7041.wordpresstemporal.com\/aenverdexpress.es\/wp-json\/wp\/v2\/posts\/7786","targetHints":{"allow":["GET"]}}],"collection":[{"href":"https:\/\/aenverde-cp7041.wordpresstemporal.com\/aenverdexpress.es\/wp-json\/wp\/v2\/posts"}],"about":[{"href":"https:\/\/aenverde-cp7041.wordpresstemporal.com\/aenverdexpress.es\/wp-json\/wp\/v2\/types\/post"}],"author":[{"embeddable":true,"href":"https:\/\/aenverde-cp7041.wordpresstemporal.com\/aenverdexpress.es\/wp-json\/wp\/v2\/users\/2"}],"replies":[{"embeddable":true,"href":"https:\/\/aenverde-cp7041.wordpresstemporal.com\/aenverdexpress.es\/wp-json\/wp\/v2\/comments?post=7786"}],"version-history":[{"count":2,"href":"https:\/\/aenverde-cp7041.wordpresstemporal.com\/aenverdexpress.es\/wp-json\/wp\/v2\/posts\/7786\/revisions"}],"predecessor-version":[{"id":7789,"href":"https:\/\/aenverde-cp7041.wordpresstemporal.com\/aenverdexpress.es\/wp-json\/wp\/v2\/posts\/7786\/revisions\/7789"}],"wp:featuredmedia":[{"embeddable":true,"href":"https:\/\/aenverde-cp7041.wordpresstemporal.com\/aenverdexpress.es\/wp-json\/wp\/v2\/media\/7787"}],"wp:attachment":[{"href":"https:\/\/aenverde-cp7041.wordpresstemporal.com\/aenverdexpress.es\/wp-json\/wp\/v2\/media?parent=7786"}],"wp:term":[{"taxonomy":"category","embeddable":true,"href":"https:\/\/aenverde-cp7041.wordpresstemporal.com\/aenverdexpress.es\/wp-json\/wp\/v2\/categories?post=7786"},{"taxonomy":"post_tag","embeddable":true,"href":"https:\/\/aenverde-cp7041.wordpresstemporal.com\/aenverdexpress.es\/wp-json\/wp\/v2\/tags?post=7786"}],"curies":[{"name":"wp","href":"https:\/\/api.w.org\/{rel}","templated":true}]}}