{"id":7906,"date":"2024-03-06T07:32:29","date_gmt":"2024-03-06T07:32:29","guid":{"rendered":"https:\/\/aenverdexpress.es\/?p=7906"},"modified":"2024-03-06T07:32:30","modified_gmt":"2024-03-06T07:32:30","slug":"fenacore-propone-eliminar-los-ecoesquemas-de-la-pac-en-la-modernizacion-de-regadio","status":"publish","type":"post","link":"https:\/\/aenverde-cp7041.wordpresstemporal.com\/aenverdexpress.es\/2024\/03\/06\/fenacore-propone-eliminar-los-ecoesquemas-de-la-pac-en-la-modernizacion-de-regadio\/","title":{"rendered":"Fenacore\u00a0propone\u00a0eliminar los ecoesquemas\u00a0de la PAC en la modernizaci\u00f3n de regad\u00edo"},"content":{"rendered":"<!--themify_builder_content-->\n<div id=\"themify_builder_content-7906\" data-postid=\"7906\" class=\"themify_builder_content themify_builder_content-7906 themify_builder tf_clear\">\n    <\/div>\n<!--\/themify_builder_content-->\n\n\n<p class=\"wp-block-paragraph\"><strong>La Federaci\u00f3n Nacional de Comunidades de Regantes -que representa a m\u00e1s de 700.000 agricultores- propone una reforma de la PAC que elimine los ecoesquemas en las modernizaciones de regad\u00edo<\/strong>, tal y como ha defendido su Presidente, Juan Valero de Palma, durante&nbsp;su XXII Jornada T\u00e9cnica, que ha congregado a casi 300 personas y&nbsp;<strong>en cuya clausura tambi\u00e9n ha participado el&nbsp;<\/strong><strong>Ministro de Agricultura, Pesca y Alimentaci\u00f3n, Luis Planas.<\/strong><\/p>\n\n\n\n<p class=\"wp-block-paragraph\">Tras la Junta Directiva celebrada ayer por la tarde,\u00a0<strong><a href=\"https:\/\/fenacore.org\/\" target=\"_blank\" rel=\"noreferrer noopener\">FENACORE<\/a>\u00a0muestra su apoyo a las protestas de los agricultores en un momento tan complejo como el actual<\/strong>\u00a0y plantea una bater\u00eda de soluciones urgentes frente a las amenazas que sufre el campo espa\u00f1ol.<\/p>\n\n\n\n<p class=\"wp-block-paragraph\"><strong><a href=\"https:\/\/www.aenverde.es\/fenacore-propone-eliminar-los-ecoesquemas-de-la-pac-en-la-modernizacion-de-regadio\/\">M\u00e1s informaci\u00f3n aqu\u00ed.<\/a><\/strong><\/p>","protected":false},"excerpt":{"rendered":"<p>La Federaci\u00f3n Nacional de Comunidades de Regantes -que representa a m\u00e1s de 700.000 agricultores- propone una reforma de la PAC que elimine los ecoesquemas en las modernizaciones de regad\u00edo, tal y como ha defendido su Presidente, Juan Valero de Palma, durante&nbsp;su XXII Jornada T\u00e9cnica, que ha congregado a casi 300 personas y&nbsp;en cuya clausura tambi\u00e9n [&hellip;]<\/p>\n","protected":false},"author":2,"featured_media":7907,"comment_status":"open","ping_status":"open","sticky":false,"template":"","format":"standard","meta":{"footnotes":""},"categories":[11],"tags":[926,299,760],"class_list":["post-7906","post","type-post","status-publish","format-standard","has-post-thumbnail","hentry","category-actualidad","tag-fenacore","tag-regantes","tag-riego","has-post-title","has-post-date","has-post-category","has-post-tag","has-post-comment","has-post-author",""],"yoast_head":"<!-- This site is optimized with the Yoast SEO plugin v18.2 - https:\/\/yoast.com\/wordpress\/plugins\/seo\/ -->\n<title>Fenacore\u00a0propone\u00a0eliminar los ecoesquemas\u00a0de la PAC en la modernizaci\u00f3n de regad\u00edo - Aenverde Express<\/title>\n<meta name=\"robots\" content=\"index, follow, max-snippet:-1, max-image-preview:large, max-video-preview:-1\" \/>\n<link rel=\"canonical\" href=\"https:\/\/aenverde-cp7041.wordpresstemporal.com\/aenverdexpress.es\/2024\/03\/06\/fenacore-propone-eliminar-los-ecoesquemas-de-la-pac-en-la-modernizacion-de-regadio\/\" \/>\n<meta property=\"og:locale\" content=\"es_ES\" \/>\n<meta property=\"og:type\" content=\"article\" \/>\n<meta property=\"og:title\" content=\"Fenacore\u00a0propone\u00a0eliminar los ecoesquemas\u00a0de la PAC en la modernizaci\u00f3n de regad\u00edo - Aenverde Express\" \/>\n<meta property=\"og:description\" content=\"La Federaci\u00f3n Nacional de Comunidades de Regantes -que representa a m\u00e1s de 700.000 agricultores- propone una reforma de la PAC que elimine los ecoesquemas en las modernizaciones de regad\u00edo, tal y como ha defendido su Presidente, Juan Valero de Palma, durante&nbsp;su XXII Jornada T\u00e9cnica, que ha congregado a casi 300 personas y&nbsp;en cuya clausura tambi\u00e9n [&hellip;]\" \/>\n<meta property=\"og:url\" content=\"https:\/\/aenverde-cp7041.wordpresstemporal.com\/aenverdexpress.es\/2024\/03\/06\/fenacore-propone-eliminar-los-ecoesquemas-de-la-pac-en-la-modernizacion-de-regadio\/\" \/>\n<meta property=\"og:site_name\" content=\"Aenverde Express\" \/>\n<meta property=\"article:published_time\" content=\"2024-03-06T07:32:29+00:00\" \/>\n<meta property=\"article:modified_time\" content=\"2024-03-06T07:32:30+00:00\" \/>\n<meta property=\"og:image\" content=\"https:\/\/aenverde-cp7041.wordpresstemporal.com\/aenverdexpress.es\/wp-content\/uploads\/2024\/03\/ministro-fenacore-1.jpg\" \/>\n\t<meta property=\"og:image:width\" content=\"1000\" \/>\n\t<meta property=\"og:image:height\" content=\"664\" \/>\n\t<meta property=\"og:image:type\" content=\"image\/jpeg\" \/>\n<meta name=\"twitter:card\" content=\"summary_large_image\" \/>\n<meta name=\"twitter:label1\" content=\"Escrito por\" \/>\n\t<meta name=\"twitter:data1\" content=\"REDACCI\u00d3N AENVERDE\" \/>\n\t<meta name=\"twitter:label2\" content=\"Tiempo de lectura\" \/>\n\t<meta name=\"twitter:data2\" content=\"1 minuto\" \/>\n<script type=\"application\/ld+json\" class=\"yoast-schema-graph\">{\"@context\":\"https:\/\/schema.org\",\"@graph\":[{\"@type\":\"Organization\",\"@id\":\"https:\/\/aenverdexpress.es\/#organization\",\"name\":\"AENVERDE\",\"url\":\"https:\/\/aenverdexpress.es\/\",\"sameAs\":[],\"logo\":{\"@type\":\"ImageObject\",\"@id\":\"https:\/\/aenverdexpress.es\/#logo\",\"inLanguage\":\"es\",\"url\":\"https:\/\/aenverdexpress.es\/wp-content\/uploads\/2021\/12\/A-EN-VERDE-LOGO-FONDO-1DB954-01-1024x1024-1.jpg\",\"contentUrl\":\"https:\/\/aenverdexpress.es\/wp-content\/uploads\/2021\/12\/A-EN-VERDE-LOGO-FONDO-1DB954-01-1024x1024-1.jpg\",\"width\":1024,\"height\":1024,\"caption\":\"AENVERDE\"},\"image\":{\"@id\":\"https:\/\/aenverdexpress.es\/#logo\"}},{\"@type\":\"WebSite\",\"@id\":\"https:\/\/aenverdexpress.es\/#website\",\"url\":\"https:\/\/aenverdexpress.es\/\",\"name\":\"Aenverde Express\",\"description\":\"\",\"publisher\":{\"@id\":\"https:\/\/aenverdexpress.es\/#organization\"},\"potentialAction\":[{\"@type\":\"SearchAction\",\"target\":{\"@type\":\"EntryPoint\",\"urlTemplate\":\"https:\/\/aenverdexpress.es\/?s={search_term_string}\"},\"query-input\":\"required name=search_term_string\"}],\"inLanguage\":\"es\"},{\"@type\":\"ImageObject\",\"@id\":\"https:\/\/aenverde-cp7041.wordpresstemporal.com\/aenverdexpress.es\/2024\/03\/06\/fenacore-propone-eliminar-los-ecoesquemas-de-la-pac-en-la-modernizacion-de-regadio\/#primaryimage\",\"inLanguage\":\"es\",\"url\":\"https:\/\/aenverde-cp7041.wordpresstemporal.com\/aenverdexpress.es\/wp-content\/uploads\/2024\/03\/ministro-fenacore-1.jpg\",\"contentUrl\":\"https:\/\/aenverde-cp7041.wordpresstemporal.com\/aenverdexpress.es\/wp-content\/uploads\/2024\/03\/ministro-fenacore-1.jpg\",\"width\":1000,\"height\":664},{\"@type\":\"WebPage\",\"@id\":\"https:\/\/aenverde-cp7041.wordpresstemporal.com\/aenverdexpress.es\/2024\/03\/06\/fenacore-propone-eliminar-los-ecoesquemas-de-la-pac-en-la-modernizacion-de-regadio\/#webpage\",\"url\":\"https:\/\/aenverde-cp7041.wordpresstemporal.com\/aenverdexpress.es\/2024\/03\/06\/fenacore-propone-eliminar-los-ecoesquemas-de-la-pac-en-la-modernizacion-de-regadio\/\",\"name\":\"Fenacore\u00a0propone\u00a0eliminar los ecoesquemas\u00a0de la PAC en la modernizaci\u00f3n de regad\u00edo - Aenverde Express\",\"isPartOf\":{\"@id\":\"https:\/\/aenverdexpress.es\/#website\"},\"primaryImageOfPage\":{\"@id\":\"https:\/\/aenverde-cp7041.wordpresstemporal.com\/aenverdexpress.es\/2024\/03\/06\/fenacore-propone-eliminar-los-ecoesquemas-de-la-pac-en-la-modernizacion-de-regadio\/#primaryimage\"},\"datePublished\":\"2024-03-06T07:32:29+00:00\",\"dateModified\":\"2024-03-06T07:32:30+00:00\",\"breadcrumb\":{\"@id\":\"https:\/\/aenverde-cp7041.wordpresstemporal.com\/aenverdexpress.es\/2024\/03\/06\/fenacore-propone-eliminar-los-ecoesquemas-de-la-pac-en-la-modernizacion-de-regadio\/#breadcrumb\"},\"inLanguage\":\"es\",\"potentialAction\":[{\"@type\":\"ReadAction\",\"target\":[\"https:\/\/aenverde-cp7041.wordpresstemporal.com\/aenverdexpress.es\/2024\/03\/06\/fenacore-propone-eliminar-los-ecoesquemas-de-la-pac-en-la-modernizacion-de-regadio\/\"]}]},{\"@type\":\"BreadcrumbList\",\"@id\":\"https:\/\/aenverde-cp7041.wordpresstemporal.com\/aenverdexpress.es\/2024\/03\/06\/fenacore-propone-eliminar-los-ecoesquemas-de-la-pac-en-la-modernizacion-de-regadio\/#breadcrumb\",\"itemListElement\":[{\"@type\":\"ListItem\",\"position\":1,\"name\":\"Portada\",\"item\":\"https:\/\/aenverdexpress.es\/\"},{\"@type\":\"ListItem\",\"position\":2,\"name\":\"Fenacore\u00a0propone\u00a0eliminar los ecoesquemas\u00a0de la PAC en la modernizaci\u00f3n de regad\u00edo\"}]},{\"@type\":\"Article\",\"@id\":\"https:\/\/aenverde-cp7041.wordpresstemporal.com\/aenverdexpress.es\/2024\/03\/06\/fenacore-propone-eliminar-los-ecoesquemas-de-la-pac-en-la-modernizacion-de-regadio\/#article\",\"isPartOf\":{\"@id\":\"https:\/\/aenverde-cp7041.wordpresstemporal.com\/aenverdexpress.es\/2024\/03\/06\/fenacore-propone-eliminar-los-ecoesquemas-de-la-pac-en-la-modernizacion-de-regadio\/#webpage\"},\"author\":{\"@id\":\"https:\/\/aenverdexpress.es\/#\/schema\/person\/7220664746e3c774cb3c4e5f81fc4ba0\"},\"headline\":\"Fenacore\u00a0propone\u00a0eliminar los ecoesquemas\u00a0de la PAC en la modernizaci\u00f3n de regad\u00edo\",\"datePublished\":\"2024-03-06T07:32:29+00:00\",\"dateModified\":\"2024-03-06T07:32:30+00:00\",\"mainEntityOfPage\":{\"@id\":\"https:\/\/aenverde-cp7041.wordpresstemporal.com\/aenverdexpress.es\/2024\/03\/06\/fenacore-propone-eliminar-los-ecoesquemas-de-la-pac-en-la-modernizacion-de-regadio\/#webpage\"},\"wordCount\":140,\"commentCount\":0,\"publisher\":{\"@id\":\"https:\/\/aenverdexpress.es\/#organization\"},\"image\":{\"@id\":\"https:\/\/aenverde-cp7041.wordpresstemporal.com\/aenverdexpress.es\/2024\/03\/06\/fenacore-propone-eliminar-los-ecoesquemas-de-la-pac-en-la-modernizacion-de-regadio\/#primaryimage\"},\"thumbnailUrl\":\"https:\/\/aenverde-cp7041.wordpresstemporal.com\/aenverdexpress.es\/wp-content\/uploads\/2024\/03\/ministro-fenacore-1.jpg\",\"keywords\":[\"fenacore\",\"regantes\",\"riego\"],\"articleSection\":[\"Actualidad\"],\"inLanguage\":\"es\",\"potentialAction\":[{\"@type\":\"CommentAction\",\"name\":\"Comment\",\"target\":[\"https:\/\/aenverde-cp7041.wordpresstemporal.com\/aenverdexpress.es\/2024\/03\/06\/fenacore-propone-eliminar-los-ecoesquemas-de-la-pac-en-la-modernizacion-de-regadio\/#respond\"]}]},{\"@type\":\"Person\",\"@id\":\"https:\/\/aenverdexpress.es\/#\/schema\/person\/7220664746e3c774cb3c4e5f81fc4ba0\",\"name\":\"REDACCI\u00d3N AENVERDE\",\"image\":{\"@type\":\"ImageObject\",\"@id\":\"https:\/\/aenverdexpress.es\/#personlogo\",\"inLanguage\":\"es\",\"url\":\"https:\/\/secure.gravatar.com\/avatar\/82de37537a82ee30b014773728d8502cf11180bc1ea2f0a301ec70ebe59ea3e5?s=96&d=mm&r=g\",\"contentUrl\":\"https:\/\/secure.gravatar.com\/avatar\/82de37537a82ee30b014773728d8502cf11180bc1ea2f0a301ec70ebe59ea3e5?s=96&d=mm&r=g\",\"caption\":\"REDACCI\u00d3N AENVERDE\"},\"url\":\"https:\/\/aenverde-cp7041.wordpresstemporal.com\/aenverdexpress.es\/author\/damian\/\"}]}<\/script>\n<!-- \/ Yoast SEO plugin. -->","yoast_head_json":{"title":"Fenacore\u00a0propone\u00a0eliminar los ecoesquemas\u00a0de la PAC en la modernizaci\u00f3n de regad\u00edo - Aenverde Express","robots":{"index":"index","follow":"follow","max-snippet":"max-snippet:-1","max-image-preview":"max-image-preview:large","max-video-preview":"max-video-preview:-1"},"canonical":"https:\/\/aenverde-cp7041.wordpresstemporal.com\/aenverdexpress.es\/2024\/03\/06\/fenacore-propone-eliminar-los-ecoesquemas-de-la-pac-en-la-modernizacion-de-regadio\/","og_locale":"es_ES","og_type":"article","og_title":"Fenacore\u00a0propone\u00a0eliminar los ecoesquemas\u00a0de la PAC en la modernizaci\u00f3n de regad\u00edo - Aenverde Express","og_description":"La Federaci\u00f3n Nacional de Comunidades de Regantes -que representa a m\u00e1s de 700.000 agricultores- propone una reforma de la PAC que elimine los ecoesquemas en las modernizaciones de regad\u00edo, tal y como ha defendido su Presidente, Juan Valero de Palma, durante&nbsp;su XXII Jornada T\u00e9cnica, que ha congregado a casi 300 personas y&nbsp;en cuya clausura tambi\u00e9n [&hellip;]","og_url":"https:\/\/aenverde-cp7041.wordpresstemporal.com\/aenverdexpress.es\/2024\/03\/06\/fenacore-propone-eliminar-los-ecoesquemas-de-la-pac-en-la-modernizacion-de-regadio\/","og_site_name":"Aenverde Express","article_published_time":"2024-03-06T07:32:29+00:00","article_modified_time":"2024-03-06T07:32:30+00:00","og_image":[{"width":1000,"height":664,"url":"https:\/\/aenverde-cp7041.wordpresstemporal.com\/aenverdexpress.es\/wp-content\/uploads\/2024\/03\/ministro-fenacore-1.jpg","type":"image\/jpeg"}],"twitter_card":"summary_large_image","twitter_misc":{"Escrito por":"REDACCI\u00d3N AENVERDE","Tiempo de lectura":"1 minuto"},"schema":{"@context":"https:\/\/schema.org","@graph":[{"@type":"Organization","@id":"https:\/\/aenverdexpress.es\/#organization","name":"AENVERDE","url":"https:\/\/aenverdexpress.es\/","sameAs":[],"logo":{"@type":"ImageObject","@id":"https:\/\/aenverdexpress.es\/#logo","inLanguage":"es","url":"https:\/\/aenverdexpress.es\/wp-content\/uploads\/2021\/12\/A-EN-VERDE-LOGO-FONDO-1DB954-01-1024x1024-1.jpg","contentUrl":"https:\/\/aenverdexpress.es\/wp-content\/uploads\/2021\/12\/A-EN-VERDE-LOGO-FONDO-1DB954-01-1024x1024-1.jpg","width":1024,"height":1024,"caption":"AENVERDE"},"image":{"@id":"https:\/\/aenverdexpress.es\/#logo"}},{"@type":"WebSite","@id":"https:\/\/aenverdexpress.es\/#website","url":"https:\/\/aenverdexpress.es\/","name":"Aenverde Express","description":"","publisher":{"@id":"https:\/\/aenverdexpress.es\/#organization"},"potentialAction":[{"@type":"SearchAction","target":{"@type":"EntryPoint","urlTemplate":"https:\/\/aenverdexpress.es\/?s={search_term_string}"},"query-input":"required name=search_term_string"}],"inLanguage":"es"},{"@type":"ImageObject","@id":"https:\/\/aenverde-cp7041.wordpresstemporal.com\/aenverdexpress.es\/2024\/03\/06\/fenacore-propone-eliminar-los-ecoesquemas-de-la-pac-en-la-modernizacion-de-regadio\/#primaryimage","inLanguage":"es","url":"https:\/\/aenverde-cp7041.wordpresstemporal.com\/aenverdexpress.es\/wp-content\/uploads\/2024\/03\/ministro-fenacore-1.jpg","contentUrl":"https:\/\/aenverde-cp7041.wordpresstemporal.com\/aenverdexpress.es\/wp-content\/uploads\/2024\/03\/ministro-fenacore-1.jpg","width":1000,"height":664},{"@type":"WebPage","@id":"https:\/\/aenverde-cp7041.wordpresstemporal.com\/aenverdexpress.es\/2024\/03\/06\/fenacore-propone-eliminar-los-ecoesquemas-de-la-pac-en-la-modernizacion-de-regadio\/#webpage","url":"https:\/\/aenverde-cp7041.wordpresstemporal.com\/aenverdexpress.es\/2024\/03\/06\/fenacore-propone-eliminar-los-ecoesquemas-de-la-pac-en-la-modernizacion-de-regadio\/","name":"Fenacore\u00a0propone\u00a0eliminar los ecoesquemas\u00a0de la PAC en la modernizaci\u00f3n de regad\u00edo - Aenverde Express","isPartOf":{"@id":"https:\/\/aenverdexpress.es\/#website"},"primaryImageOfPage":{"@id":"https:\/\/aenverde-cp7041.wordpresstemporal.com\/aenverdexpress.es\/2024\/03\/06\/fenacore-propone-eliminar-los-ecoesquemas-de-la-pac-en-la-modernizacion-de-regadio\/#primaryimage"},"datePublished":"2024-03-06T07:32:29+00:00","dateModified":"2024-03-06T07:32:30+00:00","breadcrumb":{"@id":"https:\/\/aenverde-cp7041.wordpresstemporal.com\/aenverdexpress.es\/2024\/03\/06\/fenacore-propone-eliminar-los-ecoesquemas-de-la-pac-en-la-modernizacion-de-regadio\/#breadcrumb"},"inLanguage":"es","potentialAction":[{"@type":"ReadAction","target":["https:\/\/aenverde-cp7041.wordpresstemporal.com\/aenverdexpress.es\/2024\/03\/06\/fenacore-propone-eliminar-los-ecoesquemas-de-la-pac-en-la-modernizacion-de-regadio\/"]}]},{"@type":"BreadcrumbList","@id":"https:\/\/aenverde-cp7041.wordpresstemporal.com\/aenverdexpress.es\/2024\/03\/06\/fenacore-propone-eliminar-los-ecoesquemas-de-la-pac-en-la-modernizacion-de-regadio\/#breadcrumb","itemListElement":[{"@type":"ListItem","position":1,"name":"Portada","item":"https:\/\/aenverdexpress.es\/"},{"@type":"ListItem","position":2,"name":"Fenacore\u00a0propone\u00a0eliminar los ecoesquemas\u00a0de la PAC en la modernizaci\u00f3n de regad\u00edo"}]},{"@type":"Article","@id":"https:\/\/aenverde-cp7041.wordpresstemporal.com\/aenverdexpress.es\/2024\/03\/06\/fenacore-propone-eliminar-los-ecoesquemas-de-la-pac-en-la-modernizacion-de-regadio\/#article","isPartOf":{"@id":"https:\/\/aenverde-cp7041.wordpresstemporal.com\/aenverdexpress.es\/2024\/03\/06\/fenacore-propone-eliminar-los-ecoesquemas-de-la-pac-en-la-modernizacion-de-regadio\/#webpage"},"author":{"@id":"https:\/\/aenverdexpress.es\/#\/schema\/person\/7220664746e3c774cb3c4e5f81fc4ba0"},"headline":"Fenacore\u00a0propone\u00a0eliminar los ecoesquemas\u00a0de la PAC en la modernizaci\u00f3n de regad\u00edo","datePublished":"2024-03-06T07:32:29+00:00","dateModified":"2024-03-06T07:32:30+00:00","mainEntityOfPage":{"@id":"https:\/\/aenverde-cp7041.wordpresstemporal.com\/aenverdexpress.es\/2024\/03\/06\/fenacore-propone-eliminar-los-ecoesquemas-de-la-pac-en-la-modernizacion-de-regadio\/#webpage"},"wordCount":140,"commentCount":0,"publisher":{"@id":"https:\/\/aenverdexpress.es\/#organization"},"image":{"@id":"https:\/\/aenverde-cp7041.wordpresstemporal.com\/aenverdexpress.es\/2024\/03\/06\/fenacore-propone-eliminar-los-ecoesquemas-de-la-pac-en-la-modernizacion-de-regadio\/#primaryimage"},"thumbnailUrl":"https:\/\/aenverde-cp7041.wordpresstemporal.com\/aenverdexpress.es\/wp-content\/uploads\/2024\/03\/ministro-fenacore-1.jpg","keywords":["fenacore","regantes","riego"],"articleSection":["Actualidad"],"inLanguage":"es","potentialAction":[{"@type":"CommentAction","name":"Comment","target":["https:\/\/aenverde-cp7041.wordpresstemporal.com\/aenverdexpress.es\/2024\/03\/06\/fenacore-propone-eliminar-los-ecoesquemas-de-la-pac-en-la-modernizacion-de-regadio\/#respond"]}]},{"@type":"Person","@id":"https:\/\/aenverdexpress.es\/#\/schema\/person\/7220664746e3c774cb3c4e5f81fc4ba0","name":"REDACCI\u00d3N AENVERDE","image":{"@type":"ImageObject","@id":"https:\/\/aenverdexpress.es\/#personlogo","inLanguage":"es","url":"https:\/\/secure.gravatar.com\/avatar\/82de37537a82ee30b014773728d8502cf11180bc1ea2f0a301ec70ebe59ea3e5?s=96&d=mm&r=g","contentUrl":"https:\/\/secure.gravatar.com\/avatar\/82de37537a82ee30b014773728d8502cf11180bc1ea2f0a301ec70ebe59ea3e5?s=96&d=mm&r=g","caption":"REDACCI\u00d3N AENVERDE"},"url":"https:\/\/aenverde-cp7041.wordpresstemporal.com\/aenverdexpress.es\/author\/damian\/"}]}},"builder_content":"","_links":{"self":[{"href":"https:\/\/aenverde-cp7041.wordpresstemporal.com\/aenverdexpress.es\/wp-json\/wp\/v2\/posts\/7906","targetHints":{"allow":["GET"]}}],"collection":[{"href":"https:\/\/aenverde-cp7041.wordpresstemporal.com\/aenverdexpress.es\/wp-json\/wp\/v2\/posts"}],"about":[{"href":"https:\/\/aenverde-cp7041.wordpresstemporal.com\/aenverdexpress.es\/wp-json\/wp\/v2\/types\/post"}],"author":[{"embeddable":true,"href":"https:\/\/aenverde-cp7041.wordpresstemporal.com\/aenverdexpress.es\/wp-json\/wp\/v2\/users\/2"}],"replies":[{"embeddable":true,"href":"https:\/\/aenverde-cp7041.wordpresstemporal.com\/aenverdexpress.es\/wp-json\/wp\/v2\/comments?post=7906"}],"version-history":[{"count":2,"href":"https:\/\/aenverde-cp7041.wordpresstemporal.com\/aenverdexpress.es\/wp-json\/wp\/v2\/posts\/7906\/revisions"}],"predecessor-version":[{"id":7909,"href":"https:\/\/aenverde-cp7041.wordpresstemporal.com\/aenverdexpress.es\/wp-json\/wp\/v2\/posts\/7906\/revisions\/7909"}],"wp:featuredmedia":[{"embeddable":true,"href":"https:\/\/aenverde-cp7041.wordpresstemporal.com\/aenverdexpress.es\/wp-json\/wp\/v2\/media\/7907"}],"wp:attachment":[{"href":"https:\/\/aenverde-cp7041.wordpresstemporal.com\/aenverdexpress.es\/wp-json\/wp\/v2\/media?parent=7906"}],"wp:term":[{"taxonomy":"category","embeddable":true,"href":"https:\/\/aenverde-cp7041.wordpresstemporal.com\/aenverdexpress.es\/wp-json\/wp\/v2\/categories?post=7906"},{"taxonomy":"post_tag","embeddable":true,"href":"https:\/\/aenverde-cp7041.wordpresstemporal.com\/aenverdexpress.es\/wp-json\/wp\/v2\/tags?post=7906"}],"curies":[{"name":"wp","href":"https:\/\/api.w.org\/{rel}","templated":true}]}}