{"id":854,"date":"2021-10-22T17:07:10","date_gmt":"2021-10-22T17:07:10","guid":{"rendered":"https:\/\/aenverdexpress.es\/?p=854"},"modified":"2021-10-22T17:07:11","modified_gmt":"2021-10-22T17:07:11","slug":"la-sandia-de-marruecos-adelanta-en-precio-a-la-espanola-en-el-mercado-de-la-ue","status":"publish","type":"post","link":"https:\/\/aenverde-cp7041.wordpresstemporal.com\/aenverdexpress.es\/2021\/10\/22\/la-sandia-de-marruecos-adelanta-en-precio-a-la-espanola-en-el-mercado-de-la-ue\/","title":{"rendered":"La sand\u00eda de Marruecos adelanta en precio a la espa\u00f1ola en el mercado de la UE"},"content":{"rendered":"<!--themify_builder_content-->\n<div id=\"themify_builder_content-854\" data-postid=\"854\" class=\"themify_builder_content themify_builder_content-854 themify_builder tf_clear\">\n    <\/div>\n<!--\/themify_builder_content-->\n\n\n<p class=\"wp-block-paragraph\"><strong>En la campa\u00f1a 2020\/2021 Marruecos ha vendido sus sand\u00edas en los mercados de la Uni\u00f3n Europea (UE) un 14\u201954 por ciento m\u00e1s caras que las espa\u00f1olas<\/strong>.<\/p>\n\n\n\n<p class=\"wp-block-paragraph\">Adem\u00e1s de venderlas a mejor precio,\u00a0<strong>las ventas marroqu\u00edes de sand\u00eda en los mercados comunitarios van desplazando cada vez m\u00e1s a las procedentes de Espa\u00f1a.<\/strong><\/p>\n\n\n\n<p class=\"wp-block-paragraph\"><strong>M\u00e1s informaci\u00f3n <a href=\"https:\/\/www.aenverde.es\/la-sandia-de-marruecos-adelanta-en-precio-a-la-espanola-en-el-mercado-de-la-ue\/\" data-type=\"URL\" data-id=\"https:\/\/www.aenverde.es\/la-sandia-de-marruecos-adelanta-en-precio-a-la-espanola-en-el-mercado-de-la-ue\/\" target=\"_blank\" rel=\"noreferrer noopener\">aqu\u00ed<\/a>.<\/strong><\/p>","protected":false},"excerpt":{"rendered":"<p>En la campa\u00f1a 2020\/2021 Marruecos ha vendido sus sand\u00edas en los mercados de la Uni\u00f3n Europea (UE) un 14\u201954 por ciento m\u00e1s caras que las espa\u00f1olas. Adem\u00e1s de venderlas a mejor precio,\u00a0las ventas marroqu\u00edes de sand\u00eda en los mercados comunitarios van desplazando cada vez m\u00e1s a las procedentes de Espa\u00f1a. M\u00e1s informaci\u00f3n aqu\u00ed.<\/p>\n","protected":false},"author":2,"featured_media":855,"comment_status":"open","ping_status":"open","sticky":false,"template":"","format":"standard","meta":{"footnotes":""},"categories":[13],"tags":[55,15,61],"class_list":["post-854","post","type-post","status-publish","format-standard","has-post-thumbnail","hentry","category-mercados","tag-exportacion","tag-marruecos","tag-sandia-2","has-post-title","has-post-date","has-post-category","has-post-tag","has-post-comment","has-post-author",""],"yoast_head":"<!-- This site is optimized with the Yoast SEO plugin v18.2 - https:\/\/yoast.com\/wordpress\/plugins\/seo\/ -->\n<title>La sand\u00eda de Marruecos adelanta en precio a la espa\u00f1ola en el mercado de la UE - Aenverde Express<\/title>\n<meta name=\"robots\" content=\"index, follow, max-snippet:-1, max-image-preview:large, max-video-preview:-1\" \/>\n<link rel=\"canonical\" href=\"https:\/\/aenverde-cp7041.wordpresstemporal.com\/aenverdexpress.es\/2021\/10\/22\/la-sandia-de-marruecos-adelanta-en-precio-a-la-espanola-en-el-mercado-de-la-ue\/\" \/>\n<meta property=\"og:locale\" content=\"es_ES\" \/>\n<meta property=\"og:type\" content=\"article\" \/>\n<meta property=\"og:title\" content=\"La sand\u00eda de Marruecos adelanta en precio a la espa\u00f1ola en el mercado de la UE - Aenverde Express\" \/>\n<meta property=\"og:description\" content=\"En la campa\u00f1a 2020\/2021 Marruecos ha vendido sus sand\u00edas en los mercados de la Uni\u00f3n Europea (UE) un 14\u201954 por ciento m\u00e1s caras que las espa\u00f1olas. Adem\u00e1s de venderlas a mejor precio,\u00a0las ventas marroqu\u00edes de sand\u00eda en los mercados comunitarios van desplazando cada vez m\u00e1s a las procedentes de Espa\u00f1a. M\u00e1s informaci\u00f3n aqu\u00ed.\" \/>\n<meta property=\"og:url\" content=\"https:\/\/aenverde-cp7041.wordpresstemporal.com\/aenverdexpress.es\/2021\/10\/22\/la-sandia-de-marruecos-adelanta-en-precio-a-la-espanola-en-el-mercado-de-la-ue\/\" \/>\n<meta property=\"og:site_name\" content=\"Aenverde Express\" \/>\n<meta property=\"article:published_time\" content=\"2021-10-22T17:07:10+00:00\" \/>\n<meta property=\"article:modified_time\" content=\"2021-10-22T17:07:11+00:00\" \/>\n<meta property=\"og:image\" content=\"https:\/\/aenverde-cp7041.wordpresstemporal.com\/aenverdexpress.es\/wp-content\/uploads\/2021\/10\/watermelons-2961279685989cR84-1170x600-1.jpg\" \/>\n\t<meta property=\"og:image:width\" content=\"1170\" \/>\n\t<meta property=\"og:image:height\" content=\"600\" \/>\n\t<meta property=\"og:image:type\" content=\"image\/jpeg\" \/>\n<meta name=\"twitter:card\" content=\"summary_large_image\" \/>\n<meta name=\"twitter:label1\" content=\"Escrito por\" \/>\n\t<meta name=\"twitter:data1\" content=\"REDACCI\u00d3N AENVERDE\" \/>\n<script type=\"application\/ld+json\" class=\"yoast-schema-graph\">{\"@context\":\"https:\/\/schema.org\",\"@graph\":[{\"@type\":\"Organization\",\"@id\":\"https:\/\/aenverdexpress.es\/#organization\",\"name\":\"AENVERDE\",\"url\":\"https:\/\/aenverdexpress.es\/\",\"sameAs\":[],\"logo\":{\"@type\":\"ImageObject\",\"@id\":\"https:\/\/aenverdexpress.es\/#logo\",\"inLanguage\":\"es\",\"url\":\"https:\/\/aenverdexpress.es\/wp-content\/uploads\/2021\/12\/A-EN-VERDE-LOGO-FONDO-1DB954-01-1024x1024-1.jpg\",\"contentUrl\":\"https:\/\/aenverdexpress.es\/wp-content\/uploads\/2021\/12\/A-EN-VERDE-LOGO-FONDO-1DB954-01-1024x1024-1.jpg\",\"width\":1024,\"height\":1024,\"caption\":\"AENVERDE\"},\"image\":{\"@id\":\"https:\/\/aenverdexpress.es\/#logo\"}},{\"@type\":\"WebSite\",\"@id\":\"https:\/\/aenverdexpress.es\/#website\",\"url\":\"https:\/\/aenverdexpress.es\/\",\"name\":\"Aenverde Express\",\"description\":\"\",\"publisher\":{\"@id\":\"https:\/\/aenverdexpress.es\/#organization\"},\"potentialAction\":[{\"@type\":\"SearchAction\",\"target\":{\"@type\":\"EntryPoint\",\"urlTemplate\":\"https:\/\/aenverdexpress.es\/?s={search_term_string}\"},\"query-input\":\"required name=search_term_string\"}],\"inLanguage\":\"es\"},{\"@type\":\"ImageObject\",\"@id\":\"https:\/\/aenverde-cp7041.wordpresstemporal.com\/aenverdexpress.es\/2021\/10\/22\/la-sandia-de-marruecos-adelanta-en-precio-a-la-espanola-en-el-mercado-de-la-ue\/#primaryimage\",\"inLanguage\":\"es\",\"url\":\"https:\/\/aenverde-cp7041.wordpresstemporal.com\/aenverdexpress.es\/wp-content\/uploads\/2021\/10\/watermelons-2961279685989cR84-1170x600-1.jpg\",\"contentUrl\":\"https:\/\/aenverde-cp7041.wordpresstemporal.com\/aenverdexpress.es\/wp-content\/uploads\/2021\/10\/watermelons-2961279685989cR84-1170x600-1.jpg\",\"width\":1170,\"height\":600,\"caption\":\"sand\u00edas\"},{\"@type\":\"WebPage\",\"@id\":\"https:\/\/aenverde-cp7041.wordpresstemporal.com\/aenverdexpress.es\/2021\/10\/22\/la-sandia-de-marruecos-adelanta-en-precio-a-la-espanola-en-el-mercado-de-la-ue\/#webpage\",\"url\":\"https:\/\/aenverde-cp7041.wordpresstemporal.com\/aenverdexpress.es\/2021\/10\/22\/la-sandia-de-marruecos-adelanta-en-precio-a-la-espanola-en-el-mercado-de-la-ue\/\",\"name\":\"La sand\u00eda de Marruecos adelanta en precio a la espa\u00f1ola en el mercado de la UE - Aenverde Express\",\"isPartOf\":{\"@id\":\"https:\/\/aenverdexpress.es\/#website\"},\"primaryImageOfPage\":{\"@id\":\"https:\/\/aenverde-cp7041.wordpresstemporal.com\/aenverdexpress.es\/2021\/10\/22\/la-sandia-de-marruecos-adelanta-en-precio-a-la-espanola-en-el-mercado-de-la-ue\/#primaryimage\"},\"datePublished\":\"2021-10-22T17:07:10+00:00\",\"dateModified\":\"2021-10-22T17:07:11+00:00\",\"breadcrumb\":{\"@id\":\"https:\/\/aenverde-cp7041.wordpresstemporal.com\/aenverdexpress.es\/2021\/10\/22\/la-sandia-de-marruecos-adelanta-en-precio-a-la-espanola-en-el-mercado-de-la-ue\/#breadcrumb\"},\"inLanguage\":\"es\",\"potentialAction\":[{\"@type\":\"ReadAction\",\"target\":[\"https:\/\/aenverde-cp7041.wordpresstemporal.com\/aenverdexpress.es\/2021\/10\/22\/la-sandia-de-marruecos-adelanta-en-precio-a-la-espanola-en-el-mercado-de-la-ue\/\"]}]},{\"@type\":\"BreadcrumbList\",\"@id\":\"https:\/\/aenverde-cp7041.wordpresstemporal.com\/aenverdexpress.es\/2021\/10\/22\/la-sandia-de-marruecos-adelanta-en-precio-a-la-espanola-en-el-mercado-de-la-ue\/#breadcrumb\",\"itemListElement\":[{\"@type\":\"ListItem\",\"position\":1,\"name\":\"Portada\",\"item\":\"https:\/\/aenverdexpress.es\/\"},{\"@type\":\"ListItem\",\"position\":2,\"name\":\"La sand\u00eda de Marruecos adelanta en precio a la espa\u00f1ola en el mercado de la UE\"}]},{\"@type\":\"Article\",\"@id\":\"https:\/\/aenverde-cp7041.wordpresstemporal.com\/aenverdexpress.es\/2021\/10\/22\/la-sandia-de-marruecos-adelanta-en-precio-a-la-espanola-en-el-mercado-de-la-ue\/#article\",\"isPartOf\":{\"@id\":\"https:\/\/aenverde-cp7041.wordpresstemporal.com\/aenverdexpress.es\/2021\/10\/22\/la-sandia-de-marruecos-adelanta-en-precio-a-la-espanola-en-el-mercado-de-la-ue\/#webpage\"},\"author\":{\"@id\":\"https:\/\/aenverdexpress.es\/#\/schema\/person\/7220664746e3c774cb3c4e5f81fc4ba0\"},\"headline\":\"La sand\u00eda de Marruecos adelanta en precio a la espa\u00f1ola en el mercado de la UE\",\"datePublished\":\"2021-10-22T17:07:10+00:00\",\"dateModified\":\"2021-10-22T17:07:11+00:00\",\"mainEntityOfPage\":{\"@id\":\"https:\/\/aenverde-cp7041.wordpresstemporal.com\/aenverdexpress.es\/2021\/10\/22\/la-sandia-de-marruecos-adelanta-en-precio-a-la-espanola-en-el-mercado-de-la-ue\/#webpage\"},\"wordCount\":82,\"commentCount\":0,\"publisher\":{\"@id\":\"https:\/\/aenverdexpress.es\/#organization\"},\"image\":{\"@id\":\"https:\/\/aenverde-cp7041.wordpresstemporal.com\/aenverdexpress.es\/2021\/10\/22\/la-sandia-de-marruecos-adelanta-en-precio-a-la-espanola-en-el-mercado-de-la-ue\/#primaryimage\"},\"thumbnailUrl\":\"https:\/\/aenverde-cp7041.wordpresstemporal.com\/aenverdexpress.es\/wp-content\/uploads\/2021\/10\/watermelons-2961279685989cR84-1170x600-1.jpg\",\"keywords\":[\"exportaci\u00f3n\",\"Marruecos\",\"sand\u00eda\"],\"articleSection\":[\"Mercados\"],\"inLanguage\":\"es\",\"potentialAction\":[{\"@type\":\"CommentAction\",\"name\":\"Comment\",\"target\":[\"https:\/\/aenverde-cp7041.wordpresstemporal.com\/aenverdexpress.es\/2021\/10\/22\/la-sandia-de-marruecos-adelanta-en-precio-a-la-espanola-en-el-mercado-de-la-ue\/#respond\"]}]},{\"@type\":\"Person\",\"@id\":\"https:\/\/aenverdexpress.es\/#\/schema\/person\/7220664746e3c774cb3c4e5f81fc4ba0\",\"name\":\"REDACCI\u00d3N AENVERDE\",\"image\":{\"@type\":\"ImageObject\",\"@id\":\"https:\/\/aenverdexpress.es\/#personlogo\",\"inLanguage\":\"es\",\"url\":\"https:\/\/secure.gravatar.com\/avatar\/82de37537a82ee30b014773728d8502cf11180bc1ea2f0a301ec70ebe59ea3e5?s=96&d=mm&r=g\",\"contentUrl\":\"https:\/\/secure.gravatar.com\/avatar\/82de37537a82ee30b014773728d8502cf11180bc1ea2f0a301ec70ebe59ea3e5?s=96&d=mm&r=g\",\"caption\":\"REDACCI\u00d3N AENVERDE\"},\"url\":\"https:\/\/aenverde-cp7041.wordpresstemporal.com\/aenverdexpress.es\/author\/damian\/\"}]}<\/script>\n<!-- \/ Yoast SEO plugin. -->","yoast_head_json":{"title":"La sand\u00eda de Marruecos adelanta en precio a la espa\u00f1ola en el mercado de la UE - Aenverde Express","robots":{"index":"index","follow":"follow","max-snippet":"max-snippet:-1","max-image-preview":"max-image-preview:large","max-video-preview":"max-video-preview:-1"},"canonical":"https:\/\/aenverde-cp7041.wordpresstemporal.com\/aenverdexpress.es\/2021\/10\/22\/la-sandia-de-marruecos-adelanta-en-precio-a-la-espanola-en-el-mercado-de-la-ue\/","og_locale":"es_ES","og_type":"article","og_title":"La sand\u00eda de Marruecos adelanta en precio a la espa\u00f1ola en el mercado de la UE - Aenverde Express","og_description":"En la campa\u00f1a 2020\/2021 Marruecos ha vendido sus sand\u00edas en los mercados de la Uni\u00f3n Europea (UE) un 14\u201954 por ciento m\u00e1s caras que las espa\u00f1olas. Adem\u00e1s de venderlas a mejor precio,\u00a0las ventas marroqu\u00edes de sand\u00eda en los mercados comunitarios van desplazando cada vez m\u00e1s a las procedentes de Espa\u00f1a. M\u00e1s informaci\u00f3n aqu\u00ed.","og_url":"https:\/\/aenverde-cp7041.wordpresstemporal.com\/aenverdexpress.es\/2021\/10\/22\/la-sandia-de-marruecos-adelanta-en-precio-a-la-espanola-en-el-mercado-de-la-ue\/","og_site_name":"Aenverde Express","article_published_time":"2021-10-22T17:07:10+00:00","article_modified_time":"2021-10-22T17:07:11+00:00","og_image":[{"width":1170,"height":600,"url":"https:\/\/aenverde-cp7041.wordpresstemporal.com\/aenverdexpress.es\/wp-content\/uploads\/2021\/10\/watermelons-2961279685989cR84-1170x600-1.jpg","type":"image\/jpeg"}],"twitter_card":"summary_large_image","twitter_misc":{"Escrito por":"REDACCI\u00d3N AENVERDE"},"schema":{"@context":"https:\/\/schema.org","@graph":[{"@type":"Organization","@id":"https:\/\/aenverdexpress.es\/#organization","name":"AENVERDE","url":"https:\/\/aenverdexpress.es\/","sameAs":[],"logo":{"@type":"ImageObject","@id":"https:\/\/aenverdexpress.es\/#logo","inLanguage":"es","url":"https:\/\/aenverdexpress.es\/wp-content\/uploads\/2021\/12\/A-EN-VERDE-LOGO-FONDO-1DB954-01-1024x1024-1.jpg","contentUrl":"https:\/\/aenverdexpress.es\/wp-content\/uploads\/2021\/12\/A-EN-VERDE-LOGO-FONDO-1DB954-01-1024x1024-1.jpg","width":1024,"height":1024,"caption":"AENVERDE"},"image":{"@id":"https:\/\/aenverdexpress.es\/#logo"}},{"@type":"WebSite","@id":"https:\/\/aenverdexpress.es\/#website","url":"https:\/\/aenverdexpress.es\/","name":"Aenverde Express","description":"","publisher":{"@id":"https:\/\/aenverdexpress.es\/#organization"},"potentialAction":[{"@type":"SearchAction","target":{"@type":"EntryPoint","urlTemplate":"https:\/\/aenverdexpress.es\/?s={search_term_string}"},"query-input":"required name=search_term_string"}],"inLanguage":"es"},{"@type":"ImageObject","@id":"https:\/\/aenverde-cp7041.wordpresstemporal.com\/aenverdexpress.es\/2021\/10\/22\/la-sandia-de-marruecos-adelanta-en-precio-a-la-espanola-en-el-mercado-de-la-ue\/#primaryimage","inLanguage":"es","url":"https:\/\/aenverde-cp7041.wordpresstemporal.com\/aenverdexpress.es\/wp-content\/uploads\/2021\/10\/watermelons-2961279685989cR84-1170x600-1.jpg","contentUrl":"https:\/\/aenverde-cp7041.wordpresstemporal.com\/aenverdexpress.es\/wp-content\/uploads\/2021\/10\/watermelons-2961279685989cR84-1170x600-1.jpg","width":1170,"height":600,"caption":"sand\u00edas"},{"@type":"WebPage","@id":"https:\/\/aenverde-cp7041.wordpresstemporal.com\/aenverdexpress.es\/2021\/10\/22\/la-sandia-de-marruecos-adelanta-en-precio-a-la-espanola-en-el-mercado-de-la-ue\/#webpage","url":"https:\/\/aenverde-cp7041.wordpresstemporal.com\/aenverdexpress.es\/2021\/10\/22\/la-sandia-de-marruecos-adelanta-en-precio-a-la-espanola-en-el-mercado-de-la-ue\/","name":"La sand\u00eda de Marruecos adelanta en precio a la espa\u00f1ola en el mercado de la UE - Aenverde Express","isPartOf":{"@id":"https:\/\/aenverdexpress.es\/#website"},"primaryImageOfPage":{"@id":"https:\/\/aenverde-cp7041.wordpresstemporal.com\/aenverdexpress.es\/2021\/10\/22\/la-sandia-de-marruecos-adelanta-en-precio-a-la-espanola-en-el-mercado-de-la-ue\/#primaryimage"},"datePublished":"2021-10-22T17:07:10+00:00","dateModified":"2021-10-22T17:07:11+00:00","breadcrumb":{"@id":"https:\/\/aenverde-cp7041.wordpresstemporal.com\/aenverdexpress.es\/2021\/10\/22\/la-sandia-de-marruecos-adelanta-en-precio-a-la-espanola-en-el-mercado-de-la-ue\/#breadcrumb"},"inLanguage":"es","potentialAction":[{"@type":"ReadAction","target":["https:\/\/aenverde-cp7041.wordpresstemporal.com\/aenverdexpress.es\/2021\/10\/22\/la-sandia-de-marruecos-adelanta-en-precio-a-la-espanola-en-el-mercado-de-la-ue\/"]}]},{"@type":"BreadcrumbList","@id":"https:\/\/aenverde-cp7041.wordpresstemporal.com\/aenverdexpress.es\/2021\/10\/22\/la-sandia-de-marruecos-adelanta-en-precio-a-la-espanola-en-el-mercado-de-la-ue\/#breadcrumb","itemListElement":[{"@type":"ListItem","position":1,"name":"Portada","item":"https:\/\/aenverdexpress.es\/"},{"@type":"ListItem","position":2,"name":"La sand\u00eda de Marruecos adelanta en precio a la espa\u00f1ola en el mercado de la UE"}]},{"@type":"Article","@id":"https:\/\/aenverde-cp7041.wordpresstemporal.com\/aenverdexpress.es\/2021\/10\/22\/la-sandia-de-marruecos-adelanta-en-precio-a-la-espanola-en-el-mercado-de-la-ue\/#article","isPartOf":{"@id":"https:\/\/aenverde-cp7041.wordpresstemporal.com\/aenverdexpress.es\/2021\/10\/22\/la-sandia-de-marruecos-adelanta-en-precio-a-la-espanola-en-el-mercado-de-la-ue\/#webpage"},"author":{"@id":"https:\/\/aenverdexpress.es\/#\/schema\/person\/7220664746e3c774cb3c4e5f81fc4ba0"},"headline":"La sand\u00eda de Marruecos adelanta en precio a la espa\u00f1ola en el mercado de la UE","datePublished":"2021-10-22T17:07:10+00:00","dateModified":"2021-10-22T17:07:11+00:00","mainEntityOfPage":{"@id":"https:\/\/aenverde-cp7041.wordpresstemporal.com\/aenverdexpress.es\/2021\/10\/22\/la-sandia-de-marruecos-adelanta-en-precio-a-la-espanola-en-el-mercado-de-la-ue\/#webpage"},"wordCount":82,"commentCount":0,"publisher":{"@id":"https:\/\/aenverdexpress.es\/#organization"},"image":{"@id":"https:\/\/aenverde-cp7041.wordpresstemporal.com\/aenverdexpress.es\/2021\/10\/22\/la-sandia-de-marruecos-adelanta-en-precio-a-la-espanola-en-el-mercado-de-la-ue\/#primaryimage"},"thumbnailUrl":"https:\/\/aenverde-cp7041.wordpresstemporal.com\/aenverdexpress.es\/wp-content\/uploads\/2021\/10\/watermelons-2961279685989cR84-1170x600-1.jpg","keywords":["exportaci\u00f3n","Marruecos","sand\u00eda"],"articleSection":["Mercados"],"inLanguage":"es","potentialAction":[{"@type":"CommentAction","name":"Comment","target":["https:\/\/aenverde-cp7041.wordpresstemporal.com\/aenverdexpress.es\/2021\/10\/22\/la-sandia-de-marruecos-adelanta-en-precio-a-la-espanola-en-el-mercado-de-la-ue\/#respond"]}]},{"@type":"Person","@id":"https:\/\/aenverdexpress.es\/#\/schema\/person\/7220664746e3c774cb3c4e5f81fc4ba0","name":"REDACCI\u00d3N AENVERDE","image":{"@type":"ImageObject","@id":"https:\/\/aenverdexpress.es\/#personlogo","inLanguage":"es","url":"https:\/\/secure.gravatar.com\/avatar\/82de37537a82ee30b014773728d8502cf11180bc1ea2f0a301ec70ebe59ea3e5?s=96&d=mm&r=g","contentUrl":"https:\/\/secure.gravatar.com\/avatar\/82de37537a82ee30b014773728d8502cf11180bc1ea2f0a301ec70ebe59ea3e5?s=96&d=mm&r=g","caption":"REDACCI\u00d3N AENVERDE"},"url":"https:\/\/aenverde-cp7041.wordpresstemporal.com\/aenverdexpress.es\/author\/damian\/"}]}},"builder_content":"","_links":{"self":[{"href":"https:\/\/aenverde-cp7041.wordpresstemporal.com\/aenverdexpress.es\/wp-json\/wp\/v2\/posts\/854","targetHints":{"allow":["GET"]}}],"collection":[{"href":"https:\/\/aenverde-cp7041.wordpresstemporal.com\/aenverdexpress.es\/wp-json\/wp\/v2\/posts"}],"about":[{"href":"https:\/\/aenverde-cp7041.wordpresstemporal.com\/aenverdexpress.es\/wp-json\/wp\/v2\/types\/post"}],"author":[{"embeddable":true,"href":"https:\/\/aenverde-cp7041.wordpresstemporal.com\/aenverdexpress.es\/wp-json\/wp\/v2\/users\/2"}],"replies":[{"embeddable":true,"href":"https:\/\/aenverde-cp7041.wordpresstemporal.com\/aenverdexpress.es\/wp-json\/wp\/v2\/comments?post=854"}],"version-history":[{"count":2,"href":"https:\/\/aenverde-cp7041.wordpresstemporal.com\/aenverdexpress.es\/wp-json\/wp\/v2\/posts\/854\/revisions"}],"predecessor-version":[{"id":857,"href":"https:\/\/aenverde-cp7041.wordpresstemporal.com\/aenverdexpress.es\/wp-json\/wp\/v2\/posts\/854\/revisions\/857"}],"wp:featuredmedia":[{"embeddable":true,"href":"https:\/\/aenverde-cp7041.wordpresstemporal.com\/aenverdexpress.es\/wp-json\/wp\/v2\/media\/855"}],"wp:attachment":[{"href":"https:\/\/aenverde-cp7041.wordpresstemporal.com\/aenverdexpress.es\/wp-json\/wp\/v2\/media?parent=854"}],"wp:term":[{"taxonomy":"category","embeddable":true,"href":"https:\/\/aenverde-cp7041.wordpresstemporal.com\/aenverdexpress.es\/wp-json\/wp\/v2\/categories?post=854"},{"taxonomy":"post_tag","embeddable":true,"href":"https:\/\/aenverde-cp7041.wordpresstemporal.com\/aenverdexpress.es\/wp-json\/wp\/v2\/tags?post=854"}],"curies":[{"name":"wp","href":"https:\/\/api.w.org\/{rel}","templated":true}]}}