{"id":8662,"date":"2024-06-06T06:37:45","date_gmt":"2024-06-06T06:37:45","guid":{"rendered":"https:\/\/aenverdexpress.es\/?p=8662"},"modified":"2024-06-06T06:37:45","modified_gmt":"2024-06-06T06:37:45","slug":"catedra-coexphal-ual-una-decada-de-conocimiento-compartido","status":"publish","type":"post","link":"https:\/\/aenverde-cp7041.wordpresstemporal.com\/aenverdexpress.es\/2024\/06\/06\/catedra-coexphal-ual-una-decada-de-conocimiento-compartido\/","title":{"rendered":"C\u00e1tedra COEXPHAL-UAL:\u00a0Una d\u00e9cada de\u00a0conocimiento compartido"},"content":{"rendered":"<!--themify_builder_content-->\n<div id=\"themify_builder_content-8662\" data-postid=\"8662\" class=\"themify_builder_content themify_builder_content-8662 themify_builder tf_clear\">\n    <\/div>\n<!--\/themify_builder_content-->\n\n\n<p class=\"wp-block-paragraph\">(Tambi\u00e9n nos puedes seguir por&nbsp;<a href=\"https:\/\/whatsapp.com\/channel\/0029Va8Ttl0Elah1sRZ3Y10w\" target=\"_blank\" rel=\"noreferrer noopener\">nuestro canal de WhatsApp<\/a>)<\/p>\n\n\n\n<p class=\"wp-block-paragraph\"><strong>Desde hace 10 a\u00f1os, la C\u00e1tedra COEXPHAL-UAL en horticultura, estudios\u00a0cooperativos y desarrollo sostenible<\/strong>\u00a0ha venido actuando de puente entre la<br>Universidad de Almer\u00eda\u00a0y la asociaci\u00f3n de productores y exportadores.<\/p>\n\n\n\n<p class=\"wp-block-paragraph\"><strong>La C\u00e1tedra dedica su esfuerzo a explorar y facilitar la colaboraci\u00f3n con otras organizaciones agrarias y de investigaci\u00f3n con intereses compartidos<\/strong>\u00a0con el sector agrario y empresarial almeriense, fomentando la innovaci\u00f3n, intercambiando conocimientos e investigando c\u00f3mo hacer resiliente la agricultura almeriense\u00a0y europea.<\/p>\n\n\n\n<p class=\"wp-block-paragraph\"><strong>M\u00e1s informaci\u00f3n <a href=\"https:\/\/www.aenverde.es\/catedra-coexphal-ual-una-decada-de-conocimiento-compartido\/\">aqu\u00ed<\/a>.<\/strong><\/p>\n\n\n\n<p class=\"wp-block-paragraph\"><\/p>","protected":false},"excerpt":{"rendered":"<p>(Tambi\u00e9n nos puedes seguir por&nbsp;nuestro canal de WhatsApp) Desde hace 10 a\u00f1os, la C\u00e1tedra COEXPHAL-UAL en horticultura, estudios\u00a0cooperativos y desarrollo sostenible\u00a0ha venido actuando de puente entre laUniversidad de Almer\u00eda\u00a0y la asociaci\u00f3n de productores y exportadores. La C\u00e1tedra dedica su esfuerzo a explorar y facilitar la colaboraci\u00f3n con otras organizaciones agrarias y de investigaci\u00f3n con intereses [&hellip;]<\/p>\n","protected":false},"author":2,"featured_media":8663,"comment_status":"open","ping_status":"open","sticky":false,"template":"","format":"standard","meta":{"footnotes":""},"categories":[11],"tags":[895,19,941],"class_list":["post-8662","post","type-post","status-publish","format-standard","has-post-thumbnail","hentry","category-actualidad","tag-ciberseguridad","tag-coexphal","tag-seidor","has-post-title","has-post-date","has-post-category","has-post-tag","has-post-comment","has-post-author",""],"yoast_head":"<!-- This site is optimized with the Yoast SEO plugin v18.2 - https:\/\/yoast.com\/wordpress\/plugins\/seo\/ -->\n<title>C\u00e1tedra COEXPHAL-UAL:\u00a0Una d\u00e9cada de\u00a0conocimiento compartido - Aenverde Express<\/title>\n<meta name=\"robots\" content=\"index, follow, max-snippet:-1, max-image-preview:large, max-video-preview:-1\" \/>\n<link rel=\"canonical\" href=\"https:\/\/aenverdexpress.es\/2024\/06\/06\/catedra-coexphal-ual-una-decada-de-conocimiento-compartido\/\" \/>\n<meta property=\"og:locale\" content=\"es_ES\" \/>\n<meta property=\"og:type\" content=\"article\" \/>\n<meta property=\"og:title\" content=\"C\u00e1tedra COEXPHAL-UAL:\u00a0Una d\u00e9cada de\u00a0conocimiento compartido - Aenverde Express\" \/>\n<meta property=\"og:description\" content=\"(Tambi\u00e9n nos puedes seguir por&nbsp;nuestro canal de WhatsApp) Desde hace 10 a\u00f1os, la C\u00e1tedra COEXPHAL-UAL en horticultura, estudios\u00a0cooperativos y desarrollo sostenible\u00a0ha venido actuando de puente entre laUniversidad de Almer\u00eda\u00a0y la asociaci\u00f3n de productores y exportadores. La C\u00e1tedra dedica su esfuerzo a explorar y facilitar la colaboraci\u00f3n con otras organizaciones agrarias y de investigaci\u00f3n con intereses [&hellip;]\" \/>\n<meta property=\"og:url\" content=\"https:\/\/aenverdexpress.es\/2024\/06\/06\/catedra-coexphal-ual-una-decada-de-conocimiento-compartido\/\" \/>\n<meta property=\"og:site_name\" content=\"Aenverde Express\" \/>\n<meta property=\"article:published_time\" content=\"2024-06-06T06:37:45+00:00\" \/>\n<meta property=\"og:image\" content=\"https:\/\/aenverdexpress.es\/wp-content\/uploads\/2024\/06\/imagen-catedra-10-anos.jpg\" \/>\n\t<meta property=\"og:image:width\" content=\"1000\" \/>\n\t<meta property=\"og:image:height\" content=\"707\" \/>\n\t<meta property=\"og:image:type\" content=\"image\/jpeg\" \/>\n<meta name=\"twitter:card\" content=\"summary_large_image\" \/>\n<meta name=\"twitter:label1\" content=\"Escrito por\" \/>\n\t<meta name=\"twitter:data1\" content=\"REDACCI\u00d3N AENVERDE\" \/>\n<script type=\"application\/ld+json\" class=\"yoast-schema-graph\">{\"@context\":\"https:\/\/schema.org\",\"@graph\":[{\"@type\":\"Organization\",\"@id\":\"https:\/\/aenverdexpress.es\/#organization\",\"name\":\"AENVERDE\",\"url\":\"https:\/\/aenverdexpress.es\/\",\"sameAs\":[],\"logo\":{\"@type\":\"ImageObject\",\"@id\":\"https:\/\/aenverdexpress.es\/#logo\",\"inLanguage\":\"es\",\"url\":\"https:\/\/aenverdexpress.es\/wp-content\/uploads\/2021\/12\/A-EN-VERDE-LOGO-FONDO-1DB954-01-1024x1024-1.jpg\",\"contentUrl\":\"https:\/\/aenverdexpress.es\/wp-content\/uploads\/2021\/12\/A-EN-VERDE-LOGO-FONDO-1DB954-01-1024x1024-1.jpg\",\"width\":1024,\"height\":1024,\"caption\":\"AENVERDE\"},\"image\":{\"@id\":\"https:\/\/aenverdexpress.es\/#logo\"}},{\"@type\":\"WebSite\",\"@id\":\"https:\/\/aenverdexpress.es\/#website\",\"url\":\"https:\/\/aenverdexpress.es\/\",\"name\":\"Aenverde Express\",\"description\":\"\",\"publisher\":{\"@id\":\"https:\/\/aenverdexpress.es\/#organization\"},\"potentialAction\":[{\"@type\":\"SearchAction\",\"target\":{\"@type\":\"EntryPoint\",\"urlTemplate\":\"https:\/\/aenverdexpress.es\/?s={search_term_string}\"},\"query-input\":\"required name=search_term_string\"}],\"inLanguage\":\"es\"},{\"@type\":\"ImageObject\",\"@id\":\"https:\/\/aenverdexpress.es\/2024\/06\/06\/catedra-coexphal-ual-una-decada-de-conocimiento-compartido\/#primaryimage\",\"inLanguage\":\"es\",\"url\":\"https:\/\/aenverde-cp7041.wordpresstemporal.com\/aenverdexpress.es\/wp-content\/uploads\/2024\/06\/imagen-catedra-10-anos.jpg\",\"contentUrl\":\"https:\/\/aenverde-cp7041.wordpresstemporal.com\/aenverdexpress.es\/wp-content\/uploads\/2024\/06\/imagen-catedra-10-anos.jpg\",\"width\":1000,\"height\":707},{\"@type\":\"WebPage\",\"@id\":\"https:\/\/aenverdexpress.es\/2024\/06\/06\/catedra-coexphal-ual-una-decada-de-conocimiento-compartido\/#webpage\",\"url\":\"https:\/\/aenverdexpress.es\/2024\/06\/06\/catedra-coexphal-ual-una-decada-de-conocimiento-compartido\/\",\"name\":\"C\u00e1tedra COEXPHAL-UAL:\u00a0Una d\u00e9cada de\u00a0conocimiento compartido - Aenverde Express\",\"isPartOf\":{\"@id\":\"https:\/\/aenverdexpress.es\/#website\"},\"primaryImageOfPage\":{\"@id\":\"https:\/\/aenverdexpress.es\/2024\/06\/06\/catedra-coexphal-ual-una-decada-de-conocimiento-compartido\/#primaryimage\"},\"datePublished\":\"2024-06-06T06:37:45+00:00\",\"dateModified\":\"2024-06-06T06:37:45+00:00\",\"breadcrumb\":{\"@id\":\"https:\/\/aenverdexpress.es\/2024\/06\/06\/catedra-coexphal-ual-una-decada-de-conocimiento-compartido\/#breadcrumb\"},\"inLanguage\":\"es\",\"potentialAction\":[{\"@type\":\"ReadAction\",\"target\":[\"https:\/\/aenverdexpress.es\/2024\/06\/06\/catedra-coexphal-ual-una-decada-de-conocimiento-compartido\/\"]}]},{\"@type\":\"BreadcrumbList\",\"@id\":\"https:\/\/aenverdexpress.es\/2024\/06\/06\/catedra-coexphal-ual-una-decada-de-conocimiento-compartido\/#breadcrumb\",\"itemListElement\":[{\"@type\":\"ListItem\",\"position\":1,\"name\":\"Portada\",\"item\":\"https:\/\/aenverdexpress.es\/\"},{\"@type\":\"ListItem\",\"position\":2,\"name\":\"C\u00e1tedra COEXPHAL-UAL:\u00a0Una d\u00e9cada de\u00a0conocimiento compartido\"}]},{\"@type\":\"Article\",\"@id\":\"https:\/\/aenverdexpress.es\/2024\/06\/06\/catedra-coexphal-ual-una-decada-de-conocimiento-compartido\/#article\",\"isPartOf\":{\"@id\":\"https:\/\/aenverdexpress.es\/2024\/06\/06\/catedra-coexphal-ual-una-decada-de-conocimiento-compartido\/#webpage\"},\"author\":{\"@id\":\"https:\/\/aenverdexpress.es\/#\/schema\/person\/7220664746e3c774cb3c4e5f81fc4ba0\"},\"headline\":\"C\u00e1tedra COEXPHAL-UAL:\u00a0Una d\u00e9cada de\u00a0conocimiento compartido\",\"datePublished\":\"2024-06-06T06:37:45+00:00\",\"dateModified\":\"2024-06-06T06:37:45+00:00\",\"mainEntityOfPage\":{\"@id\":\"https:\/\/aenverdexpress.es\/2024\/06\/06\/catedra-coexphal-ual-una-decada-de-conocimiento-compartido\/#webpage\"},\"wordCount\":106,\"commentCount\":0,\"publisher\":{\"@id\":\"https:\/\/aenverdexpress.es\/#organization\"},\"image\":{\"@id\":\"https:\/\/aenverdexpress.es\/2024\/06\/06\/catedra-coexphal-ual-una-decada-de-conocimiento-compartido\/#primaryimage\"},\"thumbnailUrl\":\"https:\/\/aenverde-cp7041.wordpresstemporal.com\/aenverdexpress.es\/wp-content\/uploads\/2024\/06\/imagen-catedra-10-anos.jpg\",\"keywords\":[\"ciberseguridad\",\"COEXPHAL\",\"Seidor\"],\"articleSection\":[\"Actualidad\"],\"inLanguage\":\"es\",\"potentialAction\":[{\"@type\":\"CommentAction\",\"name\":\"Comment\",\"target\":[\"https:\/\/aenverdexpress.es\/2024\/06\/06\/catedra-coexphal-ual-una-decada-de-conocimiento-compartido\/#respond\"]}]},{\"@type\":\"Person\",\"@id\":\"https:\/\/aenverdexpress.es\/#\/schema\/person\/7220664746e3c774cb3c4e5f81fc4ba0\",\"name\":\"REDACCI\u00d3N AENVERDE\",\"image\":{\"@type\":\"ImageObject\",\"@id\":\"https:\/\/aenverdexpress.es\/#personlogo\",\"inLanguage\":\"es\",\"url\":\"https:\/\/secure.gravatar.com\/avatar\/82de37537a82ee30b014773728d8502cf11180bc1ea2f0a301ec70ebe59ea3e5?s=96&d=mm&r=g\",\"contentUrl\":\"https:\/\/secure.gravatar.com\/avatar\/82de37537a82ee30b014773728d8502cf11180bc1ea2f0a301ec70ebe59ea3e5?s=96&d=mm&r=g\",\"caption\":\"REDACCI\u00d3N AENVERDE\"},\"url\":\"https:\/\/aenverde-cp7041.wordpresstemporal.com\/aenverdexpress.es\/author\/damian\/\"}]}<\/script>\n<!-- \/ Yoast SEO plugin. -->","yoast_head_json":{"title":"C\u00e1tedra COEXPHAL-UAL:\u00a0Una d\u00e9cada de\u00a0conocimiento compartido - Aenverde Express","robots":{"index":"index","follow":"follow","max-snippet":"max-snippet:-1","max-image-preview":"max-image-preview:large","max-video-preview":"max-video-preview:-1"},"canonical":"https:\/\/aenverdexpress.es\/2024\/06\/06\/catedra-coexphal-ual-una-decada-de-conocimiento-compartido\/","og_locale":"es_ES","og_type":"article","og_title":"C\u00e1tedra COEXPHAL-UAL:\u00a0Una d\u00e9cada de\u00a0conocimiento compartido - Aenverde Express","og_description":"(Tambi\u00e9n nos puedes seguir por&nbsp;nuestro canal de WhatsApp) Desde hace 10 a\u00f1os, la C\u00e1tedra COEXPHAL-UAL en horticultura, estudios\u00a0cooperativos y desarrollo sostenible\u00a0ha venido actuando de puente entre laUniversidad de Almer\u00eda\u00a0y la asociaci\u00f3n de productores y exportadores. La C\u00e1tedra dedica su esfuerzo a explorar y facilitar la colaboraci\u00f3n con otras organizaciones agrarias y de investigaci\u00f3n con intereses [&hellip;]","og_url":"https:\/\/aenverdexpress.es\/2024\/06\/06\/catedra-coexphal-ual-una-decada-de-conocimiento-compartido\/","og_site_name":"Aenverde Express","article_published_time":"2024-06-06T06:37:45+00:00","og_image":[{"width":1000,"height":707,"url":"https:\/\/aenverdexpress.es\/wp-content\/uploads\/2024\/06\/imagen-catedra-10-anos.jpg","type":"image\/jpeg"}],"twitter_card":"summary_large_image","twitter_misc":{"Escrito por":"REDACCI\u00d3N AENVERDE"},"schema":{"@context":"https:\/\/schema.org","@graph":[{"@type":"Organization","@id":"https:\/\/aenverdexpress.es\/#organization","name":"AENVERDE","url":"https:\/\/aenverdexpress.es\/","sameAs":[],"logo":{"@type":"ImageObject","@id":"https:\/\/aenverdexpress.es\/#logo","inLanguage":"es","url":"https:\/\/aenverdexpress.es\/wp-content\/uploads\/2021\/12\/A-EN-VERDE-LOGO-FONDO-1DB954-01-1024x1024-1.jpg","contentUrl":"https:\/\/aenverdexpress.es\/wp-content\/uploads\/2021\/12\/A-EN-VERDE-LOGO-FONDO-1DB954-01-1024x1024-1.jpg","width":1024,"height":1024,"caption":"AENVERDE"},"image":{"@id":"https:\/\/aenverdexpress.es\/#logo"}},{"@type":"WebSite","@id":"https:\/\/aenverdexpress.es\/#website","url":"https:\/\/aenverdexpress.es\/","name":"Aenverde Express","description":"","publisher":{"@id":"https:\/\/aenverdexpress.es\/#organization"},"potentialAction":[{"@type":"SearchAction","target":{"@type":"EntryPoint","urlTemplate":"https:\/\/aenverdexpress.es\/?s={search_term_string}"},"query-input":"required name=search_term_string"}],"inLanguage":"es"},{"@type":"ImageObject","@id":"https:\/\/aenverdexpress.es\/2024\/06\/06\/catedra-coexphal-ual-una-decada-de-conocimiento-compartido\/#primaryimage","inLanguage":"es","url":"https:\/\/aenverde-cp7041.wordpresstemporal.com\/aenverdexpress.es\/wp-content\/uploads\/2024\/06\/imagen-catedra-10-anos.jpg","contentUrl":"https:\/\/aenverde-cp7041.wordpresstemporal.com\/aenverdexpress.es\/wp-content\/uploads\/2024\/06\/imagen-catedra-10-anos.jpg","width":1000,"height":707},{"@type":"WebPage","@id":"https:\/\/aenverdexpress.es\/2024\/06\/06\/catedra-coexphal-ual-una-decada-de-conocimiento-compartido\/#webpage","url":"https:\/\/aenverdexpress.es\/2024\/06\/06\/catedra-coexphal-ual-una-decada-de-conocimiento-compartido\/","name":"C\u00e1tedra COEXPHAL-UAL:\u00a0Una d\u00e9cada de\u00a0conocimiento compartido - Aenverde Express","isPartOf":{"@id":"https:\/\/aenverdexpress.es\/#website"},"primaryImageOfPage":{"@id":"https:\/\/aenverdexpress.es\/2024\/06\/06\/catedra-coexphal-ual-una-decada-de-conocimiento-compartido\/#primaryimage"},"datePublished":"2024-06-06T06:37:45+00:00","dateModified":"2024-06-06T06:37:45+00:00","breadcrumb":{"@id":"https:\/\/aenverdexpress.es\/2024\/06\/06\/catedra-coexphal-ual-una-decada-de-conocimiento-compartido\/#breadcrumb"},"inLanguage":"es","potentialAction":[{"@type":"ReadAction","target":["https:\/\/aenverdexpress.es\/2024\/06\/06\/catedra-coexphal-ual-una-decada-de-conocimiento-compartido\/"]}]},{"@type":"BreadcrumbList","@id":"https:\/\/aenverdexpress.es\/2024\/06\/06\/catedra-coexphal-ual-una-decada-de-conocimiento-compartido\/#breadcrumb","itemListElement":[{"@type":"ListItem","position":1,"name":"Portada","item":"https:\/\/aenverdexpress.es\/"},{"@type":"ListItem","position":2,"name":"C\u00e1tedra COEXPHAL-UAL:\u00a0Una d\u00e9cada de\u00a0conocimiento compartido"}]},{"@type":"Article","@id":"https:\/\/aenverdexpress.es\/2024\/06\/06\/catedra-coexphal-ual-una-decada-de-conocimiento-compartido\/#article","isPartOf":{"@id":"https:\/\/aenverdexpress.es\/2024\/06\/06\/catedra-coexphal-ual-una-decada-de-conocimiento-compartido\/#webpage"},"author":{"@id":"https:\/\/aenverdexpress.es\/#\/schema\/person\/7220664746e3c774cb3c4e5f81fc4ba0"},"headline":"C\u00e1tedra COEXPHAL-UAL:\u00a0Una d\u00e9cada de\u00a0conocimiento compartido","datePublished":"2024-06-06T06:37:45+00:00","dateModified":"2024-06-06T06:37:45+00:00","mainEntityOfPage":{"@id":"https:\/\/aenverdexpress.es\/2024\/06\/06\/catedra-coexphal-ual-una-decada-de-conocimiento-compartido\/#webpage"},"wordCount":106,"commentCount":0,"publisher":{"@id":"https:\/\/aenverdexpress.es\/#organization"},"image":{"@id":"https:\/\/aenverdexpress.es\/2024\/06\/06\/catedra-coexphal-ual-una-decada-de-conocimiento-compartido\/#primaryimage"},"thumbnailUrl":"https:\/\/aenverde-cp7041.wordpresstemporal.com\/aenverdexpress.es\/wp-content\/uploads\/2024\/06\/imagen-catedra-10-anos.jpg","keywords":["ciberseguridad","COEXPHAL","Seidor"],"articleSection":["Actualidad"],"inLanguage":"es","potentialAction":[{"@type":"CommentAction","name":"Comment","target":["https:\/\/aenverdexpress.es\/2024\/06\/06\/catedra-coexphal-ual-una-decada-de-conocimiento-compartido\/#respond"]}]},{"@type":"Person","@id":"https:\/\/aenverdexpress.es\/#\/schema\/person\/7220664746e3c774cb3c4e5f81fc4ba0","name":"REDACCI\u00d3N AENVERDE","image":{"@type":"ImageObject","@id":"https:\/\/aenverdexpress.es\/#personlogo","inLanguage":"es","url":"https:\/\/secure.gravatar.com\/avatar\/82de37537a82ee30b014773728d8502cf11180bc1ea2f0a301ec70ebe59ea3e5?s=96&d=mm&r=g","contentUrl":"https:\/\/secure.gravatar.com\/avatar\/82de37537a82ee30b014773728d8502cf11180bc1ea2f0a301ec70ebe59ea3e5?s=96&d=mm&r=g","caption":"REDACCI\u00d3N AENVERDE"},"url":"https:\/\/aenverde-cp7041.wordpresstemporal.com\/aenverdexpress.es\/author\/damian\/"}]}},"builder_content":"","_links":{"self":[{"href":"https:\/\/aenverde-cp7041.wordpresstemporal.com\/aenverdexpress.es\/wp-json\/wp\/v2\/posts\/8662","targetHints":{"allow":["GET"]}}],"collection":[{"href":"https:\/\/aenverde-cp7041.wordpresstemporal.com\/aenverdexpress.es\/wp-json\/wp\/v2\/posts"}],"about":[{"href":"https:\/\/aenverde-cp7041.wordpresstemporal.com\/aenverdexpress.es\/wp-json\/wp\/v2\/types\/post"}],"author":[{"embeddable":true,"href":"https:\/\/aenverde-cp7041.wordpresstemporal.com\/aenverdexpress.es\/wp-json\/wp\/v2\/users\/2"}],"replies":[{"embeddable":true,"href":"https:\/\/aenverde-cp7041.wordpresstemporal.com\/aenverdexpress.es\/wp-json\/wp\/v2\/comments?post=8662"}],"version-history":[{"count":2,"href":"https:\/\/aenverde-cp7041.wordpresstemporal.com\/aenverdexpress.es\/wp-json\/wp\/v2\/posts\/8662\/revisions"}],"predecessor-version":[{"id":8665,"href":"https:\/\/aenverde-cp7041.wordpresstemporal.com\/aenverdexpress.es\/wp-json\/wp\/v2\/posts\/8662\/revisions\/8665"}],"wp:featuredmedia":[{"embeddable":true,"href":"https:\/\/aenverde-cp7041.wordpresstemporal.com\/aenverdexpress.es\/wp-json\/wp\/v2\/media\/8663"}],"wp:attachment":[{"href":"https:\/\/aenverde-cp7041.wordpresstemporal.com\/aenverdexpress.es\/wp-json\/wp\/v2\/media?parent=8662"}],"wp:term":[{"taxonomy":"category","embeddable":true,"href":"https:\/\/aenverde-cp7041.wordpresstemporal.com\/aenverdexpress.es\/wp-json\/wp\/v2\/categories?post=8662"},{"taxonomy":"post_tag","embeddable":true,"href":"https:\/\/aenverde-cp7041.wordpresstemporal.com\/aenverdexpress.es\/wp-json\/wp\/v2\/tags?post=8662"}],"curies":[{"name":"wp","href":"https:\/\/api.w.org\/{rel}","templated":true}]}}