{"id":938,"date":"2021-11-05T18:23:43","date_gmt":"2021-11-05T18:23:43","guid":{"rendered":"https:\/\/aenverdexpress.es\/?p=938"},"modified":"2021-11-05T18:23:44","modified_gmt":"2021-11-05T18:23:44","slug":"maria-jose-sanchez-asume-la-direccion-de-las-ferias-agroalimentarias-de-ifema-madrid","status":"publish","type":"post","link":"https:\/\/aenverde-cp7041.wordpresstemporal.com\/aenverdexpress.es\/2021\/11\/05\/maria-jose-sanchez-asume-la-direccion-de-las-ferias-agroalimentarias-de-ifema-madrid\/","title":{"rendered":"Mar\u00eda Jos\u00e9 S\u00e1nchez asume la direcci\u00f3n de las ferias agroalimentarias de IFEMA Madrid"},"content":{"rendered":"<!--themify_builder_content-->\n<div id=\"themify_builder_content-938\" data-postid=\"938\" class=\"themify_builder_content themify_builder_content-938 themify_builder tf_clear\">\n    <\/div>\n<!--\/themify_builder_content-->\n\n\n<p class=\"wp-block-paragraph\">Mar\u00eda Jos\u00e9 S\u00e1nchez, vinculada a IFEMA MADRID desde hace 30 a\u00f1os,&nbsp;<strong>toma el relevo a Ra\u00fal Calleja en la direcci\u00f3n de las ferias del sector agroindustrial, alimentaci\u00f3n y gastronom\u00eda organizadas por la Instituci\u00f3n.<\/strong><\/p>\n\n\n\n<p class=\"wp-block-paragraph\">Actualmente los salones que forman parte de dicho portfolio son\u00a0<a rel=\"noreferrer noopener\" href=\"https:\/\/www.ifema.es\/fruit-attraction\" target=\"_blank\">Fruit Attraction<\/a>, Meat Attraction, Intersicop, Vendib\u00e9rica y Eat2go,\u00a0<strong>a los que se suman los proyectos digitales\u00a0<a rel=\"noreferrer noopener\" href=\"https:\/\/www.ifema.es\/live-connect\" target=\"_blank\">LIVEConnect<\/a>.<\/strong><\/p>\n\n\n\n<p class=\"wp-block-paragraph\"><strong>M\u00e1s informaci\u00f3n <a href=\"https:\/\/www.aenverde.es\/maria-jose-sanchez-asume-la-direccion-de-las-ferias-agroalimentarias-de-ifema-madrid\/\" data-type=\"URL\" data-id=\"https:\/\/www.aenverde.es\/maria-jose-sanchez-asume-la-direccion-de-las-ferias-agroalimentarias-de-ifema-madrid\/\" target=\"_blank\" rel=\"noreferrer noopener\">aqu\u00ed<\/a>.<\/strong><\/p>","protected":false},"excerpt":{"rendered":"<p>Mar\u00eda Jos\u00e9 S\u00e1nchez, vinculada a IFEMA MADRID desde hace 30 a\u00f1os,&nbsp;toma el relevo a Ra\u00fal Calleja en la direcci\u00f3n de las ferias del sector agroindustrial, alimentaci\u00f3n y gastronom\u00eda organizadas por la Instituci\u00f3n. Actualmente los salones que forman parte de dicho portfolio son\u00a0Fruit Attraction, Meat Attraction, Intersicop, Vendib\u00e9rica y Eat2go,\u00a0a los que se suman los proyectos [&hellip;]<\/p>\n","protected":false},"author":2,"featured_media":939,"comment_status":"open","ping_status":"open","sticky":false,"template":"","format":"standard","meta":{"footnotes":""},"categories":[11],"tags":[84],"class_list":["post-938","post","type-post","status-publish","format-standard","has-post-thumbnail","hentry","category-actualidad","tag-fruit-attraction","has-post-title","has-post-date","has-post-category","has-post-tag","has-post-comment","has-post-author",""],"yoast_head":"<!-- This site is optimized with the Yoast SEO plugin v18.2 - https:\/\/yoast.com\/wordpress\/plugins\/seo\/ -->\n<title>Mar\u00eda Jos\u00e9 S\u00e1nchez asume la direcci\u00f3n de las ferias agroalimentarias de IFEMA Madrid - Aenverde Express<\/title>\n<meta name=\"robots\" content=\"index, follow, max-snippet:-1, max-image-preview:large, max-video-preview:-1\" \/>\n<link rel=\"canonical\" href=\"https:\/\/aenverde-cp7041.wordpresstemporal.com\/aenverdexpress.es\/2021\/11\/05\/maria-jose-sanchez-asume-la-direccion-de-las-ferias-agroalimentarias-de-ifema-madrid\/\" \/>\n<meta property=\"og:locale\" content=\"es_ES\" \/>\n<meta property=\"og:type\" content=\"article\" \/>\n<meta property=\"og:title\" content=\"Mar\u00eda Jos\u00e9 S\u00e1nchez asume la direcci\u00f3n de las ferias agroalimentarias de IFEMA Madrid - Aenverde Express\" \/>\n<meta property=\"og:description\" content=\"Mar\u00eda Jos\u00e9 S\u00e1nchez, vinculada a IFEMA MADRID desde hace 30 a\u00f1os,&nbsp;toma el relevo a Ra\u00fal Calleja en la direcci\u00f3n de las ferias del sector agroindustrial, alimentaci\u00f3n y gastronom\u00eda organizadas por la Instituci\u00f3n. Actualmente los salones que forman parte de dicho portfolio son\u00a0Fruit Attraction, Meat Attraction, Intersicop, Vendib\u00e9rica y Eat2go,\u00a0a los que se suman los proyectos [&hellip;]\" \/>\n<meta property=\"og:url\" content=\"https:\/\/aenverde-cp7041.wordpresstemporal.com\/aenverdexpress.es\/2021\/11\/05\/maria-jose-sanchez-asume-la-direccion-de-las-ferias-agroalimentarias-de-ifema-madrid\/\" \/>\n<meta property=\"og:site_name\" content=\"Aenverde Express\" \/>\n<meta property=\"article:published_time\" content=\"2021-11-05T18:23:43+00:00\" \/>\n<meta property=\"article:modified_time\" content=\"2021-11-05T18:23:44+00:00\" \/>\n<meta property=\"og:image\" content=\"https:\/\/aenverde-cp7041.wordpresstemporal.com\/aenverdexpress.es\/wp-content\/uploads\/2021\/11\/M.Jose-Sanchez-010-680x600-1.jpg\" \/>\n\t<meta property=\"og:image:width\" content=\"680\" \/>\n\t<meta property=\"og:image:height\" content=\"600\" \/>\n\t<meta property=\"og:image:type\" content=\"image\/jpeg\" \/>\n<meta name=\"twitter:card\" content=\"summary_large_image\" \/>\n<meta name=\"twitter:label1\" content=\"Escrito por\" \/>\n\t<meta name=\"twitter:data1\" content=\"REDACCI\u00d3N AENVERDE\" \/>\n<script type=\"application\/ld+json\" class=\"yoast-schema-graph\">{\"@context\":\"https:\/\/schema.org\",\"@graph\":[{\"@type\":\"Organization\",\"@id\":\"https:\/\/aenverdexpress.es\/#organization\",\"name\":\"AENVERDE\",\"url\":\"https:\/\/aenverdexpress.es\/\",\"sameAs\":[],\"logo\":{\"@type\":\"ImageObject\",\"@id\":\"https:\/\/aenverdexpress.es\/#logo\",\"inLanguage\":\"es\",\"url\":\"https:\/\/aenverdexpress.es\/wp-content\/uploads\/2021\/12\/A-EN-VERDE-LOGO-FONDO-1DB954-01-1024x1024-1.jpg\",\"contentUrl\":\"https:\/\/aenverdexpress.es\/wp-content\/uploads\/2021\/12\/A-EN-VERDE-LOGO-FONDO-1DB954-01-1024x1024-1.jpg\",\"width\":1024,\"height\":1024,\"caption\":\"AENVERDE\"},\"image\":{\"@id\":\"https:\/\/aenverdexpress.es\/#logo\"}},{\"@type\":\"WebSite\",\"@id\":\"https:\/\/aenverdexpress.es\/#website\",\"url\":\"https:\/\/aenverdexpress.es\/\",\"name\":\"Aenverde Express\",\"description\":\"\",\"publisher\":{\"@id\":\"https:\/\/aenverdexpress.es\/#organization\"},\"potentialAction\":[{\"@type\":\"SearchAction\",\"target\":{\"@type\":\"EntryPoint\",\"urlTemplate\":\"https:\/\/aenverdexpress.es\/?s={search_term_string}\"},\"query-input\":\"required name=search_term_string\"}],\"inLanguage\":\"es\"},{\"@type\":\"ImageObject\",\"@id\":\"https:\/\/aenverde-cp7041.wordpresstemporal.com\/aenverdexpress.es\/2021\/11\/05\/maria-jose-sanchez-asume-la-direccion-de-las-ferias-agroalimentarias-de-ifema-madrid\/#primaryimage\",\"inLanguage\":\"es\",\"url\":\"https:\/\/aenverde-cp7041.wordpresstemporal.com\/aenverdexpress.es\/wp-content\/uploads\/2021\/11\/M.Jose-Sanchez-010-680x600-1.jpg\",\"contentUrl\":\"https:\/\/aenverde-cp7041.wordpresstemporal.com\/aenverdexpress.es\/wp-content\/uploads\/2021\/11\/M.Jose-Sanchez-010-680x600-1.jpg\",\"width\":680,\"height\":600},{\"@type\":\"WebPage\",\"@id\":\"https:\/\/aenverde-cp7041.wordpresstemporal.com\/aenverdexpress.es\/2021\/11\/05\/maria-jose-sanchez-asume-la-direccion-de-las-ferias-agroalimentarias-de-ifema-madrid\/#webpage\",\"url\":\"https:\/\/aenverde-cp7041.wordpresstemporal.com\/aenverdexpress.es\/2021\/11\/05\/maria-jose-sanchez-asume-la-direccion-de-las-ferias-agroalimentarias-de-ifema-madrid\/\",\"name\":\"Mar\u00eda Jos\u00e9 S\u00e1nchez asume la direcci\u00f3n de las ferias agroalimentarias de IFEMA Madrid - Aenverde Express\",\"isPartOf\":{\"@id\":\"https:\/\/aenverdexpress.es\/#website\"},\"primaryImageOfPage\":{\"@id\":\"https:\/\/aenverde-cp7041.wordpresstemporal.com\/aenverdexpress.es\/2021\/11\/05\/maria-jose-sanchez-asume-la-direccion-de-las-ferias-agroalimentarias-de-ifema-madrid\/#primaryimage\"},\"datePublished\":\"2021-11-05T18:23:43+00:00\",\"dateModified\":\"2021-11-05T18:23:44+00:00\",\"breadcrumb\":{\"@id\":\"https:\/\/aenverde-cp7041.wordpresstemporal.com\/aenverdexpress.es\/2021\/11\/05\/maria-jose-sanchez-asume-la-direccion-de-las-ferias-agroalimentarias-de-ifema-madrid\/#breadcrumb\"},\"inLanguage\":\"es\",\"potentialAction\":[{\"@type\":\"ReadAction\",\"target\":[\"https:\/\/aenverde-cp7041.wordpresstemporal.com\/aenverdexpress.es\/2021\/11\/05\/maria-jose-sanchez-asume-la-direccion-de-las-ferias-agroalimentarias-de-ifema-madrid\/\"]}]},{\"@type\":\"BreadcrumbList\",\"@id\":\"https:\/\/aenverde-cp7041.wordpresstemporal.com\/aenverdexpress.es\/2021\/11\/05\/maria-jose-sanchez-asume-la-direccion-de-las-ferias-agroalimentarias-de-ifema-madrid\/#breadcrumb\",\"itemListElement\":[{\"@type\":\"ListItem\",\"position\":1,\"name\":\"Portada\",\"item\":\"https:\/\/aenverdexpress.es\/\"},{\"@type\":\"ListItem\",\"position\":2,\"name\":\"Mar\u00eda Jos\u00e9 S\u00e1nchez asume la direcci\u00f3n de las ferias agroalimentarias de IFEMA Madrid\"}]},{\"@type\":\"Article\",\"@id\":\"https:\/\/aenverde-cp7041.wordpresstemporal.com\/aenverdexpress.es\/2021\/11\/05\/maria-jose-sanchez-asume-la-direccion-de-las-ferias-agroalimentarias-de-ifema-madrid\/#article\",\"isPartOf\":{\"@id\":\"https:\/\/aenverde-cp7041.wordpresstemporal.com\/aenverdexpress.es\/2021\/11\/05\/maria-jose-sanchez-asume-la-direccion-de-las-ferias-agroalimentarias-de-ifema-madrid\/#webpage\"},\"author\":{\"@id\":\"https:\/\/aenverdexpress.es\/#\/schema\/person\/7220664746e3c774cb3c4e5f81fc4ba0\"},\"headline\":\"Mar\u00eda Jos\u00e9 S\u00e1nchez asume la direcci\u00f3n de las ferias agroalimentarias de IFEMA Madrid\",\"datePublished\":\"2021-11-05T18:23:43+00:00\",\"dateModified\":\"2021-11-05T18:23:44+00:00\",\"mainEntityOfPage\":{\"@id\":\"https:\/\/aenverde-cp7041.wordpresstemporal.com\/aenverdexpress.es\/2021\/11\/05\/maria-jose-sanchez-asume-la-direccion-de-las-ferias-agroalimentarias-de-ifema-madrid\/#webpage\"},\"wordCount\":91,\"commentCount\":0,\"publisher\":{\"@id\":\"https:\/\/aenverdexpress.es\/#organization\"},\"image\":{\"@id\":\"https:\/\/aenverde-cp7041.wordpresstemporal.com\/aenverdexpress.es\/2021\/11\/05\/maria-jose-sanchez-asume-la-direccion-de-las-ferias-agroalimentarias-de-ifema-madrid\/#primaryimage\"},\"thumbnailUrl\":\"https:\/\/aenverde-cp7041.wordpresstemporal.com\/aenverdexpress.es\/wp-content\/uploads\/2021\/11\/M.Jose-Sanchez-010-680x600-1.jpg\",\"keywords\":[\"fruit attraction\"],\"articleSection\":[\"Actualidad\"],\"inLanguage\":\"es\",\"potentialAction\":[{\"@type\":\"CommentAction\",\"name\":\"Comment\",\"target\":[\"https:\/\/aenverde-cp7041.wordpresstemporal.com\/aenverdexpress.es\/2021\/11\/05\/maria-jose-sanchez-asume-la-direccion-de-las-ferias-agroalimentarias-de-ifema-madrid\/#respond\"]}]},{\"@type\":\"Person\",\"@id\":\"https:\/\/aenverdexpress.es\/#\/schema\/person\/7220664746e3c774cb3c4e5f81fc4ba0\",\"name\":\"REDACCI\u00d3N AENVERDE\",\"image\":{\"@type\":\"ImageObject\",\"@id\":\"https:\/\/aenverdexpress.es\/#personlogo\",\"inLanguage\":\"es\",\"url\":\"https:\/\/secure.gravatar.com\/avatar\/82de37537a82ee30b014773728d8502cf11180bc1ea2f0a301ec70ebe59ea3e5?s=96&d=mm&r=g\",\"contentUrl\":\"https:\/\/secure.gravatar.com\/avatar\/82de37537a82ee30b014773728d8502cf11180bc1ea2f0a301ec70ebe59ea3e5?s=96&d=mm&r=g\",\"caption\":\"REDACCI\u00d3N AENVERDE\"},\"url\":\"https:\/\/aenverde-cp7041.wordpresstemporal.com\/aenverdexpress.es\/author\/damian\/\"}]}<\/script>\n<!-- \/ Yoast SEO plugin. -->","yoast_head_json":{"title":"Mar\u00eda Jos\u00e9 S\u00e1nchez asume la direcci\u00f3n de las ferias agroalimentarias de IFEMA Madrid - Aenverde Express","robots":{"index":"index","follow":"follow","max-snippet":"max-snippet:-1","max-image-preview":"max-image-preview:large","max-video-preview":"max-video-preview:-1"},"canonical":"https:\/\/aenverde-cp7041.wordpresstemporal.com\/aenverdexpress.es\/2021\/11\/05\/maria-jose-sanchez-asume-la-direccion-de-las-ferias-agroalimentarias-de-ifema-madrid\/","og_locale":"es_ES","og_type":"article","og_title":"Mar\u00eda Jos\u00e9 S\u00e1nchez asume la direcci\u00f3n de las ferias agroalimentarias de IFEMA Madrid - Aenverde Express","og_description":"Mar\u00eda Jos\u00e9 S\u00e1nchez, vinculada a IFEMA MADRID desde hace 30 a\u00f1os,&nbsp;toma el relevo a Ra\u00fal Calleja en la direcci\u00f3n de las ferias del sector agroindustrial, alimentaci\u00f3n y gastronom\u00eda organizadas por la Instituci\u00f3n. Actualmente los salones que forman parte de dicho portfolio son\u00a0Fruit Attraction, Meat Attraction, Intersicop, Vendib\u00e9rica y Eat2go,\u00a0a los que se suman los proyectos [&hellip;]","og_url":"https:\/\/aenverde-cp7041.wordpresstemporal.com\/aenverdexpress.es\/2021\/11\/05\/maria-jose-sanchez-asume-la-direccion-de-las-ferias-agroalimentarias-de-ifema-madrid\/","og_site_name":"Aenverde Express","article_published_time":"2021-11-05T18:23:43+00:00","article_modified_time":"2021-11-05T18:23:44+00:00","og_image":[{"width":680,"height":600,"url":"https:\/\/aenverde-cp7041.wordpresstemporal.com\/aenverdexpress.es\/wp-content\/uploads\/2021\/11\/M.Jose-Sanchez-010-680x600-1.jpg","type":"image\/jpeg"}],"twitter_card":"summary_large_image","twitter_misc":{"Escrito por":"REDACCI\u00d3N AENVERDE"},"schema":{"@context":"https:\/\/schema.org","@graph":[{"@type":"Organization","@id":"https:\/\/aenverdexpress.es\/#organization","name":"AENVERDE","url":"https:\/\/aenverdexpress.es\/","sameAs":[],"logo":{"@type":"ImageObject","@id":"https:\/\/aenverdexpress.es\/#logo","inLanguage":"es","url":"https:\/\/aenverdexpress.es\/wp-content\/uploads\/2021\/12\/A-EN-VERDE-LOGO-FONDO-1DB954-01-1024x1024-1.jpg","contentUrl":"https:\/\/aenverdexpress.es\/wp-content\/uploads\/2021\/12\/A-EN-VERDE-LOGO-FONDO-1DB954-01-1024x1024-1.jpg","width":1024,"height":1024,"caption":"AENVERDE"},"image":{"@id":"https:\/\/aenverdexpress.es\/#logo"}},{"@type":"WebSite","@id":"https:\/\/aenverdexpress.es\/#website","url":"https:\/\/aenverdexpress.es\/","name":"Aenverde Express","description":"","publisher":{"@id":"https:\/\/aenverdexpress.es\/#organization"},"potentialAction":[{"@type":"SearchAction","target":{"@type":"EntryPoint","urlTemplate":"https:\/\/aenverdexpress.es\/?s={search_term_string}"},"query-input":"required name=search_term_string"}],"inLanguage":"es"},{"@type":"ImageObject","@id":"https:\/\/aenverde-cp7041.wordpresstemporal.com\/aenverdexpress.es\/2021\/11\/05\/maria-jose-sanchez-asume-la-direccion-de-las-ferias-agroalimentarias-de-ifema-madrid\/#primaryimage","inLanguage":"es","url":"https:\/\/aenverde-cp7041.wordpresstemporal.com\/aenverdexpress.es\/wp-content\/uploads\/2021\/11\/M.Jose-Sanchez-010-680x600-1.jpg","contentUrl":"https:\/\/aenverde-cp7041.wordpresstemporal.com\/aenverdexpress.es\/wp-content\/uploads\/2021\/11\/M.Jose-Sanchez-010-680x600-1.jpg","width":680,"height":600},{"@type":"WebPage","@id":"https:\/\/aenverde-cp7041.wordpresstemporal.com\/aenverdexpress.es\/2021\/11\/05\/maria-jose-sanchez-asume-la-direccion-de-las-ferias-agroalimentarias-de-ifema-madrid\/#webpage","url":"https:\/\/aenverde-cp7041.wordpresstemporal.com\/aenverdexpress.es\/2021\/11\/05\/maria-jose-sanchez-asume-la-direccion-de-las-ferias-agroalimentarias-de-ifema-madrid\/","name":"Mar\u00eda Jos\u00e9 S\u00e1nchez asume la direcci\u00f3n de las ferias agroalimentarias de IFEMA Madrid - Aenverde Express","isPartOf":{"@id":"https:\/\/aenverdexpress.es\/#website"},"primaryImageOfPage":{"@id":"https:\/\/aenverde-cp7041.wordpresstemporal.com\/aenverdexpress.es\/2021\/11\/05\/maria-jose-sanchez-asume-la-direccion-de-las-ferias-agroalimentarias-de-ifema-madrid\/#primaryimage"},"datePublished":"2021-11-05T18:23:43+00:00","dateModified":"2021-11-05T18:23:44+00:00","breadcrumb":{"@id":"https:\/\/aenverde-cp7041.wordpresstemporal.com\/aenverdexpress.es\/2021\/11\/05\/maria-jose-sanchez-asume-la-direccion-de-las-ferias-agroalimentarias-de-ifema-madrid\/#breadcrumb"},"inLanguage":"es","potentialAction":[{"@type":"ReadAction","target":["https:\/\/aenverde-cp7041.wordpresstemporal.com\/aenverdexpress.es\/2021\/11\/05\/maria-jose-sanchez-asume-la-direccion-de-las-ferias-agroalimentarias-de-ifema-madrid\/"]}]},{"@type":"BreadcrumbList","@id":"https:\/\/aenverde-cp7041.wordpresstemporal.com\/aenverdexpress.es\/2021\/11\/05\/maria-jose-sanchez-asume-la-direccion-de-las-ferias-agroalimentarias-de-ifema-madrid\/#breadcrumb","itemListElement":[{"@type":"ListItem","position":1,"name":"Portada","item":"https:\/\/aenverdexpress.es\/"},{"@type":"ListItem","position":2,"name":"Mar\u00eda Jos\u00e9 S\u00e1nchez asume la direcci\u00f3n de las ferias agroalimentarias de IFEMA Madrid"}]},{"@type":"Article","@id":"https:\/\/aenverde-cp7041.wordpresstemporal.com\/aenverdexpress.es\/2021\/11\/05\/maria-jose-sanchez-asume-la-direccion-de-las-ferias-agroalimentarias-de-ifema-madrid\/#article","isPartOf":{"@id":"https:\/\/aenverde-cp7041.wordpresstemporal.com\/aenverdexpress.es\/2021\/11\/05\/maria-jose-sanchez-asume-la-direccion-de-las-ferias-agroalimentarias-de-ifema-madrid\/#webpage"},"author":{"@id":"https:\/\/aenverdexpress.es\/#\/schema\/person\/7220664746e3c774cb3c4e5f81fc4ba0"},"headline":"Mar\u00eda Jos\u00e9 S\u00e1nchez asume la direcci\u00f3n de las ferias agroalimentarias de IFEMA Madrid","datePublished":"2021-11-05T18:23:43+00:00","dateModified":"2021-11-05T18:23:44+00:00","mainEntityOfPage":{"@id":"https:\/\/aenverde-cp7041.wordpresstemporal.com\/aenverdexpress.es\/2021\/11\/05\/maria-jose-sanchez-asume-la-direccion-de-las-ferias-agroalimentarias-de-ifema-madrid\/#webpage"},"wordCount":91,"commentCount":0,"publisher":{"@id":"https:\/\/aenverdexpress.es\/#organization"},"image":{"@id":"https:\/\/aenverde-cp7041.wordpresstemporal.com\/aenverdexpress.es\/2021\/11\/05\/maria-jose-sanchez-asume-la-direccion-de-las-ferias-agroalimentarias-de-ifema-madrid\/#primaryimage"},"thumbnailUrl":"https:\/\/aenverde-cp7041.wordpresstemporal.com\/aenverdexpress.es\/wp-content\/uploads\/2021\/11\/M.Jose-Sanchez-010-680x600-1.jpg","keywords":["fruit attraction"],"articleSection":["Actualidad"],"inLanguage":"es","potentialAction":[{"@type":"CommentAction","name":"Comment","target":["https:\/\/aenverde-cp7041.wordpresstemporal.com\/aenverdexpress.es\/2021\/11\/05\/maria-jose-sanchez-asume-la-direccion-de-las-ferias-agroalimentarias-de-ifema-madrid\/#respond"]}]},{"@type":"Person","@id":"https:\/\/aenverdexpress.es\/#\/schema\/person\/7220664746e3c774cb3c4e5f81fc4ba0","name":"REDACCI\u00d3N AENVERDE","image":{"@type":"ImageObject","@id":"https:\/\/aenverdexpress.es\/#personlogo","inLanguage":"es","url":"https:\/\/secure.gravatar.com\/avatar\/82de37537a82ee30b014773728d8502cf11180bc1ea2f0a301ec70ebe59ea3e5?s=96&d=mm&r=g","contentUrl":"https:\/\/secure.gravatar.com\/avatar\/82de37537a82ee30b014773728d8502cf11180bc1ea2f0a301ec70ebe59ea3e5?s=96&d=mm&r=g","caption":"REDACCI\u00d3N AENVERDE"},"url":"https:\/\/aenverde-cp7041.wordpresstemporal.com\/aenverdexpress.es\/author\/damian\/"}]}},"builder_content":"","_links":{"self":[{"href":"https:\/\/aenverde-cp7041.wordpresstemporal.com\/aenverdexpress.es\/wp-json\/wp\/v2\/posts\/938","targetHints":{"allow":["GET"]}}],"collection":[{"href":"https:\/\/aenverde-cp7041.wordpresstemporal.com\/aenverdexpress.es\/wp-json\/wp\/v2\/posts"}],"about":[{"href":"https:\/\/aenverde-cp7041.wordpresstemporal.com\/aenverdexpress.es\/wp-json\/wp\/v2\/types\/post"}],"author":[{"embeddable":true,"href":"https:\/\/aenverde-cp7041.wordpresstemporal.com\/aenverdexpress.es\/wp-json\/wp\/v2\/users\/2"}],"replies":[{"embeddable":true,"href":"https:\/\/aenverde-cp7041.wordpresstemporal.com\/aenverdexpress.es\/wp-json\/wp\/v2\/comments?post=938"}],"version-history":[{"count":1,"href":"https:\/\/aenverde-cp7041.wordpresstemporal.com\/aenverdexpress.es\/wp-json\/wp\/v2\/posts\/938\/revisions"}],"predecessor-version":[{"id":940,"href":"https:\/\/aenverde-cp7041.wordpresstemporal.com\/aenverdexpress.es\/wp-json\/wp\/v2\/posts\/938\/revisions\/940"}],"wp:featuredmedia":[{"embeddable":true,"href":"https:\/\/aenverde-cp7041.wordpresstemporal.com\/aenverdexpress.es\/wp-json\/wp\/v2\/media\/939"}],"wp:attachment":[{"href":"https:\/\/aenverde-cp7041.wordpresstemporal.com\/aenverdexpress.es\/wp-json\/wp\/v2\/media?parent=938"}],"wp:term":[{"taxonomy":"category","embeddable":true,"href":"https:\/\/aenverde-cp7041.wordpresstemporal.com\/aenverdexpress.es\/wp-json\/wp\/v2\/categories?post=938"},{"taxonomy":"post_tag","embeddable":true,"href":"https:\/\/aenverde-cp7041.wordpresstemporal.com\/aenverdexpress.es\/wp-json\/wp\/v2\/tags?post=938"}],"curies":[{"name":"wp","href":"https:\/\/api.w.org\/{rel}","templated":true}]}}