{"id":9621,"date":"2024-10-03T06:34:01","date_gmt":"2024-10-03T06:34:01","guid":{"rendered":"https:\/\/aenverdexpress.es\/?p=9621"},"modified":"2024-10-03T06:34:02","modified_gmt":"2024-10-03T06:34:02","slug":"las-alertas-europeas-en-productos-hortofruticolas-importados-aumentan-un-36-este-ano","status":"publish","type":"post","link":"https:\/\/aenverde-cp7041.wordpresstemporal.com\/aenverdexpress.es\/2024\/10\/03\/las-alertas-europeas-en-productos-hortofruticolas-importados-aumentan-un-36-este-ano\/","title":{"rendered":"Las alertas europeas\u00a0en productos hortofrut\u00edcolas importados\u00a0aumentan un 36% este a\u00f1o"},"content":{"rendered":"<p class=\"wp-block-paragraph\"><strong>La Uni\u00f3 Llauradora denuncia que el sistema europeo de alertas en alimentos RASFF ha detectado en lo que llevamos de a\u00f1o un total de 596 rechazos de productos hortofrut\u00edcolas de terceros pa\u00edses<\/strong>&nbsp;con materias activas no autorizadas en la Uni\u00f3n Europea o por superar los L\u00edmites M\u00e1ximos de Residuos (LMR) permitidos por los 439 del pasado a\u00f1o.<\/p>\n\n\n\n<p class=\"wp-block-paragraph\"><strong>Representa un 36% m\u00e1s y demuestra un aumento progresivo en un contexto adem\u00e1s de reducci\u00f3n de los productos fitosanitarios en la UE.<\/strong><\/p>\n\n\n\n<p class=\"wp-block-paragraph\"><strong>M\u00e1s informaci\u00f3n <a href=\"https:\/\/www.aenverde.es\/las-alertas-europeas-en-productos-hortofruticolas-importados-aumentan-un-36-este-ano\/\">aqu\u00ed<\/a>.<\/strong><\/p>\n\n<!--themify_builder_content-->\n<div id=\"themify_builder_content-9621\" data-postid=\"9621\" class=\"themify_builder_content themify_builder_content-9621 themify_builder tf_clear\">\n    <\/div>\n<!--\/themify_builder_content-->","protected":false},"excerpt":{"rendered":"<p>La Uni\u00f3 Llauradora denuncia que el sistema europeo de alertas en alimentos RASFF ha detectado en lo que llevamos de a\u00f1o un total de 596 rechazos de productos hortofrut\u00edcolas de terceros pa\u00edses&nbsp;con materias activas no autorizadas en la Uni\u00f3n Europea o por superar los L\u00edmites M\u00e1ximos de Residuos (LMR) permitidos por los 439 del pasado [&hellip;]<\/p>\n","protected":false},"author":2,"featured_media":9622,"comment_status":"open","ping_status":"open","sticky":false,"template":"","format":"standard","meta":{"footnotes":""},"categories":[13],"tags":[196,21],"class_list":["post-9621","post","type-post","status-publish","format-standard","has-post-thumbnail","hentry","category-mercados","tag-alertas","tag-paises-terceros","has-post-title","has-post-date","has-post-category","has-post-tag","has-post-comment","has-post-author",""],"yoast_head":"<!-- This site is optimized with the Yoast SEO plugin v18.2 - https:\/\/yoast.com\/wordpress\/plugins\/seo\/ -->\n<title>Las alertas europeas\u00a0en productos hortofrut\u00edcolas importados\u00a0aumentan un 36% este a\u00f1o - Aenverde Express<\/title>\n<meta name=\"robots\" content=\"index, follow, max-snippet:-1, max-image-preview:large, max-video-preview:-1\" \/>\n<link rel=\"canonical\" href=\"https:\/\/aenverde-cp7041.wordpresstemporal.com\/aenverdexpress.es\/2024\/10\/03\/las-alertas-europeas-en-productos-hortofruticolas-importados-aumentan-un-36-este-ano\/\" \/>\n<meta property=\"og:locale\" content=\"es_ES\" \/>\n<meta property=\"og:type\" content=\"article\" \/>\n<meta property=\"og:title\" content=\"Las alertas europeas\u00a0en productos hortofrut\u00edcolas importados\u00a0aumentan un 36% este a\u00f1o - Aenverde Express\" \/>\n<meta property=\"og:description\" content=\"La Uni\u00f3 Llauradora denuncia que el sistema europeo de alertas en alimentos RASFF ha detectado en lo que llevamos de a\u00f1o un total de 596 rechazos de productos hortofrut\u00edcolas de terceros pa\u00edses&nbsp;con materias activas no autorizadas en la Uni\u00f3n Europea o por superar los L\u00edmites M\u00e1ximos de Residuos (LMR) permitidos por los 439 del pasado [&hellip;]\" \/>\n<meta property=\"og:url\" content=\"https:\/\/aenverde-cp7041.wordpresstemporal.com\/aenverdexpress.es\/2024\/10\/03\/las-alertas-europeas-en-productos-hortofruticolas-importados-aumentan-un-36-este-ano\/\" \/>\n<meta property=\"og:site_name\" content=\"Aenverde Express\" \/>\n<meta property=\"article:published_time\" content=\"2024-10-03T06:34:01+00:00\" \/>\n<meta property=\"article:modified_time\" content=\"2024-10-03T06:34:02+00:00\" \/>\n<meta property=\"og:image\" content=\"https:\/\/aenverde-cp7041.wordpresstemporal.com\/aenverdexpress.es\/wp-content\/uploads\/2024\/10\/frutas-y-hortalizas-1.jpg\" \/>\n\t<meta property=\"og:image:width\" content=\"707\" \/>\n\t<meta property=\"og:image:height\" content=\"420\" \/>\n\t<meta property=\"og:image:type\" content=\"image\/jpeg\" \/>\n<meta name=\"twitter:card\" content=\"summary_large_image\" \/>\n<meta name=\"twitter:label1\" content=\"Escrito por\" \/>\n\t<meta name=\"twitter:data1\" content=\"REDACCI\u00d3N AENVERDE\" \/>\n<script type=\"application\/ld+json\" class=\"yoast-schema-graph\">{\"@context\":\"https:\/\/schema.org\",\"@graph\":[{\"@type\":\"Organization\",\"@id\":\"https:\/\/aenverdexpress.es\/#organization\",\"name\":\"AENVERDE\",\"url\":\"https:\/\/aenverdexpress.es\/\",\"sameAs\":[],\"logo\":{\"@type\":\"ImageObject\",\"@id\":\"https:\/\/aenverdexpress.es\/#logo\",\"inLanguage\":\"es\",\"url\":\"https:\/\/aenverdexpress.es\/wp-content\/uploads\/2021\/12\/A-EN-VERDE-LOGO-FONDO-1DB954-01-1024x1024-1.jpg\",\"contentUrl\":\"https:\/\/aenverdexpress.es\/wp-content\/uploads\/2021\/12\/A-EN-VERDE-LOGO-FONDO-1DB954-01-1024x1024-1.jpg\",\"width\":1024,\"height\":1024,\"caption\":\"AENVERDE\"},\"image\":{\"@id\":\"https:\/\/aenverdexpress.es\/#logo\"}},{\"@type\":\"WebSite\",\"@id\":\"https:\/\/aenverdexpress.es\/#website\",\"url\":\"https:\/\/aenverdexpress.es\/\",\"name\":\"Aenverde Express\",\"description\":\"\",\"publisher\":{\"@id\":\"https:\/\/aenverdexpress.es\/#organization\"},\"potentialAction\":[{\"@type\":\"SearchAction\",\"target\":{\"@type\":\"EntryPoint\",\"urlTemplate\":\"https:\/\/aenverdexpress.es\/?s={search_term_string}\"},\"query-input\":\"required name=search_term_string\"}],\"inLanguage\":\"es\"},{\"@type\":\"ImageObject\",\"@id\":\"https:\/\/aenverde-cp7041.wordpresstemporal.com\/aenverdexpress.es\/2024\/10\/03\/las-alertas-europeas-en-productos-hortofruticolas-importados-aumentan-un-36-este-ano\/#primaryimage\",\"inLanguage\":\"es\",\"url\":\"https:\/\/aenverde-cp7041.wordpresstemporal.com\/aenverdexpress.es\/wp-content\/uploads\/2024\/10\/frutas-y-hortalizas-1.jpg\",\"contentUrl\":\"https:\/\/aenverde-cp7041.wordpresstemporal.com\/aenverdexpress.es\/wp-content\/uploads\/2024\/10\/frutas-y-hortalizas-1.jpg\",\"width\":707,\"height\":420},{\"@type\":\"WebPage\",\"@id\":\"https:\/\/aenverde-cp7041.wordpresstemporal.com\/aenverdexpress.es\/2024\/10\/03\/las-alertas-europeas-en-productos-hortofruticolas-importados-aumentan-un-36-este-ano\/#webpage\",\"url\":\"https:\/\/aenverde-cp7041.wordpresstemporal.com\/aenverdexpress.es\/2024\/10\/03\/las-alertas-europeas-en-productos-hortofruticolas-importados-aumentan-un-36-este-ano\/\",\"name\":\"Las alertas europeas\u00a0en productos hortofrut\u00edcolas importados\u00a0aumentan un 36% este a\u00f1o - Aenverde Express\",\"isPartOf\":{\"@id\":\"https:\/\/aenverdexpress.es\/#website\"},\"primaryImageOfPage\":{\"@id\":\"https:\/\/aenverde-cp7041.wordpresstemporal.com\/aenverdexpress.es\/2024\/10\/03\/las-alertas-europeas-en-productos-hortofruticolas-importados-aumentan-un-36-este-ano\/#primaryimage\"},\"datePublished\":\"2024-10-03T06:34:01+00:00\",\"dateModified\":\"2024-10-03T06:34:02+00:00\",\"breadcrumb\":{\"@id\":\"https:\/\/aenverde-cp7041.wordpresstemporal.com\/aenverdexpress.es\/2024\/10\/03\/las-alertas-europeas-en-productos-hortofruticolas-importados-aumentan-un-36-este-ano\/#breadcrumb\"},\"inLanguage\":\"es\",\"potentialAction\":[{\"@type\":\"ReadAction\",\"target\":[\"https:\/\/aenverde-cp7041.wordpresstemporal.com\/aenverdexpress.es\/2024\/10\/03\/las-alertas-europeas-en-productos-hortofruticolas-importados-aumentan-un-36-este-ano\/\"]}]},{\"@type\":\"BreadcrumbList\",\"@id\":\"https:\/\/aenverde-cp7041.wordpresstemporal.com\/aenverdexpress.es\/2024\/10\/03\/las-alertas-europeas-en-productos-hortofruticolas-importados-aumentan-un-36-este-ano\/#breadcrumb\",\"itemListElement\":[{\"@type\":\"ListItem\",\"position\":1,\"name\":\"Portada\",\"item\":\"https:\/\/aenverdexpress.es\/\"},{\"@type\":\"ListItem\",\"position\":2,\"name\":\"Las alertas europeas\u00a0en productos hortofrut\u00edcolas importados\u00a0aumentan un 36% este a\u00f1o\"}]},{\"@type\":\"Article\",\"@id\":\"https:\/\/aenverde-cp7041.wordpresstemporal.com\/aenverdexpress.es\/2024\/10\/03\/las-alertas-europeas-en-productos-hortofruticolas-importados-aumentan-un-36-este-ano\/#article\",\"isPartOf\":{\"@id\":\"https:\/\/aenverde-cp7041.wordpresstemporal.com\/aenverdexpress.es\/2024\/10\/03\/las-alertas-europeas-en-productos-hortofruticolas-importados-aumentan-un-36-este-ano\/#webpage\"},\"author\":{\"@id\":\"https:\/\/aenverdexpress.es\/#\/schema\/person\/7220664746e3c774cb3c4e5f81fc4ba0\"},\"headline\":\"Las alertas europeas\u00a0en productos hortofrut\u00edcolas importados\u00a0aumentan un 36% este a\u00f1o\",\"datePublished\":\"2024-10-03T06:34:01+00:00\",\"dateModified\":\"2024-10-03T06:34:02+00:00\",\"mainEntityOfPage\":{\"@id\":\"https:\/\/aenverde-cp7041.wordpresstemporal.com\/aenverdexpress.es\/2024\/10\/03\/las-alertas-europeas-en-productos-hortofruticolas-importados-aumentan-un-36-este-ano\/#webpage\"},\"wordCount\":105,\"commentCount\":0,\"publisher\":{\"@id\":\"https:\/\/aenverdexpress.es\/#organization\"},\"image\":{\"@id\":\"https:\/\/aenverde-cp7041.wordpresstemporal.com\/aenverdexpress.es\/2024\/10\/03\/las-alertas-europeas-en-productos-hortofruticolas-importados-aumentan-un-36-este-ano\/#primaryimage\"},\"thumbnailUrl\":\"https:\/\/aenverde-cp7041.wordpresstemporal.com\/aenverdexpress.es\/wp-content\/uploads\/2024\/10\/frutas-y-hortalizas-1.jpg\",\"keywords\":[\"alertas\",\"Pa\u00edses Terceros\"],\"articleSection\":[\"Mercados\"],\"inLanguage\":\"es\",\"potentialAction\":[{\"@type\":\"CommentAction\",\"name\":\"Comment\",\"target\":[\"https:\/\/aenverde-cp7041.wordpresstemporal.com\/aenverdexpress.es\/2024\/10\/03\/las-alertas-europeas-en-productos-hortofruticolas-importados-aumentan-un-36-este-ano\/#respond\"]}]},{\"@type\":\"Person\",\"@id\":\"https:\/\/aenverdexpress.es\/#\/schema\/person\/7220664746e3c774cb3c4e5f81fc4ba0\",\"name\":\"REDACCI\u00d3N AENVERDE\",\"image\":{\"@type\":\"ImageObject\",\"@id\":\"https:\/\/aenverdexpress.es\/#personlogo\",\"inLanguage\":\"es\",\"url\":\"https:\/\/secure.gravatar.com\/avatar\/82de37537a82ee30b014773728d8502cf11180bc1ea2f0a301ec70ebe59ea3e5?s=96&d=mm&r=g\",\"contentUrl\":\"https:\/\/secure.gravatar.com\/avatar\/82de37537a82ee30b014773728d8502cf11180bc1ea2f0a301ec70ebe59ea3e5?s=96&d=mm&r=g\",\"caption\":\"REDACCI\u00d3N AENVERDE\"},\"url\":\"https:\/\/aenverde-cp7041.wordpresstemporal.com\/aenverdexpress.es\/author\/damian\/\"}]}<\/script>\n<!-- \/ Yoast SEO plugin. -->","yoast_head_json":{"title":"Las alertas europeas\u00a0en productos hortofrut\u00edcolas importados\u00a0aumentan un 36% este a\u00f1o - Aenverde Express","robots":{"index":"index","follow":"follow","max-snippet":"max-snippet:-1","max-image-preview":"max-image-preview:large","max-video-preview":"max-video-preview:-1"},"canonical":"https:\/\/aenverde-cp7041.wordpresstemporal.com\/aenverdexpress.es\/2024\/10\/03\/las-alertas-europeas-en-productos-hortofruticolas-importados-aumentan-un-36-este-ano\/","og_locale":"es_ES","og_type":"article","og_title":"Las alertas europeas\u00a0en productos hortofrut\u00edcolas importados\u00a0aumentan un 36% este a\u00f1o - Aenverde Express","og_description":"La Uni\u00f3 Llauradora denuncia que el sistema europeo de alertas en alimentos RASFF ha detectado en lo que llevamos de a\u00f1o un total de 596 rechazos de productos hortofrut\u00edcolas de terceros pa\u00edses&nbsp;con materias activas no autorizadas en la Uni\u00f3n Europea o por superar los L\u00edmites M\u00e1ximos de Residuos (LMR) permitidos por los 439 del pasado [&hellip;]","og_url":"https:\/\/aenverde-cp7041.wordpresstemporal.com\/aenverdexpress.es\/2024\/10\/03\/las-alertas-europeas-en-productos-hortofruticolas-importados-aumentan-un-36-este-ano\/","og_site_name":"Aenverde Express","article_published_time":"2024-10-03T06:34:01+00:00","article_modified_time":"2024-10-03T06:34:02+00:00","og_image":[{"width":707,"height":420,"url":"https:\/\/aenverde-cp7041.wordpresstemporal.com\/aenverdexpress.es\/wp-content\/uploads\/2024\/10\/frutas-y-hortalizas-1.jpg","type":"image\/jpeg"}],"twitter_card":"summary_large_image","twitter_misc":{"Escrito por":"REDACCI\u00d3N AENVERDE"},"schema":{"@context":"https:\/\/schema.org","@graph":[{"@type":"Organization","@id":"https:\/\/aenverdexpress.es\/#organization","name":"AENVERDE","url":"https:\/\/aenverdexpress.es\/","sameAs":[],"logo":{"@type":"ImageObject","@id":"https:\/\/aenverdexpress.es\/#logo","inLanguage":"es","url":"https:\/\/aenverdexpress.es\/wp-content\/uploads\/2021\/12\/A-EN-VERDE-LOGO-FONDO-1DB954-01-1024x1024-1.jpg","contentUrl":"https:\/\/aenverdexpress.es\/wp-content\/uploads\/2021\/12\/A-EN-VERDE-LOGO-FONDO-1DB954-01-1024x1024-1.jpg","width":1024,"height":1024,"caption":"AENVERDE"},"image":{"@id":"https:\/\/aenverdexpress.es\/#logo"}},{"@type":"WebSite","@id":"https:\/\/aenverdexpress.es\/#website","url":"https:\/\/aenverdexpress.es\/","name":"Aenverde Express","description":"","publisher":{"@id":"https:\/\/aenverdexpress.es\/#organization"},"potentialAction":[{"@type":"SearchAction","target":{"@type":"EntryPoint","urlTemplate":"https:\/\/aenverdexpress.es\/?s={search_term_string}"},"query-input":"required name=search_term_string"}],"inLanguage":"es"},{"@type":"ImageObject","@id":"https:\/\/aenverde-cp7041.wordpresstemporal.com\/aenverdexpress.es\/2024\/10\/03\/las-alertas-europeas-en-productos-hortofruticolas-importados-aumentan-un-36-este-ano\/#primaryimage","inLanguage":"es","url":"https:\/\/aenverde-cp7041.wordpresstemporal.com\/aenverdexpress.es\/wp-content\/uploads\/2024\/10\/frutas-y-hortalizas-1.jpg","contentUrl":"https:\/\/aenverde-cp7041.wordpresstemporal.com\/aenverdexpress.es\/wp-content\/uploads\/2024\/10\/frutas-y-hortalizas-1.jpg","width":707,"height":420},{"@type":"WebPage","@id":"https:\/\/aenverde-cp7041.wordpresstemporal.com\/aenverdexpress.es\/2024\/10\/03\/las-alertas-europeas-en-productos-hortofruticolas-importados-aumentan-un-36-este-ano\/#webpage","url":"https:\/\/aenverde-cp7041.wordpresstemporal.com\/aenverdexpress.es\/2024\/10\/03\/las-alertas-europeas-en-productos-hortofruticolas-importados-aumentan-un-36-este-ano\/","name":"Las alertas europeas\u00a0en productos hortofrut\u00edcolas importados\u00a0aumentan un 36% este a\u00f1o - Aenverde Express","isPartOf":{"@id":"https:\/\/aenverdexpress.es\/#website"},"primaryImageOfPage":{"@id":"https:\/\/aenverde-cp7041.wordpresstemporal.com\/aenverdexpress.es\/2024\/10\/03\/las-alertas-europeas-en-productos-hortofruticolas-importados-aumentan-un-36-este-ano\/#primaryimage"},"datePublished":"2024-10-03T06:34:01+00:00","dateModified":"2024-10-03T06:34:02+00:00","breadcrumb":{"@id":"https:\/\/aenverde-cp7041.wordpresstemporal.com\/aenverdexpress.es\/2024\/10\/03\/las-alertas-europeas-en-productos-hortofruticolas-importados-aumentan-un-36-este-ano\/#breadcrumb"},"inLanguage":"es","potentialAction":[{"@type":"ReadAction","target":["https:\/\/aenverde-cp7041.wordpresstemporal.com\/aenverdexpress.es\/2024\/10\/03\/las-alertas-europeas-en-productos-hortofruticolas-importados-aumentan-un-36-este-ano\/"]}]},{"@type":"BreadcrumbList","@id":"https:\/\/aenverde-cp7041.wordpresstemporal.com\/aenverdexpress.es\/2024\/10\/03\/las-alertas-europeas-en-productos-hortofruticolas-importados-aumentan-un-36-este-ano\/#breadcrumb","itemListElement":[{"@type":"ListItem","position":1,"name":"Portada","item":"https:\/\/aenverdexpress.es\/"},{"@type":"ListItem","position":2,"name":"Las alertas europeas\u00a0en productos hortofrut\u00edcolas importados\u00a0aumentan un 36% este a\u00f1o"}]},{"@type":"Article","@id":"https:\/\/aenverde-cp7041.wordpresstemporal.com\/aenverdexpress.es\/2024\/10\/03\/las-alertas-europeas-en-productos-hortofruticolas-importados-aumentan-un-36-este-ano\/#article","isPartOf":{"@id":"https:\/\/aenverde-cp7041.wordpresstemporal.com\/aenverdexpress.es\/2024\/10\/03\/las-alertas-europeas-en-productos-hortofruticolas-importados-aumentan-un-36-este-ano\/#webpage"},"author":{"@id":"https:\/\/aenverdexpress.es\/#\/schema\/person\/7220664746e3c774cb3c4e5f81fc4ba0"},"headline":"Las alertas europeas\u00a0en productos hortofrut\u00edcolas importados\u00a0aumentan un 36% este a\u00f1o","datePublished":"2024-10-03T06:34:01+00:00","dateModified":"2024-10-03T06:34:02+00:00","mainEntityOfPage":{"@id":"https:\/\/aenverde-cp7041.wordpresstemporal.com\/aenverdexpress.es\/2024\/10\/03\/las-alertas-europeas-en-productos-hortofruticolas-importados-aumentan-un-36-este-ano\/#webpage"},"wordCount":105,"commentCount":0,"publisher":{"@id":"https:\/\/aenverdexpress.es\/#organization"},"image":{"@id":"https:\/\/aenverde-cp7041.wordpresstemporal.com\/aenverdexpress.es\/2024\/10\/03\/las-alertas-europeas-en-productos-hortofruticolas-importados-aumentan-un-36-este-ano\/#primaryimage"},"thumbnailUrl":"https:\/\/aenverde-cp7041.wordpresstemporal.com\/aenverdexpress.es\/wp-content\/uploads\/2024\/10\/frutas-y-hortalizas-1.jpg","keywords":["alertas","Pa\u00edses Terceros"],"articleSection":["Mercados"],"inLanguage":"es","potentialAction":[{"@type":"CommentAction","name":"Comment","target":["https:\/\/aenverde-cp7041.wordpresstemporal.com\/aenverdexpress.es\/2024\/10\/03\/las-alertas-europeas-en-productos-hortofruticolas-importados-aumentan-un-36-este-ano\/#respond"]}]},{"@type":"Person","@id":"https:\/\/aenverdexpress.es\/#\/schema\/person\/7220664746e3c774cb3c4e5f81fc4ba0","name":"REDACCI\u00d3N AENVERDE","image":{"@type":"ImageObject","@id":"https:\/\/aenverdexpress.es\/#personlogo","inLanguage":"es","url":"https:\/\/secure.gravatar.com\/avatar\/82de37537a82ee30b014773728d8502cf11180bc1ea2f0a301ec70ebe59ea3e5?s=96&d=mm&r=g","contentUrl":"https:\/\/secure.gravatar.com\/avatar\/82de37537a82ee30b014773728d8502cf11180bc1ea2f0a301ec70ebe59ea3e5?s=96&d=mm&r=g","caption":"REDACCI\u00d3N AENVERDE"},"url":"https:\/\/aenverde-cp7041.wordpresstemporal.com\/aenverdexpress.es\/author\/damian\/"}]}},"builder_content":"","_links":{"self":[{"href":"https:\/\/aenverde-cp7041.wordpresstemporal.com\/aenverdexpress.es\/wp-json\/wp\/v2\/posts\/9621","targetHints":{"allow":["GET"]}}],"collection":[{"href":"https:\/\/aenverde-cp7041.wordpresstemporal.com\/aenverdexpress.es\/wp-json\/wp\/v2\/posts"}],"about":[{"href":"https:\/\/aenverde-cp7041.wordpresstemporal.com\/aenverdexpress.es\/wp-json\/wp\/v2\/types\/post"}],"author":[{"embeddable":true,"href":"https:\/\/aenverde-cp7041.wordpresstemporal.com\/aenverdexpress.es\/wp-json\/wp\/v2\/users\/2"}],"replies":[{"embeddable":true,"href":"https:\/\/aenverde-cp7041.wordpresstemporal.com\/aenverdexpress.es\/wp-json\/wp\/v2\/comments?post=9621"}],"version-history":[{"count":2,"href":"https:\/\/aenverde-cp7041.wordpresstemporal.com\/aenverdexpress.es\/wp-json\/wp\/v2\/posts\/9621\/revisions"}],"predecessor-version":[{"id":9624,"href":"https:\/\/aenverde-cp7041.wordpresstemporal.com\/aenverdexpress.es\/wp-json\/wp\/v2\/posts\/9621\/revisions\/9624"}],"wp:featuredmedia":[{"embeddable":true,"href":"https:\/\/aenverde-cp7041.wordpresstemporal.com\/aenverdexpress.es\/wp-json\/wp\/v2\/media\/9622"}],"wp:attachment":[{"href":"https:\/\/aenverde-cp7041.wordpresstemporal.com\/aenverdexpress.es\/wp-json\/wp\/v2\/media?parent=9621"}],"wp:term":[{"taxonomy":"category","embeddable":true,"href":"https:\/\/aenverde-cp7041.wordpresstemporal.com\/aenverdexpress.es\/wp-json\/wp\/v2\/categories?post=9621"},{"taxonomy":"post_tag","embeddable":true,"href":"https:\/\/aenverde-cp7041.wordpresstemporal.com\/aenverdexpress.es\/wp-json\/wp\/v2\/tags?post=9621"}],"curies":[{"name":"wp","href":"https:\/\/api.w.org\/{rel}","templated":true}]}}